{"id":2454,"date":"2014-04-05T11:25:15","date_gmt":"2014-04-05T14:25:15","guid":{"rendered":"https:\/\/www.blogsoestado.com\/flaviobraga\/?p=2454"},"modified":"2014-04-05T11:25:15","modified_gmt":"2014-04-05T14:25:15","slug":"desincompatibilizacao-eleitoral-2","status":"publish","type":"post","link":"https:\/\/www.blogsoestado.com\/flaviobraga\/desincompatibilizacao-eleitoral-2\/","title":{"rendered":"Desincompatibiliza\u00e7\u00e3o eleitoral"},"content":{"rendered":"<p>Entende-se por desincompatibiliza\u00e7\u00e3o o ato pelo qual o pr\u00e9-candidato se afasta de um cargo, emprego ou fun\u00e7\u00e3o, cujo exerc\u00edcio dentro do prazo vedado em lei consubstancia uma causa de inelegibilidade. A legisla\u00e7\u00e3o eleitoral prev\u00ea que, conforme o caso, o afastamento pode se dar em car\u00e1ter tempor\u00e1rio ou definitivo.<\/p>\n<p>Conforme a pac\u00edfica jurisprud\u00eancia do TSE, os servidores p\u00fablicos em geral se afastam, <b>provisoriamente<\/b>, no prazo de tr\u00eas meses antes da elei\u00e7\u00e3o, mediante licen\u00e7a remunerada para atividades pol\u00edticas. De sua vez, os magistrados, os membros dos tribunais de contas e os do Minist\u00e9rio P\u00fablico devem afastar-se <b>definitivamente<\/b> de suas fun\u00e7\u00f5es para se candidatarem a cargo eletivo.<\/p>\n<p>A raz\u00e3o de ser do instituto da desincompatibiliza\u00e7\u00e3o \u00e9 tutelar a isonomia entre os candidatos, protegendo a normalidade e legitimidade das elei\u00e7\u00f5es contra a interfer\u00eancia do poder econ\u00f4mico e o abuso do exerc\u00edcio de cargo, fun\u00e7\u00e3o ou emprego. Assim, impede-se que o prest\u00edgio pol\u00edtico ou a utiliza\u00e7\u00e3o da estrutura da organiza\u00e7\u00e3o conspurquem a higidez da elei\u00e7\u00e3o.<\/p>\n<p>O instituto abrange cargos p\u00fablicos e privados. Um secret\u00e1rio municipal, por exemplo, ocupa cargo p\u00fablico. J\u00e1 um presidente de associa\u00e7\u00e3o desempenha um servi\u00e7o de natureza privada.<\/p>\n<p>O exame da necessidade, ou n\u00e3o, de afastamento est\u00e1 vinculado ao risco de desequil\u00edbrio da disputa eleitoral, a depender do m\u00fanus exercido pelo pretenso candidato. Nesse quadro, consoante a jurisprud\u00eancia do TSE, o afastamento de fato prevalece sobre o formal. Assim, a concess\u00e3o do registro de candidatura exige a comprova\u00e7\u00e3o cabal da situa\u00e7\u00e3o f\u00e1tica do interessado.<\/p>\n<p>Segundo o artigo 1\u00ba, VII, \u00a7 2\u00b0 da LC n\u00ba 64\/90, o vice-presidente, o vice-governador e o vice-prefeito poder\u00e3o candidatar-se a outros cargos, preservando os seus mandatos respectivos, desde que, nos \u00faltimos 6 meses anteriores ao pleito, n\u00e3o tenham sucedido ou substitu\u00eddo o titular. A mesma regra se aplica aos detentores de mandato parlamentar.<\/p>\n<p>Entretanto, para concorrerem a outros cargos, o presidente da Rep\u00fablica, os governadores e os prefeitos devem renunciar aos respectivos mandatos at\u00e9 seis meses antes do pleito.<\/p>\n<p>A falta de desincompatibiliza\u00e7\u00e3o no prazo legal pode ser argu\u00edda em sede de A\u00e7\u00e3o de Impugna\u00e7\u00e3o de Registro de Candidatura, que pode ser manejada por candidato, partido pol\u00edtico, coliga\u00e7\u00e3o ou pelo Minist\u00e9rio P\u00fablico Eleitoral.<\/p>\n","protected":false},"excerpt":{"rendered":"<p>Entende-se por desincompatibiliza\u00e7\u00e3o o ato pelo qual o pr\u00e9-candidato se afasta de um cargo, emprego ou fun\u00e7\u00e3o, cujo exerc\u00edcio dentro [&hellip;]<\/p>\n","protected":false},"author":8,"featured_media":0,"comment_status":"open","ping_status":"open","sticky":false,"template":"","format":"standard","meta":{"site-sidebar-layout":"default","site-content-layout":"","ast-site-content-layout":"default","site-content-style":"default","site-sidebar-style":"default","ast-global-header-display":"","ast-banner-title-visibility":"","ast-main-header-display":"","ast-hfb-above-header-display":"","ast-hfb-below-header-display":"","ast-hfb-mobile-header-display":"","site-post-title":"","ast-breadcrumbs-content":"","ast-featured-img":"","footer-sml-layout":"","ast-disable-related-posts":"","theme-transparent-header-meta":"","adv-header-id-meta":"","stick-header-meta":"","header-above-stick-meta":"","header-main-stick-meta":"","header-below-stick-meta":"","astra-migrate-meta-layouts":"default","ast-page-background-enabled":"default","ast-page-background-meta":{"desktop":{"background-color":"var(--ast-global-color-5)","background-image":"","background-repeat":"repeat","background-position":"center center","background-size":"auto","background-attachment":"scroll","background-type":"","background-media":"","overlay-type":"","overlay-color":"","overlay-opacity":"","overlay-gradient":""},"tablet":{"background-color":"","background-image":"","background-repeat":"repeat","background-position":"center center","background-size":"auto","background-attachment":"scroll","background-type":"","background-media":"","overlay-type":"","overlay-color":"","overlay-opacity":"","overlay-gradient":""},"mobile":{"background-color":"","background-image":"","background-repeat":"repeat","background-position":"center center","background-size":"auto","background-attachment":"scroll","background-type":"","background-media":"","overlay-type":"","overlay-color":"","overlay-opacity":"","overlay-gradient":""}},"ast-content-background-meta":{"desktop":{"background-color":"var(--ast-global-color-4)","background-image":"","background-repeat":"repeat","background-position":"center center","background-size":"auto","background-attachment":"scroll","background-type":"","background-media":"","overlay-type":"","overlay-color":"","overlay-opacity":"","overlay-gradient":""},"tablet":{"background-color":"var(--ast-global-color-4)","background-image":"","background-repeat":"repeat","background-position":"center center","background-size":"auto","background-attachment":"scroll","background-type":"","background-media":"","overlay-type":"","overlay-color":"","overlay-opacity":"","overlay-gradient":""},"mobile":{"background-color":"var(--ast-global-color-4)","background-image":"","background-repeat":"repeat","background-position":"center center","background-size":"auto","background-attachment":"scroll","background-type":"","background-media":"","overlay-type":"","overlay-color":"","overlay-opacity":"","overlay-gradient":""}},"footnotes":""},"categories":[1],"tags":[],"class_list":["post-2454","post","type-post","status-publish","format-standard","hentry","category-sem-categoria"],"yoast_head":"<!-- This site is optimized with the Yoast SEO plugin v26.6 - https:\/\/yoast.com\/wordpress\/plugins\/seo\/ -->\n<title>Desincompatibiliza\u00e7\u00e3o eleitoral - Fl\u00e1vio Braga<\/title>\n<meta name=\"robots\" content=\"index, follow, max-snippet:-1, max-image-preview:large, max-video-preview:-1\" \/>\n<link rel=\"canonical\" href=\"https:\/\/www.blogsoestado.com\/flaviobraga\/desincompatibilizacao-eleitoral-2\/\" \/>\n<meta property=\"og:locale\" content=\"pt_BR\" \/>\n<meta property=\"og:type\" content=\"article\" \/>\n<meta property=\"og:title\" content=\"Desincompatibiliza\u00e7\u00e3o eleitoral - Fl\u00e1vio Braga\" \/>\n<meta property=\"og:description\" content=\"Entende-se por desincompatibiliza\u00e7\u00e3o o ato pelo qual o pr\u00e9-candidato se afasta de um cargo, emprego ou fun\u00e7\u00e3o, cujo exerc\u00edcio dentro [&hellip;]\" \/>\n<meta property=\"og:url\" content=\"https:\/\/www.blogsoestado.com\/flaviobraga\/desincompatibilizacao-eleitoral-2\/\" \/>\n<meta property=\"og:site_name\" content=\"Fl\u00e1vio Braga\" \/>\n<meta property=\"article:published_time\" content=\"2014-04-05T14:25:15+00:00\" \/>\n<meta name=\"author\" content=\"Flavio Braga\" \/>\n<meta name=\"twitter:card\" content=\"summary_large_image\" \/>\n<meta name=\"twitter:label1\" content=\"Escrito por\" \/>\n\t<meta name=\"twitter:data1\" content=\"Flavio Braga\" \/>\n\t<meta name=\"twitter:label2\" content=\"Est. tempo de leitura\" \/>\n\t<meta name=\"twitter:data2\" content=\"2 minutos\" \/>\n<script type=\"application\/ld+json\" class=\"yoast-schema-graph\">{\"@context\":\"https:\/\/schema.org\",\"@graph\":[{\"@type\":\"WebPage\",\"@id\":\"https:\/\/www.blogsoestado.com\/flaviobraga\/desincompatibilizacao-eleitoral-2\/\",\"url\":\"https:\/\/www.blogsoestado.com\/flaviobraga\/desincompatibilizacao-eleitoral-2\/\",\"name\":\"Desincompatibiliza\u00e7\u00e3o eleitoral - Fl\u00e1vio Braga\",\"isPartOf\":{\"@id\":\"https:\/\/www.blogsoestado.com\/flaviobraga\/#website\"},\"datePublished\":\"2014-04-05T14:25:15+00:00\",\"author\":{\"@id\":\"https:\/\/www.blogsoestado.com\/flaviobraga\/#\/schema\/person\/6c6c778331775c757a82d15206bd8733\"},\"breadcrumb\":{\"@id\":\"https:\/\/www.blogsoestado.com\/flaviobraga\/desincompatibilizacao-eleitoral-2\/#breadcrumb\"},\"inLanguage\":\"pt-BR\",\"potentialAction\":[{\"@type\":\"ReadAction\",\"target\":[\"https:\/\/www.blogsoestado.com\/flaviobraga\/desincompatibilizacao-eleitoral-2\/\"]}]},{\"@type\":\"BreadcrumbList\",\"@id\":\"https:\/\/www.blogsoestado.com\/flaviobraga\/desincompatibilizacao-eleitoral-2\/#breadcrumb\",\"itemListElement\":[{\"@type\":\"ListItem\",\"position\":1,\"name\":\"In\u00edcio\",\"item\":\"https:\/\/www.blogsoestado.com\/flaviobraga\/\"},{\"@type\":\"ListItem\",\"position\":2,\"name\":\"Desincompatibiliza\u00e7\u00e3o eleitoral\"}]},{\"@type\":\"WebSite\",\"@id\":\"https:\/\/www.blogsoestado.com\/flaviobraga\/#website\",\"url\":\"https:\/\/www.blogsoestado.com\/flaviobraga\/\",\"name\":\"Fl\u00e1vio Braga\",\"description\":\"\",\"potentialAction\":[{\"@type\":\"SearchAction\",\"target\":{\"@type\":\"EntryPoint\",\"urlTemplate\":\"https:\/\/www.blogsoestado.com\/flaviobraga\/?s={search_term_string}\"},\"query-input\":{\"@type\":\"PropertyValueSpecification\",\"valueRequired\":true,\"valueName\":\"search_term_string\"}}],\"inLanguage\":\"pt-BR\"},{\"@type\":\"Person\",\"@id\":\"https:\/\/www.blogsoestado.com\/flaviobraga\/#\/schema\/person\/6c6c778331775c757a82d15206bd8733\",\"name\":\"Flavio Braga\",\"image\":{\"@type\":\"ImageObject\",\"inLanguage\":\"pt-BR\",\"@id\":\"https:\/\/www.blogsoestado.com\/flaviobraga\/#\/schema\/person\/image\/\",\"url\":\"https:\/\/secure.gravatar.com\/avatar\/ab173937dad8d78195c87778be8a0285d069ede375ce0ae24aac1cf8e58ccb2c?s=96&d=mm&r=g\",\"contentUrl\":\"https:\/\/secure.gravatar.com\/avatar\/ab173937dad8d78195c87778be8a0285d069ede375ce0ae24aac1cf8e58ccb2c?s=96&d=mm&r=g\",\"caption\":\"Flavio Braga\"},\"url\":\"https:\/\/www.blogsoestado.com\/flaviobraga\/author\/flaviobraga\/\"}]}<\/script>\n<!-- \/ Yoast SEO plugin. -->","yoast_head_json":{"title":"Desincompatibiliza\u00e7\u00e3o eleitoral - Fl\u00e1vio Braga","robots":{"index":"index","follow":"follow","max-snippet":"max-snippet:-1","max-image-preview":"max-image-preview:large","max-video-preview":"max-video-preview:-1"},"canonical":"https:\/\/www.blogsoestado.com\/flaviobraga\/desincompatibilizacao-eleitoral-2\/","og_locale":"pt_BR","og_type":"article","og_title":"Desincompatibiliza\u00e7\u00e3o eleitoral - Fl\u00e1vio Braga","og_description":"Entende-se por desincompatibiliza\u00e7\u00e3o o ato pelo qual o pr\u00e9-candidato se afasta de um cargo, emprego ou fun\u00e7\u00e3o, cujo exerc\u00edcio dentro [&hellip;]","og_url":"https:\/\/www.blogsoestado.com\/flaviobraga\/desincompatibilizacao-eleitoral-2\/","og_site_name":"Fl\u00e1vio Braga","article_published_time":"2014-04-05T14:25:15+00:00","author":"Flavio Braga","twitter_card":"summary_large_image","twitter_misc":{"Escrito por":"Flavio Braga","Est. tempo de leitura":"2 minutos"},"schema":{"@context":"https:\/\/schema.org","@graph":[{"@type":"WebPage","@id":"https:\/\/www.blogsoestado.com\/flaviobraga\/desincompatibilizacao-eleitoral-2\/","url":"https:\/\/www.blogsoestado.com\/flaviobraga\/desincompatibilizacao-eleitoral-2\/","name":"Desincompatibiliza\u00e7\u00e3o eleitoral - Fl\u00e1vio Braga","isPartOf":{"@id":"https:\/\/www.blogsoestado.com\/flaviobraga\/#website"},"datePublished":"2014-04-05T14:25:15+00:00","author":{"@id":"https:\/\/www.blogsoestado.com\/flaviobraga\/#\/schema\/person\/6c6c778331775c757a82d15206bd8733"},"breadcrumb":{"@id":"https:\/\/www.blogsoestado.com\/flaviobraga\/desincompatibilizacao-eleitoral-2\/#breadcrumb"},"inLanguage":"pt-BR","potentialAction":[{"@type":"ReadAction","target":["https:\/\/www.blogsoestado.com\/flaviobraga\/desincompatibilizacao-eleitoral-2\/"]}]},{"@type":"BreadcrumbList","@id":"https:\/\/www.blogsoestado.com\/flaviobraga\/desincompatibilizacao-eleitoral-2\/#breadcrumb","itemListElement":[{"@type":"ListItem","position":1,"name":"In\u00edcio","item":"https:\/\/www.blogsoestado.com\/flaviobraga\/"},{"@type":"ListItem","position":2,"name":"Desincompatibiliza\u00e7\u00e3o eleitoral"}]},{"@type":"WebSite","@id":"https:\/\/www.blogsoestado.com\/flaviobraga\/#website","url":"https:\/\/www.blogsoestado.com\/flaviobraga\/","name":"Fl\u00e1vio Braga","description":"","potentialAction":[{"@type":"SearchAction","target":{"@type":"EntryPoint","urlTemplate":"https:\/\/www.blogsoestado.com\/flaviobraga\/?s={search_term_string}"},"query-input":{"@type":"PropertyValueSpecification","valueRequired":true,"valueName":"search_term_string"}}],"inLanguage":"pt-BR"},{"@type":"Person","@id":"https:\/\/www.blogsoestado.com\/flaviobraga\/#\/schema\/person\/6c6c778331775c757a82d15206bd8733","name":"Flavio Braga","image":{"@type":"ImageObject","inLanguage":"pt-BR","@id":"https:\/\/www.blogsoestado.com\/flaviobraga\/#\/schema\/person\/image\/","url":"https:\/\/secure.gravatar.com\/avatar\/ab173937dad8d78195c87778be8a0285d069ede375ce0ae24aac1cf8e58ccb2c?s=96&d=mm&r=g","contentUrl":"https:\/\/secure.gravatar.com\/avatar\/ab173937dad8d78195c87778be8a0285d069ede375ce0ae24aac1cf8e58ccb2c?s=96&d=mm&r=g","caption":"Flavio Braga"},"url":"https:\/\/www.blogsoestado.com\/flaviobraga\/author\/flaviobraga\/"}]}},"jetpack_featured_media_url":"","_links":{"self":[{"href":"https:\/\/www.blogsoestado.com\/flaviobraga\/wp-json\/wp\/v2\/posts\/2454","targetHints":{"allow":["GET"]}}],"collection":[{"href":"https:\/\/www.blogsoestado.com\/flaviobraga\/wp-json\/wp\/v2\/posts"}],"about":[{"href":"https:\/\/www.blogsoestado.com\/flaviobraga\/wp-json\/wp\/v2\/types\/post"}],"author":[{"embeddable":true,"href":"https:\/\/www.blogsoestado.com\/flaviobraga\/wp-json\/wp\/v2\/users\/8"}],"replies":[{"embeddable":true,"href":"https:\/\/www.blogsoestado.com\/flaviobraga\/wp-json\/wp\/v2\/comments?post=2454"}],"version-history":[{"count":0,"href":"https:\/\/www.blogsoestado.com\/flaviobraga\/wp-json\/wp\/v2\/posts\/2454\/revisions"}],"wp:attachment":[{"href":"https:\/\/www.blogsoestado.com\/flaviobraga\/wp-json\/wp\/v2\/media?parent=2454"}],"wp:term":[{"taxonomy":"category","embeddable":true,"href":"https:\/\/www.blogsoestado.com\/flaviobraga\/wp-json\/wp\/v2\/categories?post=2454"},{"taxonomy":"post_tag","embeddable":true,"href":"https:\/\/www.blogsoestado.com\/flaviobraga\/wp-json\/wp\/v2\/tags?post=2454"}],"curies":[{"name":"wp","href":"https:\/\/api.w.org\/{rel}","templated":true}]}}