{"id":2456,"date":"2014-04-09T09:29:49","date_gmt":"2014-04-09T12:29:49","guid":{"rendered":"https:\/\/www.blogsoestado.com\/flaviobraga\/?p=2456"},"modified":"2014-04-09T09:29:49","modified_gmt":"2014-04-09T12:29:49","slug":"toffoli-e-eleito-presidente-do-tse-e-comandara-o-tribunal-nas-eleicoes","status":"publish","type":"post","link":"https:\/\/www.blogsoestado.com\/flaviobraga\/toffoli-e-eleito-presidente-do-tse-e-comandara-o-tribunal-nas-eleicoes\/","title":{"rendered":"Toffoli \u00e9 eleito presidente do TSE e comandar\u00e1 o tribunal nas elei\u00e7\u00f5es"},"content":{"rendered":"<p>O ministro do Supremo Tribunal Federal (STF) Antonio Dias Toffoli foi eleito nesta ter\u00e7a-feira (8) presidente do Tribunal Superior Eleitoral (TSE) e comandar\u00e1 a Justi\u00e7a Eleitoral durante a campanha e as elei\u00e7\u00f5es de outubro deste ano. O vice-presidente do tribunal ser\u00e1 o ministro do STF Gilmar Mendes.<\/p>\n<p>A vota\u00e7\u00e3o foi simb\u00f3lica e confirmou a tradi\u00e7\u00e3o do TSE de eleger como presidente o ministro do Supremo cujo mandato na Corte eleitoral se iniciou h\u00e1 mais tempo \u2013 Toffoli \u00e9 ministro titular do TSE desde maio de 2012.<\/p>\n<p>Dos sete ministros titulares do TSE, tr\u00eas s\u00e3o ministros do Supremo. Todos podem ficar at\u00e9 quatro anos na Corte eleitoral.<\/p>\n<p>Al\u00e9m de Toffoli, os atuais integrantes s\u00e3o Gilmar Mendes, que tomou posse no TSE em fevereiro deste ano, e Marco Aur\u00e9lio Mello, atual presidente e cujo mandato de quatro anos se encerra no m\u00eas que vem. No lugar de Maro Aur\u00e9lio Mello, tomar\u00e1 posse como ministro titular Luiz Fux.<\/p>\n<p>Jos\u00e9 Antonio Dias Toffoli tem 46 anos e \u00e9 ministro do Supremo desde 2009, quando foi indicado pelo ent\u00e3o presidente Luiz In\u00e1cio Lula da Silva. Antes, foi advogado-geral da Uni\u00e3o e subchefe para Assuntos Jur\u00eddicos da Casa Civil. Especialista em Direito Eleitoral, j\u00e1 atuou como advogado do Partido dos Trabalhadores.<\/p>\n<p>Ap\u00f3s ser eleito, Toffoli elogiou Marco Aur\u00e9lio Mello. \u201cRegistro a alegria de receber a presid\u00eancia da Corte de vossa excel\u00eancia, a quem aprendi a admirar\u201d, afirmou Toffoli.<\/p>\n<p>Marco Aur\u00e9lio informou que enviaria um of\u00edcio a Toffoli para a cria\u00e7\u00e3o de uma equipe de transi\u00e7\u00e3o para a continuidade dos trabalhos.<\/p>\n","protected":false},"excerpt":{"rendered":"<p>O ministro do Supremo Tribunal Federal (STF) Antonio Dias Toffoli foi eleito nesta ter\u00e7a-feira (8) presidente do Tribunal Superior Eleitoral [&hellip;]<\/p>\n","protected":false},"author":8,"featured_media":0,"comment_status":"open","ping_status":"open","sticky":false,"template":"","format":"standard","meta":{"site-sidebar-layout":"default","site-content-layout":"","ast-site-content-layout":"default","site-content-style":"default","site-sidebar-style":"default","ast-global-header-display":"","ast-banner-title-visibility":"","ast-main-header-display":"","ast-hfb-above-header-display":"","ast-hfb-below-header-display":"","ast-hfb-mobile-header-display":"","site-post-title":"","ast-breadcrumbs-content":"","ast-featured-img":"","footer-sml-layout":"","ast-disable-related-posts":"","theme-transparent-header-meta":"","adv-header-id-meta":"","stick-header-meta":"","header-above-stick-meta":"","header-main-stick-meta":"","header-below-stick-meta":"","astra-migrate-meta-layouts":"default","ast-page-background-enabled":"default","ast-page-background-meta":{"desktop":{"background-color":"var(--ast-global-color-5)","background-image":"","background-repeat":"repeat","background-position":"center center","background-size":"auto","background-attachment":"scroll","background-type":"","background-media":"","overlay-type":"","overlay-color":"","overlay-opacity":"","overlay-gradient":""},"tablet":{"background-color":"","background-image":"","background-repeat":"repeat","background-position":"center center","background-size":"auto","background-attachment":"scroll","background-type":"","background-media":"","overlay-type":"","overlay-color":"","overlay-opacity":"","overlay-gradient":""},"mobile":{"background-color":"","background-image":"","background-repeat":"repeat","background-position":"center center","background-size":"auto","background-attachment":"scroll","background-type":"","background-media":"","overlay-type":"","overlay-color":"","overlay-opacity":"","overlay-gradient":""}},"ast-content-background-meta":{"desktop":{"background-color":"var(--ast-global-color-4)","background-image":"","background-repeat":"repeat","background-position":"center center","background-size":"auto","background-attachment":"scroll","background-type":"","background-media":"","overlay-type":"","overlay-color":"","overlay-opacity":"","overlay-gradient":""},"tablet":{"background-color":"var(--ast-global-color-4)","background-image":"","background-repeat":"repeat","background-position":"center center","background-size":"auto","background-attachment":"scroll","background-type":"","background-media":"","overlay-type":"","overlay-color":"","overlay-opacity":"","overlay-gradient":""},"mobile":{"background-color":"var(--ast-global-color-4)","background-image":"","background-repeat":"repeat","background-position":"center center","background-size":"auto","background-attachment":"scroll","background-type":"","background-media":"","overlay-type":"","overlay-color":"","overlay-opacity":"","overlay-gradient":""}},"footnotes":""},"categories":[1],"tags":[],"class_list":["post-2456","post","type-post","status-publish","format-standard","hentry","category-sem-categoria"],"yoast_head":"<!-- This site is optimized with the Yoast SEO plugin v26.6 - https:\/\/yoast.com\/wordpress\/plugins\/seo\/ -->\n<title>Toffoli \u00e9 eleito presidente do TSE e comandar\u00e1 o tribunal nas elei\u00e7\u00f5es - Fl\u00e1vio Braga<\/title>\n<meta name=\"robots\" content=\"index, follow, max-snippet:-1, max-image-preview:large, max-video-preview:-1\" \/>\n<link rel=\"canonical\" href=\"https:\/\/www.blogsoestado.com\/flaviobraga\/toffoli-e-eleito-presidente-do-tse-e-comandara-o-tribunal-nas-eleicoes\/\" \/>\n<meta property=\"og:locale\" content=\"pt_BR\" \/>\n<meta property=\"og:type\" content=\"article\" \/>\n<meta property=\"og:title\" content=\"Toffoli \u00e9 eleito presidente do TSE e comandar\u00e1 o tribunal nas elei\u00e7\u00f5es - Fl\u00e1vio Braga\" \/>\n<meta property=\"og:description\" content=\"O ministro do Supremo Tribunal Federal (STF) Antonio Dias Toffoli foi eleito nesta ter\u00e7a-feira (8) presidente do Tribunal Superior Eleitoral [&hellip;]\" \/>\n<meta property=\"og:url\" content=\"https:\/\/www.blogsoestado.com\/flaviobraga\/toffoli-e-eleito-presidente-do-tse-e-comandara-o-tribunal-nas-eleicoes\/\" \/>\n<meta property=\"og:site_name\" content=\"Fl\u00e1vio Braga\" \/>\n<meta property=\"article:published_time\" content=\"2014-04-09T12:29:49+00:00\" \/>\n<meta name=\"author\" content=\"Flavio Braga\" \/>\n<meta name=\"twitter:card\" content=\"summary_large_image\" \/>\n<meta name=\"twitter:label1\" content=\"Escrito por\" \/>\n\t<meta name=\"twitter:data1\" content=\"Flavio Braga\" \/>\n\t<meta name=\"twitter:label2\" content=\"Est. tempo de leitura\" \/>\n\t<meta name=\"twitter:data2\" content=\"1 minuto\" \/>\n<script type=\"application\/ld+json\" class=\"yoast-schema-graph\">{\"@context\":\"https:\/\/schema.org\",\"@graph\":[{\"@type\":\"WebPage\",\"@id\":\"https:\/\/www.blogsoestado.com\/flaviobraga\/toffoli-e-eleito-presidente-do-tse-e-comandara-o-tribunal-nas-eleicoes\/\",\"url\":\"https:\/\/www.blogsoestado.com\/flaviobraga\/toffoli-e-eleito-presidente-do-tse-e-comandara-o-tribunal-nas-eleicoes\/\",\"name\":\"Toffoli \u00e9 eleito presidente do TSE e comandar\u00e1 o tribunal nas elei\u00e7\u00f5es - Fl\u00e1vio Braga\",\"isPartOf\":{\"@id\":\"https:\/\/www.blogsoestado.com\/flaviobraga\/#website\"},\"datePublished\":\"2014-04-09T12:29:49+00:00\",\"author\":{\"@id\":\"https:\/\/www.blogsoestado.com\/flaviobraga\/#\/schema\/person\/6c6c778331775c757a82d15206bd8733\"},\"breadcrumb\":{\"@id\":\"https:\/\/www.blogsoestado.com\/flaviobraga\/toffoli-e-eleito-presidente-do-tse-e-comandara-o-tribunal-nas-eleicoes\/#breadcrumb\"},\"inLanguage\":\"pt-BR\",\"potentialAction\":[{\"@type\":\"ReadAction\",\"target\":[\"https:\/\/www.blogsoestado.com\/flaviobraga\/toffoli-e-eleito-presidente-do-tse-e-comandara-o-tribunal-nas-eleicoes\/\"]}]},{\"@type\":\"BreadcrumbList\",\"@id\":\"https:\/\/www.blogsoestado.com\/flaviobraga\/toffoli-e-eleito-presidente-do-tse-e-comandara-o-tribunal-nas-eleicoes\/#breadcrumb\",\"itemListElement\":[{\"@type\":\"ListItem\",\"position\":1,\"name\":\"In\u00edcio\",\"item\":\"https:\/\/www.blogsoestado.com\/flaviobraga\/\"},{\"@type\":\"ListItem\",\"position\":2,\"name\":\"Toffoli \u00e9 eleito presidente do TSE e comandar\u00e1 o tribunal nas elei\u00e7\u00f5es\"}]},{\"@type\":\"WebSite\",\"@id\":\"https:\/\/www.blogsoestado.com\/flaviobraga\/#website\",\"url\":\"https:\/\/www.blogsoestado.com\/flaviobraga\/\",\"name\":\"Fl\u00e1vio Braga\",\"description\":\"\",\"potentialAction\":[{\"@type\":\"SearchAction\",\"target\":{\"@type\":\"EntryPoint\",\"urlTemplate\":\"https:\/\/www.blogsoestado.com\/flaviobraga\/?s={search_term_string}\"},\"query-input\":{\"@type\":\"PropertyValueSpecification\",\"valueRequired\":true,\"valueName\":\"search_term_string\"}}],\"inLanguage\":\"pt-BR\"},{\"@type\":\"Person\",\"@id\":\"https:\/\/www.blogsoestado.com\/flaviobraga\/#\/schema\/person\/6c6c778331775c757a82d15206bd8733\",\"name\":\"Flavio Braga\",\"image\":{\"@type\":\"ImageObject\",\"inLanguage\":\"pt-BR\",\"@id\":\"https:\/\/www.blogsoestado.com\/flaviobraga\/#\/schema\/person\/image\/\",\"url\":\"https:\/\/secure.gravatar.com\/avatar\/ab173937dad8d78195c87778be8a0285d069ede375ce0ae24aac1cf8e58ccb2c?s=96&d=mm&r=g\",\"contentUrl\":\"https:\/\/secure.gravatar.com\/avatar\/ab173937dad8d78195c87778be8a0285d069ede375ce0ae24aac1cf8e58ccb2c?s=96&d=mm&r=g\",\"caption\":\"Flavio Braga\"},\"url\":\"https:\/\/www.blogsoestado.com\/flaviobraga\/author\/flaviobraga\/\"}]}<\/script>\n<!-- \/ Yoast SEO plugin. -->","yoast_head_json":{"title":"Toffoli \u00e9 eleito presidente do TSE e comandar\u00e1 o tribunal nas elei\u00e7\u00f5es - Fl\u00e1vio Braga","robots":{"index":"index","follow":"follow","max-snippet":"max-snippet:-1","max-image-preview":"max-image-preview:large","max-video-preview":"max-video-preview:-1"},"canonical":"https:\/\/www.blogsoestado.com\/flaviobraga\/toffoli-e-eleito-presidente-do-tse-e-comandara-o-tribunal-nas-eleicoes\/","og_locale":"pt_BR","og_type":"article","og_title":"Toffoli \u00e9 eleito presidente do TSE e comandar\u00e1 o tribunal nas elei\u00e7\u00f5es - Fl\u00e1vio Braga","og_description":"O ministro do Supremo Tribunal Federal (STF) Antonio Dias Toffoli foi eleito nesta ter\u00e7a-feira (8) presidente do Tribunal Superior Eleitoral [&hellip;]","og_url":"https:\/\/www.blogsoestado.com\/flaviobraga\/toffoli-e-eleito-presidente-do-tse-e-comandara-o-tribunal-nas-eleicoes\/","og_site_name":"Fl\u00e1vio Braga","article_published_time":"2014-04-09T12:29:49+00:00","author":"Flavio Braga","twitter_card":"summary_large_image","twitter_misc":{"Escrito por":"Flavio Braga","Est. tempo de leitura":"1 minuto"},"schema":{"@context":"https:\/\/schema.org","@graph":[{"@type":"WebPage","@id":"https:\/\/www.blogsoestado.com\/flaviobraga\/toffoli-e-eleito-presidente-do-tse-e-comandara-o-tribunal-nas-eleicoes\/","url":"https:\/\/www.blogsoestado.com\/flaviobraga\/toffoli-e-eleito-presidente-do-tse-e-comandara-o-tribunal-nas-eleicoes\/","name":"Toffoli \u00e9 eleito presidente do TSE e comandar\u00e1 o tribunal nas elei\u00e7\u00f5es - Fl\u00e1vio Braga","isPartOf":{"@id":"https:\/\/www.blogsoestado.com\/flaviobraga\/#website"},"datePublished":"2014-04-09T12:29:49+00:00","author":{"@id":"https:\/\/www.blogsoestado.com\/flaviobraga\/#\/schema\/person\/6c6c778331775c757a82d15206bd8733"},"breadcrumb":{"@id":"https:\/\/www.blogsoestado.com\/flaviobraga\/toffoli-e-eleito-presidente-do-tse-e-comandara-o-tribunal-nas-eleicoes\/#breadcrumb"},"inLanguage":"pt-BR","potentialAction":[{"@type":"ReadAction","target":["https:\/\/www.blogsoestado.com\/flaviobraga\/toffoli-e-eleito-presidente-do-tse-e-comandara-o-tribunal-nas-eleicoes\/"]}]},{"@type":"BreadcrumbList","@id":"https:\/\/www.blogsoestado.com\/flaviobraga\/toffoli-e-eleito-presidente-do-tse-e-comandara-o-tribunal-nas-eleicoes\/#breadcrumb","itemListElement":[{"@type":"ListItem","position":1,"name":"In\u00edcio","item":"https:\/\/www.blogsoestado.com\/flaviobraga\/"},{"@type":"ListItem","position":2,"name":"Toffoli \u00e9 eleito presidente do TSE e comandar\u00e1 o tribunal nas elei\u00e7\u00f5es"}]},{"@type":"WebSite","@id":"https:\/\/www.blogsoestado.com\/flaviobraga\/#website","url":"https:\/\/www.blogsoestado.com\/flaviobraga\/","name":"Fl\u00e1vio Braga","description":"","potentialAction":[{"@type":"SearchAction","target":{"@type":"EntryPoint","urlTemplate":"https:\/\/www.blogsoestado.com\/flaviobraga\/?s={search_term_string}"},"query-input":{"@type":"PropertyValueSpecification","valueRequired":true,"valueName":"search_term_string"}}],"inLanguage":"pt-BR"},{"@type":"Person","@id":"https:\/\/www.blogsoestado.com\/flaviobraga\/#\/schema\/person\/6c6c778331775c757a82d15206bd8733","name":"Flavio Braga","image":{"@type":"ImageObject","inLanguage":"pt-BR","@id":"https:\/\/www.blogsoestado.com\/flaviobraga\/#\/schema\/person\/image\/","url":"https:\/\/secure.gravatar.com\/avatar\/ab173937dad8d78195c87778be8a0285d069ede375ce0ae24aac1cf8e58ccb2c?s=96&d=mm&r=g","contentUrl":"https:\/\/secure.gravatar.com\/avatar\/ab173937dad8d78195c87778be8a0285d069ede375ce0ae24aac1cf8e58ccb2c?s=96&d=mm&r=g","caption":"Flavio Braga"},"url":"https:\/\/www.blogsoestado.com\/flaviobraga\/author\/flaviobraga\/"}]}},"jetpack_featured_media_url":"","_links":{"self":[{"href":"https:\/\/www.blogsoestado.com\/flaviobraga\/wp-json\/wp\/v2\/posts\/2456","targetHints":{"allow":["GET"]}}],"collection":[{"href":"https:\/\/www.blogsoestado.com\/flaviobraga\/wp-json\/wp\/v2\/posts"}],"about":[{"href":"https:\/\/www.blogsoestado.com\/flaviobraga\/wp-json\/wp\/v2\/types\/post"}],"author":[{"embeddable":true,"href":"https:\/\/www.blogsoestado.com\/flaviobraga\/wp-json\/wp\/v2\/users\/8"}],"replies":[{"embeddable":true,"href":"https:\/\/www.blogsoestado.com\/flaviobraga\/wp-json\/wp\/v2\/comments?post=2456"}],"version-history":[{"count":0,"href":"https:\/\/www.blogsoestado.com\/flaviobraga\/wp-json\/wp\/v2\/posts\/2456\/revisions"}],"wp:attachment":[{"href":"https:\/\/www.blogsoestado.com\/flaviobraga\/wp-json\/wp\/v2\/media?parent=2456"}],"wp:term":[{"taxonomy":"category","embeddable":true,"href":"https:\/\/www.blogsoestado.com\/flaviobraga\/wp-json\/wp\/v2\/categories?post=2456"},{"taxonomy":"post_tag","embeddable":true,"href":"https:\/\/www.blogsoestado.com\/flaviobraga\/wp-json\/wp\/v2\/tags?post=2456"}],"curies":[{"name":"wp","href":"https:\/\/api.w.org\/{rel}","templated":true}]}}