{"id":2459,"date":"2014-04-10T08:03:12","date_gmt":"2014-04-10T11:03:12","guid":{"rendered":"https:\/\/www.blogsoestado.com\/flaviobraga\/?p=2459"},"modified":"2014-04-10T08:03:12","modified_gmt":"2014-04-10T11:03:12","slug":"tce-declara-inadimplencia-de-gestores-que-nao-prestaram-contas","status":"publish","type":"post","link":"https:\/\/www.blogsoestado.com\/flaviobraga\/tce-declara-inadimplencia-de-gestores-que-nao-prestaram-contas\/","title":{"rendered":"TCE declara inadimpl\u00eancia de gestores que n\u00e3o prestaram contas"},"content":{"rendered":"<p align=\"JUSTIFY\"><span style=\"font-size: medium;\">O Pleno do Tribunal de Contas do Estado do Maranh\u00e3o (TCE\/MA), em sess\u00e3o realizada nesta quarta-feira, 09\/04, decretou a inadimpl\u00eancia dos gestores que n\u00e3o cumpriram o dever constitucional de prestar contas \u00e0 institui\u00e7\u00e3o. O prazo para a entrega das presta\u00e7\u00f5es de contas terminou \u00e0s dezoito horas da \u00faltima sexta-feira, 04\/04.<\/span><\/p>\n<p align=\"JUSTIFY\"><span style=\"font-size: medium;\">Apenas quinze gestores de C\u00e2maras Municipais deixaram de entregar suas presta\u00e7\u00f5es de contas. Os munic\u00edpios s\u00e3o os seguintes: Afonso Cunha, Araguan\u00e3, Bel\u00e1gua, Benedito Leite, Bequim\u00e3o, Dom Pedro, Governador Newton Belo, Icatu, Mon\u00e7\u00e3o, Nova Olinda do Maranh\u00e3o, Parnarama, Santana do Maranh\u00e3o, S\u00e3o Domingos do Azeit\u00e3o, Urbano Santos e Vit\u00f3ria do Mearim.<\/span><\/p>\n<p align=\"JUSTIFY\"><span style=\"font-size: medium;\">Durante a sess\u00e3o, o presidente do TCE, conselheiro Edmar Cutrim, destacou o fato de que todos os prefeitos e gestores municipais entregaram suas presta\u00e7\u00f5es de contas ao \u00f3rg\u00e3o. Nove prefeitos n\u00e3o realizaram a entrega at\u00e9 o dia 04\/04, mas pagaram multa relativa ao atraso e fizeram a entrega das contas, evitando assim a san\u00e7\u00e3o pertinente que \u00e9 a declara\u00e7\u00e3o de inadimpl\u00eancia.<\/span><\/p>\n<p align=\"JUSTIFY\"><span style=\"font-size: medium;\">Edmar Cutrim afirmou que a cada dia o TCE procura aprimorar os procedimentos que envolvem a entrega das presta\u00e7\u00f5es de contas no sentido de facilitar o atendimento aos gestores maranhenses. Entre as medidas que foram adotadas nos \u00faltimos anos est\u00e1 a recep\u00e7\u00e3o dos documentos exclusivamente em formato digital, o que eliminou os antigos processos com milhares de folhas de papel, resultando numa log\u00edstica mais r\u00e1pida e eficiente.<\/span><\/p>\n<p align=\"JUSTIFY\"><span style=\"font-size: medium;\">Outro aspecto destacado pelo presidente do TCE foram as provid\u00eancias implementadas pela equipe de t\u00e9cnicos da institui\u00e7\u00e3o respons\u00e1vel pelo recebimento das contas, que envolveu um significativo n\u00famero de servidores treinados para proporcionar um atendimento organizado, seguro e no menor tempo poss\u00edvel. \u201cGostaria de reconhecer o excelente trabalho realizado pelos nossos servidores durante o processo de recebimentos das presta\u00e7\u00f5es de contas deste ano. Qualidade e comprometimento foram as marcas que determinaram o alcance das metas estabelecidas\u201d, ressaltou.<\/span><\/p>\n<p align=\"JUSTIFY\"><span style=\"font-size: medium;\">A Resolu\u00e7\u00e3o que declarou a inadimpl\u00eancia dos gestores \u00e9 a de n\u00b0 213, de 09 de abril de 2014. Al\u00e9m da declara\u00e7\u00e3o de inadimpl\u00eancia, o TCE determinou a instaura\u00e7\u00e3o de Tomada de Contas Especial. Por meio desse procedimento, uma equipe de auditores ir\u00e1 a cada um dos munic\u00edpios inadimplentes para ter acesso \u00e0 documenta\u00e7\u00e3o que n\u00e3o foi entregue \u00e0 institui\u00e7\u00e3o e assim analisar como os recursos p\u00fablicos foram aplicados.<\/span><\/p>\n<p align=\"JUSTIFY\"><span style=\"font-size: medium;\">A lista com os nomes dos gestores inadimplentes ser\u00e1 enviada tamb\u00e9m \u00e0 Procuradoria Geral de Justi\u00e7a, \u00e0 Procuradoria da Rep\u00fablica, ao Tribunal Regional Eleitoral, ao Tribunal de Contas da Uni\u00e3o e ao Governo do Estado do Maranh\u00e3o para a ado\u00e7\u00e3o das provid\u00eancias que se fizerem necess\u00e1rias no \u00e2mbito destas institui\u00e7\u00f5es.<\/span><\/p>\n","protected":false},"excerpt":{"rendered":"<p>O Pleno do Tribunal de Contas do Estado do Maranh\u00e3o (TCE\/MA), em sess\u00e3o realizada nesta quarta-feira, 09\/04, decretou a inadimpl\u00eancia [&hellip;]<\/p>\n","protected":false},"author":8,"featured_media":0,"comment_status":"open","ping_status":"open","sticky":false,"template":"","format":"standard","meta":{"site-sidebar-layout":"default","site-content-layout":"","ast-site-content-layout":"default","site-content-style":"default","site-sidebar-style":"default","ast-global-header-display":"","ast-banner-title-visibility":"","ast-main-header-display":"","ast-hfb-above-header-display":"","ast-hfb-below-header-display":"","ast-hfb-mobile-header-display":"","site-post-title":"","ast-breadcrumbs-content":"","ast-featured-img":"","footer-sml-layout":"","ast-disable-related-posts":"","theme-transparent-header-meta":"","adv-header-id-meta":"","stick-header-meta":"","header-above-stick-meta":"","header-main-stick-meta":"","header-below-stick-meta":"","astra-migrate-meta-layouts":"default","ast-page-background-enabled":"default","ast-page-background-meta":{"desktop":{"background-color":"var(--ast-global-color-5)","background-image":"","background-repeat":"repeat","background-position":"center center","background-size":"auto","background-attachment":"scroll","background-type":"","background-media":"","overlay-type":"","overlay-color":"","overlay-opacity":"","overlay-gradient":""},"tablet":{"background-color":"","background-image":"","background-repeat":"repeat","background-position":"center center","background-size":"auto","background-attachment":"scroll","background-type":"","background-media":"","overlay-type":"","overlay-color":"","overlay-opacity":"","overlay-gradient":""},"mobile":{"background-color":"","background-image":"","background-repeat":"repeat","background-position":"center center","background-size":"auto","background-attachment":"scroll","background-type":"","background-media":"","overlay-type":"","overlay-color":"","overlay-opacity":"","overlay-gradient":""}},"ast-content-background-meta":{"desktop":{"background-color":"var(--ast-global-color-4)","background-image":"","background-repeat":"repeat","background-position":"center center","background-size":"auto","background-attachment":"scroll","background-type":"","background-media":"","overlay-type":"","overlay-color":"","overlay-opacity":"","overlay-gradient":""},"tablet":{"background-color":"var(--ast-global-color-4)","background-image":"","background-repeat":"repeat","background-position":"center center","background-size":"auto","background-attachment":"scroll","background-type":"","background-media":"","overlay-type":"","overlay-color":"","overlay-opacity":"","overlay-gradient":""},"mobile":{"background-color":"var(--ast-global-color-4)","background-image":"","background-repeat":"repeat","background-position":"center center","background-size":"auto","background-attachment":"scroll","background-type":"","background-media":"","overlay-type":"","overlay-color":"","overlay-opacity":"","overlay-gradient":""}},"footnotes":""},"categories":[1],"tags":[],"class_list":["post-2459","post","type-post","status-publish","format-standard","hentry","category-sem-categoria"],"yoast_head":"<!-- This site is optimized with the Yoast SEO plugin v26.6 - https:\/\/yoast.com\/wordpress\/plugins\/seo\/ -->\n<title>TCE declara inadimpl\u00eancia de gestores que n\u00e3o prestaram contas - Fl\u00e1vio Braga<\/title>\n<meta name=\"robots\" content=\"index, follow, max-snippet:-1, max-image-preview:large, max-video-preview:-1\" \/>\n<link rel=\"canonical\" href=\"https:\/\/www.blogsoestado.com\/flaviobraga\/tce-declara-inadimplencia-de-gestores-que-nao-prestaram-contas\/\" \/>\n<meta property=\"og:locale\" content=\"pt_BR\" \/>\n<meta property=\"og:type\" content=\"article\" \/>\n<meta property=\"og:title\" content=\"TCE declara inadimpl\u00eancia de gestores que n\u00e3o prestaram contas - Fl\u00e1vio Braga\" \/>\n<meta property=\"og:description\" content=\"O Pleno do Tribunal de Contas do Estado do Maranh\u00e3o (TCE\/MA), em sess\u00e3o realizada nesta quarta-feira, 09\/04, decretou a inadimpl\u00eancia [&hellip;]\" \/>\n<meta property=\"og:url\" content=\"https:\/\/www.blogsoestado.com\/flaviobraga\/tce-declara-inadimplencia-de-gestores-que-nao-prestaram-contas\/\" \/>\n<meta property=\"og:site_name\" content=\"Fl\u00e1vio Braga\" \/>\n<meta property=\"article:published_time\" content=\"2014-04-10T11:03:12+00:00\" \/>\n<meta name=\"author\" content=\"Flavio Braga\" \/>\n<meta name=\"twitter:card\" content=\"summary_large_image\" \/>\n<meta name=\"twitter:label1\" content=\"Escrito por\" \/>\n\t<meta name=\"twitter:data1\" content=\"Flavio Braga\" \/>\n\t<meta name=\"twitter:label2\" content=\"Est. tempo de leitura\" \/>\n\t<meta name=\"twitter:data2\" content=\"2 minutos\" \/>\n<script type=\"application\/ld+json\" class=\"yoast-schema-graph\">{\"@context\":\"https:\/\/schema.org\",\"@graph\":[{\"@type\":\"WebPage\",\"@id\":\"https:\/\/www.blogsoestado.com\/flaviobraga\/tce-declara-inadimplencia-de-gestores-que-nao-prestaram-contas\/\",\"url\":\"https:\/\/www.blogsoestado.com\/flaviobraga\/tce-declara-inadimplencia-de-gestores-que-nao-prestaram-contas\/\",\"name\":\"TCE declara inadimpl\u00eancia de gestores que n\u00e3o prestaram contas - Fl\u00e1vio Braga\",\"isPartOf\":{\"@id\":\"https:\/\/www.blogsoestado.com\/flaviobraga\/#website\"},\"datePublished\":\"2014-04-10T11:03:12+00:00\",\"author\":{\"@id\":\"https:\/\/www.blogsoestado.com\/flaviobraga\/#\/schema\/person\/6c6c778331775c757a82d15206bd8733\"},\"breadcrumb\":{\"@id\":\"https:\/\/www.blogsoestado.com\/flaviobraga\/tce-declara-inadimplencia-de-gestores-que-nao-prestaram-contas\/#breadcrumb\"},\"inLanguage\":\"pt-BR\",\"potentialAction\":[{\"@type\":\"ReadAction\",\"target\":[\"https:\/\/www.blogsoestado.com\/flaviobraga\/tce-declara-inadimplencia-de-gestores-que-nao-prestaram-contas\/\"]}]},{\"@type\":\"BreadcrumbList\",\"@id\":\"https:\/\/www.blogsoestado.com\/flaviobraga\/tce-declara-inadimplencia-de-gestores-que-nao-prestaram-contas\/#breadcrumb\",\"itemListElement\":[{\"@type\":\"ListItem\",\"position\":1,\"name\":\"In\u00edcio\",\"item\":\"https:\/\/www.blogsoestado.com\/flaviobraga\/\"},{\"@type\":\"ListItem\",\"position\":2,\"name\":\"TCE declara inadimpl\u00eancia de gestores que n\u00e3o prestaram contas\"}]},{\"@type\":\"WebSite\",\"@id\":\"https:\/\/www.blogsoestado.com\/flaviobraga\/#website\",\"url\":\"https:\/\/www.blogsoestado.com\/flaviobraga\/\",\"name\":\"Fl\u00e1vio Braga\",\"description\":\"\",\"potentialAction\":[{\"@type\":\"SearchAction\",\"target\":{\"@type\":\"EntryPoint\",\"urlTemplate\":\"https:\/\/www.blogsoestado.com\/flaviobraga\/?s={search_term_string}\"},\"query-input\":{\"@type\":\"PropertyValueSpecification\",\"valueRequired\":true,\"valueName\":\"search_term_string\"}}],\"inLanguage\":\"pt-BR\"},{\"@type\":\"Person\",\"@id\":\"https:\/\/www.blogsoestado.com\/flaviobraga\/#\/schema\/person\/6c6c778331775c757a82d15206bd8733\",\"name\":\"Flavio Braga\",\"image\":{\"@type\":\"ImageObject\",\"inLanguage\":\"pt-BR\",\"@id\":\"https:\/\/www.blogsoestado.com\/flaviobraga\/#\/schema\/person\/image\/\",\"url\":\"https:\/\/secure.gravatar.com\/avatar\/ab173937dad8d78195c87778be8a0285d069ede375ce0ae24aac1cf8e58ccb2c?s=96&d=mm&r=g\",\"contentUrl\":\"https:\/\/secure.gravatar.com\/avatar\/ab173937dad8d78195c87778be8a0285d069ede375ce0ae24aac1cf8e58ccb2c?s=96&d=mm&r=g\",\"caption\":\"Flavio Braga\"},\"url\":\"https:\/\/www.blogsoestado.com\/flaviobraga\/author\/flaviobraga\/\"}]}<\/script>\n<!-- \/ Yoast SEO plugin. -->","yoast_head_json":{"title":"TCE declara inadimpl\u00eancia de gestores que n\u00e3o prestaram contas - Fl\u00e1vio Braga","robots":{"index":"index","follow":"follow","max-snippet":"max-snippet:-1","max-image-preview":"max-image-preview:large","max-video-preview":"max-video-preview:-1"},"canonical":"https:\/\/www.blogsoestado.com\/flaviobraga\/tce-declara-inadimplencia-de-gestores-que-nao-prestaram-contas\/","og_locale":"pt_BR","og_type":"article","og_title":"TCE declara inadimpl\u00eancia de gestores que n\u00e3o prestaram contas - Fl\u00e1vio Braga","og_description":"O Pleno do Tribunal de Contas do Estado do Maranh\u00e3o (TCE\/MA), em sess\u00e3o realizada nesta quarta-feira, 09\/04, decretou a inadimpl\u00eancia [&hellip;]","og_url":"https:\/\/www.blogsoestado.com\/flaviobraga\/tce-declara-inadimplencia-de-gestores-que-nao-prestaram-contas\/","og_site_name":"Fl\u00e1vio Braga","article_published_time":"2014-04-10T11:03:12+00:00","author":"Flavio Braga","twitter_card":"summary_large_image","twitter_misc":{"Escrito por":"Flavio Braga","Est. tempo de leitura":"2 minutos"},"schema":{"@context":"https:\/\/schema.org","@graph":[{"@type":"WebPage","@id":"https:\/\/www.blogsoestado.com\/flaviobraga\/tce-declara-inadimplencia-de-gestores-que-nao-prestaram-contas\/","url":"https:\/\/www.blogsoestado.com\/flaviobraga\/tce-declara-inadimplencia-de-gestores-que-nao-prestaram-contas\/","name":"TCE declara inadimpl\u00eancia de gestores que n\u00e3o prestaram contas - Fl\u00e1vio Braga","isPartOf":{"@id":"https:\/\/www.blogsoestado.com\/flaviobraga\/#website"},"datePublished":"2014-04-10T11:03:12+00:00","author":{"@id":"https:\/\/www.blogsoestado.com\/flaviobraga\/#\/schema\/person\/6c6c778331775c757a82d15206bd8733"},"breadcrumb":{"@id":"https:\/\/www.blogsoestado.com\/flaviobraga\/tce-declara-inadimplencia-de-gestores-que-nao-prestaram-contas\/#breadcrumb"},"inLanguage":"pt-BR","potentialAction":[{"@type":"ReadAction","target":["https:\/\/www.blogsoestado.com\/flaviobraga\/tce-declara-inadimplencia-de-gestores-que-nao-prestaram-contas\/"]}]},{"@type":"BreadcrumbList","@id":"https:\/\/www.blogsoestado.com\/flaviobraga\/tce-declara-inadimplencia-de-gestores-que-nao-prestaram-contas\/#breadcrumb","itemListElement":[{"@type":"ListItem","position":1,"name":"In\u00edcio","item":"https:\/\/www.blogsoestado.com\/flaviobraga\/"},{"@type":"ListItem","position":2,"name":"TCE declara inadimpl\u00eancia de gestores que n\u00e3o prestaram contas"}]},{"@type":"WebSite","@id":"https:\/\/www.blogsoestado.com\/flaviobraga\/#website","url":"https:\/\/www.blogsoestado.com\/flaviobraga\/","name":"Fl\u00e1vio Braga","description":"","potentialAction":[{"@type":"SearchAction","target":{"@type":"EntryPoint","urlTemplate":"https:\/\/www.blogsoestado.com\/flaviobraga\/?s={search_term_string}"},"query-input":{"@type":"PropertyValueSpecification","valueRequired":true,"valueName":"search_term_string"}}],"inLanguage":"pt-BR"},{"@type":"Person","@id":"https:\/\/www.blogsoestado.com\/flaviobraga\/#\/schema\/person\/6c6c778331775c757a82d15206bd8733","name":"Flavio Braga","image":{"@type":"ImageObject","inLanguage":"pt-BR","@id":"https:\/\/www.blogsoestado.com\/flaviobraga\/#\/schema\/person\/image\/","url":"https:\/\/secure.gravatar.com\/avatar\/ab173937dad8d78195c87778be8a0285d069ede375ce0ae24aac1cf8e58ccb2c?s=96&d=mm&r=g","contentUrl":"https:\/\/secure.gravatar.com\/avatar\/ab173937dad8d78195c87778be8a0285d069ede375ce0ae24aac1cf8e58ccb2c?s=96&d=mm&r=g","caption":"Flavio Braga"},"url":"https:\/\/www.blogsoestado.com\/flaviobraga\/author\/flaviobraga\/"}]}},"jetpack_featured_media_url":"","_links":{"self":[{"href":"https:\/\/www.blogsoestado.com\/flaviobraga\/wp-json\/wp\/v2\/posts\/2459","targetHints":{"allow":["GET"]}}],"collection":[{"href":"https:\/\/www.blogsoestado.com\/flaviobraga\/wp-json\/wp\/v2\/posts"}],"about":[{"href":"https:\/\/www.blogsoestado.com\/flaviobraga\/wp-json\/wp\/v2\/types\/post"}],"author":[{"embeddable":true,"href":"https:\/\/www.blogsoestado.com\/flaviobraga\/wp-json\/wp\/v2\/users\/8"}],"replies":[{"embeddable":true,"href":"https:\/\/www.blogsoestado.com\/flaviobraga\/wp-json\/wp\/v2\/comments?post=2459"}],"version-history":[{"count":0,"href":"https:\/\/www.blogsoestado.com\/flaviobraga\/wp-json\/wp\/v2\/posts\/2459\/revisions"}],"wp:attachment":[{"href":"https:\/\/www.blogsoestado.com\/flaviobraga\/wp-json\/wp\/v2\/media?parent=2459"}],"wp:term":[{"taxonomy":"category","embeddable":true,"href":"https:\/\/www.blogsoestado.com\/flaviobraga\/wp-json\/wp\/v2\/categories?post=2459"},{"taxonomy":"post_tag","embeddable":true,"href":"https:\/\/www.blogsoestado.com\/flaviobraga\/wp-json\/wp\/v2\/tags?post=2459"}],"curies":[{"name":"wp","href":"https:\/\/api.w.org\/{rel}","templated":true}]}}