{"id":2468,"date":"2014-04-21T09:09:50","date_gmt":"2014-04-21T12:09:50","guid":{"rendered":"https:\/\/www.blogsoestado.com\/flaviobraga\/?p=2468"},"modified":"2014-04-21T09:09:50","modified_gmt":"2014-04-21T12:09:50","slug":"o-poder-das-urnas-e-tema-de-ciclo-academico-do-uniceuma","status":"publish","type":"post","link":"https:\/\/www.blogsoestado.com\/flaviobraga\/o-poder-das-urnas-e-tema-de-ciclo-academico-do-uniceuma\/","title":{"rendered":"&#8220;O poder das urnas&#8221; \u00e9 tema de ciclo acad\u00eamico do Uniceuma"},"content":{"rendered":"<p>Com o tema \u201cO poder das urnas x o poder das ruas\u201d, acontece na pr\u00f3xima ter\u00e7a-feira (22), das 17h \u00e0s 19h, no IX Ciclo de Atividades Acad\u00eamicas da Universidade Ceuma, no Campus I, no bairro do Renascen\u00e7a, uma mesa de di\u00e1logo com o advogado e professor universit\u00e1rio Edson Travassos Vidigal e com o tamb\u00e9m advogado e professor Carlos Eduardo Lula.<\/p>\n<p>Ambos s\u00e3o doutrinadores com obras publicadas na \u00e1rea do Direito P\u00fablico. Edson Travassos Vidigal que atualmente \u00e9 advogado membro da Comiss\u00e3o de Assuntos Legislativos da OAB \u2013 DF, trabalhou no Tribunal Superior Eleitoral por 19 anos. Graduado em Direito e em Filosofia, \u00e9 especialista em Direito Eleitoral e em Filosofia Pol\u00edtica, mestrando em Estudos Cl\u00e1ssicos e em Direito e Pol\u00edticas P\u00fablicas, e \u00e9 autor de diversos livros, dentre os quais a obra \u201cFundamentos do Direito Eleitoral Brasileiro\u201d, lan\u00e7ada recentemente em S\u00e3o Lu\u00eds.<\/p>\n<p>J\u00e1 Carlos Eduardo Lula \u00e9 Consultor-geral da Assembleia Legislativa do Maranh\u00e3o, presidente da Comiss\u00e3o de Direito Eleitoral da OAB-MA, especialista em Direito Processual Civil e em Direito Constitucional, e autor das obras \u201cDireito Eleitoral: coment\u00e1rios as Leis no. 9.096\/95, 9.504\/97 e a Lei Complementar n\u00ba 64\/90\u201d e \u201cDireito Eleitoral para Concurso de Procurador da Rep\u00fablica\u201d.<\/p>\n<p>Segundo Edson Travassos Vidigal, o tema \u00e9 importante porque coloca em discuss\u00e3o a legitimidade das manifesta\u00e7\u00f5es sociais que t\u00eam ocorrido nas ruas de todo o pa\u00eds desde junho do ano passado.<\/p>\n<p>O professor lembrou que o atual presidente do Tribunal Superior Eleitoral (TSE), ministro Marco Aur\u00e9lio, posicionou-se, recentemente, contr\u00e1rio \u00e0s manifesta\u00e7\u00f5es populares nas ruas, afirmando que a popula\u00e7\u00e3o deve exercer a sua cidadania apenas nas urnas.<\/p>\n<p>\u201cDiscordo veementemente da posi\u00e7\u00e3o do Min. Marco Aur\u00e9lio. Procuraremos expor argumentos que comprovam a legitimidade, legalidade e a necessidade de a popula\u00e7\u00e3o exercer seus direitos pol\u00edticos diariamente, fiscalizando e cobrando da administra\u00e7\u00e3o p\u00fablica e dos representantes eleitos suas obriga\u00e7\u00f5es, como forma de manuten\u00e7\u00e3o e aprimoramento constante de nosso Estado Democr\u00e1tico de Direito\u201d, explicou Vidigal.<\/p>\n","protected":false},"excerpt":{"rendered":"<p>Com o tema \u201cO poder das urnas x o poder das ruas\u201d, acontece na pr\u00f3xima ter\u00e7a-feira (22), das 17h \u00e0s [&hellip;]<\/p>\n","protected":false},"author":8,"featured_media":0,"comment_status":"open","ping_status":"open","sticky":false,"template":"","format":"standard","meta":{"site-sidebar-layout":"default","site-content-layout":"","ast-site-content-layout":"default","site-content-style":"default","site-sidebar-style":"default","ast-global-header-display":"","ast-banner-title-visibility":"","ast-main-header-display":"","ast-hfb-above-header-display":"","ast-hfb-below-header-display":"","ast-hfb-mobile-header-display":"","site-post-title":"","ast-breadcrumbs-content":"","ast-featured-img":"","footer-sml-layout":"","ast-disable-related-posts":"","theme-transparent-header-meta":"","adv-header-id-meta":"","stick-header-meta":"","header-above-stick-meta":"","header-main-stick-meta":"","header-below-stick-meta":"","astra-migrate-meta-layouts":"default","ast-page-background-enabled":"default","ast-page-background-meta":{"desktop":{"background-color":"var(--ast-global-color-5)","background-image":"","background-repeat":"repeat","background-position":"center center","background-size":"auto","background-attachment":"scroll","background-type":"","background-media":"","overlay-type":"","overlay-color":"","overlay-opacity":"","overlay-gradient":""},"tablet":{"background-color":"","background-image":"","background-repeat":"repeat","background-position":"center center","background-size":"auto","background-attachment":"scroll","background-type":"","background-media":"","overlay-type":"","overlay-color":"","overlay-opacity":"","overlay-gradient":""},"mobile":{"background-color":"","background-image":"","background-repeat":"repeat","background-position":"center center","background-size":"auto","background-attachment":"scroll","background-type":"","background-media":"","overlay-type":"","overlay-color":"","overlay-opacity":"","overlay-gradient":""}},"ast-content-background-meta":{"desktop":{"background-color":"var(--ast-global-color-4)","background-image":"","background-repeat":"repeat","background-position":"center center","background-size":"auto","background-attachment":"scroll","background-type":"","background-media":"","overlay-type":"","overlay-color":"","overlay-opacity":"","overlay-gradient":""},"tablet":{"background-color":"var(--ast-global-color-4)","background-image":"","background-repeat":"repeat","background-position":"center center","background-size":"auto","background-attachment":"scroll","background-type":"","background-media":"","overlay-type":"","overlay-color":"","overlay-opacity":"","overlay-gradient":""},"mobile":{"background-color":"var(--ast-global-color-4)","background-image":"","background-repeat":"repeat","background-position":"center center","background-size":"auto","background-attachment":"scroll","background-type":"","background-media":"","overlay-type":"","overlay-color":"","overlay-opacity":"","overlay-gradient":""}},"footnotes":""},"categories":[1],"tags":[],"class_list":["post-2468","post","type-post","status-publish","format-standard","hentry","category-sem-categoria"],"yoast_head":"<!-- This site is optimized with the Yoast SEO plugin v26.6 - https:\/\/yoast.com\/wordpress\/plugins\/seo\/ -->\n<title>&quot;O poder das urnas&quot; \u00e9 tema de ciclo acad\u00eamico do Uniceuma - Fl\u00e1vio Braga<\/title>\n<meta name=\"robots\" content=\"index, follow, max-snippet:-1, max-image-preview:large, max-video-preview:-1\" \/>\n<link rel=\"canonical\" href=\"https:\/\/www.blogsoestado.com\/flaviobraga\/o-poder-das-urnas-e-tema-de-ciclo-academico-do-uniceuma\/\" \/>\n<meta property=\"og:locale\" content=\"pt_BR\" \/>\n<meta property=\"og:type\" content=\"article\" \/>\n<meta property=\"og:title\" content=\"&quot;O poder das urnas&quot; \u00e9 tema de ciclo acad\u00eamico do Uniceuma - Fl\u00e1vio Braga\" \/>\n<meta property=\"og:description\" content=\"Com o tema \u201cO poder das urnas x o poder das ruas\u201d, acontece na pr\u00f3xima ter\u00e7a-feira (22), das 17h \u00e0s [&hellip;]\" \/>\n<meta property=\"og:url\" content=\"https:\/\/www.blogsoestado.com\/flaviobraga\/o-poder-das-urnas-e-tema-de-ciclo-academico-do-uniceuma\/\" \/>\n<meta property=\"og:site_name\" content=\"Fl\u00e1vio Braga\" \/>\n<meta property=\"article:published_time\" content=\"2014-04-21T12:09:50+00:00\" \/>\n<meta name=\"author\" content=\"Flavio Braga\" \/>\n<meta name=\"twitter:card\" content=\"summary_large_image\" \/>\n<meta name=\"twitter:label1\" content=\"Escrito por\" \/>\n\t<meta name=\"twitter:data1\" content=\"Flavio Braga\" \/>\n\t<meta name=\"twitter:label2\" content=\"Est. tempo de leitura\" \/>\n\t<meta name=\"twitter:data2\" content=\"2 minutos\" \/>\n<script type=\"application\/ld+json\" class=\"yoast-schema-graph\">{\"@context\":\"https:\/\/schema.org\",\"@graph\":[{\"@type\":\"WebPage\",\"@id\":\"https:\/\/www.blogsoestado.com\/flaviobraga\/o-poder-das-urnas-e-tema-de-ciclo-academico-do-uniceuma\/\",\"url\":\"https:\/\/www.blogsoestado.com\/flaviobraga\/o-poder-das-urnas-e-tema-de-ciclo-academico-do-uniceuma\/\",\"name\":\"\\\"O poder das urnas\\\" \u00e9 tema de ciclo acad\u00eamico do Uniceuma - Fl\u00e1vio Braga\",\"isPartOf\":{\"@id\":\"https:\/\/www.blogsoestado.com\/flaviobraga\/#website\"},\"datePublished\":\"2014-04-21T12:09:50+00:00\",\"author\":{\"@id\":\"https:\/\/www.blogsoestado.com\/flaviobraga\/#\/schema\/person\/6c6c778331775c757a82d15206bd8733\"},\"breadcrumb\":{\"@id\":\"https:\/\/www.blogsoestado.com\/flaviobraga\/o-poder-das-urnas-e-tema-de-ciclo-academico-do-uniceuma\/#breadcrumb\"},\"inLanguage\":\"pt-BR\",\"potentialAction\":[{\"@type\":\"ReadAction\",\"target\":[\"https:\/\/www.blogsoestado.com\/flaviobraga\/o-poder-das-urnas-e-tema-de-ciclo-academico-do-uniceuma\/\"]}]},{\"@type\":\"BreadcrumbList\",\"@id\":\"https:\/\/www.blogsoestado.com\/flaviobraga\/o-poder-das-urnas-e-tema-de-ciclo-academico-do-uniceuma\/#breadcrumb\",\"itemListElement\":[{\"@type\":\"ListItem\",\"position\":1,\"name\":\"In\u00edcio\",\"item\":\"https:\/\/www.blogsoestado.com\/flaviobraga\/\"},{\"@type\":\"ListItem\",\"position\":2,\"name\":\"&#8220;O poder das urnas&#8221; \u00e9 tema de ciclo acad\u00eamico do Uniceuma\"}]},{\"@type\":\"WebSite\",\"@id\":\"https:\/\/www.blogsoestado.com\/flaviobraga\/#website\",\"url\":\"https:\/\/www.blogsoestado.com\/flaviobraga\/\",\"name\":\"Fl\u00e1vio Braga\",\"description\":\"\",\"potentialAction\":[{\"@type\":\"SearchAction\",\"target\":{\"@type\":\"EntryPoint\",\"urlTemplate\":\"https:\/\/www.blogsoestado.com\/flaviobraga\/?s={search_term_string}\"},\"query-input\":{\"@type\":\"PropertyValueSpecification\",\"valueRequired\":true,\"valueName\":\"search_term_string\"}}],\"inLanguage\":\"pt-BR\"},{\"@type\":\"Person\",\"@id\":\"https:\/\/www.blogsoestado.com\/flaviobraga\/#\/schema\/person\/6c6c778331775c757a82d15206bd8733\",\"name\":\"Flavio Braga\",\"image\":{\"@type\":\"ImageObject\",\"inLanguage\":\"pt-BR\",\"@id\":\"https:\/\/www.blogsoestado.com\/flaviobraga\/#\/schema\/person\/image\/\",\"url\":\"https:\/\/secure.gravatar.com\/avatar\/ab173937dad8d78195c87778be8a0285d069ede375ce0ae24aac1cf8e58ccb2c?s=96&d=mm&r=g\",\"contentUrl\":\"https:\/\/secure.gravatar.com\/avatar\/ab173937dad8d78195c87778be8a0285d069ede375ce0ae24aac1cf8e58ccb2c?s=96&d=mm&r=g\",\"caption\":\"Flavio Braga\"},\"url\":\"https:\/\/www.blogsoestado.com\/flaviobraga\/author\/flaviobraga\/\"}]}<\/script>\n<!-- \/ Yoast SEO plugin. -->","yoast_head_json":{"title":"\"O poder das urnas\" \u00e9 tema de ciclo acad\u00eamico do Uniceuma - Fl\u00e1vio Braga","robots":{"index":"index","follow":"follow","max-snippet":"max-snippet:-1","max-image-preview":"max-image-preview:large","max-video-preview":"max-video-preview:-1"},"canonical":"https:\/\/www.blogsoestado.com\/flaviobraga\/o-poder-das-urnas-e-tema-de-ciclo-academico-do-uniceuma\/","og_locale":"pt_BR","og_type":"article","og_title":"\"O poder das urnas\" \u00e9 tema de ciclo acad\u00eamico do Uniceuma - Fl\u00e1vio Braga","og_description":"Com o tema \u201cO poder das urnas x o poder das ruas\u201d, acontece na pr\u00f3xima ter\u00e7a-feira (22), das 17h \u00e0s [&hellip;]","og_url":"https:\/\/www.blogsoestado.com\/flaviobraga\/o-poder-das-urnas-e-tema-de-ciclo-academico-do-uniceuma\/","og_site_name":"Fl\u00e1vio Braga","article_published_time":"2014-04-21T12:09:50+00:00","author":"Flavio Braga","twitter_card":"summary_large_image","twitter_misc":{"Escrito por":"Flavio Braga","Est. tempo de leitura":"2 minutos"},"schema":{"@context":"https:\/\/schema.org","@graph":[{"@type":"WebPage","@id":"https:\/\/www.blogsoestado.com\/flaviobraga\/o-poder-das-urnas-e-tema-de-ciclo-academico-do-uniceuma\/","url":"https:\/\/www.blogsoestado.com\/flaviobraga\/o-poder-das-urnas-e-tema-de-ciclo-academico-do-uniceuma\/","name":"\"O poder das urnas\" \u00e9 tema de ciclo acad\u00eamico do Uniceuma - Fl\u00e1vio Braga","isPartOf":{"@id":"https:\/\/www.blogsoestado.com\/flaviobraga\/#website"},"datePublished":"2014-04-21T12:09:50+00:00","author":{"@id":"https:\/\/www.blogsoestado.com\/flaviobraga\/#\/schema\/person\/6c6c778331775c757a82d15206bd8733"},"breadcrumb":{"@id":"https:\/\/www.blogsoestado.com\/flaviobraga\/o-poder-das-urnas-e-tema-de-ciclo-academico-do-uniceuma\/#breadcrumb"},"inLanguage":"pt-BR","potentialAction":[{"@type":"ReadAction","target":["https:\/\/www.blogsoestado.com\/flaviobraga\/o-poder-das-urnas-e-tema-de-ciclo-academico-do-uniceuma\/"]}]},{"@type":"BreadcrumbList","@id":"https:\/\/www.blogsoestado.com\/flaviobraga\/o-poder-das-urnas-e-tema-de-ciclo-academico-do-uniceuma\/#breadcrumb","itemListElement":[{"@type":"ListItem","position":1,"name":"In\u00edcio","item":"https:\/\/www.blogsoestado.com\/flaviobraga\/"},{"@type":"ListItem","position":2,"name":"&#8220;O poder das urnas&#8221; \u00e9 tema de ciclo acad\u00eamico do Uniceuma"}]},{"@type":"WebSite","@id":"https:\/\/www.blogsoestado.com\/flaviobraga\/#website","url":"https:\/\/www.blogsoestado.com\/flaviobraga\/","name":"Fl\u00e1vio Braga","description":"","potentialAction":[{"@type":"SearchAction","target":{"@type":"EntryPoint","urlTemplate":"https:\/\/www.blogsoestado.com\/flaviobraga\/?s={search_term_string}"},"query-input":{"@type":"PropertyValueSpecification","valueRequired":true,"valueName":"search_term_string"}}],"inLanguage":"pt-BR"},{"@type":"Person","@id":"https:\/\/www.blogsoestado.com\/flaviobraga\/#\/schema\/person\/6c6c778331775c757a82d15206bd8733","name":"Flavio Braga","image":{"@type":"ImageObject","inLanguage":"pt-BR","@id":"https:\/\/www.blogsoestado.com\/flaviobraga\/#\/schema\/person\/image\/","url":"https:\/\/secure.gravatar.com\/avatar\/ab173937dad8d78195c87778be8a0285d069ede375ce0ae24aac1cf8e58ccb2c?s=96&d=mm&r=g","contentUrl":"https:\/\/secure.gravatar.com\/avatar\/ab173937dad8d78195c87778be8a0285d069ede375ce0ae24aac1cf8e58ccb2c?s=96&d=mm&r=g","caption":"Flavio Braga"},"url":"https:\/\/www.blogsoestado.com\/flaviobraga\/author\/flaviobraga\/"}]}},"jetpack_featured_media_url":"","_links":{"self":[{"href":"https:\/\/www.blogsoestado.com\/flaviobraga\/wp-json\/wp\/v2\/posts\/2468","targetHints":{"allow":["GET"]}}],"collection":[{"href":"https:\/\/www.blogsoestado.com\/flaviobraga\/wp-json\/wp\/v2\/posts"}],"about":[{"href":"https:\/\/www.blogsoestado.com\/flaviobraga\/wp-json\/wp\/v2\/types\/post"}],"author":[{"embeddable":true,"href":"https:\/\/www.blogsoestado.com\/flaviobraga\/wp-json\/wp\/v2\/users\/8"}],"replies":[{"embeddable":true,"href":"https:\/\/www.blogsoestado.com\/flaviobraga\/wp-json\/wp\/v2\/comments?post=2468"}],"version-history":[{"count":0,"href":"https:\/\/www.blogsoestado.com\/flaviobraga\/wp-json\/wp\/v2\/posts\/2468\/revisions"}],"wp:attachment":[{"href":"https:\/\/www.blogsoestado.com\/flaviobraga\/wp-json\/wp\/v2\/media?parent=2468"}],"wp:term":[{"taxonomy":"category","embeddable":true,"href":"https:\/\/www.blogsoestado.com\/flaviobraga\/wp-json\/wp\/v2\/categories?post=2468"},{"taxonomy":"post_tag","embeddable":true,"href":"https:\/\/www.blogsoestado.com\/flaviobraga\/wp-json\/wp\/v2\/tags?post=2468"}],"curies":[{"name":"wp","href":"https:\/\/api.w.org\/{rel}","templated":true}]}}