{"id":2501,"date":"2014-05-12T18:53:53","date_gmt":"2014-05-12T21:53:53","guid":{"rendered":"https:\/\/www.blogsoestado.com\/flaviobraga\/?p=2501"},"modified":"2014-05-12T18:53:53","modified_gmt":"2014-05-12T21:53:53","slug":"abstencao-dos-eleitores-causa-prejuizo-ao-contribuinte","status":"publish","type":"post","link":"https:\/\/www.blogsoestado.com\/flaviobraga\/abstencao-dos-eleitores-causa-prejuizo-ao-contribuinte\/","title":{"rendered":"Absten\u00e7\u00e3o dos eleitores causa preju\u00edzo ao contribuinte"},"content":{"rendered":"<p>Levantamento feito pelo Tribunal Superior Eleitoral (TSE) destaca que a absten\u00e7\u00e3o dos eleitores (n\u00e3o comparecimento \u00e0s elei\u00e7\u00f5es) causa preju\u00edzos financeiros ao pa\u00eds. Nas Elei\u00e7\u00f5es gerais de 2010, o impacto foi de R$ 195,2 milh\u00f5es, considerados o primeiro e o segundo turno daquele ano. Essa cifra baseia-se no custo m\u00e9dio do voto para o Brasil naquela elei\u00e7\u00e3o, calculado em R$ 3,63 reais por eleitor, segundo o TSE.<\/p>\n<p>\u201cAo preparar as Elei\u00e7\u00f5es, o TSE deve organizar uma estrutura para receber o conjunto total de eleitores aptos a votar. Como mais de 24 milh\u00f5es de pessoas se abstiveram no primeiro turno, naquela ocasi\u00e3o, desperdi\u00e7ou-se cerca de R$ 89,3 milh\u00f5es em recursos p\u00fablicos como consequ\u00eancia do n\u00e3o comparecimento\u201d, explica o diretor-geral do TSE, Athayde Fontoura.<\/p>\n<p>No segundo turno, a absten\u00e7\u00e3o aumentou ainda mais. Em torno de 29 milh\u00f5es de eleitores se abstiveram de votar naquele 31 de outubro, num preju\u00edzo estimado em R$ 105 milh\u00f5es. Somados os dois turnos, as perdas atingem um total de R$ 195,2 milh\u00f5es. Ainda que o voto n\u00e3o fosse obrigat\u00f3rio, a Justi\u00e7a Eleitoral \u00e9 legalmente designada a preparar as elei\u00e7\u00f5es para atender a totalidade dos que podem votar.<\/p>\n<p>Se os votos brancos e nulos \u2013 manifesta\u00e7\u00e3o dos eleitores que foram \u00e0s urnas, mas optaram por n\u00e3o escolher candidatos \u2013 forem computados, nos dois turnos, h\u00e1 um acr\u00e9scimo de mais R$ 60,7 milh\u00f5es nessas perdas. No primeiro turno, a Justi\u00e7a Eleitoral registrou 3,4 milh\u00f5es de votos em branco e 6,1 milh\u00f5es de votos nulos em todo o Brasil. No segundo turno, votos brancos somaram 2,4 milh\u00f5es, e votos nulos, 4,6 milh\u00f5es.<\/p>\n<p>Al\u00e9m do preju\u00edzo financeiro, a absten\u00e7\u00e3o gera um impacto c\u00edvico. O presidente do TSE, ministro Marco Aur\u00e9lio, declara que a sociedade costuma se sentir v\u00edtima dos maus pol\u00edticos, mas que \u00e9, na realidade, autora, pois decide quem vence as elei\u00e7\u00f5es. \u201c\u00c9 prefer\u00edvel pecar por ato comissivo a pecar por ato omissivo\u201d, repete o ministro Marco Aur\u00e9lio quando o assunto \u00e9 absten\u00e7\u00e3o nas urnas.<\/p>\n<p>Para incentivar a participa\u00e7\u00e3o dos eleitores no pleito deste ano, o TSE vem desenvolvendo campanhas institucionais de conscientiza\u00e7\u00e3o da popula\u00e7\u00e3o sobre a relev\u00e2ncia do voto. A hashtag \u201cvempraurna\u201d e o slogan \u201cseu voto vale o Brasil inteiro\u201d conclamam os eleitores a participarem das Elei\u00e7\u00f5es gerais de 2014, consideradas pela propaganda do \u00f3rg\u00e3o como \u201ca celebra\u00e7\u00e3o da democracia\u201d.<\/p>\n<p>De acordo com dados apresentados pelo ministro Marco Aur\u00e9lio na \u00faltima sexta-feira (9), no TSE, j\u00e1 h\u00e1 um acr\u00e9scimo de seis milh\u00f5es de eleitores no cadastro eleitoral, em rela\u00e7\u00e3o a 2010. Primeiro balan\u00e7o parcial do cadastramento eleitoral encerrado no dia 7 de maio aponta para 141,8 milh\u00f5es de brasileiros aptos a votar em outubro, contra 135,8 milh\u00f5es dos eleitores habilitados em 2010. O n\u00famero total dos eleitores dever\u00e1 ser contabilizado pelo TSE at\u00e9 a segunda quinzena de julho.<\/p>\n","protected":false},"excerpt":{"rendered":"<p>Levantamento feito pelo Tribunal Superior Eleitoral (TSE) destaca que a absten\u00e7\u00e3o dos eleitores (n\u00e3o comparecimento \u00e0s elei\u00e7\u00f5es) causa preju\u00edzos financeiros [&hellip;]<\/p>\n","protected":false},"author":8,"featured_media":0,"comment_status":"open","ping_status":"open","sticky":false,"template":"","format":"standard","meta":{"site-sidebar-layout":"default","site-content-layout":"","ast-site-content-layout":"default","site-content-style":"default","site-sidebar-style":"default","ast-global-header-display":"","ast-banner-title-visibility":"","ast-main-header-display":"","ast-hfb-above-header-display":"","ast-hfb-below-header-display":"","ast-hfb-mobile-header-display":"","site-post-title":"","ast-breadcrumbs-content":"","ast-featured-img":"","footer-sml-layout":"","ast-disable-related-posts":"","theme-transparent-header-meta":"","adv-header-id-meta":"","stick-header-meta":"","header-above-stick-meta":"","header-main-stick-meta":"","header-below-stick-meta":"","astra-migrate-meta-layouts":"default","ast-page-background-enabled":"default","ast-page-background-meta":{"desktop":{"background-color":"var(--ast-global-color-5)","background-image":"","background-repeat":"repeat","background-position":"center center","background-size":"auto","background-attachment":"scroll","background-type":"","background-media":"","overlay-type":"","overlay-color":"","overlay-opacity":"","overlay-gradient":""},"tablet":{"background-color":"","background-image":"","background-repeat":"repeat","background-position":"center center","background-size":"auto","background-attachment":"scroll","background-type":"","background-media":"","overlay-type":"","overlay-color":"","overlay-opacity":"","overlay-gradient":""},"mobile":{"background-color":"","background-image":"","background-repeat":"repeat","background-position":"center center","background-size":"auto","background-attachment":"scroll","background-type":"","background-media":"","overlay-type":"","overlay-color":"","overlay-opacity":"","overlay-gradient":""}},"ast-content-background-meta":{"desktop":{"background-color":"var(--ast-global-color-4)","background-image":"","background-repeat":"repeat","background-position":"center center","background-size":"auto","background-attachment":"scroll","background-type":"","background-media":"","overlay-type":"","overlay-color":"","overlay-opacity":"","overlay-gradient":""},"tablet":{"background-color":"var(--ast-global-color-4)","background-image":"","background-repeat":"repeat","background-position":"center center","background-size":"auto","background-attachment":"scroll","background-type":"","background-media":"","overlay-type":"","overlay-color":"","overlay-opacity":"","overlay-gradient":""},"mobile":{"background-color":"var(--ast-global-color-4)","background-image":"","background-repeat":"repeat","background-position":"center center","background-size":"auto","background-attachment":"scroll","background-type":"","background-media":"","overlay-type":"","overlay-color":"","overlay-opacity":"","overlay-gradient":""}},"footnotes":""},"categories":[1],"tags":[],"class_list":["post-2501","post","type-post","status-publish","format-standard","hentry","category-sem-categoria"],"yoast_head":"<!-- This site is optimized with the Yoast SEO plugin v26.6 - https:\/\/yoast.com\/wordpress\/plugins\/seo\/ -->\n<title>Absten\u00e7\u00e3o dos eleitores causa preju\u00edzo ao contribuinte - Fl\u00e1vio Braga<\/title>\n<meta name=\"robots\" content=\"index, follow, max-snippet:-1, max-image-preview:large, max-video-preview:-1\" \/>\n<link rel=\"canonical\" href=\"https:\/\/www.blogsoestado.com\/flaviobraga\/abstencao-dos-eleitores-causa-prejuizo-ao-contribuinte\/\" \/>\n<meta property=\"og:locale\" content=\"pt_BR\" \/>\n<meta property=\"og:type\" content=\"article\" \/>\n<meta property=\"og:title\" content=\"Absten\u00e7\u00e3o dos eleitores causa preju\u00edzo ao contribuinte - Fl\u00e1vio Braga\" \/>\n<meta property=\"og:description\" content=\"Levantamento feito pelo Tribunal Superior Eleitoral (TSE) destaca que a absten\u00e7\u00e3o dos eleitores (n\u00e3o comparecimento \u00e0s elei\u00e7\u00f5es) causa preju\u00edzos financeiros [&hellip;]\" \/>\n<meta property=\"og:url\" content=\"https:\/\/www.blogsoestado.com\/flaviobraga\/abstencao-dos-eleitores-causa-prejuizo-ao-contribuinte\/\" \/>\n<meta property=\"og:site_name\" content=\"Fl\u00e1vio Braga\" \/>\n<meta property=\"article:published_time\" content=\"2014-05-12T21:53:53+00:00\" \/>\n<meta name=\"author\" content=\"Flavio Braga\" \/>\n<meta name=\"twitter:card\" content=\"summary_large_image\" \/>\n<meta name=\"twitter:label1\" content=\"Escrito por\" \/>\n\t<meta name=\"twitter:data1\" content=\"Flavio Braga\" \/>\n\t<meta name=\"twitter:label2\" content=\"Est. tempo de leitura\" \/>\n\t<meta name=\"twitter:data2\" content=\"2 minutos\" \/>\n<script type=\"application\/ld+json\" class=\"yoast-schema-graph\">{\"@context\":\"https:\/\/schema.org\",\"@graph\":[{\"@type\":\"WebPage\",\"@id\":\"https:\/\/www.blogsoestado.com\/flaviobraga\/abstencao-dos-eleitores-causa-prejuizo-ao-contribuinte\/\",\"url\":\"https:\/\/www.blogsoestado.com\/flaviobraga\/abstencao-dos-eleitores-causa-prejuizo-ao-contribuinte\/\",\"name\":\"Absten\u00e7\u00e3o dos eleitores causa preju\u00edzo ao contribuinte - Fl\u00e1vio Braga\",\"isPartOf\":{\"@id\":\"https:\/\/www.blogsoestado.com\/flaviobraga\/#website\"},\"datePublished\":\"2014-05-12T21:53:53+00:00\",\"author\":{\"@id\":\"https:\/\/www.blogsoestado.com\/flaviobraga\/#\/schema\/person\/6c6c778331775c757a82d15206bd8733\"},\"breadcrumb\":{\"@id\":\"https:\/\/www.blogsoestado.com\/flaviobraga\/abstencao-dos-eleitores-causa-prejuizo-ao-contribuinte\/#breadcrumb\"},\"inLanguage\":\"pt-BR\",\"potentialAction\":[{\"@type\":\"ReadAction\",\"target\":[\"https:\/\/www.blogsoestado.com\/flaviobraga\/abstencao-dos-eleitores-causa-prejuizo-ao-contribuinte\/\"]}]},{\"@type\":\"BreadcrumbList\",\"@id\":\"https:\/\/www.blogsoestado.com\/flaviobraga\/abstencao-dos-eleitores-causa-prejuizo-ao-contribuinte\/#breadcrumb\",\"itemListElement\":[{\"@type\":\"ListItem\",\"position\":1,\"name\":\"In\u00edcio\",\"item\":\"https:\/\/www.blogsoestado.com\/flaviobraga\/\"},{\"@type\":\"ListItem\",\"position\":2,\"name\":\"Absten\u00e7\u00e3o dos eleitores causa preju\u00edzo ao contribuinte\"}]},{\"@type\":\"WebSite\",\"@id\":\"https:\/\/www.blogsoestado.com\/flaviobraga\/#website\",\"url\":\"https:\/\/www.blogsoestado.com\/flaviobraga\/\",\"name\":\"Fl\u00e1vio Braga\",\"description\":\"\",\"potentialAction\":[{\"@type\":\"SearchAction\",\"target\":{\"@type\":\"EntryPoint\",\"urlTemplate\":\"https:\/\/www.blogsoestado.com\/flaviobraga\/?s={search_term_string}\"},\"query-input\":{\"@type\":\"PropertyValueSpecification\",\"valueRequired\":true,\"valueName\":\"search_term_string\"}}],\"inLanguage\":\"pt-BR\"},{\"@type\":\"Person\",\"@id\":\"https:\/\/www.blogsoestado.com\/flaviobraga\/#\/schema\/person\/6c6c778331775c757a82d15206bd8733\",\"name\":\"Flavio Braga\",\"image\":{\"@type\":\"ImageObject\",\"inLanguage\":\"pt-BR\",\"@id\":\"https:\/\/www.blogsoestado.com\/flaviobraga\/#\/schema\/person\/image\/\",\"url\":\"https:\/\/secure.gravatar.com\/avatar\/ab173937dad8d78195c87778be8a0285d069ede375ce0ae24aac1cf8e58ccb2c?s=96&d=mm&r=g\",\"contentUrl\":\"https:\/\/secure.gravatar.com\/avatar\/ab173937dad8d78195c87778be8a0285d069ede375ce0ae24aac1cf8e58ccb2c?s=96&d=mm&r=g\",\"caption\":\"Flavio Braga\"},\"url\":\"https:\/\/www.blogsoestado.com\/flaviobraga\/author\/flaviobraga\/\"}]}<\/script>\n<!-- \/ Yoast SEO plugin. -->","yoast_head_json":{"title":"Absten\u00e7\u00e3o dos eleitores causa preju\u00edzo ao contribuinte - Fl\u00e1vio Braga","robots":{"index":"index","follow":"follow","max-snippet":"max-snippet:-1","max-image-preview":"max-image-preview:large","max-video-preview":"max-video-preview:-1"},"canonical":"https:\/\/www.blogsoestado.com\/flaviobraga\/abstencao-dos-eleitores-causa-prejuizo-ao-contribuinte\/","og_locale":"pt_BR","og_type":"article","og_title":"Absten\u00e7\u00e3o dos eleitores causa preju\u00edzo ao contribuinte - Fl\u00e1vio Braga","og_description":"Levantamento feito pelo Tribunal Superior Eleitoral (TSE) destaca que a absten\u00e7\u00e3o dos eleitores (n\u00e3o comparecimento \u00e0s elei\u00e7\u00f5es) causa preju\u00edzos financeiros [&hellip;]","og_url":"https:\/\/www.blogsoestado.com\/flaviobraga\/abstencao-dos-eleitores-causa-prejuizo-ao-contribuinte\/","og_site_name":"Fl\u00e1vio Braga","article_published_time":"2014-05-12T21:53:53+00:00","author":"Flavio Braga","twitter_card":"summary_large_image","twitter_misc":{"Escrito por":"Flavio Braga","Est. tempo de leitura":"2 minutos"},"schema":{"@context":"https:\/\/schema.org","@graph":[{"@type":"WebPage","@id":"https:\/\/www.blogsoestado.com\/flaviobraga\/abstencao-dos-eleitores-causa-prejuizo-ao-contribuinte\/","url":"https:\/\/www.blogsoestado.com\/flaviobraga\/abstencao-dos-eleitores-causa-prejuizo-ao-contribuinte\/","name":"Absten\u00e7\u00e3o dos eleitores causa preju\u00edzo ao contribuinte - Fl\u00e1vio Braga","isPartOf":{"@id":"https:\/\/www.blogsoestado.com\/flaviobraga\/#website"},"datePublished":"2014-05-12T21:53:53+00:00","author":{"@id":"https:\/\/www.blogsoestado.com\/flaviobraga\/#\/schema\/person\/6c6c778331775c757a82d15206bd8733"},"breadcrumb":{"@id":"https:\/\/www.blogsoestado.com\/flaviobraga\/abstencao-dos-eleitores-causa-prejuizo-ao-contribuinte\/#breadcrumb"},"inLanguage":"pt-BR","potentialAction":[{"@type":"ReadAction","target":["https:\/\/www.blogsoestado.com\/flaviobraga\/abstencao-dos-eleitores-causa-prejuizo-ao-contribuinte\/"]}]},{"@type":"BreadcrumbList","@id":"https:\/\/www.blogsoestado.com\/flaviobraga\/abstencao-dos-eleitores-causa-prejuizo-ao-contribuinte\/#breadcrumb","itemListElement":[{"@type":"ListItem","position":1,"name":"In\u00edcio","item":"https:\/\/www.blogsoestado.com\/flaviobraga\/"},{"@type":"ListItem","position":2,"name":"Absten\u00e7\u00e3o dos eleitores causa preju\u00edzo ao contribuinte"}]},{"@type":"WebSite","@id":"https:\/\/www.blogsoestado.com\/flaviobraga\/#website","url":"https:\/\/www.blogsoestado.com\/flaviobraga\/","name":"Fl\u00e1vio Braga","description":"","potentialAction":[{"@type":"SearchAction","target":{"@type":"EntryPoint","urlTemplate":"https:\/\/www.blogsoestado.com\/flaviobraga\/?s={search_term_string}"},"query-input":{"@type":"PropertyValueSpecification","valueRequired":true,"valueName":"search_term_string"}}],"inLanguage":"pt-BR"},{"@type":"Person","@id":"https:\/\/www.blogsoestado.com\/flaviobraga\/#\/schema\/person\/6c6c778331775c757a82d15206bd8733","name":"Flavio Braga","image":{"@type":"ImageObject","inLanguage":"pt-BR","@id":"https:\/\/www.blogsoestado.com\/flaviobraga\/#\/schema\/person\/image\/","url":"https:\/\/secure.gravatar.com\/avatar\/ab173937dad8d78195c87778be8a0285d069ede375ce0ae24aac1cf8e58ccb2c?s=96&d=mm&r=g","contentUrl":"https:\/\/secure.gravatar.com\/avatar\/ab173937dad8d78195c87778be8a0285d069ede375ce0ae24aac1cf8e58ccb2c?s=96&d=mm&r=g","caption":"Flavio Braga"},"url":"https:\/\/www.blogsoestado.com\/flaviobraga\/author\/flaviobraga\/"}]}},"jetpack_featured_media_url":"","_links":{"self":[{"href":"https:\/\/www.blogsoestado.com\/flaviobraga\/wp-json\/wp\/v2\/posts\/2501","targetHints":{"allow":["GET"]}}],"collection":[{"href":"https:\/\/www.blogsoestado.com\/flaviobraga\/wp-json\/wp\/v2\/posts"}],"about":[{"href":"https:\/\/www.blogsoestado.com\/flaviobraga\/wp-json\/wp\/v2\/types\/post"}],"author":[{"embeddable":true,"href":"https:\/\/www.blogsoestado.com\/flaviobraga\/wp-json\/wp\/v2\/users\/8"}],"replies":[{"embeddable":true,"href":"https:\/\/www.blogsoestado.com\/flaviobraga\/wp-json\/wp\/v2\/comments?post=2501"}],"version-history":[{"count":0,"href":"https:\/\/www.blogsoestado.com\/flaviobraga\/wp-json\/wp\/v2\/posts\/2501\/revisions"}],"wp:attachment":[{"href":"https:\/\/www.blogsoestado.com\/flaviobraga\/wp-json\/wp\/v2\/media?parent=2501"}],"wp:term":[{"taxonomy":"category","embeddable":true,"href":"https:\/\/www.blogsoestado.com\/flaviobraga\/wp-json\/wp\/v2\/categories?post=2501"},{"taxonomy":"post_tag","embeddable":true,"href":"https:\/\/www.blogsoestado.com\/flaviobraga\/wp-json\/wp\/v2\/tags?post=2501"}],"curies":[{"name":"wp","href":"https:\/\/api.w.org\/{rel}","templated":true}]}}