{"id":2505,"date":"2014-05-12T18:57:55","date_gmt":"2014-05-12T21:57:55","guid":{"rendered":"https:\/\/www.blogsoestado.com\/flaviobraga\/?p=2505"},"modified":"2014-05-12T18:57:55","modified_gmt":"2014-05-12T21:57:55","slug":"campanha-sos-barragem-do-rio-pericuma","status":"publish","type":"post","link":"https:\/\/www.blogsoestado.com\/flaviobraga\/campanha-sos-barragem-do-rio-pericuma\/","title":{"rendered":"Campanha \u201cSOS Barragem do Rio Pericum\u00e3\u201d"},"content":{"rendered":"<p>Por solicita\u00e7\u00e3o de leitores da Baixada Maranhense, reproduzo o artigo acima intitulado, de autoria de C\u00e9sar Soares, banc\u00e1rio, fil\u00f3sofo e vice-prefeito de Pinheiro:<\/p>\n<p>\u201cEm 2 de maio de 2014, participei de uma apraz\u00edvel expedi\u00e7\u00e3o pelas copiosas \u00e1guas do Rio Pericum\u00e3, em companhia dos amigos Fl\u00e1vio Braga, Damasceno j\u00fanior, Maninho Braga, H\u00e9lton e Marcelo, este presidente da C\u00e2mara Municipal de Santa Helena.<\/p>\n<p>Em 5 de maio de 2014, usei a rede social do <i>facebook<\/i> para denunciar e chamar a aten\u00e7\u00e3o das autoridades e da sociedade para o estado de precariedade em que se encontra a barragem do Rio Pericum\u00e3.<\/p>\n<p>A estrutura da barragem vem sendo corro\u00edda pela oxida\u00e7\u00e3o ao longo do tempo, j\u00e1 que desde que foi inaugurada, em 1982, pelo Departamento Nacional de Obras de Saneamento (DNOCS), jamais recebeu qualquer reforma ou mesmo manuten\u00e7\u00e3o adequada. Possui 100 m de comprimento por 25m de largura. Ostenta tr\u00eas comportas, uma eclusa e dois diques laterais, fornecendo \u00e1gua e pescado para os munic\u00edpios de Pinheiro, Palmeir\u00e2ndia, Peri-Mirim e Pedro do Ros\u00e1rio.<\/p>\n<p>A obra foi projetada com o objetivo de represar a \u00e1gua doce do Rio Pericum\u00e3 para, dessa forma, evitar a sua saliniza\u00e7\u00e3o por meio das massas l\u00edquidas do mar que avan\u00e7am sobre o rio.<\/p>\n<p>A barragem \u00e9 muito importante para a nossa regi\u00e3o, mas n\u00e3o tem sido tratada com a devida responsabilidade pelos agentes pol\u00edticos. Os reparos t\u00e9cnicos indispens\u00e1veis ao seu funcionamento regular n\u00e3o podem ser descurados. A barragem do Pericum\u00e3 necessita urgentemente de um servi\u00e7o de recupera\u00e7\u00e3o, acompanhado de uma manuten\u00e7\u00e3o permanente, antes que seja tarde.<\/p>\n<p>Por isso, estamos propondo a campanha \u201cSOS Barragem do Pericum\u00e3\u201d, cujo objetivo\u00a0\u00e9 sensibilizar as autoridades em rela\u00e7\u00e3o ao descaso e ao impacto ambiental que sofrer\u00e3o os campos da Baixada, caso a situa\u00e7\u00e3o n\u00e3o seja encarada como uma quest\u00e3o de calamidade p\u00fablica.<\/p>\n<p>Com uma extens\u00e3o de 115 km, o Pericum\u00e3 \u00e9 o mais importante rio da Baixada Maranhense. Nasce na Lagoa da Tra\u00edra (em Pedro do Ros\u00e1rio) e des\u00e1gua na ba\u00eda de Cum\u00e3, entre Guimar\u00e3es e Alc\u00e2ntara. Em seu percurso, banha os campos de 13 munic\u00edpios.<\/p>\n<p>O Rio Pericum\u00e3 \u00e9 vital para Pinheiro, a maior e mais importante cidade da Baixada Maranhense, com mais de 80 mil habitantes. Em Pinheiro, mais de 90% do pescado consumido vem do rio Pericum\u00e3.\u00a0 Assim, \u00e9 o caudaloso e piscoso Pericum\u00e3 que abastece a cidade, al\u00e9m de ser utilizado para diversas atividades econ\u00f4micas, como a pesca de subsist\u00eancia e a agricultura familiar.<\/p>\n<p>A administra\u00e7\u00e3o da barragem \u00e9 de responsabilidade do Departamento Nacional de Obras Contra a Seca (DNOCS), com sede em Fortaleza, mas n\u00e3o existe um funcion\u00e1rio sequer do \u00f3rg\u00e3o para realizar a manuten\u00e7\u00e3o b\u00e1sica da obra. A situa\u00e7\u00e3o \u00e9 t\u00e3o delicada que os moradores das redondezas s\u00e3o os respons\u00e1veis por abrir e fechar as comportas da barragem.<\/p>\n<p>Em 2009, a barragem de Algod\u00f5es, no vizinho estado do Piau\u00ed, se rompeu causando uma trag\u00e9dia que comoveu o pa\u00eds, ceifando vidas, destruindo lavouras e desabrigando centenas de fam\u00edlias. O que ocorre em rela\u00e7\u00e3o \u00e0 barragem do Pericum\u00e3 \u00e9 algo semelhante, inclusive quanto ao aspecto de \u201ctrag\u00e9dia anunciada\u201d.<\/p>\n","protected":false},"excerpt":{"rendered":"<p>Por solicita\u00e7\u00e3o de leitores da Baixada Maranhense, reproduzo o artigo acima intitulado, de autoria de C\u00e9sar Soares, banc\u00e1rio, fil\u00f3sofo e [&hellip;]<\/p>\n","protected":false},"author":8,"featured_media":0,"comment_status":"open","ping_status":"open","sticky":false,"template":"","format":"standard","meta":{"site-sidebar-layout":"default","site-content-layout":"","ast-site-content-layout":"default","site-content-style":"default","site-sidebar-style":"default","ast-global-header-display":"","ast-banner-title-visibility":"","ast-main-header-display":"","ast-hfb-above-header-display":"","ast-hfb-below-header-display":"","ast-hfb-mobile-header-display":"","site-post-title":"","ast-breadcrumbs-content":"","ast-featured-img":"","footer-sml-layout":"","ast-disable-related-posts":"","theme-transparent-header-meta":"","adv-header-id-meta":"","stick-header-meta":"","header-above-stick-meta":"","header-main-stick-meta":"","header-below-stick-meta":"","astra-migrate-meta-layouts":"default","ast-page-background-enabled":"default","ast-page-background-meta":{"desktop":{"background-color":"var(--ast-global-color-5)","background-image":"","background-repeat":"repeat","background-position":"center center","background-size":"auto","background-attachment":"scroll","background-type":"","background-media":"","overlay-type":"","overlay-color":"","overlay-opacity":"","overlay-gradient":""},"tablet":{"background-color":"","background-image":"","background-repeat":"repeat","background-position":"center center","background-size":"auto","background-attachment":"scroll","background-type":"","background-media":"","overlay-type":"","overlay-color":"","overlay-opacity":"","overlay-gradient":""},"mobile":{"background-color":"","background-image":"","background-repeat":"repeat","background-position":"center center","background-size":"auto","background-attachment":"scroll","background-type":"","background-media":"","overlay-type":"","overlay-color":"","overlay-opacity":"","overlay-gradient":""}},"ast-content-background-meta":{"desktop":{"background-color":"var(--ast-global-color-4)","background-image":"","background-repeat":"repeat","background-position":"center center","background-size":"auto","background-attachment":"scroll","background-type":"","background-media":"","overlay-type":"","overlay-color":"","overlay-opacity":"","overlay-gradient":""},"tablet":{"background-color":"var(--ast-global-color-4)","background-image":"","background-repeat":"repeat","background-position":"center center","background-size":"auto","background-attachment":"scroll","background-type":"","background-media":"","overlay-type":"","overlay-color":"","overlay-opacity":"","overlay-gradient":""},"mobile":{"background-color":"var(--ast-global-color-4)","background-image":"","background-repeat":"repeat","background-position":"center center","background-size":"auto","background-attachment":"scroll","background-type":"","background-media":"","overlay-type":"","overlay-color":"","overlay-opacity":"","overlay-gradient":""}},"footnotes":""},"categories":[1],"tags":[],"class_list":["post-2505","post","type-post","status-publish","format-standard","hentry","category-sem-categoria"],"yoast_head":"<!-- This site is optimized with the Yoast SEO plugin v26.6 - https:\/\/yoast.com\/wordpress\/plugins\/seo\/ -->\n<title>Campanha \u201cSOS Barragem do Rio Pericum\u00e3\u201d - Fl\u00e1vio Braga<\/title>\n<meta name=\"robots\" content=\"index, follow, max-snippet:-1, max-image-preview:large, max-video-preview:-1\" \/>\n<link rel=\"canonical\" href=\"https:\/\/www.blogsoestado.com\/flaviobraga\/campanha-sos-barragem-do-rio-pericuma\/\" \/>\n<meta property=\"og:locale\" content=\"pt_BR\" \/>\n<meta property=\"og:type\" content=\"article\" \/>\n<meta property=\"og:title\" content=\"Campanha \u201cSOS Barragem do Rio Pericum\u00e3\u201d - Fl\u00e1vio Braga\" \/>\n<meta property=\"og:description\" content=\"Por solicita\u00e7\u00e3o de leitores da Baixada Maranhense, reproduzo o artigo acima intitulado, de autoria de C\u00e9sar Soares, banc\u00e1rio, fil\u00f3sofo e [&hellip;]\" \/>\n<meta property=\"og:url\" content=\"https:\/\/www.blogsoestado.com\/flaviobraga\/campanha-sos-barragem-do-rio-pericuma\/\" \/>\n<meta property=\"og:site_name\" content=\"Fl\u00e1vio Braga\" \/>\n<meta property=\"article:published_time\" content=\"2014-05-12T21:57:55+00:00\" \/>\n<meta name=\"author\" content=\"Flavio Braga\" \/>\n<meta name=\"twitter:card\" content=\"summary_large_image\" \/>\n<meta name=\"twitter:label1\" content=\"Escrito por\" \/>\n\t<meta name=\"twitter:data1\" content=\"Flavio Braga\" \/>\n\t<meta name=\"twitter:label2\" content=\"Est. tempo de leitura\" \/>\n\t<meta name=\"twitter:data2\" content=\"3 minutos\" \/>\n<script type=\"application\/ld+json\" class=\"yoast-schema-graph\">{\"@context\":\"https:\/\/schema.org\",\"@graph\":[{\"@type\":\"WebPage\",\"@id\":\"https:\/\/www.blogsoestado.com\/flaviobraga\/campanha-sos-barragem-do-rio-pericuma\/\",\"url\":\"https:\/\/www.blogsoestado.com\/flaviobraga\/campanha-sos-barragem-do-rio-pericuma\/\",\"name\":\"Campanha \u201cSOS Barragem do Rio Pericum\u00e3\u201d - Fl\u00e1vio Braga\",\"isPartOf\":{\"@id\":\"https:\/\/www.blogsoestado.com\/flaviobraga\/#website\"},\"datePublished\":\"2014-05-12T21:57:55+00:00\",\"author\":{\"@id\":\"https:\/\/www.blogsoestado.com\/flaviobraga\/#\/schema\/person\/6c6c778331775c757a82d15206bd8733\"},\"breadcrumb\":{\"@id\":\"https:\/\/www.blogsoestado.com\/flaviobraga\/campanha-sos-barragem-do-rio-pericuma\/#breadcrumb\"},\"inLanguage\":\"pt-BR\",\"potentialAction\":[{\"@type\":\"ReadAction\",\"target\":[\"https:\/\/www.blogsoestado.com\/flaviobraga\/campanha-sos-barragem-do-rio-pericuma\/\"]}]},{\"@type\":\"BreadcrumbList\",\"@id\":\"https:\/\/www.blogsoestado.com\/flaviobraga\/campanha-sos-barragem-do-rio-pericuma\/#breadcrumb\",\"itemListElement\":[{\"@type\":\"ListItem\",\"position\":1,\"name\":\"In\u00edcio\",\"item\":\"https:\/\/www.blogsoestado.com\/flaviobraga\/\"},{\"@type\":\"ListItem\",\"position\":2,\"name\":\"Campanha \u201cSOS Barragem do Rio Pericum\u00e3\u201d\"}]},{\"@type\":\"WebSite\",\"@id\":\"https:\/\/www.blogsoestado.com\/flaviobraga\/#website\",\"url\":\"https:\/\/www.blogsoestado.com\/flaviobraga\/\",\"name\":\"Fl\u00e1vio Braga\",\"description\":\"\",\"potentialAction\":[{\"@type\":\"SearchAction\",\"target\":{\"@type\":\"EntryPoint\",\"urlTemplate\":\"https:\/\/www.blogsoestado.com\/flaviobraga\/?s={search_term_string}\"},\"query-input\":{\"@type\":\"PropertyValueSpecification\",\"valueRequired\":true,\"valueName\":\"search_term_string\"}}],\"inLanguage\":\"pt-BR\"},{\"@type\":\"Person\",\"@id\":\"https:\/\/www.blogsoestado.com\/flaviobraga\/#\/schema\/person\/6c6c778331775c757a82d15206bd8733\",\"name\":\"Flavio Braga\",\"image\":{\"@type\":\"ImageObject\",\"inLanguage\":\"pt-BR\",\"@id\":\"https:\/\/www.blogsoestado.com\/flaviobraga\/#\/schema\/person\/image\/\",\"url\":\"https:\/\/secure.gravatar.com\/avatar\/ab173937dad8d78195c87778be8a0285d069ede375ce0ae24aac1cf8e58ccb2c?s=96&d=mm&r=g\",\"contentUrl\":\"https:\/\/secure.gravatar.com\/avatar\/ab173937dad8d78195c87778be8a0285d069ede375ce0ae24aac1cf8e58ccb2c?s=96&d=mm&r=g\",\"caption\":\"Flavio Braga\"},\"url\":\"https:\/\/www.blogsoestado.com\/flaviobraga\/author\/flaviobraga\/\"}]}<\/script>\n<!-- \/ Yoast SEO plugin. -->","yoast_head_json":{"title":"Campanha \u201cSOS Barragem do Rio Pericum\u00e3\u201d - Fl\u00e1vio Braga","robots":{"index":"index","follow":"follow","max-snippet":"max-snippet:-1","max-image-preview":"max-image-preview:large","max-video-preview":"max-video-preview:-1"},"canonical":"https:\/\/www.blogsoestado.com\/flaviobraga\/campanha-sos-barragem-do-rio-pericuma\/","og_locale":"pt_BR","og_type":"article","og_title":"Campanha \u201cSOS Barragem do Rio Pericum\u00e3\u201d - Fl\u00e1vio Braga","og_description":"Por solicita\u00e7\u00e3o de leitores da Baixada Maranhense, reproduzo o artigo acima intitulado, de autoria de C\u00e9sar Soares, banc\u00e1rio, fil\u00f3sofo e [&hellip;]","og_url":"https:\/\/www.blogsoestado.com\/flaviobraga\/campanha-sos-barragem-do-rio-pericuma\/","og_site_name":"Fl\u00e1vio Braga","article_published_time":"2014-05-12T21:57:55+00:00","author":"Flavio Braga","twitter_card":"summary_large_image","twitter_misc":{"Escrito por":"Flavio Braga","Est. tempo de leitura":"3 minutos"},"schema":{"@context":"https:\/\/schema.org","@graph":[{"@type":"WebPage","@id":"https:\/\/www.blogsoestado.com\/flaviobraga\/campanha-sos-barragem-do-rio-pericuma\/","url":"https:\/\/www.blogsoestado.com\/flaviobraga\/campanha-sos-barragem-do-rio-pericuma\/","name":"Campanha \u201cSOS Barragem do Rio Pericum\u00e3\u201d - Fl\u00e1vio Braga","isPartOf":{"@id":"https:\/\/www.blogsoestado.com\/flaviobraga\/#website"},"datePublished":"2014-05-12T21:57:55+00:00","author":{"@id":"https:\/\/www.blogsoestado.com\/flaviobraga\/#\/schema\/person\/6c6c778331775c757a82d15206bd8733"},"breadcrumb":{"@id":"https:\/\/www.blogsoestado.com\/flaviobraga\/campanha-sos-barragem-do-rio-pericuma\/#breadcrumb"},"inLanguage":"pt-BR","potentialAction":[{"@type":"ReadAction","target":["https:\/\/www.blogsoestado.com\/flaviobraga\/campanha-sos-barragem-do-rio-pericuma\/"]}]},{"@type":"BreadcrumbList","@id":"https:\/\/www.blogsoestado.com\/flaviobraga\/campanha-sos-barragem-do-rio-pericuma\/#breadcrumb","itemListElement":[{"@type":"ListItem","position":1,"name":"In\u00edcio","item":"https:\/\/www.blogsoestado.com\/flaviobraga\/"},{"@type":"ListItem","position":2,"name":"Campanha \u201cSOS Barragem do Rio Pericum\u00e3\u201d"}]},{"@type":"WebSite","@id":"https:\/\/www.blogsoestado.com\/flaviobraga\/#website","url":"https:\/\/www.blogsoestado.com\/flaviobraga\/","name":"Fl\u00e1vio Braga","description":"","potentialAction":[{"@type":"SearchAction","target":{"@type":"EntryPoint","urlTemplate":"https:\/\/www.blogsoestado.com\/flaviobraga\/?s={search_term_string}"},"query-input":{"@type":"PropertyValueSpecification","valueRequired":true,"valueName":"search_term_string"}}],"inLanguage":"pt-BR"},{"@type":"Person","@id":"https:\/\/www.blogsoestado.com\/flaviobraga\/#\/schema\/person\/6c6c778331775c757a82d15206bd8733","name":"Flavio Braga","image":{"@type":"ImageObject","inLanguage":"pt-BR","@id":"https:\/\/www.blogsoestado.com\/flaviobraga\/#\/schema\/person\/image\/","url":"https:\/\/secure.gravatar.com\/avatar\/ab173937dad8d78195c87778be8a0285d069ede375ce0ae24aac1cf8e58ccb2c?s=96&d=mm&r=g","contentUrl":"https:\/\/secure.gravatar.com\/avatar\/ab173937dad8d78195c87778be8a0285d069ede375ce0ae24aac1cf8e58ccb2c?s=96&d=mm&r=g","caption":"Flavio Braga"},"url":"https:\/\/www.blogsoestado.com\/flaviobraga\/author\/flaviobraga\/"}]}},"jetpack_featured_media_url":"","_links":{"self":[{"href":"https:\/\/www.blogsoestado.com\/flaviobraga\/wp-json\/wp\/v2\/posts\/2505","targetHints":{"allow":["GET"]}}],"collection":[{"href":"https:\/\/www.blogsoestado.com\/flaviobraga\/wp-json\/wp\/v2\/posts"}],"about":[{"href":"https:\/\/www.blogsoestado.com\/flaviobraga\/wp-json\/wp\/v2\/types\/post"}],"author":[{"embeddable":true,"href":"https:\/\/www.blogsoestado.com\/flaviobraga\/wp-json\/wp\/v2\/users\/8"}],"replies":[{"embeddable":true,"href":"https:\/\/www.blogsoestado.com\/flaviobraga\/wp-json\/wp\/v2\/comments?post=2505"}],"version-history":[{"count":0,"href":"https:\/\/www.blogsoestado.com\/flaviobraga\/wp-json\/wp\/v2\/posts\/2505\/revisions"}],"wp:attachment":[{"href":"https:\/\/www.blogsoestado.com\/flaviobraga\/wp-json\/wp\/v2\/media?parent=2505"}],"wp:term":[{"taxonomy":"category","embeddable":true,"href":"https:\/\/www.blogsoestado.com\/flaviobraga\/wp-json\/wp\/v2\/categories?post=2505"},{"taxonomy":"post_tag","embeddable":true,"href":"https:\/\/www.blogsoestado.com\/flaviobraga\/wp-json\/wp\/v2\/tags?post=2505"}],"curies":[{"name":"wp","href":"https:\/\/api.w.org\/{rel}","templated":true}]}}