{"id":2513,"date":"2014-05-19T10:06:47","date_gmt":"2014-05-19T13:06:47","guid":{"rendered":"https:\/\/www.blogsoestado.com\/flaviobraga\/?p=2513"},"modified":"2014-05-19T10:06:47","modified_gmt":"2014-05-19T13:06:47","slug":"presidente-do-tse-julgamentos-da-lei-da-ficha-limpa-serao-mais-celeres","status":"publish","type":"post","link":"https:\/\/www.blogsoestado.com\/flaviobraga\/presidente-do-tse-julgamentos-da-lei-da-ficha-limpa-serao-mais-celeres\/","title":{"rendered":"Presidente do TSE: julgamentos da Lei da Ficha Limpa ser\u00e3o mais c\u00e9leres"},"content":{"rendered":"<p align=\"JUSTIFY\"><span style=\"font-family: Times New Roman,serif;\"><span style=\"font-size: medium;\">Em entrevista coletiva na manh\u00e3 da \u00faltima sexta-feira (16), o presidente do Tribunal Superior Eleitoral (TSE), ministro Dias Toffoli, afirmou que os processos que t\u00eam como base a Lei da Ficha Limpa (Lei Complementar n\u00ba 135\/2010) dever\u00e3o ser julgados de forma mais c\u00e9lere nas elei\u00e7\u00f5es deste ano. A afirma\u00e7\u00e3o foi em reposta a jornalistas que questionaram o rescaldo de processos referentes \u00e0s Elei\u00e7\u00f5es 2012, que ainda n\u00e3o foram finalizados.<\/span><\/span><\/p>\n<p align=\"JUSTIFY\">\u00a0<span style=\"color: #000000;\"><span style=\"font-family: Times New Roman,serif;\"><span style=\"font-size: medium;\">O ministro lembrou que esta ser\u00e1 a primeira elei\u00e7\u00e3o geral com a aplica\u00e7\u00e3o da Lei da Ficha Limpa. Destacou que uma elei\u00e7\u00e3o municipal \u00e9 muito mais complexa devido \u00e0 quantidade de candidatos e o fato de o processo eleitoral ter in\u00edcio no ju\u00edzo eleitoral e percorrer as diversas inst\u00e2ncias da Justi\u00e7a Eleitoral at\u00e9 chegar ao TSE. Nestas elei\u00e7\u00f5es haver\u00e1 menos candidatos, os processos come\u00e7am nos Tribunais Regionais Eleitorais (TREs), portanto, a tend\u00eancia \u00e9 que haja uma celeridade maior. Al\u00e9m disso, o ministro Dias Toffoli lembrou que em 2012 houve greve dos Correios em pleno per\u00edodo das elei\u00e7\u00f5es, o que dificultou a chegada dos processos, que ainda s\u00e3o encaminhados por meio f\u00edsico.<\/span><\/span><\/span><\/p>\n<p align=\"JUSTIFY\">\u00a0<span style=\"color: #000000;\"><span style=\"font-family: Times New Roman,serif;\"><span style=\"font-size: medium;\"><b>Processo eletr\u00f4nico<\/b><\/span><\/span><\/span><\/p>\n<p align=\"JUSTIFY\"><span style=\"color: #000000;\"><span style=\"font-family: Times New Roman,serif;\"><span style=\"font-size: medium;\">Nesse sentido, o presidente do TSE afirmou que, logo ap\u00f3s as elei\u00e7\u00f5es, pretende dar continuidade \u00e0 implanta\u00e7\u00e3o do Processo Judicial Eletr\u00f4nico (PJe), para viabilizar um andamento ainda mais \u00e1gil das a\u00e7\u00f5es que tramitam na Justi\u00e7a Eleitoral.<\/span><\/span><\/span><\/p>\n<p align=\"JUSTIFY\">\u00a0<span style=\"color: #000000;\"><span style=\"font-family: Times New Roman,serif;\"><span style=\"font-size: medium;\"><b>Presta\u00e7\u00e3o de contas<\/b><\/span><\/span><\/span><\/p>\n<p align=\"JUSTIFY\"><span style=\"color: #000000;\"><span style=\"font-family: Times New Roman,serif;\"><span style=\"font-size: medium;\">Questionado sobre os procedimentos para analisar as presta\u00e7\u00f5es de contas dos partidos e candidatos, o presidente afirmou que nos \u00faltimos anos as resolu\u00e7\u00f5es e as leis passaram a criar maior condi\u00e7\u00e3o de transpar\u00eancia para a fiscaliza\u00e7\u00e3o dessas contas. Ele destacou ainda que a cada elei\u00e7\u00e3o se aprimoram os n\u00edveis de controle e, portanto, houve um avan\u00e7o significativo. O ministro citou a nova regra que prev\u00ea a indica\u00e7\u00e3o dos doadores j\u00e1 nas presta\u00e7\u00f5es de contas parcias, apresentadas em agosto e setembro do ano eleitoral. Essa regra foi implantada pela minirreforma eleitoral de 2013 e inclu\u00edda na resolu\u00e7\u00e3o de presta\u00e7\u00e3o de contas.<\/span><\/span><\/span><\/p>\n<p align=\"JUSTIFY\">\u00a0<span style=\"color: #000000;\"><span style=\"font-family: Times New Roman,serif;\"><span style=\"font-size: medium;\">A norma determina tamb\u00e9m que o partido indique o candidato beneficiado por determinada doa\u00e7\u00e3o de empresa, evitando assim a chamada doa\u00e7\u00e3o oculta, quando empresas doavam para candidatos sem especificar quais candidatos seriam beneficiados. \u201cPenso que \u00e9 um avan\u00e7o significativo\u201d, afirmou o ministro Dias Toffoli ao destacar que poder\u00e1 ser feito um rastreamento da origem e o destino dos recursos, a partir dessas informa\u00e7\u00f5es.<\/span><\/span><\/span><\/p>\n<p align=\"JUSTIFY\">\u00a0<span style=\"color: #000000;\"><span style=\"font-family: Times New Roman,serif;\"><span style=\"font-size: medium;\"><b>Substitui\u00e7\u00e3o de candidatos<\/b><\/span><\/span><\/span><\/p>\n<p align=\"JUSTIFY\"><span style=\"color: #000000;\"><span style=\"font-family: Times New Roman,serif;\"><span style=\"font-size: medium;\">Outra novidade para este ano \u00e9 que os candidatos majorit\u00e1rios s\u00f3 poder\u00e3o ser substitu\u00eddos com 20 dias de anteced\u00eancia da elei\u00e7\u00e3o, evitando confus\u00f5es para o eleitor, que precisa saber quem s\u00e3o de fato os candidatos aptos a concorrerem ao pleito. Na regra anterior, os candidatos podiam ser substitu\u00eddos at\u00e9 a v\u00e9spera do dia da vota\u00e7\u00e3o.<\/span><\/span><\/span><\/p>\n<p align=\"JUSTIFY\">\u00a0<span style=\"color: #000000;\"><span style=\"font-family: Times New Roman,serif;\"><span style=\"font-size: medium;\"><b>Financiamento de campanha<\/b><\/span><\/span><\/span><\/p>\n<p align=\"JUSTIFY\"><span style=\"color: #000000;\"><span style=\"font-family: Times New Roman,serif;\"><span style=\"font-size: medium;\">Em rela\u00e7\u00e3o \u00e0 a\u00e7\u00e3o que tramita no STF (ADI 4650) sobre o financiamento exclusivamente p\u00fablico de campanhas, o presidente do TSE afirmou que n\u00e3o h\u00e1 tempo para aplicar a decis\u00e3o da Suprema Corte nas elei\u00e7\u00f5es deste ano. No entanto, ele lembrou que existe a possibilidade de o pr\u00f3prio Congresso Nacional editar uma lei espec\u00edfica para cada elei\u00e7\u00e3o criando um teto de gastos de campanha. A data limite para a aprova\u00e7\u00e3o desta lei \u00e9 o dia 10 de junho, quando se inicia propriamente o processo eleitoral.<\/span><\/span><\/span><\/p>\n<p align=\"JUSTIFY\">\u00a0<span style=\"color: #000000;\"><span style=\"font-family: Times New Roman,serif;\"><span style=\"font-size: medium;\">No caso de n\u00e3o haver a lei, cada partido pode estabelecer o seu pr\u00f3prio limite, \u201cmas a\u00ed o c\u00e9u \u00e9 o limite\u201d, afirmou ele ao destacar que ainda tem esperan\u00e7a de que o Congresso Nacional aprove lei fixando o teto para os gastos de campanha para presidente, senador, governador, deputado federal, deputado estadual e deputado distrital. O ministro disse que procurou os presidentes da C\u00e2mara e do Senado para pedir que o Legislativo estabele\u00e7a o limite financeiro para as campanhas eleitorais deste ano.<\/span><\/span><\/span><\/p>\n<p align=\"JUSTIFY\">\u00a0<span style=\"color: #000000;\"><span style=\"font-family: Times New Roman,serif;\"><span style=\"font-size: medium;\"><b>Desafios da Justi\u00e7a Eleitoral<\/b><\/span><\/span><\/span><\/p>\n<p align=\"JUSTIFY\"><span style=\"color: #000000;\"><span style=\"font-family: Times New Roman,serif;\"><span style=\"font-size: medium;\">O presidente, Dias Toffoli, falou ainda sobre propaganda na internet, minirreforma eleitoral, reforma pol\u00edtica e desafios da Justi\u00e7a Eleitoral. Sobre esse \u00faltimo tema, ele pontuou a necessidade de se baratear a urna eletr\u00f4nica e tornar o manuseio mais f\u00e1cil com a possibilidade de promover referendos e plebiscitos para consultar os cidad\u00e3os com mais frequ\u00eancia, j\u00e1 que este \u00e9 um recurso previsto na Constitui\u00e7\u00e3o Federal.<\/span><\/span><\/span><\/p>\n<p align=\"JUSTIFY\">\u00a0<span style=\"color: #000000;\"><span style=\"font-family: Times New Roman,serif;\"><span style=\"font-size: medium;\">Ele citou tamb\u00e9m a necessidade de mais servidores efetivos para a Justi\u00e7a Eleitoral, considerando que nos cart\u00f3rios, por exemplo, h\u00e1 casos de apenas um servidor da Justi\u00e7a Eleitoral, criando a necessidade de requisitar servidores de outros \u00f3rg\u00e3os. Por fim, apontou a necessidade do constante aperfei\u00e7oamento da legisla\u00e7\u00e3o.<\/span><\/span><\/span><\/p>\n<p align=\"JUSTIFY\">\u00a0<span style=\"color: #000000;\"><span style=\"font-family: Times New Roman,serif;\"><span style=\"font-size: medium;\"><b>Corpo permanente<\/b><\/span><\/span><\/span><\/p>\n<p align=\"JUSTIFY\"><span style=\"color: #000000;\"><span style=\"font-family: Times New Roman,serif;\"><span style=\"font-size: medium;\">Ainda sobre Justi\u00e7a Eleitoral, o ministro lembrou que a institui\u00e7\u00e3o foi criada para dar mais imparcialidade e tirar a influ\u00eancia do Poder Executivo em rela\u00e7\u00e3o \u00e0s elei\u00e7\u00f5es. \u00c0 \u00e9poca da cria\u00e7\u00e3o, em 1932, como n\u00e3o havia recursos para criar um novo \u00f3rg\u00e3o no Poder Judici\u00e1rio, optou-se por utilizar ju\u00edzes emprestados de outras cortes. Para ele, a rotatividade dos membros da Justi\u00e7a Eleitoral com o cumprimento de mandatos que duram de dois a quatro anos evita a exist\u00eancia de um \u201csuper poder\u201d. De acordo com o ministro, a oxigena\u00e7\u00e3o \u00e9 necess\u00e1ria e, por essa raz\u00e3o, ele \u00e9 contra uma carreira espec\u00edfica de ju\u00edzes eleitorais.<\/span><\/span><\/span><\/p>\n<p align=\"JUSTIFY\">\u00a0<span style=\"color: #000000;\"><span style=\"font-family: Times New Roman,serif;\"><span style=\"font-size: medium;\">Ao ser questionado sobre como coibir ataques a candidatos na internet, mais especificamente nas redes sociais, o ministro Dias Toffoli lembrou que, sempre que houver cal\u00fania ou not\u00edcia falsa, h\u00e1 a possibilidade de se suspender a propaganda veiculada ou dar direito de resposta aos ofendidos. No entanto, ele destacou que \u201ca Justi\u00e7a Eleitoral existe para garantir a ampla liberdade de voto do eleitor e evitar abusos, mas quanto menos aparecer no processo eleitoral \u00e9 melhor para todos\u201d.<\/span><\/span><\/span><\/p>\n<p align=\"JUSTIFY\">\n","protected":false},"excerpt":{"rendered":"<p>Em entrevista coletiva na manh\u00e3 da \u00faltima sexta-feira (16), o presidente do Tribunal Superior Eleitoral (TSE), ministro Dias Toffoli, afirmou [&hellip;]<\/p>\n","protected":false},"author":8,"featured_media":0,"comment_status":"open","ping_status":"open","sticky":false,"template":"","format":"standard","meta":{"site-sidebar-layout":"default","site-content-layout":"","ast-site-content-layout":"default","site-content-style":"default","site-sidebar-style":"default","ast-global-header-display":"","ast-banner-title-visibility":"","ast-main-header-display":"","ast-hfb-above-header-display":"","ast-hfb-below-header-display":"","ast-hfb-mobile-header-display":"","site-post-title":"","ast-breadcrumbs-content":"","ast-featured-img":"","footer-sml-layout":"","ast-disable-related-posts":"","theme-transparent-header-meta":"","adv-header-id-meta":"","stick-header-meta":"","header-above-stick-meta":"","header-main-stick-meta":"","header-below-stick-meta":"","astra-migrate-meta-layouts":"default","ast-page-background-enabled":"default","ast-page-background-meta":{"desktop":{"background-color":"var(--ast-global-color-5)","background-image":"","background-repeat":"repeat","background-position":"center center","background-size":"auto","background-attachment":"scroll","background-type":"","background-media":"","overlay-type":"","overlay-color":"","overlay-opacity":"","overlay-gradient":""},"tablet":{"background-color":"","background-image":"","background-repeat":"repeat","background-position":"center center","background-size":"auto","background-attachment":"scroll","background-type":"","background-media":"","overlay-type":"","overlay-color":"","overlay-opacity":"","overlay-gradient":""},"mobile":{"background-color":"","background-image":"","background-repeat":"repeat","background-position":"center center","background-size":"auto","background-attachment":"scroll","background-type":"","background-media":"","overlay-type":"","overlay-color":"","overlay-opacity":"","overlay-gradient":""}},"ast-content-background-meta":{"desktop":{"background-color":"var(--ast-global-color-4)","background-image":"","background-repeat":"repeat","background-position":"center center","background-size":"auto","background-attachment":"scroll","background-type":"","background-media":"","overlay-type":"","overlay-color":"","overlay-opacity":"","overlay-gradient":""},"tablet":{"background-color":"var(--ast-global-color-4)","background-image":"","background-repeat":"repeat","background-position":"center center","background-size":"auto","background-attachment":"scroll","background-type":"","background-media":"","overlay-type":"","overlay-color":"","overlay-opacity":"","overlay-gradient":""},"mobile":{"background-color":"var(--ast-global-color-4)","background-image":"","background-repeat":"repeat","background-position":"center center","background-size":"auto","background-attachment":"scroll","background-type":"","background-media":"","overlay-type":"","overlay-color":"","overlay-opacity":"","overlay-gradient":""}},"footnotes":""},"categories":[1],"tags":[],"class_list":["post-2513","post","type-post","status-publish","format-standard","hentry","category-sem-categoria"],"yoast_head":"<!-- This site is optimized with the Yoast SEO plugin v26.6 - https:\/\/yoast.com\/wordpress\/plugins\/seo\/ -->\n<title>Presidente do TSE: julgamentos da Lei da Ficha Limpa ser\u00e3o mais c\u00e9leres - Fl\u00e1vio Braga<\/title>\n<meta name=\"robots\" content=\"index, follow, max-snippet:-1, max-image-preview:large, max-video-preview:-1\" \/>\n<link rel=\"canonical\" href=\"https:\/\/www.blogsoestado.com\/flaviobraga\/presidente-do-tse-julgamentos-da-lei-da-ficha-limpa-serao-mais-celeres\/\" \/>\n<meta property=\"og:locale\" content=\"pt_BR\" \/>\n<meta property=\"og:type\" content=\"article\" \/>\n<meta property=\"og:title\" content=\"Presidente do TSE: julgamentos da Lei da Ficha Limpa ser\u00e3o mais c\u00e9leres - Fl\u00e1vio Braga\" \/>\n<meta property=\"og:description\" content=\"Em entrevista coletiva na manh\u00e3 da \u00faltima sexta-feira (16), o presidente do Tribunal Superior Eleitoral (TSE), ministro Dias Toffoli, afirmou [&hellip;]\" \/>\n<meta property=\"og:url\" content=\"https:\/\/www.blogsoestado.com\/flaviobraga\/presidente-do-tse-julgamentos-da-lei-da-ficha-limpa-serao-mais-celeres\/\" \/>\n<meta property=\"og:site_name\" content=\"Fl\u00e1vio Braga\" \/>\n<meta property=\"article:published_time\" content=\"2014-05-19T13:06:47+00:00\" \/>\n<meta name=\"author\" content=\"Flavio Braga\" \/>\n<meta name=\"twitter:card\" content=\"summary_large_image\" \/>\n<meta name=\"twitter:label1\" content=\"Escrito por\" \/>\n\t<meta name=\"twitter:data1\" content=\"Flavio Braga\" \/>\n\t<meta name=\"twitter:label2\" content=\"Est. tempo de leitura\" \/>\n\t<meta name=\"twitter:data2\" content=\"5 minutos\" \/>\n<script type=\"application\/ld+json\" class=\"yoast-schema-graph\">{\"@context\":\"https:\/\/schema.org\",\"@graph\":[{\"@type\":\"WebPage\",\"@id\":\"https:\/\/www.blogsoestado.com\/flaviobraga\/presidente-do-tse-julgamentos-da-lei-da-ficha-limpa-serao-mais-celeres\/\",\"url\":\"https:\/\/www.blogsoestado.com\/flaviobraga\/presidente-do-tse-julgamentos-da-lei-da-ficha-limpa-serao-mais-celeres\/\",\"name\":\"Presidente do TSE: julgamentos da Lei da Ficha Limpa ser\u00e3o mais c\u00e9leres - Fl\u00e1vio Braga\",\"isPartOf\":{\"@id\":\"https:\/\/www.blogsoestado.com\/flaviobraga\/#website\"},\"datePublished\":\"2014-05-19T13:06:47+00:00\",\"author\":{\"@id\":\"https:\/\/www.blogsoestado.com\/flaviobraga\/#\/schema\/person\/6c6c778331775c757a82d15206bd8733\"},\"breadcrumb\":{\"@id\":\"https:\/\/www.blogsoestado.com\/flaviobraga\/presidente-do-tse-julgamentos-da-lei-da-ficha-limpa-serao-mais-celeres\/#breadcrumb\"},\"inLanguage\":\"pt-BR\",\"potentialAction\":[{\"@type\":\"ReadAction\",\"target\":[\"https:\/\/www.blogsoestado.com\/flaviobraga\/presidente-do-tse-julgamentos-da-lei-da-ficha-limpa-serao-mais-celeres\/\"]}]},{\"@type\":\"BreadcrumbList\",\"@id\":\"https:\/\/www.blogsoestado.com\/flaviobraga\/presidente-do-tse-julgamentos-da-lei-da-ficha-limpa-serao-mais-celeres\/#breadcrumb\",\"itemListElement\":[{\"@type\":\"ListItem\",\"position\":1,\"name\":\"In\u00edcio\",\"item\":\"https:\/\/www.blogsoestado.com\/flaviobraga\/\"},{\"@type\":\"ListItem\",\"position\":2,\"name\":\"Presidente do TSE: julgamentos da Lei da Ficha Limpa ser\u00e3o mais c\u00e9leres\"}]},{\"@type\":\"WebSite\",\"@id\":\"https:\/\/www.blogsoestado.com\/flaviobraga\/#website\",\"url\":\"https:\/\/www.blogsoestado.com\/flaviobraga\/\",\"name\":\"Fl\u00e1vio Braga\",\"description\":\"\",\"potentialAction\":[{\"@type\":\"SearchAction\",\"target\":{\"@type\":\"EntryPoint\",\"urlTemplate\":\"https:\/\/www.blogsoestado.com\/flaviobraga\/?s={search_term_string}\"},\"query-input\":{\"@type\":\"PropertyValueSpecification\",\"valueRequired\":true,\"valueName\":\"search_term_string\"}}],\"inLanguage\":\"pt-BR\"},{\"@type\":\"Person\",\"@id\":\"https:\/\/www.blogsoestado.com\/flaviobraga\/#\/schema\/person\/6c6c778331775c757a82d15206bd8733\",\"name\":\"Flavio Braga\",\"image\":{\"@type\":\"ImageObject\",\"inLanguage\":\"pt-BR\",\"@id\":\"https:\/\/www.blogsoestado.com\/flaviobraga\/#\/schema\/person\/image\/\",\"url\":\"https:\/\/secure.gravatar.com\/avatar\/ab173937dad8d78195c87778be8a0285d069ede375ce0ae24aac1cf8e58ccb2c?s=96&d=mm&r=g\",\"contentUrl\":\"https:\/\/secure.gravatar.com\/avatar\/ab173937dad8d78195c87778be8a0285d069ede375ce0ae24aac1cf8e58ccb2c?s=96&d=mm&r=g\",\"caption\":\"Flavio Braga\"},\"url\":\"https:\/\/www.blogsoestado.com\/flaviobraga\/author\/flaviobraga\/\"}]}<\/script>\n<!-- \/ Yoast SEO plugin. -->","yoast_head_json":{"title":"Presidente do TSE: julgamentos da Lei da Ficha Limpa ser\u00e3o mais c\u00e9leres - Fl\u00e1vio Braga","robots":{"index":"index","follow":"follow","max-snippet":"max-snippet:-1","max-image-preview":"max-image-preview:large","max-video-preview":"max-video-preview:-1"},"canonical":"https:\/\/www.blogsoestado.com\/flaviobraga\/presidente-do-tse-julgamentos-da-lei-da-ficha-limpa-serao-mais-celeres\/","og_locale":"pt_BR","og_type":"article","og_title":"Presidente do TSE: julgamentos da Lei da Ficha Limpa ser\u00e3o mais c\u00e9leres - Fl\u00e1vio Braga","og_description":"Em entrevista coletiva na manh\u00e3 da \u00faltima sexta-feira (16), o presidente do Tribunal Superior Eleitoral (TSE), ministro Dias Toffoli, afirmou [&hellip;]","og_url":"https:\/\/www.blogsoestado.com\/flaviobraga\/presidente-do-tse-julgamentos-da-lei-da-ficha-limpa-serao-mais-celeres\/","og_site_name":"Fl\u00e1vio Braga","article_published_time":"2014-05-19T13:06:47+00:00","author":"Flavio Braga","twitter_card":"summary_large_image","twitter_misc":{"Escrito por":"Flavio Braga","Est. tempo de leitura":"5 minutos"},"schema":{"@context":"https:\/\/schema.org","@graph":[{"@type":"WebPage","@id":"https:\/\/www.blogsoestado.com\/flaviobraga\/presidente-do-tse-julgamentos-da-lei-da-ficha-limpa-serao-mais-celeres\/","url":"https:\/\/www.blogsoestado.com\/flaviobraga\/presidente-do-tse-julgamentos-da-lei-da-ficha-limpa-serao-mais-celeres\/","name":"Presidente do TSE: julgamentos da Lei da Ficha Limpa ser\u00e3o mais c\u00e9leres - Fl\u00e1vio Braga","isPartOf":{"@id":"https:\/\/www.blogsoestado.com\/flaviobraga\/#website"},"datePublished":"2014-05-19T13:06:47+00:00","author":{"@id":"https:\/\/www.blogsoestado.com\/flaviobraga\/#\/schema\/person\/6c6c778331775c757a82d15206bd8733"},"breadcrumb":{"@id":"https:\/\/www.blogsoestado.com\/flaviobraga\/presidente-do-tse-julgamentos-da-lei-da-ficha-limpa-serao-mais-celeres\/#breadcrumb"},"inLanguage":"pt-BR","potentialAction":[{"@type":"ReadAction","target":["https:\/\/www.blogsoestado.com\/flaviobraga\/presidente-do-tse-julgamentos-da-lei-da-ficha-limpa-serao-mais-celeres\/"]}]},{"@type":"BreadcrumbList","@id":"https:\/\/www.blogsoestado.com\/flaviobraga\/presidente-do-tse-julgamentos-da-lei-da-ficha-limpa-serao-mais-celeres\/#breadcrumb","itemListElement":[{"@type":"ListItem","position":1,"name":"In\u00edcio","item":"https:\/\/www.blogsoestado.com\/flaviobraga\/"},{"@type":"ListItem","position":2,"name":"Presidente do TSE: julgamentos da Lei da Ficha Limpa ser\u00e3o mais c\u00e9leres"}]},{"@type":"WebSite","@id":"https:\/\/www.blogsoestado.com\/flaviobraga\/#website","url":"https:\/\/www.blogsoestado.com\/flaviobraga\/","name":"Fl\u00e1vio Braga","description":"","potentialAction":[{"@type":"SearchAction","target":{"@type":"EntryPoint","urlTemplate":"https:\/\/www.blogsoestado.com\/flaviobraga\/?s={search_term_string}"},"query-input":{"@type":"PropertyValueSpecification","valueRequired":true,"valueName":"search_term_string"}}],"inLanguage":"pt-BR"},{"@type":"Person","@id":"https:\/\/www.blogsoestado.com\/flaviobraga\/#\/schema\/person\/6c6c778331775c757a82d15206bd8733","name":"Flavio Braga","image":{"@type":"ImageObject","inLanguage":"pt-BR","@id":"https:\/\/www.blogsoestado.com\/flaviobraga\/#\/schema\/person\/image\/","url":"https:\/\/secure.gravatar.com\/avatar\/ab173937dad8d78195c87778be8a0285d069ede375ce0ae24aac1cf8e58ccb2c?s=96&d=mm&r=g","contentUrl":"https:\/\/secure.gravatar.com\/avatar\/ab173937dad8d78195c87778be8a0285d069ede375ce0ae24aac1cf8e58ccb2c?s=96&d=mm&r=g","caption":"Flavio Braga"},"url":"https:\/\/www.blogsoestado.com\/flaviobraga\/author\/flaviobraga\/"}]}},"jetpack_featured_media_url":"","_links":{"self":[{"href":"https:\/\/www.blogsoestado.com\/flaviobraga\/wp-json\/wp\/v2\/posts\/2513","targetHints":{"allow":["GET"]}}],"collection":[{"href":"https:\/\/www.blogsoestado.com\/flaviobraga\/wp-json\/wp\/v2\/posts"}],"about":[{"href":"https:\/\/www.blogsoestado.com\/flaviobraga\/wp-json\/wp\/v2\/types\/post"}],"author":[{"embeddable":true,"href":"https:\/\/www.blogsoestado.com\/flaviobraga\/wp-json\/wp\/v2\/users\/8"}],"replies":[{"embeddable":true,"href":"https:\/\/www.blogsoestado.com\/flaviobraga\/wp-json\/wp\/v2\/comments?post=2513"}],"version-history":[{"count":0,"href":"https:\/\/www.blogsoestado.com\/flaviobraga\/wp-json\/wp\/v2\/posts\/2513\/revisions"}],"wp:attachment":[{"href":"https:\/\/www.blogsoestado.com\/flaviobraga\/wp-json\/wp\/v2\/media?parent=2513"}],"wp:term":[{"taxonomy":"category","embeddable":true,"href":"https:\/\/www.blogsoestado.com\/flaviobraga\/wp-json\/wp\/v2\/categories?post=2513"},{"taxonomy":"post_tag","embeddable":true,"href":"https:\/\/www.blogsoestado.com\/flaviobraga\/wp-json\/wp\/v2\/tags?post=2513"}],"curies":[{"name":"wp","href":"https:\/\/api.w.org\/{rel}","templated":true}]}}