{"id":2536,"date":"2014-06-04T13:45:01","date_gmt":"2014-06-04T16:45:01","guid":{"rendered":"https:\/\/www.blogsoestado.com\/flaviobraga\/?p=2536"},"modified":"2014-06-04T13:45:01","modified_gmt":"2014-06-04T16:45:01","slug":"lei-que-muda-ordem-de-votacao-na-urna-nao-vigora-para-eleicoes-2014","status":"publish","type":"post","link":"https:\/\/www.blogsoestado.com\/flaviobraga\/lei-que-muda-ordem-de-votacao-na-urna-nao-vigora-para-eleicoes-2014\/","title":{"rendered":"Lei que muda ordem de vota\u00e7\u00e3o na urna n\u00e3o vigora para Elei\u00e7\u00f5es 2014"},"content":{"rendered":"<p align=\"JUSTIFY\">O Plen\u00e1rio do Tribunal Superior Eleitoral (TSE) decidiu por unanimidade, na sess\u00e3o administrativa de quinta-feira (29), que a lei que inverte a ordem de vota\u00e7\u00e3o na urna eletr\u00f4nica dos cargos de deputado estadual\/distrital e deputado federal n\u00e3o vigorar\u00e1 para as Elei\u00e7\u00f5es 2014.<\/p>\n<p align=\"JUSTIFY\">O Tribunal entendeu que a Lei n\u00ba 12.976, de 19 de maio deste ano, n\u00e3o valer\u00e1 para o pleito deste ano. A lei, que alterou o par\u00e1grafo 3\u00ba do artigo 59 da Lei das Elei\u00e7\u00f5es (Lei n\u00ba 9.504\/1997), modifica a ordem de vota\u00e7\u00e3o de dois cargos na urna, colocando em primeiro lugar a escolha para deputado federal, ao inv\u00e9s de deputado estadual\/distrital.<\/p>\n<p align=\"JUSTIFY\">Assim, nas elei\u00e7\u00f5es de 5 de outubro, os cargos continuar\u00e3o a ser apresentados para a escolha do eleitor na seguinte ordem na urna eletr\u00f4nica: deputado estadual\/distrital, deputado federal, senador, governador de Estado e presidente da Rep\u00fablica.<\/p>\n<p align=\"JUSTIFY\">Relator da quest\u00e3o de ordem sobre a aplica\u00e7\u00e3o da lei para o pleito de outubro, o presidente do TSE, ministro Dias Toffoli, afirmou que a implanta\u00e7\u00e3o da mudan\u00e7a para as elei\u00e7\u00f5es deste ano demandaria a libera\u00e7\u00e3o de nova vers\u00e3o de software, de treinamento, entre outros fatores.<\/p>\n<p align=\"JUSTIFY\">O ministro disse que, caso a altera\u00e7\u00e3o vigorasse para as elei\u00e7\u00f5es de 2014, haveria a necessidade de outra campanha institucional do TSE para divulgar a nova ordem de vota\u00e7\u00e3o.<\/p>\n<p align=\"JUSTIFY\">O presidente do TSE informou ainda que o \u00f3rg\u00e3o t\u00e9cnico da Corte recomendou tamb\u00e9m, se a mudan\u00e7a fosse implantada, um teste de integra\u00e7\u00e3o para avaliar os reflexos da altera\u00e7\u00e3o em todos os sistemas eleitorais, antes do teste em campo, este previsto para a pr\u00f3xima semana (2 a 6 de junho).<\/p>\n<p align=\"JUSTIFY\">Por essas raz\u00f5es, o Plen\u00e1rio do TSE votou pela n\u00e3o aplica\u00e7\u00e3o da altera\u00e7\u00e3o promovida pela Lei n\u00ba 12.976 nas Elei\u00e7\u00f5es 2014.<\/p>\n","protected":false},"excerpt":{"rendered":"<p>O Plen\u00e1rio do Tribunal Superior Eleitoral (TSE) decidiu por unanimidade, na sess\u00e3o administrativa de quinta-feira (29), que a lei que [&hellip;]<\/p>\n","protected":false},"author":8,"featured_media":0,"comment_status":"open","ping_status":"open","sticky":false,"template":"","format":"standard","meta":{"site-sidebar-layout":"default","site-content-layout":"","ast-site-content-layout":"default","site-content-style":"default","site-sidebar-style":"default","ast-global-header-display":"","ast-banner-title-visibility":"","ast-main-header-display":"","ast-hfb-above-header-display":"","ast-hfb-below-header-display":"","ast-hfb-mobile-header-display":"","site-post-title":"","ast-breadcrumbs-content":"","ast-featured-img":"","footer-sml-layout":"","ast-disable-related-posts":"","theme-transparent-header-meta":"","adv-header-id-meta":"","stick-header-meta":"","header-above-stick-meta":"","header-main-stick-meta":"","header-below-stick-meta":"","astra-migrate-meta-layouts":"default","ast-page-background-enabled":"default","ast-page-background-meta":{"desktop":{"background-color":"var(--ast-global-color-5)","background-image":"","background-repeat":"repeat","background-position":"center center","background-size":"auto","background-attachment":"scroll","background-type":"","background-media":"","overlay-type":"","overlay-color":"","overlay-opacity":"","overlay-gradient":""},"tablet":{"background-color":"","background-image":"","background-repeat":"repeat","background-position":"center center","background-size":"auto","background-attachment":"scroll","background-type":"","background-media":"","overlay-type":"","overlay-color":"","overlay-opacity":"","overlay-gradient":""},"mobile":{"background-color":"","background-image":"","background-repeat":"repeat","background-position":"center center","background-size":"auto","background-attachment":"scroll","background-type":"","background-media":"","overlay-type":"","overlay-color":"","overlay-opacity":"","overlay-gradient":""}},"ast-content-background-meta":{"desktop":{"background-color":"var(--ast-global-color-4)","background-image":"","background-repeat":"repeat","background-position":"center center","background-size":"auto","background-attachment":"scroll","background-type":"","background-media":"","overlay-type":"","overlay-color":"","overlay-opacity":"","overlay-gradient":""},"tablet":{"background-color":"var(--ast-global-color-4)","background-image":"","background-repeat":"repeat","background-position":"center center","background-size":"auto","background-attachment":"scroll","background-type":"","background-media":"","overlay-type":"","overlay-color":"","overlay-opacity":"","overlay-gradient":""},"mobile":{"background-color":"var(--ast-global-color-4)","background-image":"","background-repeat":"repeat","background-position":"center center","background-size":"auto","background-attachment":"scroll","background-type":"","background-media":"","overlay-type":"","overlay-color":"","overlay-opacity":"","overlay-gradient":""}},"footnotes":""},"categories":[1],"tags":[],"class_list":["post-2536","post","type-post","status-publish","format-standard","hentry","category-sem-categoria"],"yoast_head":"<!-- This site is optimized with the Yoast SEO plugin v26.6 - https:\/\/yoast.com\/wordpress\/plugins\/seo\/ -->\n<title>Lei que muda ordem de vota\u00e7\u00e3o na urna n\u00e3o vigora para Elei\u00e7\u00f5es 2014 - Fl\u00e1vio Braga<\/title>\n<meta name=\"robots\" content=\"index, follow, max-snippet:-1, max-image-preview:large, max-video-preview:-1\" \/>\n<link rel=\"canonical\" href=\"https:\/\/www.blogsoestado.com\/flaviobraga\/lei-que-muda-ordem-de-votacao-na-urna-nao-vigora-para-eleicoes-2014\/\" \/>\n<meta property=\"og:locale\" content=\"pt_BR\" \/>\n<meta property=\"og:type\" content=\"article\" \/>\n<meta property=\"og:title\" content=\"Lei que muda ordem de vota\u00e7\u00e3o na urna n\u00e3o vigora para Elei\u00e7\u00f5es 2014 - Fl\u00e1vio Braga\" \/>\n<meta property=\"og:description\" content=\"O Plen\u00e1rio do Tribunal Superior Eleitoral (TSE) decidiu por unanimidade, na sess\u00e3o administrativa de quinta-feira (29), que a lei que [&hellip;]\" \/>\n<meta property=\"og:url\" content=\"https:\/\/www.blogsoestado.com\/flaviobraga\/lei-que-muda-ordem-de-votacao-na-urna-nao-vigora-para-eleicoes-2014\/\" \/>\n<meta property=\"og:site_name\" content=\"Fl\u00e1vio Braga\" \/>\n<meta property=\"article:published_time\" content=\"2014-06-04T16:45:01+00:00\" \/>\n<meta name=\"author\" content=\"Flavio Braga\" \/>\n<meta name=\"twitter:card\" content=\"summary_large_image\" \/>\n<meta name=\"twitter:label1\" content=\"Escrito por\" \/>\n\t<meta name=\"twitter:data1\" content=\"Flavio Braga\" \/>\n\t<meta name=\"twitter:label2\" content=\"Est. tempo de leitura\" \/>\n\t<meta name=\"twitter:data2\" content=\"2 minutos\" \/>\n<script type=\"application\/ld+json\" class=\"yoast-schema-graph\">{\"@context\":\"https:\/\/schema.org\",\"@graph\":[{\"@type\":\"WebPage\",\"@id\":\"https:\/\/www.blogsoestado.com\/flaviobraga\/lei-que-muda-ordem-de-votacao-na-urna-nao-vigora-para-eleicoes-2014\/\",\"url\":\"https:\/\/www.blogsoestado.com\/flaviobraga\/lei-que-muda-ordem-de-votacao-na-urna-nao-vigora-para-eleicoes-2014\/\",\"name\":\"Lei que muda ordem de vota\u00e7\u00e3o na urna n\u00e3o vigora para Elei\u00e7\u00f5es 2014 - Fl\u00e1vio Braga\",\"isPartOf\":{\"@id\":\"https:\/\/www.blogsoestado.com\/flaviobraga\/#website\"},\"datePublished\":\"2014-06-04T16:45:01+00:00\",\"author\":{\"@id\":\"https:\/\/www.blogsoestado.com\/flaviobraga\/#\/schema\/person\/6c6c778331775c757a82d15206bd8733\"},\"breadcrumb\":{\"@id\":\"https:\/\/www.blogsoestado.com\/flaviobraga\/lei-que-muda-ordem-de-votacao-na-urna-nao-vigora-para-eleicoes-2014\/#breadcrumb\"},\"inLanguage\":\"pt-BR\",\"potentialAction\":[{\"@type\":\"ReadAction\",\"target\":[\"https:\/\/www.blogsoestado.com\/flaviobraga\/lei-que-muda-ordem-de-votacao-na-urna-nao-vigora-para-eleicoes-2014\/\"]}]},{\"@type\":\"BreadcrumbList\",\"@id\":\"https:\/\/www.blogsoestado.com\/flaviobraga\/lei-que-muda-ordem-de-votacao-na-urna-nao-vigora-para-eleicoes-2014\/#breadcrumb\",\"itemListElement\":[{\"@type\":\"ListItem\",\"position\":1,\"name\":\"In\u00edcio\",\"item\":\"https:\/\/www.blogsoestado.com\/flaviobraga\/\"},{\"@type\":\"ListItem\",\"position\":2,\"name\":\"Lei que muda ordem de vota\u00e7\u00e3o na urna n\u00e3o vigora para Elei\u00e7\u00f5es 2014\"}]},{\"@type\":\"WebSite\",\"@id\":\"https:\/\/www.blogsoestado.com\/flaviobraga\/#website\",\"url\":\"https:\/\/www.blogsoestado.com\/flaviobraga\/\",\"name\":\"Fl\u00e1vio Braga\",\"description\":\"\",\"potentialAction\":[{\"@type\":\"SearchAction\",\"target\":{\"@type\":\"EntryPoint\",\"urlTemplate\":\"https:\/\/www.blogsoestado.com\/flaviobraga\/?s={search_term_string}\"},\"query-input\":{\"@type\":\"PropertyValueSpecification\",\"valueRequired\":true,\"valueName\":\"search_term_string\"}}],\"inLanguage\":\"pt-BR\"},{\"@type\":\"Person\",\"@id\":\"https:\/\/www.blogsoestado.com\/flaviobraga\/#\/schema\/person\/6c6c778331775c757a82d15206bd8733\",\"name\":\"Flavio Braga\",\"image\":{\"@type\":\"ImageObject\",\"inLanguage\":\"pt-BR\",\"@id\":\"https:\/\/www.blogsoestado.com\/flaviobraga\/#\/schema\/person\/image\/\",\"url\":\"https:\/\/secure.gravatar.com\/avatar\/ab173937dad8d78195c87778be8a0285d069ede375ce0ae24aac1cf8e58ccb2c?s=96&d=mm&r=g\",\"contentUrl\":\"https:\/\/secure.gravatar.com\/avatar\/ab173937dad8d78195c87778be8a0285d069ede375ce0ae24aac1cf8e58ccb2c?s=96&d=mm&r=g\",\"caption\":\"Flavio Braga\"},\"url\":\"https:\/\/www.blogsoestado.com\/flaviobraga\/author\/flaviobraga\/\"}]}<\/script>\n<!-- \/ Yoast SEO plugin. -->","yoast_head_json":{"title":"Lei que muda ordem de vota\u00e7\u00e3o na urna n\u00e3o vigora para Elei\u00e7\u00f5es 2014 - Fl\u00e1vio Braga","robots":{"index":"index","follow":"follow","max-snippet":"max-snippet:-1","max-image-preview":"max-image-preview:large","max-video-preview":"max-video-preview:-1"},"canonical":"https:\/\/www.blogsoestado.com\/flaviobraga\/lei-que-muda-ordem-de-votacao-na-urna-nao-vigora-para-eleicoes-2014\/","og_locale":"pt_BR","og_type":"article","og_title":"Lei que muda ordem de vota\u00e7\u00e3o na urna n\u00e3o vigora para Elei\u00e7\u00f5es 2014 - Fl\u00e1vio Braga","og_description":"O Plen\u00e1rio do Tribunal Superior Eleitoral (TSE) decidiu por unanimidade, na sess\u00e3o administrativa de quinta-feira (29), que a lei que [&hellip;]","og_url":"https:\/\/www.blogsoestado.com\/flaviobraga\/lei-que-muda-ordem-de-votacao-na-urna-nao-vigora-para-eleicoes-2014\/","og_site_name":"Fl\u00e1vio Braga","article_published_time":"2014-06-04T16:45:01+00:00","author":"Flavio Braga","twitter_card":"summary_large_image","twitter_misc":{"Escrito por":"Flavio Braga","Est. tempo de leitura":"2 minutos"},"schema":{"@context":"https:\/\/schema.org","@graph":[{"@type":"WebPage","@id":"https:\/\/www.blogsoestado.com\/flaviobraga\/lei-que-muda-ordem-de-votacao-na-urna-nao-vigora-para-eleicoes-2014\/","url":"https:\/\/www.blogsoestado.com\/flaviobraga\/lei-que-muda-ordem-de-votacao-na-urna-nao-vigora-para-eleicoes-2014\/","name":"Lei que muda ordem de vota\u00e7\u00e3o na urna n\u00e3o vigora para Elei\u00e7\u00f5es 2014 - Fl\u00e1vio Braga","isPartOf":{"@id":"https:\/\/www.blogsoestado.com\/flaviobraga\/#website"},"datePublished":"2014-06-04T16:45:01+00:00","author":{"@id":"https:\/\/www.blogsoestado.com\/flaviobraga\/#\/schema\/person\/6c6c778331775c757a82d15206bd8733"},"breadcrumb":{"@id":"https:\/\/www.blogsoestado.com\/flaviobraga\/lei-que-muda-ordem-de-votacao-na-urna-nao-vigora-para-eleicoes-2014\/#breadcrumb"},"inLanguage":"pt-BR","potentialAction":[{"@type":"ReadAction","target":["https:\/\/www.blogsoestado.com\/flaviobraga\/lei-que-muda-ordem-de-votacao-na-urna-nao-vigora-para-eleicoes-2014\/"]}]},{"@type":"BreadcrumbList","@id":"https:\/\/www.blogsoestado.com\/flaviobraga\/lei-que-muda-ordem-de-votacao-na-urna-nao-vigora-para-eleicoes-2014\/#breadcrumb","itemListElement":[{"@type":"ListItem","position":1,"name":"In\u00edcio","item":"https:\/\/www.blogsoestado.com\/flaviobraga\/"},{"@type":"ListItem","position":2,"name":"Lei que muda ordem de vota\u00e7\u00e3o na urna n\u00e3o vigora para Elei\u00e7\u00f5es 2014"}]},{"@type":"WebSite","@id":"https:\/\/www.blogsoestado.com\/flaviobraga\/#website","url":"https:\/\/www.blogsoestado.com\/flaviobraga\/","name":"Fl\u00e1vio Braga","description":"","potentialAction":[{"@type":"SearchAction","target":{"@type":"EntryPoint","urlTemplate":"https:\/\/www.blogsoestado.com\/flaviobraga\/?s={search_term_string}"},"query-input":{"@type":"PropertyValueSpecification","valueRequired":true,"valueName":"search_term_string"}}],"inLanguage":"pt-BR"},{"@type":"Person","@id":"https:\/\/www.blogsoestado.com\/flaviobraga\/#\/schema\/person\/6c6c778331775c757a82d15206bd8733","name":"Flavio Braga","image":{"@type":"ImageObject","inLanguage":"pt-BR","@id":"https:\/\/www.blogsoestado.com\/flaviobraga\/#\/schema\/person\/image\/","url":"https:\/\/secure.gravatar.com\/avatar\/ab173937dad8d78195c87778be8a0285d069ede375ce0ae24aac1cf8e58ccb2c?s=96&d=mm&r=g","contentUrl":"https:\/\/secure.gravatar.com\/avatar\/ab173937dad8d78195c87778be8a0285d069ede375ce0ae24aac1cf8e58ccb2c?s=96&d=mm&r=g","caption":"Flavio Braga"},"url":"https:\/\/www.blogsoestado.com\/flaviobraga\/author\/flaviobraga\/"}]}},"jetpack_featured_media_url":"","_links":{"self":[{"href":"https:\/\/www.blogsoestado.com\/flaviobraga\/wp-json\/wp\/v2\/posts\/2536","targetHints":{"allow":["GET"]}}],"collection":[{"href":"https:\/\/www.blogsoestado.com\/flaviobraga\/wp-json\/wp\/v2\/posts"}],"about":[{"href":"https:\/\/www.blogsoestado.com\/flaviobraga\/wp-json\/wp\/v2\/types\/post"}],"author":[{"embeddable":true,"href":"https:\/\/www.blogsoestado.com\/flaviobraga\/wp-json\/wp\/v2\/users\/8"}],"replies":[{"embeddable":true,"href":"https:\/\/www.blogsoestado.com\/flaviobraga\/wp-json\/wp\/v2\/comments?post=2536"}],"version-history":[{"count":0,"href":"https:\/\/www.blogsoestado.com\/flaviobraga\/wp-json\/wp\/v2\/posts\/2536\/revisions"}],"wp:attachment":[{"href":"https:\/\/www.blogsoestado.com\/flaviobraga\/wp-json\/wp\/v2\/media?parent=2536"}],"wp:term":[{"taxonomy":"category","embeddable":true,"href":"https:\/\/www.blogsoestado.com\/flaviobraga\/wp-json\/wp\/v2\/categories?post=2536"},{"taxonomy":"post_tag","embeddable":true,"href":"https:\/\/www.blogsoestado.com\/flaviobraga\/wp-json\/wp\/v2\/tags?post=2536"}],"curies":[{"name":"wp","href":"https:\/\/api.w.org\/{rel}","templated":true}]}}