{"id":2547,"date":"2014-06-30T13:05:20","date_gmt":"2014-06-30T16:05:20","guid":{"rendered":"https:\/\/www.blogsoestado.com\/flaviobraga\/?p=2547"},"modified":"2014-06-30T13:05:20","modified_gmt":"2014-06-30T16:05:20","slug":"propaganda-partidaria-fica-proibida-a-partir-de-amanha-1o","status":"publish","type":"post","link":"https:\/\/www.blogsoestado.com\/flaviobraga\/propaganda-partidaria-fica-proibida-a-partir-de-amanha-1o\/","title":{"rendered":"Propaganda partid\u00e1ria fica proibida a partir de amanh\u00e3  (1\u00ba)"},"content":{"rendered":"<p align=\"JUSTIFY\">A partir da pr\u00f3xima ter\u00e7a-feira (1\u00ba) n\u00e3o ser\u00e1 permitida a veicula\u00e7\u00e3o de propaganda partid\u00e1ria gratuita e de nenhum tipo de propaganda pol\u00edtica paga no r\u00e1dio e na televis\u00e3o.<br \/>\nA norma, prevista no Calend\u00e1rio Eleitoral e na Lei das Elei\u00e7\u00f5es (Lei n\u00ba 9.504\/97), pro\u00edbe ainda que as emissoras de r\u00e1dio e televis\u00e3o transmitam, em sua programa\u00e7\u00e3o normal e nos notici\u00e1rios, imagens de realiza\u00e7\u00e3o de pesquisa ou qualquer tipo de consulta popular de natureza eleitoral em que seja poss\u00edvel identificar o entrevistado ou que haja manipula\u00e7\u00e3o de dados.<\/p>\n<p align=\"JUSTIFY\">A partir dessa data, as emissoras tamb\u00e9m n\u00e3o poder\u00e3o dar tratamento privilegiado a candidato, partido pol\u00edtico ou coliga\u00e7\u00e3o, bem como veicular ou divulgar filmes, novelas, miniss\u00e9ries ou qualquer outro programa com alus\u00e3o ou cr\u00edtica a candidato ou partido pol\u00edtico, mesmo que dissimuladamente \u2013 exceto em programas jornal\u00edsticos ou debates pol\u00edticos.<\/p>\n<p align=\"JUSTIFY\">A lei veda ainda a divulga\u00e7\u00e3o de nome de programa que se refira a candidato escolhido em conven\u00e7\u00e3o, ainda quando preexistente, inclusive se coincidente com o nome de candidato ou com a varia\u00e7\u00e3o nominal por ele adotada.<\/p>\n<p align=\"JUSTIFY\"><strong>Propaganda partid\u00e1ria<\/strong><\/p>\n<p align=\"JUSTIFY\">A propaganda tem como objetivos: difundir os programas partid\u00e1rios, transmitir mensagens aos filiados sobre a execu\u00e7\u00e3o do programa partid\u00e1rio, dos eventos com esse relacionado e das atividades congressuais do partido; divulgar a posi\u00e7\u00e3o do partido em rela\u00e7\u00e3o a temas pol\u00edtico-comunit\u00e1rio; e promover e difundir a participa\u00e7\u00e3o pol\u00edtica feminina, dedicando \u00e0s mulheres o tempo que ser\u00e1 fixado pelo \u00f3rg\u00e3o nacional de dire\u00e7\u00e3o partid\u00e1ria, observado o m\u00ednimo de 10%.<\/p>\n<p align=\"JUSTIFY\">\nNo segundo semestre do ano em que houver elei\u00e7\u00f5es, n\u00e3o ser\u00e1 veiculada a propaganda partid\u00e1ria gratuita. Para finalizar o calend\u00e1rio est\u00e3o previstas mais tr\u00eas propagandas partid\u00e1rias. O calend\u00e1rio completo da propaganda partid\u00e1ria pode ser acessado na p\u00e1gina do TSE na op\u00e7\u00e3o \u201c<a href=\"http:\/\/www.tse.jus.br\/partidos\/propaganda-partidaria\" target=\"_blank\">partidos \u2013 propaganda partid\u00e1ria<\/a>\u201d.<\/p>\n<p align=\"JUSTIFY\"><strong>Propaganda eleitoral<\/strong><\/p>\n<p align=\"JUSTIFY\">A propaganda eleitoral s\u00f3 ser\u00e1 permitida a partir do dia 6 de julho. Desse dia em diante, candidatos e partidos poder\u00e3o fazer funcionar, das 8h \u00e0s 22h, alto-falantes ou amplificadores de som, nas suas sedes ou em ve\u00edculos. Poder\u00e3o, tamb\u00e9m, realizar com\u00edcios e utilizar aparelhagem de sonoriza\u00e7\u00e3o fixa, das 8h \u00e0s 24h, e divulgar propaganda eleitoral na internet, sendo proibida a veicula\u00e7\u00e3o de qualquer tipo de propaganda paga.<\/p>\n<p align=\"JUSTIFY\">A multa para quem desrespeitar a regra varia de R$ 5 mil a R$ 25 mil ao respons\u00e1vel e ao seu benefici\u00e1rio, caso este tenha conhecimento pr\u00e9vio da mesma.<\/p>\n<p align=\"JUSTIFY\"><strong>Elei\u00e7\u00f5es 2014<\/strong><\/p>\n<p align=\"JUSTIFY\">As elei\u00e7\u00f5es de 2014 v\u00e3o eleger presidente da Rep\u00fablica, governadores, senadores, deputados federais e deputados estaduais e distritais. O primeiro turno ser\u00e1 no dia 5 de outubro e eventual segundo turno ocorrer\u00e1 no dia 26 de outubro.<\/p>\n","protected":false},"excerpt":{"rendered":"<p>A partir da pr\u00f3xima ter\u00e7a-feira (1\u00ba) n\u00e3o ser\u00e1 permitida a veicula\u00e7\u00e3o de propaganda partid\u00e1ria gratuita e de nenhum tipo de [&hellip;]<\/p>\n","protected":false},"author":8,"featured_media":0,"comment_status":"open","ping_status":"open","sticky":false,"template":"","format":"standard","meta":{"site-sidebar-layout":"default","site-content-layout":"","ast-site-content-layout":"default","site-content-style":"default","site-sidebar-style":"default","ast-global-header-display":"","ast-banner-title-visibility":"","ast-main-header-display":"","ast-hfb-above-header-display":"","ast-hfb-below-header-display":"","ast-hfb-mobile-header-display":"","site-post-title":"","ast-breadcrumbs-content":"","ast-featured-img":"","footer-sml-layout":"","ast-disable-related-posts":"","theme-transparent-header-meta":"","adv-header-id-meta":"","stick-header-meta":"","header-above-stick-meta":"","header-main-stick-meta":"","header-below-stick-meta":"","astra-migrate-meta-layouts":"default","ast-page-background-enabled":"default","ast-page-background-meta":{"desktop":{"background-color":"var(--ast-global-color-5)","background-image":"","background-repeat":"repeat","background-position":"center center","background-size":"auto","background-attachment":"scroll","background-type":"","background-media":"","overlay-type":"","overlay-color":"","overlay-opacity":"","overlay-gradient":""},"tablet":{"background-color":"","background-image":"","background-repeat":"repeat","background-position":"center center","background-size":"auto","background-attachment":"scroll","background-type":"","background-media":"","overlay-type":"","overlay-color":"","overlay-opacity":"","overlay-gradient":""},"mobile":{"background-color":"","background-image":"","background-repeat":"repeat","background-position":"center center","background-size":"auto","background-attachment":"scroll","background-type":"","background-media":"","overlay-type":"","overlay-color":"","overlay-opacity":"","overlay-gradient":""}},"ast-content-background-meta":{"desktop":{"background-color":"var(--ast-global-color-4)","background-image":"","background-repeat":"repeat","background-position":"center center","background-size":"auto","background-attachment":"scroll","background-type":"","background-media":"","overlay-type":"","overlay-color":"","overlay-opacity":"","overlay-gradient":""},"tablet":{"background-color":"var(--ast-global-color-4)","background-image":"","background-repeat":"repeat","background-position":"center center","background-size":"auto","background-attachment":"scroll","background-type":"","background-media":"","overlay-type":"","overlay-color":"","overlay-opacity":"","overlay-gradient":""},"mobile":{"background-color":"var(--ast-global-color-4)","background-image":"","background-repeat":"repeat","background-position":"center center","background-size":"auto","background-attachment":"scroll","background-type":"","background-media":"","overlay-type":"","overlay-color":"","overlay-opacity":"","overlay-gradient":""}},"footnotes":""},"categories":[1],"tags":[],"class_list":["post-2547","post","type-post","status-publish","format-standard","hentry","category-sem-categoria"],"yoast_head":"<!-- This site is optimized with the Yoast SEO plugin v26.6 - https:\/\/yoast.com\/wordpress\/plugins\/seo\/ -->\n<title>Propaganda partid\u00e1ria fica proibida a partir de amanh\u00e3 (1\u00ba) - Fl\u00e1vio Braga<\/title>\n<meta name=\"robots\" content=\"index, follow, max-snippet:-1, max-image-preview:large, max-video-preview:-1\" \/>\n<link rel=\"canonical\" href=\"https:\/\/www.blogsoestado.com\/flaviobraga\/propaganda-partidaria-fica-proibida-a-partir-de-amanha-1o\/\" \/>\n<meta property=\"og:locale\" content=\"pt_BR\" \/>\n<meta property=\"og:type\" content=\"article\" \/>\n<meta property=\"og:title\" content=\"Propaganda partid\u00e1ria fica proibida a partir de amanh\u00e3 (1\u00ba) - Fl\u00e1vio Braga\" \/>\n<meta property=\"og:description\" content=\"A partir da pr\u00f3xima ter\u00e7a-feira (1\u00ba) n\u00e3o ser\u00e1 permitida a veicula\u00e7\u00e3o de propaganda partid\u00e1ria gratuita e de nenhum tipo de [&hellip;]\" \/>\n<meta property=\"og:url\" content=\"https:\/\/www.blogsoestado.com\/flaviobraga\/propaganda-partidaria-fica-proibida-a-partir-de-amanha-1o\/\" \/>\n<meta property=\"og:site_name\" content=\"Fl\u00e1vio Braga\" \/>\n<meta property=\"article:published_time\" content=\"2014-06-30T16:05:20+00:00\" \/>\n<meta name=\"author\" content=\"Flavio Braga\" \/>\n<meta name=\"twitter:card\" content=\"summary_large_image\" \/>\n<meta name=\"twitter:label1\" content=\"Escrito por\" \/>\n\t<meta name=\"twitter:data1\" content=\"Flavio Braga\" \/>\n\t<meta name=\"twitter:label2\" content=\"Est. tempo de leitura\" \/>\n\t<meta name=\"twitter:data2\" content=\"2 minutos\" \/>\n<script type=\"application\/ld+json\" class=\"yoast-schema-graph\">{\"@context\":\"https:\/\/schema.org\",\"@graph\":[{\"@type\":\"WebPage\",\"@id\":\"https:\/\/www.blogsoestado.com\/flaviobraga\/propaganda-partidaria-fica-proibida-a-partir-de-amanha-1o\/\",\"url\":\"https:\/\/www.blogsoestado.com\/flaviobraga\/propaganda-partidaria-fica-proibida-a-partir-de-amanha-1o\/\",\"name\":\"Propaganda partid\u00e1ria fica proibida a partir de amanh\u00e3 (1\u00ba) - Fl\u00e1vio Braga\",\"isPartOf\":{\"@id\":\"https:\/\/www.blogsoestado.com\/flaviobraga\/#website\"},\"datePublished\":\"2014-06-30T16:05:20+00:00\",\"author\":{\"@id\":\"https:\/\/www.blogsoestado.com\/flaviobraga\/#\/schema\/person\/6c6c778331775c757a82d15206bd8733\"},\"breadcrumb\":{\"@id\":\"https:\/\/www.blogsoestado.com\/flaviobraga\/propaganda-partidaria-fica-proibida-a-partir-de-amanha-1o\/#breadcrumb\"},\"inLanguage\":\"pt-BR\",\"potentialAction\":[{\"@type\":\"ReadAction\",\"target\":[\"https:\/\/www.blogsoestado.com\/flaviobraga\/propaganda-partidaria-fica-proibida-a-partir-de-amanha-1o\/\"]}]},{\"@type\":\"BreadcrumbList\",\"@id\":\"https:\/\/www.blogsoestado.com\/flaviobraga\/propaganda-partidaria-fica-proibida-a-partir-de-amanha-1o\/#breadcrumb\",\"itemListElement\":[{\"@type\":\"ListItem\",\"position\":1,\"name\":\"In\u00edcio\",\"item\":\"https:\/\/www.blogsoestado.com\/flaviobraga\/\"},{\"@type\":\"ListItem\",\"position\":2,\"name\":\"Propaganda partid\u00e1ria fica proibida a partir de amanh\u00e3 (1\u00ba)\"}]},{\"@type\":\"WebSite\",\"@id\":\"https:\/\/www.blogsoestado.com\/flaviobraga\/#website\",\"url\":\"https:\/\/www.blogsoestado.com\/flaviobraga\/\",\"name\":\"Fl\u00e1vio Braga\",\"description\":\"\",\"potentialAction\":[{\"@type\":\"SearchAction\",\"target\":{\"@type\":\"EntryPoint\",\"urlTemplate\":\"https:\/\/www.blogsoestado.com\/flaviobraga\/?s={search_term_string}\"},\"query-input\":{\"@type\":\"PropertyValueSpecification\",\"valueRequired\":true,\"valueName\":\"search_term_string\"}}],\"inLanguage\":\"pt-BR\"},{\"@type\":\"Person\",\"@id\":\"https:\/\/www.blogsoestado.com\/flaviobraga\/#\/schema\/person\/6c6c778331775c757a82d15206bd8733\",\"name\":\"Flavio Braga\",\"image\":{\"@type\":\"ImageObject\",\"inLanguage\":\"pt-BR\",\"@id\":\"https:\/\/www.blogsoestado.com\/flaviobraga\/#\/schema\/person\/image\/\",\"url\":\"https:\/\/secure.gravatar.com\/avatar\/ab173937dad8d78195c87778be8a0285d069ede375ce0ae24aac1cf8e58ccb2c?s=96&d=mm&r=g\",\"contentUrl\":\"https:\/\/secure.gravatar.com\/avatar\/ab173937dad8d78195c87778be8a0285d069ede375ce0ae24aac1cf8e58ccb2c?s=96&d=mm&r=g\",\"caption\":\"Flavio Braga\"},\"url\":\"https:\/\/www.blogsoestado.com\/flaviobraga\/author\/flaviobraga\/\"}]}<\/script>\n<!-- \/ Yoast SEO plugin. -->","yoast_head_json":{"title":"Propaganda partid\u00e1ria fica proibida a partir de amanh\u00e3 (1\u00ba) - Fl\u00e1vio Braga","robots":{"index":"index","follow":"follow","max-snippet":"max-snippet:-1","max-image-preview":"max-image-preview:large","max-video-preview":"max-video-preview:-1"},"canonical":"https:\/\/www.blogsoestado.com\/flaviobraga\/propaganda-partidaria-fica-proibida-a-partir-de-amanha-1o\/","og_locale":"pt_BR","og_type":"article","og_title":"Propaganda partid\u00e1ria fica proibida a partir de amanh\u00e3 (1\u00ba) - Fl\u00e1vio Braga","og_description":"A partir da pr\u00f3xima ter\u00e7a-feira (1\u00ba) n\u00e3o ser\u00e1 permitida a veicula\u00e7\u00e3o de propaganda partid\u00e1ria gratuita e de nenhum tipo de [&hellip;]","og_url":"https:\/\/www.blogsoestado.com\/flaviobraga\/propaganda-partidaria-fica-proibida-a-partir-de-amanha-1o\/","og_site_name":"Fl\u00e1vio Braga","article_published_time":"2014-06-30T16:05:20+00:00","author":"Flavio Braga","twitter_card":"summary_large_image","twitter_misc":{"Escrito por":"Flavio Braga","Est. tempo de leitura":"2 minutos"},"schema":{"@context":"https:\/\/schema.org","@graph":[{"@type":"WebPage","@id":"https:\/\/www.blogsoestado.com\/flaviobraga\/propaganda-partidaria-fica-proibida-a-partir-de-amanha-1o\/","url":"https:\/\/www.blogsoestado.com\/flaviobraga\/propaganda-partidaria-fica-proibida-a-partir-de-amanha-1o\/","name":"Propaganda partid\u00e1ria fica proibida a partir de amanh\u00e3 (1\u00ba) - Fl\u00e1vio Braga","isPartOf":{"@id":"https:\/\/www.blogsoestado.com\/flaviobraga\/#website"},"datePublished":"2014-06-30T16:05:20+00:00","author":{"@id":"https:\/\/www.blogsoestado.com\/flaviobraga\/#\/schema\/person\/6c6c778331775c757a82d15206bd8733"},"breadcrumb":{"@id":"https:\/\/www.blogsoestado.com\/flaviobraga\/propaganda-partidaria-fica-proibida-a-partir-de-amanha-1o\/#breadcrumb"},"inLanguage":"pt-BR","potentialAction":[{"@type":"ReadAction","target":["https:\/\/www.blogsoestado.com\/flaviobraga\/propaganda-partidaria-fica-proibida-a-partir-de-amanha-1o\/"]}]},{"@type":"BreadcrumbList","@id":"https:\/\/www.blogsoestado.com\/flaviobraga\/propaganda-partidaria-fica-proibida-a-partir-de-amanha-1o\/#breadcrumb","itemListElement":[{"@type":"ListItem","position":1,"name":"In\u00edcio","item":"https:\/\/www.blogsoestado.com\/flaviobraga\/"},{"@type":"ListItem","position":2,"name":"Propaganda partid\u00e1ria fica proibida a partir de amanh\u00e3 (1\u00ba)"}]},{"@type":"WebSite","@id":"https:\/\/www.blogsoestado.com\/flaviobraga\/#website","url":"https:\/\/www.blogsoestado.com\/flaviobraga\/","name":"Fl\u00e1vio Braga","description":"","potentialAction":[{"@type":"SearchAction","target":{"@type":"EntryPoint","urlTemplate":"https:\/\/www.blogsoestado.com\/flaviobraga\/?s={search_term_string}"},"query-input":{"@type":"PropertyValueSpecification","valueRequired":true,"valueName":"search_term_string"}}],"inLanguage":"pt-BR"},{"@type":"Person","@id":"https:\/\/www.blogsoestado.com\/flaviobraga\/#\/schema\/person\/6c6c778331775c757a82d15206bd8733","name":"Flavio Braga","image":{"@type":"ImageObject","inLanguage":"pt-BR","@id":"https:\/\/www.blogsoestado.com\/flaviobraga\/#\/schema\/person\/image\/","url":"https:\/\/secure.gravatar.com\/avatar\/ab173937dad8d78195c87778be8a0285d069ede375ce0ae24aac1cf8e58ccb2c?s=96&d=mm&r=g","contentUrl":"https:\/\/secure.gravatar.com\/avatar\/ab173937dad8d78195c87778be8a0285d069ede375ce0ae24aac1cf8e58ccb2c?s=96&d=mm&r=g","caption":"Flavio Braga"},"url":"https:\/\/www.blogsoestado.com\/flaviobraga\/author\/flaviobraga\/"}]}},"jetpack_featured_media_url":"","_links":{"self":[{"href":"https:\/\/www.blogsoestado.com\/flaviobraga\/wp-json\/wp\/v2\/posts\/2547","targetHints":{"allow":["GET"]}}],"collection":[{"href":"https:\/\/www.blogsoestado.com\/flaviobraga\/wp-json\/wp\/v2\/posts"}],"about":[{"href":"https:\/\/www.blogsoestado.com\/flaviobraga\/wp-json\/wp\/v2\/types\/post"}],"author":[{"embeddable":true,"href":"https:\/\/www.blogsoestado.com\/flaviobraga\/wp-json\/wp\/v2\/users\/8"}],"replies":[{"embeddable":true,"href":"https:\/\/www.blogsoestado.com\/flaviobraga\/wp-json\/wp\/v2\/comments?post=2547"}],"version-history":[{"count":0,"href":"https:\/\/www.blogsoestado.com\/flaviobraga\/wp-json\/wp\/v2\/posts\/2547\/revisions"}],"wp:attachment":[{"href":"https:\/\/www.blogsoestado.com\/flaviobraga\/wp-json\/wp\/v2\/media?parent=2547"}],"wp:term":[{"taxonomy":"category","embeddable":true,"href":"https:\/\/www.blogsoestado.com\/flaviobraga\/wp-json\/wp\/v2\/categories?post=2547"},{"taxonomy":"post_tag","embeddable":true,"href":"https:\/\/www.blogsoestado.com\/flaviobraga\/wp-json\/wp\/v2\/tags?post=2547"}],"curies":[{"name":"wp","href":"https:\/\/api.w.org\/{rel}","templated":true}]}}