{"id":2549,"date":"2014-07-03T21:45:49","date_gmt":"2014-07-04T00:45:49","guid":{"rendered":"https:\/\/www.blogsoestado.com\/flaviobraga\/?p=2549"},"modified":"2014-07-03T21:45:49","modified_gmt":"2014-07-04T00:45:49","slug":"lista-dos-gestores-com-contas-desaprovadas-no-tce-ja-esta-no-tre-ma","status":"publish","type":"post","link":"https:\/\/www.blogsoestado.com\/flaviobraga\/lista-dos-gestores-com-contas-desaprovadas-no-tce-ja-esta-no-tre-ma\/","title":{"rendered":"Lista dos gestores com contas desaprovadas no TCE j\u00e1 est\u00e1 no TRE-MA"},"content":{"rendered":"<p>O presidente do Tribunal de Contas do Estado do Maranh\u00e3o (TCE\/MA), conselheiro Edmar Cutrim, entregou nesta quinta-feira (03) ao presidente do Tribunal Regional Eleitoral do Maranh\u00e3o (TCE\/MA), desembargador Jos\u00e9 de Ribamar Froz Sobrinho, lista contendo os nomes dos gestores p\u00fablicos que tiveram as contas julgadas irregulares e desaprovadas nos \u00faltimos oito anos.<\/p>\n<p style=\"font-style: inherit; font-weight: inherit;\">\u00a0A lista, contendo 3.410 nomes \u2013 195 a mais em rela\u00e7\u00e3o ao documento enviado \u00e0 Justi\u00e7a Eleitoral em 2012, ano no qual tamb\u00e9m foram realizadas elei\u00e7\u00f5es majorit\u00e1ria (prefeito) e proporcional (vereador) \u2013 pode ser conferida\u00a0<a style=\"font-style: inherit; font-weight: inherit;\" href=\"http:\/\/site.tce.ma.gov.br\/images\/docs\/relacao_irregulares_ultimos_8_anos.pdf\">aqui<\/a>. Cabe, a partir de agora, \u00e0 Justi\u00e7a Eleitoral decretar, ou n\u00e3o, a inelegibilidade dos gestores inclu\u00eddos na referida lista.<\/p>\n<p style=\"font-style: inherit; font-weight: inherit;\">\u00a0Froz Sobrinho fez quest\u00e3o de elogiar a maneira transparente e r\u00e1pida com a qual as Unidades T\u00e9cnicas do Tribunal de Contas do Estado elaboraram o documento.<\/p>\n<p style=\"font-style: inherit; font-weight: inherit;\">\u201cO TCE do Maranh\u00e3o, ao se antecipar ao prazo para entrega da lista, d\u00e1, mais uma vez, exemplo de austeridade e de compromisso com a lei. Esta documenta\u00e7\u00e3o \u00e9 de suma import\u00e2ncia e muito auxiliar\u00e1 as an\u00e1lises que ser\u00e3o feitas por esta Corte Eleitoral com rela\u00e7\u00e3o aos registros de candidaturas para as elei\u00e7\u00f5es deste ano\u201d, afirmou o presidente ressaltando que o objetivo \u00e9 analisar todos os pedidos de registros de candidaturas at\u00e9 o dia 05 de agosto.<\/p>\n","protected":false},"excerpt":{"rendered":"<p>O presidente do Tribunal de Contas do Estado do Maranh\u00e3o (TCE\/MA), conselheiro Edmar Cutrim, entregou nesta quinta-feira (03) ao presidente [&hellip;]<\/p>\n","protected":false},"author":8,"featured_media":0,"comment_status":"open","ping_status":"open","sticky":false,"template":"","format":"standard","meta":{"site-sidebar-layout":"default","site-content-layout":"","ast-site-content-layout":"default","site-content-style":"default","site-sidebar-style":"default","ast-global-header-display":"","ast-banner-title-visibility":"","ast-main-header-display":"","ast-hfb-above-header-display":"","ast-hfb-below-header-display":"","ast-hfb-mobile-header-display":"","site-post-title":"","ast-breadcrumbs-content":"","ast-featured-img":"","footer-sml-layout":"","ast-disable-related-posts":"","theme-transparent-header-meta":"","adv-header-id-meta":"","stick-header-meta":"","header-above-stick-meta":"","header-main-stick-meta":"","header-below-stick-meta":"","astra-migrate-meta-layouts":"default","ast-page-background-enabled":"default","ast-page-background-meta":{"desktop":{"background-color":"var(--ast-global-color-5)","background-image":"","background-repeat":"repeat","background-position":"center center","background-size":"auto","background-attachment":"scroll","background-type":"","background-media":"","overlay-type":"","overlay-color":"","overlay-opacity":"","overlay-gradient":""},"tablet":{"background-color":"","background-image":"","background-repeat":"repeat","background-position":"center center","background-size":"auto","background-attachment":"scroll","background-type":"","background-media":"","overlay-type":"","overlay-color":"","overlay-opacity":"","overlay-gradient":""},"mobile":{"background-color":"","background-image":"","background-repeat":"repeat","background-position":"center center","background-size":"auto","background-attachment":"scroll","background-type":"","background-media":"","overlay-type":"","overlay-color":"","overlay-opacity":"","overlay-gradient":""}},"ast-content-background-meta":{"desktop":{"background-color":"var(--ast-global-color-4)","background-image":"","background-repeat":"repeat","background-position":"center center","background-size":"auto","background-attachment":"scroll","background-type":"","background-media":"","overlay-type":"","overlay-color":"","overlay-opacity":"","overlay-gradient":""},"tablet":{"background-color":"var(--ast-global-color-4)","background-image":"","background-repeat":"repeat","background-position":"center center","background-size":"auto","background-attachment":"scroll","background-type":"","background-media":"","overlay-type":"","overlay-color":"","overlay-opacity":"","overlay-gradient":""},"mobile":{"background-color":"var(--ast-global-color-4)","background-image":"","background-repeat":"repeat","background-position":"center center","background-size":"auto","background-attachment":"scroll","background-type":"","background-media":"","overlay-type":"","overlay-color":"","overlay-opacity":"","overlay-gradient":""}},"footnotes":""},"categories":[1],"tags":[],"class_list":["post-2549","post","type-post","status-publish","format-standard","hentry","category-sem-categoria"],"yoast_head":"<!-- This site is optimized with the Yoast SEO plugin v26.6 - https:\/\/yoast.com\/wordpress\/plugins\/seo\/ -->\n<title>Lista dos gestores com contas desaprovadas no TCE j\u00e1 est\u00e1 no TRE-MA - Fl\u00e1vio Braga<\/title>\n<meta name=\"robots\" content=\"index, follow, max-snippet:-1, max-image-preview:large, max-video-preview:-1\" \/>\n<link rel=\"canonical\" href=\"https:\/\/www.blogsoestado.com\/flaviobraga\/lista-dos-gestores-com-contas-desaprovadas-no-tce-ja-esta-no-tre-ma\/\" \/>\n<meta property=\"og:locale\" content=\"pt_BR\" \/>\n<meta property=\"og:type\" content=\"article\" \/>\n<meta property=\"og:title\" content=\"Lista dos gestores com contas desaprovadas no TCE j\u00e1 est\u00e1 no TRE-MA - Fl\u00e1vio Braga\" \/>\n<meta property=\"og:description\" content=\"O presidente do Tribunal de Contas do Estado do Maranh\u00e3o (TCE\/MA), conselheiro Edmar Cutrim, entregou nesta quinta-feira (03) ao presidente [&hellip;]\" \/>\n<meta property=\"og:url\" content=\"https:\/\/www.blogsoestado.com\/flaviobraga\/lista-dos-gestores-com-contas-desaprovadas-no-tce-ja-esta-no-tre-ma\/\" \/>\n<meta property=\"og:site_name\" content=\"Fl\u00e1vio Braga\" \/>\n<meta property=\"article:published_time\" content=\"2014-07-04T00:45:49+00:00\" \/>\n<meta name=\"author\" content=\"Flavio Braga\" \/>\n<meta name=\"twitter:card\" content=\"summary_large_image\" \/>\n<meta name=\"twitter:label1\" content=\"Escrito por\" \/>\n\t<meta name=\"twitter:data1\" content=\"Flavio Braga\" \/>\n\t<meta name=\"twitter:label2\" content=\"Est. tempo de leitura\" \/>\n\t<meta name=\"twitter:data2\" content=\"1 minuto\" \/>\n<script type=\"application\/ld+json\" class=\"yoast-schema-graph\">{\"@context\":\"https:\/\/schema.org\",\"@graph\":[{\"@type\":\"WebPage\",\"@id\":\"https:\/\/www.blogsoestado.com\/flaviobraga\/lista-dos-gestores-com-contas-desaprovadas-no-tce-ja-esta-no-tre-ma\/\",\"url\":\"https:\/\/www.blogsoestado.com\/flaviobraga\/lista-dos-gestores-com-contas-desaprovadas-no-tce-ja-esta-no-tre-ma\/\",\"name\":\"Lista dos gestores com contas desaprovadas no TCE j\u00e1 est\u00e1 no TRE-MA - Fl\u00e1vio Braga\",\"isPartOf\":{\"@id\":\"https:\/\/www.blogsoestado.com\/flaviobraga\/#website\"},\"datePublished\":\"2014-07-04T00:45:49+00:00\",\"author\":{\"@id\":\"https:\/\/www.blogsoestado.com\/flaviobraga\/#\/schema\/person\/6c6c778331775c757a82d15206bd8733\"},\"breadcrumb\":{\"@id\":\"https:\/\/www.blogsoestado.com\/flaviobraga\/lista-dos-gestores-com-contas-desaprovadas-no-tce-ja-esta-no-tre-ma\/#breadcrumb\"},\"inLanguage\":\"pt-BR\",\"potentialAction\":[{\"@type\":\"ReadAction\",\"target\":[\"https:\/\/www.blogsoestado.com\/flaviobraga\/lista-dos-gestores-com-contas-desaprovadas-no-tce-ja-esta-no-tre-ma\/\"]}]},{\"@type\":\"BreadcrumbList\",\"@id\":\"https:\/\/www.blogsoestado.com\/flaviobraga\/lista-dos-gestores-com-contas-desaprovadas-no-tce-ja-esta-no-tre-ma\/#breadcrumb\",\"itemListElement\":[{\"@type\":\"ListItem\",\"position\":1,\"name\":\"In\u00edcio\",\"item\":\"https:\/\/www.blogsoestado.com\/flaviobraga\/\"},{\"@type\":\"ListItem\",\"position\":2,\"name\":\"Lista dos gestores com contas desaprovadas no TCE j\u00e1 est\u00e1 no TRE-MA\"}]},{\"@type\":\"WebSite\",\"@id\":\"https:\/\/www.blogsoestado.com\/flaviobraga\/#website\",\"url\":\"https:\/\/www.blogsoestado.com\/flaviobraga\/\",\"name\":\"Fl\u00e1vio Braga\",\"description\":\"\",\"potentialAction\":[{\"@type\":\"SearchAction\",\"target\":{\"@type\":\"EntryPoint\",\"urlTemplate\":\"https:\/\/www.blogsoestado.com\/flaviobraga\/?s={search_term_string}\"},\"query-input\":{\"@type\":\"PropertyValueSpecification\",\"valueRequired\":true,\"valueName\":\"search_term_string\"}}],\"inLanguage\":\"pt-BR\"},{\"@type\":\"Person\",\"@id\":\"https:\/\/www.blogsoestado.com\/flaviobraga\/#\/schema\/person\/6c6c778331775c757a82d15206bd8733\",\"name\":\"Flavio Braga\",\"image\":{\"@type\":\"ImageObject\",\"inLanguage\":\"pt-BR\",\"@id\":\"https:\/\/www.blogsoestado.com\/flaviobraga\/#\/schema\/person\/image\/\",\"url\":\"https:\/\/secure.gravatar.com\/avatar\/ab173937dad8d78195c87778be8a0285d069ede375ce0ae24aac1cf8e58ccb2c?s=96&d=mm&r=g\",\"contentUrl\":\"https:\/\/secure.gravatar.com\/avatar\/ab173937dad8d78195c87778be8a0285d069ede375ce0ae24aac1cf8e58ccb2c?s=96&d=mm&r=g\",\"caption\":\"Flavio Braga\"},\"url\":\"https:\/\/www.blogsoestado.com\/flaviobraga\/author\/flaviobraga\/\"}]}<\/script>\n<!-- \/ Yoast SEO plugin. -->","yoast_head_json":{"title":"Lista dos gestores com contas desaprovadas no TCE j\u00e1 est\u00e1 no TRE-MA - Fl\u00e1vio Braga","robots":{"index":"index","follow":"follow","max-snippet":"max-snippet:-1","max-image-preview":"max-image-preview:large","max-video-preview":"max-video-preview:-1"},"canonical":"https:\/\/www.blogsoestado.com\/flaviobraga\/lista-dos-gestores-com-contas-desaprovadas-no-tce-ja-esta-no-tre-ma\/","og_locale":"pt_BR","og_type":"article","og_title":"Lista dos gestores com contas desaprovadas no TCE j\u00e1 est\u00e1 no TRE-MA - Fl\u00e1vio Braga","og_description":"O presidente do Tribunal de Contas do Estado do Maranh\u00e3o (TCE\/MA), conselheiro Edmar Cutrim, entregou nesta quinta-feira (03) ao presidente [&hellip;]","og_url":"https:\/\/www.blogsoestado.com\/flaviobraga\/lista-dos-gestores-com-contas-desaprovadas-no-tce-ja-esta-no-tre-ma\/","og_site_name":"Fl\u00e1vio Braga","article_published_time":"2014-07-04T00:45:49+00:00","author":"Flavio Braga","twitter_card":"summary_large_image","twitter_misc":{"Escrito por":"Flavio Braga","Est. tempo de leitura":"1 minuto"},"schema":{"@context":"https:\/\/schema.org","@graph":[{"@type":"WebPage","@id":"https:\/\/www.blogsoestado.com\/flaviobraga\/lista-dos-gestores-com-contas-desaprovadas-no-tce-ja-esta-no-tre-ma\/","url":"https:\/\/www.blogsoestado.com\/flaviobraga\/lista-dos-gestores-com-contas-desaprovadas-no-tce-ja-esta-no-tre-ma\/","name":"Lista dos gestores com contas desaprovadas no TCE j\u00e1 est\u00e1 no TRE-MA - Fl\u00e1vio Braga","isPartOf":{"@id":"https:\/\/www.blogsoestado.com\/flaviobraga\/#website"},"datePublished":"2014-07-04T00:45:49+00:00","author":{"@id":"https:\/\/www.blogsoestado.com\/flaviobraga\/#\/schema\/person\/6c6c778331775c757a82d15206bd8733"},"breadcrumb":{"@id":"https:\/\/www.blogsoestado.com\/flaviobraga\/lista-dos-gestores-com-contas-desaprovadas-no-tce-ja-esta-no-tre-ma\/#breadcrumb"},"inLanguage":"pt-BR","potentialAction":[{"@type":"ReadAction","target":["https:\/\/www.blogsoestado.com\/flaviobraga\/lista-dos-gestores-com-contas-desaprovadas-no-tce-ja-esta-no-tre-ma\/"]}]},{"@type":"BreadcrumbList","@id":"https:\/\/www.blogsoestado.com\/flaviobraga\/lista-dos-gestores-com-contas-desaprovadas-no-tce-ja-esta-no-tre-ma\/#breadcrumb","itemListElement":[{"@type":"ListItem","position":1,"name":"In\u00edcio","item":"https:\/\/www.blogsoestado.com\/flaviobraga\/"},{"@type":"ListItem","position":2,"name":"Lista dos gestores com contas desaprovadas no TCE j\u00e1 est\u00e1 no TRE-MA"}]},{"@type":"WebSite","@id":"https:\/\/www.blogsoestado.com\/flaviobraga\/#website","url":"https:\/\/www.blogsoestado.com\/flaviobraga\/","name":"Fl\u00e1vio Braga","description":"","potentialAction":[{"@type":"SearchAction","target":{"@type":"EntryPoint","urlTemplate":"https:\/\/www.blogsoestado.com\/flaviobraga\/?s={search_term_string}"},"query-input":{"@type":"PropertyValueSpecification","valueRequired":true,"valueName":"search_term_string"}}],"inLanguage":"pt-BR"},{"@type":"Person","@id":"https:\/\/www.blogsoestado.com\/flaviobraga\/#\/schema\/person\/6c6c778331775c757a82d15206bd8733","name":"Flavio Braga","image":{"@type":"ImageObject","inLanguage":"pt-BR","@id":"https:\/\/www.blogsoestado.com\/flaviobraga\/#\/schema\/person\/image\/","url":"https:\/\/secure.gravatar.com\/avatar\/ab173937dad8d78195c87778be8a0285d069ede375ce0ae24aac1cf8e58ccb2c?s=96&d=mm&r=g","contentUrl":"https:\/\/secure.gravatar.com\/avatar\/ab173937dad8d78195c87778be8a0285d069ede375ce0ae24aac1cf8e58ccb2c?s=96&d=mm&r=g","caption":"Flavio Braga"},"url":"https:\/\/www.blogsoestado.com\/flaviobraga\/author\/flaviobraga\/"}]}},"jetpack_featured_media_url":"","_links":{"self":[{"href":"https:\/\/www.blogsoestado.com\/flaviobraga\/wp-json\/wp\/v2\/posts\/2549","targetHints":{"allow":["GET"]}}],"collection":[{"href":"https:\/\/www.blogsoestado.com\/flaviobraga\/wp-json\/wp\/v2\/posts"}],"about":[{"href":"https:\/\/www.blogsoestado.com\/flaviobraga\/wp-json\/wp\/v2\/types\/post"}],"author":[{"embeddable":true,"href":"https:\/\/www.blogsoestado.com\/flaviobraga\/wp-json\/wp\/v2\/users\/8"}],"replies":[{"embeddable":true,"href":"https:\/\/www.blogsoestado.com\/flaviobraga\/wp-json\/wp\/v2\/comments?post=2549"}],"version-history":[{"count":0,"href":"https:\/\/www.blogsoestado.com\/flaviobraga\/wp-json\/wp\/v2\/posts\/2549\/revisions"}],"wp:attachment":[{"href":"https:\/\/www.blogsoestado.com\/flaviobraga\/wp-json\/wp\/v2\/media?parent=2549"}],"wp:term":[{"taxonomy":"category","embeddable":true,"href":"https:\/\/www.blogsoestado.com\/flaviobraga\/wp-json\/wp\/v2\/categories?post=2549"},{"taxonomy":"post_tag","embeddable":true,"href":"https:\/\/www.blogsoestado.com\/flaviobraga\/wp-json\/wp\/v2\/tags?post=2549"}],"curies":[{"name":"wp","href":"https:\/\/api.w.org\/{rel}","templated":true}]}}