{"id":2557,"date":"2014-07-09T10:51:32","date_gmt":"2014-07-09T13:51:32","guid":{"rendered":"https:\/\/www.blogsoestado.com\/flaviobraga\/?p=2557"},"modified":"2014-07-09T10:51:32","modified_gmt":"2014-07-09T13:51:32","slug":"ministro-determina-suspensao-de-propagandas-da-ans-mec-e-petrobras","status":"publish","type":"post","link":"https:\/\/www.blogsoestado.com\/flaviobraga\/ministro-determina-suspensao-de-propagandas-da-ans-mec-e-petrobras\/","title":{"rendered":"Ministro determina suspens\u00e3o de propagandas da ANS, MEC e Petrobras"},"content":{"rendered":"<p align=\"JUSTIFY\">O ministro do Tribunal Superior Eleitoral (TSE) Tarc\u00edsio Vieira concedeu liminar e determinou a suspens\u00e3o imediata da veicula\u00e7\u00e3o de tr\u00eas propagandas institucionais de \u00f3rg\u00e3os da administra\u00e7\u00e3o direta e indireta (ANS, MEC e Petrobras). Alegam a coliga\u00e7\u00e3o Muda Brasil e A\u00e9cio Neves, candidato a presidente da Rep\u00fablica, na representa\u00e7\u00e3o que apresentaram no Tribunal contra as m\u00eddias, que seus \u201cconte\u00fados em nada cuidavam de dar publicidade a produtos e servi\u00e7os que tenham concorr\u00eancia no mercado\u201d. A decis\u00e3o do ministro vale at\u00e9 decis\u00e3o final sobre a representa\u00e7\u00e3o.<\/p>\n<p>A a\u00e7\u00e3o da coliga\u00e7\u00e3o e A\u00e9cio \u00e9 contra a presidente da Rep\u00fablica Dilma Rousseff, candidata \u00e0 reelei\u00e7\u00e3o, Michel Temer, candidato a vice-presidente, Andr\u00e9 Longo Ara\u00fajo de Melo, diretor-presidente da Ag\u00eancia Nacional de Sa\u00fade Suplementar (ANS), Maria das Gra\u00e7as Silva Foster, presidente da Petrobras, Henrique Paim, ministro da Educa\u00e7\u00e3o, e Thomas Timothy Traumann, ministro da Secretaria de Comunica\u00e7\u00e3o Social. E ainda contra: Leandro Reis Tavares, diretor de normas e habilita\u00e7\u00e3o das operadoras na ANS, Jos\u00e9 Carlos Abrah\u00e3o, diretor de gest\u00e3o da ANS, e Simone Sanches Freire, diretora de fiscaliza\u00e7\u00e3o da ANS.<\/p>\n<p align=\"JUSTIFY\">Todos s\u00e3o acusados pela coliga\u00e7\u00e3o e A\u00e9cio de suposta pr\u00e1tica da conduta vedada a agente p\u00fablico, prevista no artigo 73, inciso VI, al\u00ednea &#8220;b&#8221;, da Lei das Elei\u00e7\u00f5es (Lei n\u00ba 9.504\/1997). Afirmam os autores da a\u00e7\u00e3o que, no dia 5 de julho de 2014, os acusados \u201cforam respons\u00e1veis\u201d pela divulga\u00e7\u00e3o de tr\u00eas propagandas institucionais, da ANS, MEC e Petrobras.<\/p>\n<p align=\"JUSTIFY\">Informam que as propagandas dizem respeito \u00e0 divulga\u00e7\u00e3o do Pacto Nacional pela Alfabetiza\u00e7\u00e3o na idade certa (MEC); divulga\u00e7\u00e3o do papel da ANS e a import\u00e2ncia das pessoas de informarem sobre os contratos de planos de sa\u00fade (ANS); e divulga\u00e7\u00e3o da explora\u00e7\u00e3o do pr\u00e9-sal, dando-se destaque \u00e0 extra\u00e7\u00e3o di\u00e1ria de 500 mil barris de petr\u00f3leo e ao crescimento ocorrido nos \u00faltimos oitos anos.<\/p>\n<p align=\"JUSTIFY\">Para os autores, chama a aten\u00e7\u00e3o, em todas as pe\u00e7as publicit\u00e1rias, \u201ca vincula\u00e7\u00e3o dos supostos feitos ao Governo Federal, com a divulga\u00e7\u00e3o, ao final do v\u00eddeo, da imagem com o s\u00edmbolo que o identifica [GOVERNO FEDERAL &#8211; BRASIL &#8211; Pa\u00eds rico \u00e9 pa\u00eds sem pobreza]&#8221;.<\/p>\n<p align=\"JUSTIFY\">Sustentam que, independentemente do conte\u00fado &#8211; se a\u00e7\u00f5es da Administra\u00e7\u00e3o P\u00fablica ou propaganda com finalidade eleitoral -, a lei eleitoral pro\u00edbe a publicidade institucional nos tr\u00eas meses que antecedem as elei\u00e7\u00f5es, salvo exce\u00e7\u00f5es, n\u00e3o constatadas no caso.<\/p>\n<p align=\"JUSTIFY\">No m\u00e9rito da representa\u00e7\u00e3o, seus autores pedem a aplica\u00e7\u00e3o de multa aos respons\u00e1veis pelas propagandas institucionais no valor de cinco a cem mil Ufir (par\u00e1grafo 4\u00ba do artigo 73 da Lei das Elei\u00e7\u00f5es).<\/p>\n<p><b>Decis\u00e3o<\/p>\n<p><\/b>Ao deferir a liminar, o ministro Tarc\u00edsio Vieira afirma que a regra da impessoalidade contida na Constitui\u00e7\u00e3o Federal \u201ctem claros reflexos na seara eleitoral\u201d.<\/p>\n<p align=\"JUSTIFY\">Informa o ministro que h\u00e1, por exemplo, a proibi\u00e7\u00e3o de propaganda institucional, qualquer que seja ela, no chamado &#8220;per\u00edodo cr\u00edtico&#8221; do processo eleitoral, ou seja, nos tr\u00eas meses que antecedem o pleito, para promover o equil\u00edbrio na disputa eleitoral.<\/p>\n<p align=\"JUSTIFY\">Segundo o ministro, as ressalvas legais referentes \u00e0 possibilidade de publicidade institucional nesse per\u00edodo (propaganda de produtos e servi\u00e7os que tenham concorr\u00eancia no mercado e a publicidade em caso de grave e urgente necessidade p\u00fablica, autorizada pela Justi\u00e7a Eleitoral) n\u00e3o se encaixam no caso em exame.<\/p>\n<p align=\"JUSTIFY\">\u201c\u00c9 dizer: (i) n\u00e3o se est\u00e1 diante de propaganda de produtos e servi\u00e7os com concorr\u00eancia no mercado e (ii) n\u00e3o se est\u00e1 diante de situa\u00e7\u00e3o que denote grave e urgente necessidade p\u00fablica. Tamb\u00e9m n\u00e3o h\u00e1 not\u00edcia de autoriza\u00e7\u00e3o da Justi\u00e7a Eleitoral\u201d, destaca o relator.<\/p>\n<p align=\"JUSTIFY\">O ministro Tarc\u00edsio Vieira afirma ainda que \u201cAssim, pelo menos no campo do exame (n\u00e3o exaustivo) que \u00e9 pr\u00f3prio dos provimentos relacionados \u00e0s tutelas de urg\u00eancia, creio n\u00e3o haver suporte legal para veicula\u00e7\u00e3o das pe\u00e7as publicit\u00e1rias inquinadas de ilegais ap\u00f3s o dia 5 de julho de 2014\u201d.<\/p>\n","protected":false},"excerpt":{"rendered":"<p>O ministro do Tribunal Superior Eleitoral (TSE) Tarc\u00edsio Vieira concedeu liminar e determinou a suspens\u00e3o imediata da veicula\u00e7\u00e3o de tr\u00eas [&hellip;]<\/p>\n","protected":false},"author":8,"featured_media":0,"comment_status":"open","ping_status":"open","sticky":false,"template":"","format":"standard","meta":{"site-sidebar-layout":"default","site-content-layout":"","ast-site-content-layout":"default","site-content-style":"default","site-sidebar-style":"default","ast-global-header-display":"","ast-banner-title-visibility":"","ast-main-header-display":"","ast-hfb-above-header-display":"","ast-hfb-below-header-display":"","ast-hfb-mobile-header-display":"","site-post-title":"","ast-breadcrumbs-content":"","ast-featured-img":"","footer-sml-layout":"","ast-disable-related-posts":"","theme-transparent-header-meta":"","adv-header-id-meta":"","stick-header-meta":"","header-above-stick-meta":"","header-main-stick-meta":"","header-below-stick-meta":"","astra-migrate-meta-layouts":"default","ast-page-background-enabled":"default","ast-page-background-meta":{"desktop":{"background-color":"var(--ast-global-color-5)","background-image":"","background-repeat":"repeat","background-position":"center center","background-size":"auto","background-attachment":"scroll","background-type":"","background-media":"","overlay-type":"","overlay-color":"","overlay-opacity":"","overlay-gradient":""},"tablet":{"background-color":"","background-image":"","background-repeat":"repeat","background-position":"center center","background-size":"auto","background-attachment":"scroll","background-type":"","background-media":"","overlay-type":"","overlay-color":"","overlay-opacity":"","overlay-gradient":""},"mobile":{"background-color":"","background-image":"","background-repeat":"repeat","background-position":"center center","background-size":"auto","background-attachment":"scroll","background-type":"","background-media":"","overlay-type":"","overlay-color":"","overlay-opacity":"","overlay-gradient":""}},"ast-content-background-meta":{"desktop":{"background-color":"var(--ast-global-color-4)","background-image":"","background-repeat":"repeat","background-position":"center center","background-size":"auto","background-attachment":"scroll","background-type":"","background-media":"","overlay-type":"","overlay-color":"","overlay-opacity":"","overlay-gradient":""},"tablet":{"background-color":"var(--ast-global-color-4)","background-image":"","background-repeat":"repeat","background-position":"center center","background-size":"auto","background-attachment":"scroll","background-type":"","background-media":"","overlay-type":"","overlay-color":"","overlay-opacity":"","overlay-gradient":""},"mobile":{"background-color":"var(--ast-global-color-4)","background-image":"","background-repeat":"repeat","background-position":"center center","background-size":"auto","background-attachment":"scroll","background-type":"","background-media":"","overlay-type":"","overlay-color":"","overlay-opacity":"","overlay-gradient":""}},"footnotes":""},"categories":[1],"tags":[],"class_list":["post-2557","post","type-post","status-publish","format-standard","hentry","category-sem-categoria"],"yoast_head":"<!-- This site is optimized with the Yoast SEO plugin v26.6 - https:\/\/yoast.com\/wordpress\/plugins\/seo\/ -->\n<title>Ministro determina suspens\u00e3o de propagandas da ANS, MEC e Petrobras - Fl\u00e1vio Braga<\/title>\n<meta name=\"robots\" content=\"index, follow, max-snippet:-1, max-image-preview:large, max-video-preview:-1\" \/>\n<link rel=\"canonical\" href=\"https:\/\/www.blogsoestado.com\/flaviobraga\/ministro-determina-suspensao-de-propagandas-da-ans-mec-e-petrobras\/\" \/>\n<meta property=\"og:locale\" content=\"pt_BR\" \/>\n<meta property=\"og:type\" content=\"article\" \/>\n<meta property=\"og:title\" content=\"Ministro determina suspens\u00e3o de propagandas da ANS, MEC e Petrobras - Fl\u00e1vio Braga\" \/>\n<meta property=\"og:description\" content=\"O ministro do Tribunal Superior Eleitoral (TSE) Tarc\u00edsio Vieira concedeu liminar e determinou a suspens\u00e3o imediata da veicula\u00e7\u00e3o de tr\u00eas [&hellip;]\" \/>\n<meta property=\"og:url\" content=\"https:\/\/www.blogsoestado.com\/flaviobraga\/ministro-determina-suspensao-de-propagandas-da-ans-mec-e-petrobras\/\" \/>\n<meta property=\"og:site_name\" content=\"Fl\u00e1vio Braga\" \/>\n<meta property=\"article:published_time\" content=\"2014-07-09T13:51:32+00:00\" \/>\n<meta name=\"author\" content=\"Flavio Braga\" \/>\n<meta name=\"twitter:card\" content=\"summary_large_image\" \/>\n<meta name=\"twitter:label1\" content=\"Escrito por\" \/>\n\t<meta name=\"twitter:data1\" content=\"Flavio Braga\" \/>\n\t<meta name=\"twitter:label2\" content=\"Est. tempo de leitura\" \/>\n\t<meta name=\"twitter:data2\" content=\"4 minutos\" \/>\n<script type=\"application\/ld+json\" class=\"yoast-schema-graph\">{\"@context\":\"https:\/\/schema.org\",\"@graph\":[{\"@type\":\"WebPage\",\"@id\":\"https:\/\/www.blogsoestado.com\/flaviobraga\/ministro-determina-suspensao-de-propagandas-da-ans-mec-e-petrobras\/\",\"url\":\"https:\/\/www.blogsoestado.com\/flaviobraga\/ministro-determina-suspensao-de-propagandas-da-ans-mec-e-petrobras\/\",\"name\":\"Ministro determina suspens\u00e3o de propagandas da ANS, MEC e Petrobras - Fl\u00e1vio Braga\",\"isPartOf\":{\"@id\":\"https:\/\/www.blogsoestado.com\/flaviobraga\/#website\"},\"datePublished\":\"2014-07-09T13:51:32+00:00\",\"author\":{\"@id\":\"https:\/\/www.blogsoestado.com\/flaviobraga\/#\/schema\/person\/6c6c778331775c757a82d15206bd8733\"},\"breadcrumb\":{\"@id\":\"https:\/\/www.blogsoestado.com\/flaviobraga\/ministro-determina-suspensao-de-propagandas-da-ans-mec-e-petrobras\/#breadcrumb\"},\"inLanguage\":\"pt-BR\",\"potentialAction\":[{\"@type\":\"ReadAction\",\"target\":[\"https:\/\/www.blogsoestado.com\/flaviobraga\/ministro-determina-suspensao-de-propagandas-da-ans-mec-e-petrobras\/\"]}]},{\"@type\":\"BreadcrumbList\",\"@id\":\"https:\/\/www.blogsoestado.com\/flaviobraga\/ministro-determina-suspensao-de-propagandas-da-ans-mec-e-petrobras\/#breadcrumb\",\"itemListElement\":[{\"@type\":\"ListItem\",\"position\":1,\"name\":\"In\u00edcio\",\"item\":\"https:\/\/www.blogsoestado.com\/flaviobraga\/\"},{\"@type\":\"ListItem\",\"position\":2,\"name\":\"Ministro determina suspens\u00e3o de propagandas da ANS, MEC e Petrobras\"}]},{\"@type\":\"WebSite\",\"@id\":\"https:\/\/www.blogsoestado.com\/flaviobraga\/#website\",\"url\":\"https:\/\/www.blogsoestado.com\/flaviobraga\/\",\"name\":\"Fl\u00e1vio Braga\",\"description\":\"\",\"potentialAction\":[{\"@type\":\"SearchAction\",\"target\":{\"@type\":\"EntryPoint\",\"urlTemplate\":\"https:\/\/www.blogsoestado.com\/flaviobraga\/?s={search_term_string}\"},\"query-input\":{\"@type\":\"PropertyValueSpecification\",\"valueRequired\":true,\"valueName\":\"search_term_string\"}}],\"inLanguage\":\"pt-BR\"},{\"@type\":\"Person\",\"@id\":\"https:\/\/www.blogsoestado.com\/flaviobraga\/#\/schema\/person\/6c6c778331775c757a82d15206bd8733\",\"name\":\"Flavio Braga\",\"image\":{\"@type\":\"ImageObject\",\"inLanguage\":\"pt-BR\",\"@id\":\"https:\/\/www.blogsoestado.com\/flaviobraga\/#\/schema\/person\/image\/\",\"url\":\"https:\/\/secure.gravatar.com\/avatar\/ab173937dad8d78195c87778be8a0285d069ede375ce0ae24aac1cf8e58ccb2c?s=96&d=mm&r=g\",\"contentUrl\":\"https:\/\/secure.gravatar.com\/avatar\/ab173937dad8d78195c87778be8a0285d069ede375ce0ae24aac1cf8e58ccb2c?s=96&d=mm&r=g\",\"caption\":\"Flavio Braga\"},\"url\":\"https:\/\/www.blogsoestado.com\/flaviobraga\/author\/flaviobraga\/\"}]}<\/script>\n<!-- \/ Yoast SEO plugin. -->","yoast_head_json":{"title":"Ministro determina suspens\u00e3o de propagandas da ANS, MEC e Petrobras - Fl\u00e1vio Braga","robots":{"index":"index","follow":"follow","max-snippet":"max-snippet:-1","max-image-preview":"max-image-preview:large","max-video-preview":"max-video-preview:-1"},"canonical":"https:\/\/www.blogsoestado.com\/flaviobraga\/ministro-determina-suspensao-de-propagandas-da-ans-mec-e-petrobras\/","og_locale":"pt_BR","og_type":"article","og_title":"Ministro determina suspens\u00e3o de propagandas da ANS, MEC e Petrobras - Fl\u00e1vio Braga","og_description":"O ministro do Tribunal Superior Eleitoral (TSE) Tarc\u00edsio Vieira concedeu liminar e determinou a suspens\u00e3o imediata da veicula\u00e7\u00e3o de tr\u00eas [&hellip;]","og_url":"https:\/\/www.blogsoestado.com\/flaviobraga\/ministro-determina-suspensao-de-propagandas-da-ans-mec-e-petrobras\/","og_site_name":"Fl\u00e1vio Braga","article_published_time":"2014-07-09T13:51:32+00:00","author":"Flavio Braga","twitter_card":"summary_large_image","twitter_misc":{"Escrito por":"Flavio Braga","Est. tempo de leitura":"4 minutos"},"schema":{"@context":"https:\/\/schema.org","@graph":[{"@type":"WebPage","@id":"https:\/\/www.blogsoestado.com\/flaviobraga\/ministro-determina-suspensao-de-propagandas-da-ans-mec-e-petrobras\/","url":"https:\/\/www.blogsoestado.com\/flaviobraga\/ministro-determina-suspensao-de-propagandas-da-ans-mec-e-petrobras\/","name":"Ministro determina suspens\u00e3o de propagandas da ANS, MEC e Petrobras - Fl\u00e1vio Braga","isPartOf":{"@id":"https:\/\/www.blogsoestado.com\/flaviobraga\/#website"},"datePublished":"2014-07-09T13:51:32+00:00","author":{"@id":"https:\/\/www.blogsoestado.com\/flaviobraga\/#\/schema\/person\/6c6c778331775c757a82d15206bd8733"},"breadcrumb":{"@id":"https:\/\/www.blogsoestado.com\/flaviobraga\/ministro-determina-suspensao-de-propagandas-da-ans-mec-e-petrobras\/#breadcrumb"},"inLanguage":"pt-BR","potentialAction":[{"@type":"ReadAction","target":["https:\/\/www.blogsoestado.com\/flaviobraga\/ministro-determina-suspensao-de-propagandas-da-ans-mec-e-petrobras\/"]}]},{"@type":"BreadcrumbList","@id":"https:\/\/www.blogsoestado.com\/flaviobraga\/ministro-determina-suspensao-de-propagandas-da-ans-mec-e-petrobras\/#breadcrumb","itemListElement":[{"@type":"ListItem","position":1,"name":"In\u00edcio","item":"https:\/\/www.blogsoestado.com\/flaviobraga\/"},{"@type":"ListItem","position":2,"name":"Ministro determina suspens\u00e3o de propagandas da ANS, MEC e Petrobras"}]},{"@type":"WebSite","@id":"https:\/\/www.blogsoestado.com\/flaviobraga\/#website","url":"https:\/\/www.blogsoestado.com\/flaviobraga\/","name":"Fl\u00e1vio Braga","description":"","potentialAction":[{"@type":"SearchAction","target":{"@type":"EntryPoint","urlTemplate":"https:\/\/www.blogsoestado.com\/flaviobraga\/?s={search_term_string}"},"query-input":{"@type":"PropertyValueSpecification","valueRequired":true,"valueName":"search_term_string"}}],"inLanguage":"pt-BR"},{"@type":"Person","@id":"https:\/\/www.blogsoestado.com\/flaviobraga\/#\/schema\/person\/6c6c778331775c757a82d15206bd8733","name":"Flavio Braga","image":{"@type":"ImageObject","inLanguage":"pt-BR","@id":"https:\/\/www.blogsoestado.com\/flaviobraga\/#\/schema\/person\/image\/","url":"https:\/\/secure.gravatar.com\/avatar\/ab173937dad8d78195c87778be8a0285d069ede375ce0ae24aac1cf8e58ccb2c?s=96&d=mm&r=g","contentUrl":"https:\/\/secure.gravatar.com\/avatar\/ab173937dad8d78195c87778be8a0285d069ede375ce0ae24aac1cf8e58ccb2c?s=96&d=mm&r=g","caption":"Flavio Braga"},"url":"https:\/\/www.blogsoestado.com\/flaviobraga\/author\/flaviobraga\/"}]}},"jetpack_featured_media_url":"","_links":{"self":[{"href":"https:\/\/www.blogsoestado.com\/flaviobraga\/wp-json\/wp\/v2\/posts\/2557","targetHints":{"allow":["GET"]}}],"collection":[{"href":"https:\/\/www.blogsoestado.com\/flaviobraga\/wp-json\/wp\/v2\/posts"}],"about":[{"href":"https:\/\/www.blogsoestado.com\/flaviobraga\/wp-json\/wp\/v2\/types\/post"}],"author":[{"embeddable":true,"href":"https:\/\/www.blogsoestado.com\/flaviobraga\/wp-json\/wp\/v2\/users\/8"}],"replies":[{"embeddable":true,"href":"https:\/\/www.blogsoestado.com\/flaviobraga\/wp-json\/wp\/v2\/comments?post=2557"}],"version-history":[{"count":0,"href":"https:\/\/www.blogsoestado.com\/flaviobraga\/wp-json\/wp\/v2\/posts\/2557\/revisions"}],"wp:attachment":[{"href":"https:\/\/www.blogsoestado.com\/flaviobraga\/wp-json\/wp\/v2\/media?parent=2557"}],"wp:term":[{"taxonomy":"category","embeddable":true,"href":"https:\/\/www.blogsoestado.com\/flaviobraga\/wp-json\/wp\/v2\/categories?post=2557"},{"taxonomy":"post_tag","embeddable":true,"href":"https:\/\/www.blogsoestado.com\/flaviobraga\/wp-json\/wp\/v2\/tags?post=2557"}],"curies":[{"name":"wp","href":"https:\/\/api.w.org\/{rel}","templated":true}]}}