{"id":2559,"date":"2014-07-10T13:31:46","date_gmt":"2014-07-10T16:31:46","guid":{"rendered":"https:\/\/www.blogsoestado.com\/flaviobraga\/?p=2559"},"modified":"2014-07-10T13:31:46","modified_gmt":"2014-07-10T16:31:46","slug":"prazo-para-julgamento-de-registros-de-candidatura-e-ate-5-de-agosto","status":"publish","type":"post","link":"https:\/\/www.blogsoestado.com\/flaviobraga\/prazo-para-julgamento-de-registros-de-candidatura-e-ate-5-de-agosto\/","title":{"rendered":"Prazo para julgamento de registros de candidatura \u00e9 at\u00e9 5 de agosto"},"content":{"rendered":"<p style=\"margin-bottom: 0cm; border: none; padding: 0cm; line-height: 100%;\" align=\"LEFT\"><span style=\"color: #000000;\"><span style=\"font-family: Times New Roman,serif;\"><span style=\"font-size: medium;\">O protocolo do Tribunal Regional Eleitoral do Maranh\u00e3o recebeu at\u00e9 o s\u00e1bado, 5 de julho, 755 pedidos de registros de candidaturas, sendo 6\u00a0a governador e 6 de vice-governador, 6\u00a0de\u00a0senador e 12\u00a0suplentes, 228 para deputado federal e 497 deputado estadual.<\/span><\/span><\/span><\/p>\n<p style=\"margin-bottom: 0cm; border: none; padding: 0cm; line-height: 100%;\" align=\"LEFT\"><span style=\"font-variant: normal;\"><span style=\"color: #000000;\"><span style=\"font-family: Times New Roman,serif;\"><span style=\"font-size: medium;\"><span style=\"font-style: normal;\"><span style=\"font-weight: normal;\">Os dados sobre coliga\u00e7\u00e3o, previs\u00e3o de gastos de campanha, rela\u00e7\u00e3o de bens e acompanhamento do processo de registro de cada candidato podem ser verificados no sistema DivulgaCand2014, dispon\u00edvel no endere\u00e7o eletr\u00f4nico\u00a0<\/span><\/span><\/span><\/span><\/span><\/span><a href=\"http:\/\/www.tre-ma.jus.br\/\"><span style=\"font-variant: normal;\"><span style=\"color: #000000;\"><span style=\"text-decoration: none;\"><span style=\"font-family: Times New Roman,serif;\"><span style=\"font-size: medium;\"><span style=\"font-style: normal;\"><span style=\"font-weight: normal;\">www.tre-ma.jus.br<\/span><\/span><\/span><\/span><\/span><\/span><\/span><\/a><span style=\"font-variant: normal;\"><span style=\"color: #000000;\"><span style=\"font-family: Times New Roman,serif;\"><span style=\"font-size: medium;\"><span style=\"font-style: normal;\"><span style=\"font-weight: normal;\">, guia Elei\u00e7\u00f5es \/ Elei\u00e7\u00f5es 2014.<\/span><\/span><\/span><\/span><\/span><\/span><\/p>\n<p style=\"margin-bottom: 0cm; border: none; padding: 0cm; font-variant: normal; font-style: normal; font-weight: normal; line-height: 100%;\" align=\"LEFT\"><span style=\"color: #000000;\"><span style=\"font-family: Times New Roman,serif;\"><span style=\"font-size: medium;\">De acordo com o artigo 54 da Resolu\u00e7\u00e3o 23.405 do Tribunal Superior Eleitoral, o prazo para julgar os pedidos e publicar as decis\u00f5es, inclusive acerca dos impugnados, encerra em 5 de agosto. O primeiro turno das elei\u00e7\u00f5es 2014 ocorre em 5 de outubro e eventual segundo turno no dia 26 do mesmo m\u00eas.<\/span><\/span><\/span><\/p>\n<p style=\"margin-bottom: 0cm; border: none; padding: 0cm; font-variant: normal; line-height: 100%;\" align=\"LEFT\"><span style=\"color: #000000;\">\u201c<span style=\"font-family: Times New Roman,serif;\"><span style=\"font-size: medium;\"><span style=\"font-style: normal;\"><span style=\"font-weight: normal;\">Al\u00e9m de montarmos estrutura especial no 5\u00ba andar para atender \u00e0 demanda, eu, o desembargador Guerreiro J\u00fanior (corregedor) e os demais membros da Corte nos reunimos no Tribunal para acompanhar o encerramento do prazo. Infelizmente, a maioria deixou para protocolar o pedido na \u00faltima hora\u201d, disse o desembargador Froz Sobrinho, presidente do TRE-MA.<\/span><\/span><\/span><\/span><\/span><\/p>\n","protected":false},"excerpt":{"rendered":"<p>O protocolo do Tribunal Regional Eleitoral do Maranh\u00e3o recebeu at\u00e9 o s\u00e1bado, 5 de julho, 755 pedidos de registros de [&hellip;]<\/p>\n","protected":false},"author":8,"featured_media":0,"comment_status":"open","ping_status":"open","sticky":false,"template":"","format":"standard","meta":{"site-sidebar-layout":"default","site-content-layout":"","ast-site-content-layout":"default","site-content-style":"default","site-sidebar-style":"default","ast-global-header-display":"","ast-banner-title-visibility":"","ast-main-header-display":"","ast-hfb-above-header-display":"","ast-hfb-below-header-display":"","ast-hfb-mobile-header-display":"","site-post-title":"","ast-breadcrumbs-content":"","ast-featured-img":"","footer-sml-layout":"","ast-disable-related-posts":"","theme-transparent-header-meta":"","adv-header-id-meta":"","stick-header-meta":"","header-above-stick-meta":"","header-main-stick-meta":"","header-below-stick-meta":"","astra-migrate-meta-layouts":"default","ast-page-background-enabled":"default","ast-page-background-meta":{"desktop":{"background-color":"var(--ast-global-color-5)","background-image":"","background-repeat":"repeat","background-position":"center center","background-size":"auto","background-attachment":"scroll","background-type":"","background-media":"","overlay-type":"","overlay-color":"","overlay-opacity":"","overlay-gradient":""},"tablet":{"background-color":"","background-image":"","background-repeat":"repeat","background-position":"center center","background-size":"auto","background-attachment":"scroll","background-type":"","background-media":"","overlay-type":"","overlay-color":"","overlay-opacity":"","overlay-gradient":""},"mobile":{"background-color":"","background-image":"","background-repeat":"repeat","background-position":"center center","background-size":"auto","background-attachment":"scroll","background-type":"","background-media":"","overlay-type":"","overlay-color":"","overlay-opacity":"","overlay-gradient":""}},"ast-content-background-meta":{"desktop":{"background-color":"var(--ast-global-color-4)","background-image":"","background-repeat":"repeat","background-position":"center center","background-size":"auto","background-attachment":"scroll","background-type":"","background-media":"","overlay-type":"","overlay-color":"","overlay-opacity":"","overlay-gradient":""},"tablet":{"background-color":"var(--ast-global-color-4)","background-image":"","background-repeat":"repeat","background-position":"center center","background-size":"auto","background-attachment":"scroll","background-type":"","background-media":"","overlay-type":"","overlay-color":"","overlay-opacity":"","overlay-gradient":""},"mobile":{"background-color":"var(--ast-global-color-4)","background-image":"","background-repeat":"repeat","background-position":"center center","background-size":"auto","background-attachment":"scroll","background-type":"","background-media":"","overlay-type":"","overlay-color":"","overlay-opacity":"","overlay-gradient":""}},"footnotes":""},"categories":[1],"tags":[],"class_list":["post-2559","post","type-post","status-publish","format-standard","hentry","category-sem-categoria"],"yoast_head":"<!-- This site is optimized with the Yoast SEO plugin v26.6 - https:\/\/yoast.com\/wordpress\/plugins\/seo\/ -->\n<title>Prazo para julgamento de registros de candidatura \u00e9 at\u00e9 5 de agosto - Fl\u00e1vio Braga<\/title>\n<meta name=\"robots\" content=\"index, follow, max-snippet:-1, max-image-preview:large, max-video-preview:-1\" \/>\n<link rel=\"canonical\" href=\"https:\/\/www.blogsoestado.com\/flaviobraga\/prazo-para-julgamento-de-registros-de-candidatura-e-ate-5-de-agosto\/\" \/>\n<meta property=\"og:locale\" content=\"pt_BR\" \/>\n<meta property=\"og:type\" content=\"article\" \/>\n<meta property=\"og:title\" content=\"Prazo para julgamento de registros de candidatura \u00e9 at\u00e9 5 de agosto - Fl\u00e1vio Braga\" \/>\n<meta property=\"og:description\" content=\"O protocolo do Tribunal Regional Eleitoral do Maranh\u00e3o recebeu at\u00e9 o s\u00e1bado, 5 de julho, 755 pedidos de registros de [&hellip;]\" \/>\n<meta property=\"og:url\" content=\"https:\/\/www.blogsoestado.com\/flaviobraga\/prazo-para-julgamento-de-registros-de-candidatura-e-ate-5-de-agosto\/\" \/>\n<meta property=\"og:site_name\" content=\"Fl\u00e1vio Braga\" \/>\n<meta property=\"article:published_time\" content=\"2014-07-10T16:31:46+00:00\" \/>\n<meta name=\"author\" content=\"Flavio Braga\" \/>\n<meta name=\"twitter:card\" content=\"summary_large_image\" \/>\n<meta name=\"twitter:label1\" content=\"Escrito por\" \/>\n\t<meta name=\"twitter:data1\" content=\"Flavio Braga\" \/>\n\t<meta name=\"twitter:label2\" content=\"Est. tempo de leitura\" \/>\n\t<meta name=\"twitter:data2\" content=\"1 minuto\" \/>\n<script type=\"application\/ld+json\" class=\"yoast-schema-graph\">{\"@context\":\"https:\/\/schema.org\",\"@graph\":[{\"@type\":\"WebPage\",\"@id\":\"https:\/\/www.blogsoestado.com\/flaviobraga\/prazo-para-julgamento-de-registros-de-candidatura-e-ate-5-de-agosto\/\",\"url\":\"https:\/\/www.blogsoestado.com\/flaviobraga\/prazo-para-julgamento-de-registros-de-candidatura-e-ate-5-de-agosto\/\",\"name\":\"Prazo para julgamento de registros de candidatura \u00e9 at\u00e9 5 de agosto - Fl\u00e1vio Braga\",\"isPartOf\":{\"@id\":\"https:\/\/www.blogsoestado.com\/flaviobraga\/#website\"},\"datePublished\":\"2014-07-10T16:31:46+00:00\",\"author\":{\"@id\":\"https:\/\/www.blogsoestado.com\/flaviobraga\/#\/schema\/person\/6c6c778331775c757a82d15206bd8733\"},\"breadcrumb\":{\"@id\":\"https:\/\/www.blogsoestado.com\/flaviobraga\/prazo-para-julgamento-de-registros-de-candidatura-e-ate-5-de-agosto\/#breadcrumb\"},\"inLanguage\":\"pt-BR\",\"potentialAction\":[{\"@type\":\"ReadAction\",\"target\":[\"https:\/\/www.blogsoestado.com\/flaviobraga\/prazo-para-julgamento-de-registros-de-candidatura-e-ate-5-de-agosto\/\"]}]},{\"@type\":\"BreadcrumbList\",\"@id\":\"https:\/\/www.blogsoestado.com\/flaviobraga\/prazo-para-julgamento-de-registros-de-candidatura-e-ate-5-de-agosto\/#breadcrumb\",\"itemListElement\":[{\"@type\":\"ListItem\",\"position\":1,\"name\":\"In\u00edcio\",\"item\":\"https:\/\/www.blogsoestado.com\/flaviobraga\/\"},{\"@type\":\"ListItem\",\"position\":2,\"name\":\"Prazo para julgamento de registros de candidatura \u00e9 at\u00e9 5 de agosto\"}]},{\"@type\":\"WebSite\",\"@id\":\"https:\/\/www.blogsoestado.com\/flaviobraga\/#website\",\"url\":\"https:\/\/www.blogsoestado.com\/flaviobraga\/\",\"name\":\"Fl\u00e1vio Braga\",\"description\":\"\",\"potentialAction\":[{\"@type\":\"SearchAction\",\"target\":{\"@type\":\"EntryPoint\",\"urlTemplate\":\"https:\/\/www.blogsoestado.com\/flaviobraga\/?s={search_term_string}\"},\"query-input\":{\"@type\":\"PropertyValueSpecification\",\"valueRequired\":true,\"valueName\":\"search_term_string\"}}],\"inLanguage\":\"pt-BR\"},{\"@type\":\"Person\",\"@id\":\"https:\/\/www.blogsoestado.com\/flaviobraga\/#\/schema\/person\/6c6c778331775c757a82d15206bd8733\",\"name\":\"Flavio Braga\",\"image\":{\"@type\":\"ImageObject\",\"inLanguage\":\"pt-BR\",\"@id\":\"https:\/\/www.blogsoestado.com\/flaviobraga\/#\/schema\/person\/image\/\",\"url\":\"https:\/\/secure.gravatar.com\/avatar\/ab173937dad8d78195c87778be8a0285d069ede375ce0ae24aac1cf8e58ccb2c?s=96&d=mm&r=g\",\"contentUrl\":\"https:\/\/secure.gravatar.com\/avatar\/ab173937dad8d78195c87778be8a0285d069ede375ce0ae24aac1cf8e58ccb2c?s=96&d=mm&r=g\",\"caption\":\"Flavio Braga\"},\"url\":\"https:\/\/www.blogsoestado.com\/flaviobraga\/author\/flaviobraga\/\"}]}<\/script>\n<!-- \/ Yoast SEO plugin. -->","yoast_head_json":{"title":"Prazo para julgamento de registros de candidatura \u00e9 at\u00e9 5 de agosto - Fl\u00e1vio Braga","robots":{"index":"index","follow":"follow","max-snippet":"max-snippet:-1","max-image-preview":"max-image-preview:large","max-video-preview":"max-video-preview:-1"},"canonical":"https:\/\/www.blogsoestado.com\/flaviobraga\/prazo-para-julgamento-de-registros-de-candidatura-e-ate-5-de-agosto\/","og_locale":"pt_BR","og_type":"article","og_title":"Prazo para julgamento de registros de candidatura \u00e9 at\u00e9 5 de agosto - Fl\u00e1vio Braga","og_description":"O protocolo do Tribunal Regional Eleitoral do Maranh\u00e3o recebeu at\u00e9 o s\u00e1bado, 5 de julho, 755 pedidos de registros de [&hellip;]","og_url":"https:\/\/www.blogsoestado.com\/flaviobraga\/prazo-para-julgamento-de-registros-de-candidatura-e-ate-5-de-agosto\/","og_site_name":"Fl\u00e1vio Braga","article_published_time":"2014-07-10T16:31:46+00:00","author":"Flavio Braga","twitter_card":"summary_large_image","twitter_misc":{"Escrito por":"Flavio Braga","Est. tempo de leitura":"1 minuto"},"schema":{"@context":"https:\/\/schema.org","@graph":[{"@type":"WebPage","@id":"https:\/\/www.blogsoestado.com\/flaviobraga\/prazo-para-julgamento-de-registros-de-candidatura-e-ate-5-de-agosto\/","url":"https:\/\/www.blogsoestado.com\/flaviobraga\/prazo-para-julgamento-de-registros-de-candidatura-e-ate-5-de-agosto\/","name":"Prazo para julgamento de registros de candidatura \u00e9 at\u00e9 5 de agosto - Fl\u00e1vio Braga","isPartOf":{"@id":"https:\/\/www.blogsoestado.com\/flaviobraga\/#website"},"datePublished":"2014-07-10T16:31:46+00:00","author":{"@id":"https:\/\/www.blogsoestado.com\/flaviobraga\/#\/schema\/person\/6c6c778331775c757a82d15206bd8733"},"breadcrumb":{"@id":"https:\/\/www.blogsoestado.com\/flaviobraga\/prazo-para-julgamento-de-registros-de-candidatura-e-ate-5-de-agosto\/#breadcrumb"},"inLanguage":"pt-BR","potentialAction":[{"@type":"ReadAction","target":["https:\/\/www.blogsoestado.com\/flaviobraga\/prazo-para-julgamento-de-registros-de-candidatura-e-ate-5-de-agosto\/"]}]},{"@type":"BreadcrumbList","@id":"https:\/\/www.blogsoestado.com\/flaviobraga\/prazo-para-julgamento-de-registros-de-candidatura-e-ate-5-de-agosto\/#breadcrumb","itemListElement":[{"@type":"ListItem","position":1,"name":"In\u00edcio","item":"https:\/\/www.blogsoestado.com\/flaviobraga\/"},{"@type":"ListItem","position":2,"name":"Prazo para julgamento de registros de candidatura \u00e9 at\u00e9 5 de agosto"}]},{"@type":"WebSite","@id":"https:\/\/www.blogsoestado.com\/flaviobraga\/#website","url":"https:\/\/www.blogsoestado.com\/flaviobraga\/","name":"Fl\u00e1vio Braga","description":"","potentialAction":[{"@type":"SearchAction","target":{"@type":"EntryPoint","urlTemplate":"https:\/\/www.blogsoestado.com\/flaviobraga\/?s={search_term_string}"},"query-input":{"@type":"PropertyValueSpecification","valueRequired":true,"valueName":"search_term_string"}}],"inLanguage":"pt-BR"},{"@type":"Person","@id":"https:\/\/www.blogsoestado.com\/flaviobraga\/#\/schema\/person\/6c6c778331775c757a82d15206bd8733","name":"Flavio Braga","image":{"@type":"ImageObject","inLanguage":"pt-BR","@id":"https:\/\/www.blogsoestado.com\/flaviobraga\/#\/schema\/person\/image\/","url":"https:\/\/secure.gravatar.com\/avatar\/ab173937dad8d78195c87778be8a0285d069ede375ce0ae24aac1cf8e58ccb2c?s=96&d=mm&r=g","contentUrl":"https:\/\/secure.gravatar.com\/avatar\/ab173937dad8d78195c87778be8a0285d069ede375ce0ae24aac1cf8e58ccb2c?s=96&d=mm&r=g","caption":"Flavio Braga"},"url":"https:\/\/www.blogsoestado.com\/flaviobraga\/author\/flaviobraga\/"}]}},"jetpack_featured_media_url":"","_links":{"self":[{"href":"https:\/\/www.blogsoestado.com\/flaviobraga\/wp-json\/wp\/v2\/posts\/2559","targetHints":{"allow":["GET"]}}],"collection":[{"href":"https:\/\/www.blogsoestado.com\/flaviobraga\/wp-json\/wp\/v2\/posts"}],"about":[{"href":"https:\/\/www.blogsoestado.com\/flaviobraga\/wp-json\/wp\/v2\/types\/post"}],"author":[{"embeddable":true,"href":"https:\/\/www.blogsoestado.com\/flaviobraga\/wp-json\/wp\/v2\/users\/8"}],"replies":[{"embeddable":true,"href":"https:\/\/www.blogsoestado.com\/flaviobraga\/wp-json\/wp\/v2\/comments?post=2559"}],"version-history":[{"count":0,"href":"https:\/\/www.blogsoestado.com\/flaviobraga\/wp-json\/wp\/v2\/posts\/2559\/revisions"}],"wp:attachment":[{"href":"https:\/\/www.blogsoestado.com\/flaviobraga\/wp-json\/wp\/v2\/media?parent=2559"}],"wp:term":[{"taxonomy":"category","embeddable":true,"href":"https:\/\/www.blogsoestado.com\/flaviobraga\/wp-json\/wp\/v2\/categories?post=2559"},{"taxonomy":"post_tag","embeddable":true,"href":"https:\/\/www.blogsoestado.com\/flaviobraga\/wp-json\/wp\/v2\/tags?post=2559"}],"curies":[{"name":"wp","href":"https:\/\/api.w.org\/{rel}","templated":true}]}}