{"id":2567,"date":"2014-07-19T12:05:29","date_gmt":"2014-07-19T15:05:29","guid":{"rendered":"https:\/\/www.blogsoestado.com\/flaviobraga\/?p=2567"},"modified":"2014-07-19T12:05:29","modified_gmt":"2014-07-19T15:05:29","slug":"formacao-e-funcionamento-das-coligacoes-partidarias","status":"publish","type":"post","link":"https:\/\/www.blogsoestado.com\/flaviobraga\/formacao-e-funcionamento-das-coligacoes-partidarias\/","title":{"rendered":"Forma\u00e7\u00e3o e funcionamento das coliga\u00e7\u00f5es partid\u00e1rias"},"content":{"rendered":"<p>O verbo <em>coligar<\/em> tem o sentido de aproximar, juntar, associar, aliar; unir para alcan\u00e7ar um objetivo comum. Assim, o instituto da coliga\u00e7\u00e3o partid\u00e1ria \u00e9 a uni\u00e3o, a associa\u00e7\u00e3o, o pacto, o cons\u00f3rcio, a alian\u00e7a tempor\u00e1ria de duas ou mais agremia\u00e7\u00f5es pol\u00edticas para a apresenta\u00e7\u00e3o unit\u00e1ria de candidatos e propostas comuns, mediante apoios rec\u00edprocos, com o escopo de obter melhor desempenho no certame eleitoral, seja ele majorit\u00e1rio ou proporcional.<\/p>\n<p>As coliga\u00e7\u00f5es distinguem-se dos partidos pol\u00edticos que a comp\u00f5em e a eles se sobrep\u00f5e, temporariamente, adquirindo capacidade jur\u00eddica para represent\u00e1-los e assumindo perante os demais partidos e coliga\u00e7\u00f5es, os \u00f3rg\u00e3os da Justi\u00e7a Eleitoral e os eleitores, a natureza de um superpartido pol\u00edtico.<\/p>\n<p>Na resposta \u00e0 Consulta n\u00b0 14.069\/1993, o Tribunal Superior Eleitoralacentuou que a coliga\u00e7\u00e3o tem a moldura de um &#8220;partido tempor\u00e1rio&#8221; e, por conseguinte, uma agremia\u00e7\u00e3o dela integrante n\u00e3o pode participar de mais de um bloco de legendas numa mesma circunscri\u00e7\u00e3o eleitoral.<\/p>\n<p>Quanto \u00e0 sua natureza jur\u00eddica, impende frisar que a coliga\u00e7\u00e3o n\u00e3o possui personalidade jur\u00eddica, de vez que a sua exist\u00eancia n\u00e3o est\u00e1 condicionada \u00e0 inscri\u00e7\u00e3o perante o cart\u00f3rio de registro civil das pessoas jur\u00eddicas. Deveras, a aquisi\u00e7\u00e3o de personalidade jur\u00eddica na forma da lei civil \u00e9 obriga\u00e7\u00e3o imposta apenas ao partido pol\u00edtico. Ap\u00f3s o cumprimento dessa exig\u00eancia legal, o partido registra o seu estatuto no TSE.<\/p>\n<p>Para Carlos Eduardo Lula, o instituto da coliga\u00e7\u00e3o \u00e9 uma hip\u00f3tese cl\u00e1ssica de fic\u00e7\u00e3o jur\u00eddica. Em verdade, a coliga\u00e7\u00e3o pode ser considerada uma quase-pessoa jur\u00eddica, equiparada a entes como a massa falida, a heran\u00e7a jacente, o esp\u00f3lio e o condom\u00ednio em edif\u00edcios, que n\u00e3o possuem personalidade jur\u00eddica, mas s\u00e3o aptos ao exerc\u00edcio de alguns direitos e obriga\u00e7\u00f5es.<\/p>\n<p>De outro prisma, a coliga\u00e7\u00e3o det\u00e9m personalidade judici\u00e1ria e, em conseq\u00fc\u00eancia, capacidade processual (capacidade de ser parte em processo judicial, de atuar em ju\u00edzo validamente como sujeito ativo ou passivo de uma rela\u00e7\u00e3o jur\u00eddica processual). Com efeito, a coliga\u00e7\u00e3o \u00e9 dotada de legitimidade para ajuizar as representa\u00e7\u00f5es e a\u00e7\u00f5es t\u00edpicas do Direito Processual Eleitoral, da mesma maneira que sucede com os partidos, candidatos e Minist\u00e9rio P\u00fablico Eleitoral. Tamb\u00e9m ostenta legitimidade passiva para determinadas demandas eleitorais.<\/p>\n<p>A Constitui\u00e7\u00e3o Federal confere aos partidos pol\u00edticos autonomia para adotar os crit\u00e9rios de escolha e o regime de suas coliga\u00e7\u00f5es eleitorais, sem obrigatoriedade de vincula\u00e7\u00e3o entre as candidaturas em \u00e2mbito nacional, estadual, distrital ou municipal, conforme assegurado pela Emenda Constitucional n\u00ba 52\/2006.<\/p>\n<p>As normas para forma\u00e7\u00e3o das coliga\u00e7\u00f5es s\u00e3o estabelecidas no estatuto de cada partido, na Lei Geral das Elei\u00e7\u00f5es (LGE) e nas resolu\u00e7\u00f5es do TSE que cuidam da fase de registro de candidaturas.<\/p>\n<p>Consoante o artigo 6\u00ba, da LGE, as coliga\u00e7\u00f5es poder\u00e3o ser formadas, no \u00e2mbito de uma mesma circunscri\u00e7\u00e3o,para a elei\u00e7\u00e3o majorit\u00e1ria, para a elei\u00e7\u00e3o proporcional, ou para ambas, podendo, neste \u00faltimo caso, formar-se mais de uma coliga\u00e7\u00e3o para a elei\u00e7\u00e3o proporcional dentre os partidos que integram a coliga\u00e7\u00e3o para o pleito majorit\u00e1rio. A coliga\u00e7\u00e3o \u00e9 representada perante o ju\u00edzo eleitoral por um preposto que ter\u00e1 atribui\u00e7\u00f5es equivalentes \u00e0s de presidente de partido pol\u00edtico ou por at\u00e9 3 delegados indicados pelos partidos que a comp\u00f5em.<\/p>\n","protected":false},"excerpt":{"rendered":"<p>O verbo coligar tem o sentido de aproximar, juntar, associar, aliar; unir para alcan\u00e7ar um objetivo comum. Assim, o instituto [&hellip;]<\/p>\n","protected":false},"author":8,"featured_media":0,"comment_status":"open","ping_status":"open","sticky":false,"template":"","format":"standard","meta":{"site-sidebar-layout":"default","site-content-layout":"","ast-site-content-layout":"default","site-content-style":"default","site-sidebar-style":"default","ast-global-header-display":"","ast-banner-title-visibility":"","ast-main-header-display":"","ast-hfb-above-header-display":"","ast-hfb-below-header-display":"","ast-hfb-mobile-header-display":"","site-post-title":"","ast-breadcrumbs-content":"","ast-featured-img":"","footer-sml-layout":"","ast-disable-related-posts":"","theme-transparent-header-meta":"","adv-header-id-meta":"","stick-header-meta":"","header-above-stick-meta":"","header-main-stick-meta":"","header-below-stick-meta":"","astra-migrate-meta-layouts":"default","ast-page-background-enabled":"default","ast-page-background-meta":{"desktop":{"background-color":"var(--ast-global-color-5)","background-image":"","background-repeat":"repeat","background-position":"center center","background-size":"auto","background-attachment":"scroll","background-type":"","background-media":"","overlay-type":"","overlay-color":"","overlay-opacity":"","overlay-gradient":""},"tablet":{"background-color":"","background-image":"","background-repeat":"repeat","background-position":"center center","background-size":"auto","background-attachment":"scroll","background-type":"","background-media":"","overlay-type":"","overlay-color":"","overlay-opacity":"","overlay-gradient":""},"mobile":{"background-color":"","background-image":"","background-repeat":"repeat","background-position":"center center","background-size":"auto","background-attachment":"scroll","background-type":"","background-media":"","overlay-type":"","overlay-color":"","overlay-opacity":"","overlay-gradient":""}},"ast-content-background-meta":{"desktop":{"background-color":"var(--ast-global-color-4)","background-image":"","background-repeat":"repeat","background-position":"center center","background-size":"auto","background-attachment":"scroll","background-type":"","background-media":"","overlay-type":"","overlay-color":"","overlay-opacity":"","overlay-gradient":""},"tablet":{"background-color":"var(--ast-global-color-4)","background-image":"","background-repeat":"repeat","background-position":"center center","background-size":"auto","background-attachment":"scroll","background-type":"","background-media":"","overlay-type":"","overlay-color":"","overlay-opacity":"","overlay-gradient":""},"mobile":{"background-color":"var(--ast-global-color-4)","background-image":"","background-repeat":"repeat","background-position":"center center","background-size":"auto","background-attachment":"scroll","background-type":"","background-media":"","overlay-type":"","overlay-color":"","overlay-opacity":"","overlay-gradient":""}},"footnotes":""},"categories":[1],"tags":[],"class_list":["post-2567","post","type-post","status-publish","format-standard","hentry","category-sem-categoria"],"yoast_head":"<!-- This site is optimized with the Yoast SEO plugin v26.6 - https:\/\/yoast.com\/wordpress\/plugins\/seo\/ -->\n<title>Forma\u00e7\u00e3o e funcionamento das coliga\u00e7\u00f5es partid\u00e1rias - Fl\u00e1vio Braga<\/title>\n<meta name=\"robots\" content=\"index, follow, max-snippet:-1, max-image-preview:large, max-video-preview:-1\" \/>\n<link rel=\"canonical\" href=\"https:\/\/www.blogsoestado.com\/flaviobraga\/formacao-e-funcionamento-das-coligacoes-partidarias\/\" \/>\n<meta property=\"og:locale\" content=\"pt_BR\" \/>\n<meta property=\"og:type\" content=\"article\" \/>\n<meta property=\"og:title\" content=\"Forma\u00e7\u00e3o e funcionamento das coliga\u00e7\u00f5es partid\u00e1rias - Fl\u00e1vio Braga\" \/>\n<meta property=\"og:description\" content=\"O verbo coligar tem o sentido de aproximar, juntar, associar, aliar; unir para alcan\u00e7ar um objetivo comum. Assim, o instituto [&hellip;]\" \/>\n<meta property=\"og:url\" content=\"https:\/\/www.blogsoestado.com\/flaviobraga\/formacao-e-funcionamento-das-coligacoes-partidarias\/\" \/>\n<meta property=\"og:site_name\" content=\"Fl\u00e1vio Braga\" \/>\n<meta property=\"article:published_time\" content=\"2014-07-19T15:05:29+00:00\" \/>\n<meta name=\"author\" content=\"Flavio Braga\" \/>\n<meta name=\"twitter:card\" content=\"summary_large_image\" \/>\n<meta name=\"twitter:label1\" content=\"Escrito por\" \/>\n\t<meta name=\"twitter:data1\" content=\"Flavio Braga\" \/>\n\t<meta name=\"twitter:label2\" content=\"Est. tempo de leitura\" \/>\n\t<meta name=\"twitter:data2\" content=\"3 minutos\" \/>\n<script type=\"application\/ld+json\" class=\"yoast-schema-graph\">{\"@context\":\"https:\/\/schema.org\",\"@graph\":[{\"@type\":\"WebPage\",\"@id\":\"https:\/\/www.blogsoestado.com\/flaviobraga\/formacao-e-funcionamento-das-coligacoes-partidarias\/\",\"url\":\"https:\/\/www.blogsoestado.com\/flaviobraga\/formacao-e-funcionamento-das-coligacoes-partidarias\/\",\"name\":\"Forma\u00e7\u00e3o e funcionamento das coliga\u00e7\u00f5es partid\u00e1rias - Fl\u00e1vio Braga\",\"isPartOf\":{\"@id\":\"https:\/\/www.blogsoestado.com\/flaviobraga\/#website\"},\"datePublished\":\"2014-07-19T15:05:29+00:00\",\"author\":{\"@id\":\"https:\/\/www.blogsoestado.com\/flaviobraga\/#\/schema\/person\/6c6c778331775c757a82d15206bd8733\"},\"breadcrumb\":{\"@id\":\"https:\/\/www.blogsoestado.com\/flaviobraga\/formacao-e-funcionamento-das-coligacoes-partidarias\/#breadcrumb\"},\"inLanguage\":\"pt-BR\",\"potentialAction\":[{\"@type\":\"ReadAction\",\"target\":[\"https:\/\/www.blogsoestado.com\/flaviobraga\/formacao-e-funcionamento-das-coligacoes-partidarias\/\"]}]},{\"@type\":\"BreadcrumbList\",\"@id\":\"https:\/\/www.blogsoestado.com\/flaviobraga\/formacao-e-funcionamento-das-coligacoes-partidarias\/#breadcrumb\",\"itemListElement\":[{\"@type\":\"ListItem\",\"position\":1,\"name\":\"In\u00edcio\",\"item\":\"https:\/\/www.blogsoestado.com\/flaviobraga\/\"},{\"@type\":\"ListItem\",\"position\":2,\"name\":\"Forma\u00e7\u00e3o e funcionamento das coliga\u00e7\u00f5es partid\u00e1rias\"}]},{\"@type\":\"WebSite\",\"@id\":\"https:\/\/www.blogsoestado.com\/flaviobraga\/#website\",\"url\":\"https:\/\/www.blogsoestado.com\/flaviobraga\/\",\"name\":\"Fl\u00e1vio Braga\",\"description\":\"\",\"potentialAction\":[{\"@type\":\"SearchAction\",\"target\":{\"@type\":\"EntryPoint\",\"urlTemplate\":\"https:\/\/www.blogsoestado.com\/flaviobraga\/?s={search_term_string}\"},\"query-input\":{\"@type\":\"PropertyValueSpecification\",\"valueRequired\":true,\"valueName\":\"search_term_string\"}}],\"inLanguage\":\"pt-BR\"},{\"@type\":\"Person\",\"@id\":\"https:\/\/www.blogsoestado.com\/flaviobraga\/#\/schema\/person\/6c6c778331775c757a82d15206bd8733\",\"name\":\"Flavio Braga\",\"image\":{\"@type\":\"ImageObject\",\"inLanguage\":\"pt-BR\",\"@id\":\"https:\/\/www.blogsoestado.com\/flaviobraga\/#\/schema\/person\/image\/\",\"url\":\"https:\/\/secure.gravatar.com\/avatar\/ab173937dad8d78195c87778be8a0285d069ede375ce0ae24aac1cf8e58ccb2c?s=96&d=mm&r=g\",\"contentUrl\":\"https:\/\/secure.gravatar.com\/avatar\/ab173937dad8d78195c87778be8a0285d069ede375ce0ae24aac1cf8e58ccb2c?s=96&d=mm&r=g\",\"caption\":\"Flavio Braga\"},\"url\":\"https:\/\/www.blogsoestado.com\/flaviobraga\/author\/flaviobraga\/\"}]}<\/script>\n<!-- \/ Yoast SEO plugin. -->","yoast_head_json":{"title":"Forma\u00e7\u00e3o e funcionamento das coliga\u00e7\u00f5es partid\u00e1rias - Fl\u00e1vio Braga","robots":{"index":"index","follow":"follow","max-snippet":"max-snippet:-1","max-image-preview":"max-image-preview:large","max-video-preview":"max-video-preview:-1"},"canonical":"https:\/\/www.blogsoestado.com\/flaviobraga\/formacao-e-funcionamento-das-coligacoes-partidarias\/","og_locale":"pt_BR","og_type":"article","og_title":"Forma\u00e7\u00e3o e funcionamento das coliga\u00e7\u00f5es partid\u00e1rias - Fl\u00e1vio Braga","og_description":"O verbo coligar tem o sentido de aproximar, juntar, associar, aliar; unir para alcan\u00e7ar um objetivo comum. Assim, o instituto [&hellip;]","og_url":"https:\/\/www.blogsoestado.com\/flaviobraga\/formacao-e-funcionamento-das-coligacoes-partidarias\/","og_site_name":"Fl\u00e1vio Braga","article_published_time":"2014-07-19T15:05:29+00:00","author":"Flavio Braga","twitter_card":"summary_large_image","twitter_misc":{"Escrito por":"Flavio Braga","Est. tempo de leitura":"3 minutos"},"schema":{"@context":"https:\/\/schema.org","@graph":[{"@type":"WebPage","@id":"https:\/\/www.blogsoestado.com\/flaviobraga\/formacao-e-funcionamento-das-coligacoes-partidarias\/","url":"https:\/\/www.blogsoestado.com\/flaviobraga\/formacao-e-funcionamento-das-coligacoes-partidarias\/","name":"Forma\u00e7\u00e3o e funcionamento das coliga\u00e7\u00f5es partid\u00e1rias - Fl\u00e1vio Braga","isPartOf":{"@id":"https:\/\/www.blogsoestado.com\/flaviobraga\/#website"},"datePublished":"2014-07-19T15:05:29+00:00","author":{"@id":"https:\/\/www.blogsoestado.com\/flaviobraga\/#\/schema\/person\/6c6c778331775c757a82d15206bd8733"},"breadcrumb":{"@id":"https:\/\/www.blogsoestado.com\/flaviobraga\/formacao-e-funcionamento-das-coligacoes-partidarias\/#breadcrumb"},"inLanguage":"pt-BR","potentialAction":[{"@type":"ReadAction","target":["https:\/\/www.blogsoestado.com\/flaviobraga\/formacao-e-funcionamento-das-coligacoes-partidarias\/"]}]},{"@type":"BreadcrumbList","@id":"https:\/\/www.blogsoestado.com\/flaviobraga\/formacao-e-funcionamento-das-coligacoes-partidarias\/#breadcrumb","itemListElement":[{"@type":"ListItem","position":1,"name":"In\u00edcio","item":"https:\/\/www.blogsoestado.com\/flaviobraga\/"},{"@type":"ListItem","position":2,"name":"Forma\u00e7\u00e3o e funcionamento das coliga\u00e7\u00f5es partid\u00e1rias"}]},{"@type":"WebSite","@id":"https:\/\/www.blogsoestado.com\/flaviobraga\/#website","url":"https:\/\/www.blogsoestado.com\/flaviobraga\/","name":"Fl\u00e1vio Braga","description":"","potentialAction":[{"@type":"SearchAction","target":{"@type":"EntryPoint","urlTemplate":"https:\/\/www.blogsoestado.com\/flaviobraga\/?s={search_term_string}"},"query-input":{"@type":"PropertyValueSpecification","valueRequired":true,"valueName":"search_term_string"}}],"inLanguage":"pt-BR"},{"@type":"Person","@id":"https:\/\/www.blogsoestado.com\/flaviobraga\/#\/schema\/person\/6c6c778331775c757a82d15206bd8733","name":"Flavio Braga","image":{"@type":"ImageObject","inLanguage":"pt-BR","@id":"https:\/\/www.blogsoestado.com\/flaviobraga\/#\/schema\/person\/image\/","url":"https:\/\/secure.gravatar.com\/avatar\/ab173937dad8d78195c87778be8a0285d069ede375ce0ae24aac1cf8e58ccb2c?s=96&d=mm&r=g","contentUrl":"https:\/\/secure.gravatar.com\/avatar\/ab173937dad8d78195c87778be8a0285d069ede375ce0ae24aac1cf8e58ccb2c?s=96&d=mm&r=g","caption":"Flavio Braga"},"url":"https:\/\/www.blogsoestado.com\/flaviobraga\/author\/flaviobraga\/"}]}},"jetpack_featured_media_url":"","_links":{"self":[{"href":"https:\/\/www.blogsoestado.com\/flaviobraga\/wp-json\/wp\/v2\/posts\/2567","targetHints":{"allow":["GET"]}}],"collection":[{"href":"https:\/\/www.blogsoestado.com\/flaviobraga\/wp-json\/wp\/v2\/posts"}],"about":[{"href":"https:\/\/www.blogsoestado.com\/flaviobraga\/wp-json\/wp\/v2\/types\/post"}],"author":[{"embeddable":true,"href":"https:\/\/www.blogsoestado.com\/flaviobraga\/wp-json\/wp\/v2\/users\/8"}],"replies":[{"embeddable":true,"href":"https:\/\/www.blogsoestado.com\/flaviobraga\/wp-json\/wp\/v2\/comments?post=2567"}],"version-history":[{"count":0,"href":"https:\/\/www.blogsoestado.com\/flaviobraga\/wp-json\/wp\/v2\/posts\/2567\/revisions"}],"wp:attachment":[{"href":"https:\/\/www.blogsoestado.com\/flaviobraga\/wp-json\/wp\/v2\/media?parent=2567"}],"wp:term":[{"taxonomy":"category","embeddable":true,"href":"https:\/\/www.blogsoestado.com\/flaviobraga\/wp-json\/wp\/v2\/categories?post=2567"},{"taxonomy":"post_tag","embeddable":true,"href":"https:\/\/www.blogsoestado.com\/flaviobraga\/wp-json\/wp\/v2\/tags?post=2567"}],"curies":[{"name":"wp","href":"https:\/\/api.w.org\/{rel}","templated":true}]}}