{"id":2569,"date":"2014-07-19T12:08:19","date_gmt":"2014-07-19T15:08:19","guid":{"rendered":"https:\/\/www.blogsoestado.com\/flaviobraga\/?p=2569"},"modified":"2014-07-19T12:08:19","modified_gmt":"2014-07-19T15:08:19","slug":"acao-de-impugnacao-de-registro-de-candidatura-parte-1-2","status":"publish","type":"post","link":"https:\/\/www.blogsoestado.com\/flaviobraga\/acao-de-impugnacao-de-registro-de-candidatura-parte-1-2\/","title":{"rendered":"A\u00e7\u00e3o de Impugna\u00e7\u00e3o de Registro de Candidatura (parte 1)"},"content":{"rendered":"<p>Impugnar um pedido de registro de candidatura significa pugnarcontra, oferecer resist\u00eancia, opor obst\u00e1culo ao seu deferimento, buscando excluir da disputa eleitoral o candidato reputado inapto.<\/p>\n<p>Ao contr\u00e1rio do que sup\u00f5e o senso comum, o candidato impugnado n\u00e3o est\u00e1 automaticamente alijado do processo eleitoral. Essa exclus\u00e3o s\u00f3 pode acontecer mediante o devido processo legal, com as garantias do contradit\u00f3rio e da ampla defesa. Ao final do tr\u00e2mite processual, ent\u00e3o, a Justi\u00e7a Eleitoral decide a controv\u00e9rsia, deferindo ou indeferindo o requerimento de registro de candidatura. Portanto, n\u00e3o se deve confundir o verbo \u201cimpugnar\u201d com o verbo \u201cindeferir\u201d.<\/p>\n<p>Ap\u00f3s a publica\u00e7\u00e3o do edital contendo a rela\u00e7\u00e3o nominal de todos os candidatos, come\u00e7a a correr o prazo decadencial de cinco dias para o ajuizamento da A\u00e7\u00e3o de Impugna\u00e7\u00e3o de Registro de Candidatura (AIRC), que pode ser intentada por qualquer candidato, partido pol\u00edtico, coliga\u00e7\u00e3o ou Minist\u00e9rio P\u00fablico Eleitoral.<\/p>\n<p>A legitimidade ativa de \u201cqualquer candidato\u201d \u00e9 adquirida por meio da mera solicita\u00e7\u00e3o do seu registro de candidatura. Desse modo, para figurar no p\u00f3lo ativo da AIRC n\u00e3o precisa estar com o registro oficialmente deferido pela Justi\u00e7a Eleitoral.<\/p>\n<p>Cumpre salientar que o partido pol\u00edtico coligado n\u00e3o det\u00e9m legitimidade para ajuizar a AIRC de forma isolada, conforme restri\u00e7\u00e3o imposta no artigo 6\u00ba, \u00a7 4\u00ba da Lei Geral das Elei\u00e7\u00f5es, salvo quando questionar a validade da pr\u00f3pria coliga\u00e7\u00e3o. \u00c9 que os partidos coligados adquirem a moldura de um superpartido pol\u00edtico e devem atuar de forma unit\u00e1ria ao longo do processo eleitoral.<\/p>\n<p>A impugna\u00e7\u00e3o proposta por candidato, partido pol\u00edtico ou coliga\u00e7\u00e3o, n\u00e3o impede a a\u00e7\u00e3o do Minist\u00e9rio P\u00fablico Eleitoral no mesmo sentido, na condi\u00e7\u00e3o de co-legitimado.<\/p>\n<p>Ao contr\u00e1rio do artigo 97, \u00a7 3\u00ba do C\u00f3digo Eleitoral, a Lei das Inelegibilidades n\u00e3o conferiu legitimidade ao eleitor (pessoa natural) para a propositura da a\u00e7\u00e3o impugnat\u00f3ria. A doutrina sustenta que essa faculdade produziria abusos no manejo da AIRC, acarretando uma profus\u00e3o de demandas eleitorais, muitas vezes infundadas e temer\u00e1rias, em detrimento da imperiosa celeridade que norteia a fase de registro de candidaturas.<\/p>\n<p>Todavia, qualquer cidad\u00e3o no gozo de seus direitos pol\u00edticos poder\u00e1, no mesmo prazo de 5 dias, oferecer not\u00edcia de inelegibilidade ao ju\u00edzo eleitoral competente, mediante peti\u00e7\u00e3o fundamentada, que tamb\u00e9m pode resultar na denega\u00e7\u00e3o do registro de candidatura.<\/p>\n<p>Proposta a a\u00e7\u00e3o impugnat\u00f3ria, judicializa-se a mat\u00e9ria, instaura-se a lide e o feito, de car\u00e1ter originariamente administrativo, converte-se em processo jurisdicional, submetido ao rito ordin\u00e1rio eleitoral estatu\u00eddo nos artigos 3\u00ba a 16 da Lei das Inelegibilidades, cuja dila\u00e7\u00e3o compreende 34 dias.<\/p>\n","protected":false},"excerpt":{"rendered":"<p>Impugnar um pedido de registro de candidatura significa pugnarcontra, oferecer resist\u00eancia, opor obst\u00e1culo ao seu deferimento, buscando excluir da disputa [&hellip;]<\/p>\n","protected":false},"author":8,"featured_media":0,"comment_status":"open","ping_status":"open","sticky":false,"template":"","format":"standard","meta":{"site-sidebar-layout":"default","site-content-layout":"","ast-site-content-layout":"default","site-content-style":"default","site-sidebar-style":"default","ast-global-header-display":"","ast-banner-title-visibility":"","ast-main-header-display":"","ast-hfb-above-header-display":"","ast-hfb-below-header-display":"","ast-hfb-mobile-header-display":"","site-post-title":"","ast-breadcrumbs-content":"","ast-featured-img":"","footer-sml-layout":"","ast-disable-related-posts":"","theme-transparent-header-meta":"","adv-header-id-meta":"","stick-header-meta":"","header-above-stick-meta":"","header-main-stick-meta":"","header-below-stick-meta":"","astra-migrate-meta-layouts":"default","ast-page-background-enabled":"default","ast-page-background-meta":{"desktop":{"background-color":"var(--ast-global-color-5)","background-image":"","background-repeat":"repeat","background-position":"center center","background-size":"auto","background-attachment":"scroll","background-type":"","background-media":"","overlay-type":"","overlay-color":"","overlay-opacity":"","overlay-gradient":""},"tablet":{"background-color":"","background-image":"","background-repeat":"repeat","background-position":"center center","background-size":"auto","background-attachment":"scroll","background-type":"","background-media":"","overlay-type":"","overlay-color":"","overlay-opacity":"","overlay-gradient":""},"mobile":{"background-color":"","background-image":"","background-repeat":"repeat","background-position":"center center","background-size":"auto","background-attachment":"scroll","background-type":"","background-media":"","overlay-type":"","overlay-color":"","overlay-opacity":"","overlay-gradient":""}},"ast-content-background-meta":{"desktop":{"background-color":"var(--ast-global-color-4)","background-image":"","background-repeat":"repeat","background-position":"center center","background-size":"auto","background-attachment":"scroll","background-type":"","background-media":"","overlay-type":"","overlay-color":"","overlay-opacity":"","overlay-gradient":""},"tablet":{"background-color":"var(--ast-global-color-4)","background-image":"","background-repeat":"repeat","background-position":"center center","background-size":"auto","background-attachment":"scroll","background-type":"","background-media":"","overlay-type":"","overlay-color":"","overlay-opacity":"","overlay-gradient":""},"mobile":{"background-color":"var(--ast-global-color-4)","background-image":"","background-repeat":"repeat","background-position":"center center","background-size":"auto","background-attachment":"scroll","background-type":"","background-media":"","overlay-type":"","overlay-color":"","overlay-opacity":"","overlay-gradient":""}},"footnotes":""},"categories":[1],"tags":[],"class_list":["post-2569","post","type-post","status-publish","format-standard","hentry","category-sem-categoria"],"yoast_head":"<!-- This site is optimized with the Yoast SEO plugin v26.6 - https:\/\/yoast.com\/wordpress\/plugins\/seo\/ -->\n<title>A\u00e7\u00e3o de Impugna\u00e7\u00e3o de Registro de Candidatura (parte 1) - Fl\u00e1vio Braga<\/title>\n<meta name=\"robots\" content=\"index, follow, max-snippet:-1, max-image-preview:large, max-video-preview:-1\" \/>\n<link rel=\"canonical\" href=\"https:\/\/www.blogsoestado.com\/flaviobraga\/acao-de-impugnacao-de-registro-de-candidatura-parte-1-2\/\" \/>\n<meta property=\"og:locale\" content=\"pt_BR\" \/>\n<meta property=\"og:type\" content=\"article\" \/>\n<meta property=\"og:title\" content=\"A\u00e7\u00e3o de Impugna\u00e7\u00e3o de Registro de Candidatura (parte 1) - Fl\u00e1vio Braga\" \/>\n<meta property=\"og:description\" content=\"Impugnar um pedido de registro de candidatura significa pugnarcontra, oferecer resist\u00eancia, opor obst\u00e1culo ao seu deferimento, buscando excluir da disputa [&hellip;]\" \/>\n<meta property=\"og:url\" content=\"https:\/\/www.blogsoestado.com\/flaviobraga\/acao-de-impugnacao-de-registro-de-candidatura-parte-1-2\/\" \/>\n<meta property=\"og:site_name\" content=\"Fl\u00e1vio Braga\" \/>\n<meta property=\"article:published_time\" content=\"2014-07-19T15:08:19+00:00\" \/>\n<meta name=\"author\" content=\"Flavio Braga\" \/>\n<meta name=\"twitter:card\" content=\"summary_large_image\" \/>\n<meta name=\"twitter:label1\" content=\"Escrito por\" \/>\n\t<meta name=\"twitter:data1\" content=\"Flavio Braga\" \/>\n\t<meta name=\"twitter:label2\" content=\"Est. tempo de leitura\" \/>\n\t<meta name=\"twitter:data2\" content=\"2 minutos\" \/>\n<script type=\"application\/ld+json\" class=\"yoast-schema-graph\">{\"@context\":\"https:\/\/schema.org\",\"@graph\":[{\"@type\":\"WebPage\",\"@id\":\"https:\/\/www.blogsoestado.com\/flaviobraga\/acao-de-impugnacao-de-registro-de-candidatura-parte-1-2\/\",\"url\":\"https:\/\/www.blogsoestado.com\/flaviobraga\/acao-de-impugnacao-de-registro-de-candidatura-parte-1-2\/\",\"name\":\"A\u00e7\u00e3o de Impugna\u00e7\u00e3o de Registro de Candidatura (parte 1) - Fl\u00e1vio Braga\",\"isPartOf\":{\"@id\":\"https:\/\/www.blogsoestado.com\/flaviobraga\/#website\"},\"datePublished\":\"2014-07-19T15:08:19+00:00\",\"author\":{\"@id\":\"https:\/\/www.blogsoestado.com\/flaviobraga\/#\/schema\/person\/6c6c778331775c757a82d15206bd8733\"},\"breadcrumb\":{\"@id\":\"https:\/\/www.blogsoestado.com\/flaviobraga\/acao-de-impugnacao-de-registro-de-candidatura-parte-1-2\/#breadcrumb\"},\"inLanguage\":\"pt-BR\",\"potentialAction\":[{\"@type\":\"ReadAction\",\"target\":[\"https:\/\/www.blogsoestado.com\/flaviobraga\/acao-de-impugnacao-de-registro-de-candidatura-parte-1-2\/\"]}]},{\"@type\":\"BreadcrumbList\",\"@id\":\"https:\/\/www.blogsoestado.com\/flaviobraga\/acao-de-impugnacao-de-registro-de-candidatura-parte-1-2\/#breadcrumb\",\"itemListElement\":[{\"@type\":\"ListItem\",\"position\":1,\"name\":\"In\u00edcio\",\"item\":\"https:\/\/www.blogsoestado.com\/flaviobraga\/\"},{\"@type\":\"ListItem\",\"position\":2,\"name\":\"A\u00e7\u00e3o de Impugna\u00e7\u00e3o de Registro de Candidatura (parte 1)\"}]},{\"@type\":\"WebSite\",\"@id\":\"https:\/\/www.blogsoestado.com\/flaviobraga\/#website\",\"url\":\"https:\/\/www.blogsoestado.com\/flaviobraga\/\",\"name\":\"Fl\u00e1vio Braga\",\"description\":\"\",\"potentialAction\":[{\"@type\":\"SearchAction\",\"target\":{\"@type\":\"EntryPoint\",\"urlTemplate\":\"https:\/\/www.blogsoestado.com\/flaviobraga\/?s={search_term_string}\"},\"query-input\":{\"@type\":\"PropertyValueSpecification\",\"valueRequired\":true,\"valueName\":\"search_term_string\"}}],\"inLanguage\":\"pt-BR\"},{\"@type\":\"Person\",\"@id\":\"https:\/\/www.blogsoestado.com\/flaviobraga\/#\/schema\/person\/6c6c778331775c757a82d15206bd8733\",\"name\":\"Flavio Braga\",\"image\":{\"@type\":\"ImageObject\",\"inLanguage\":\"pt-BR\",\"@id\":\"https:\/\/www.blogsoestado.com\/flaviobraga\/#\/schema\/person\/image\/\",\"url\":\"https:\/\/secure.gravatar.com\/avatar\/ab173937dad8d78195c87778be8a0285d069ede375ce0ae24aac1cf8e58ccb2c?s=96&d=mm&r=g\",\"contentUrl\":\"https:\/\/secure.gravatar.com\/avatar\/ab173937dad8d78195c87778be8a0285d069ede375ce0ae24aac1cf8e58ccb2c?s=96&d=mm&r=g\",\"caption\":\"Flavio Braga\"},\"url\":\"https:\/\/www.blogsoestado.com\/flaviobraga\/author\/flaviobraga\/\"}]}<\/script>\n<!-- \/ Yoast SEO plugin. -->","yoast_head_json":{"title":"A\u00e7\u00e3o de Impugna\u00e7\u00e3o de Registro de Candidatura (parte 1) - Fl\u00e1vio Braga","robots":{"index":"index","follow":"follow","max-snippet":"max-snippet:-1","max-image-preview":"max-image-preview:large","max-video-preview":"max-video-preview:-1"},"canonical":"https:\/\/www.blogsoestado.com\/flaviobraga\/acao-de-impugnacao-de-registro-de-candidatura-parte-1-2\/","og_locale":"pt_BR","og_type":"article","og_title":"A\u00e7\u00e3o de Impugna\u00e7\u00e3o de Registro de Candidatura (parte 1) - Fl\u00e1vio Braga","og_description":"Impugnar um pedido de registro de candidatura significa pugnarcontra, oferecer resist\u00eancia, opor obst\u00e1culo ao seu deferimento, buscando excluir da disputa [&hellip;]","og_url":"https:\/\/www.blogsoestado.com\/flaviobraga\/acao-de-impugnacao-de-registro-de-candidatura-parte-1-2\/","og_site_name":"Fl\u00e1vio Braga","article_published_time":"2014-07-19T15:08:19+00:00","author":"Flavio Braga","twitter_card":"summary_large_image","twitter_misc":{"Escrito por":"Flavio Braga","Est. tempo de leitura":"2 minutos"},"schema":{"@context":"https:\/\/schema.org","@graph":[{"@type":"WebPage","@id":"https:\/\/www.blogsoestado.com\/flaviobraga\/acao-de-impugnacao-de-registro-de-candidatura-parte-1-2\/","url":"https:\/\/www.blogsoestado.com\/flaviobraga\/acao-de-impugnacao-de-registro-de-candidatura-parte-1-2\/","name":"A\u00e7\u00e3o de Impugna\u00e7\u00e3o de Registro de Candidatura (parte 1) - Fl\u00e1vio Braga","isPartOf":{"@id":"https:\/\/www.blogsoestado.com\/flaviobraga\/#website"},"datePublished":"2014-07-19T15:08:19+00:00","author":{"@id":"https:\/\/www.blogsoestado.com\/flaviobraga\/#\/schema\/person\/6c6c778331775c757a82d15206bd8733"},"breadcrumb":{"@id":"https:\/\/www.blogsoestado.com\/flaviobraga\/acao-de-impugnacao-de-registro-de-candidatura-parte-1-2\/#breadcrumb"},"inLanguage":"pt-BR","potentialAction":[{"@type":"ReadAction","target":["https:\/\/www.blogsoestado.com\/flaviobraga\/acao-de-impugnacao-de-registro-de-candidatura-parte-1-2\/"]}]},{"@type":"BreadcrumbList","@id":"https:\/\/www.blogsoestado.com\/flaviobraga\/acao-de-impugnacao-de-registro-de-candidatura-parte-1-2\/#breadcrumb","itemListElement":[{"@type":"ListItem","position":1,"name":"In\u00edcio","item":"https:\/\/www.blogsoestado.com\/flaviobraga\/"},{"@type":"ListItem","position":2,"name":"A\u00e7\u00e3o de Impugna\u00e7\u00e3o de Registro de Candidatura (parte 1)"}]},{"@type":"WebSite","@id":"https:\/\/www.blogsoestado.com\/flaviobraga\/#website","url":"https:\/\/www.blogsoestado.com\/flaviobraga\/","name":"Fl\u00e1vio Braga","description":"","potentialAction":[{"@type":"SearchAction","target":{"@type":"EntryPoint","urlTemplate":"https:\/\/www.blogsoestado.com\/flaviobraga\/?s={search_term_string}"},"query-input":{"@type":"PropertyValueSpecification","valueRequired":true,"valueName":"search_term_string"}}],"inLanguage":"pt-BR"},{"@type":"Person","@id":"https:\/\/www.blogsoestado.com\/flaviobraga\/#\/schema\/person\/6c6c778331775c757a82d15206bd8733","name":"Flavio Braga","image":{"@type":"ImageObject","inLanguage":"pt-BR","@id":"https:\/\/www.blogsoestado.com\/flaviobraga\/#\/schema\/person\/image\/","url":"https:\/\/secure.gravatar.com\/avatar\/ab173937dad8d78195c87778be8a0285d069ede375ce0ae24aac1cf8e58ccb2c?s=96&d=mm&r=g","contentUrl":"https:\/\/secure.gravatar.com\/avatar\/ab173937dad8d78195c87778be8a0285d069ede375ce0ae24aac1cf8e58ccb2c?s=96&d=mm&r=g","caption":"Flavio Braga"},"url":"https:\/\/www.blogsoestado.com\/flaviobraga\/author\/flaviobraga\/"}]}},"jetpack_featured_media_url":"","_links":{"self":[{"href":"https:\/\/www.blogsoestado.com\/flaviobraga\/wp-json\/wp\/v2\/posts\/2569","targetHints":{"allow":["GET"]}}],"collection":[{"href":"https:\/\/www.blogsoestado.com\/flaviobraga\/wp-json\/wp\/v2\/posts"}],"about":[{"href":"https:\/\/www.blogsoestado.com\/flaviobraga\/wp-json\/wp\/v2\/types\/post"}],"author":[{"embeddable":true,"href":"https:\/\/www.blogsoestado.com\/flaviobraga\/wp-json\/wp\/v2\/users\/8"}],"replies":[{"embeddable":true,"href":"https:\/\/www.blogsoestado.com\/flaviobraga\/wp-json\/wp\/v2\/comments?post=2569"}],"version-history":[{"count":0,"href":"https:\/\/www.blogsoestado.com\/flaviobraga\/wp-json\/wp\/v2\/posts\/2569\/revisions"}],"wp:attachment":[{"href":"https:\/\/www.blogsoestado.com\/flaviobraga\/wp-json\/wp\/v2\/media?parent=2569"}],"wp:term":[{"taxonomy":"category","embeddable":true,"href":"https:\/\/www.blogsoestado.com\/flaviobraga\/wp-json\/wp\/v2\/categories?post=2569"},{"taxonomy":"post_tag","embeddable":true,"href":"https:\/\/www.blogsoestado.com\/flaviobraga\/wp-json\/wp\/v2\/tags?post=2569"}],"curies":[{"name":"wp","href":"https:\/\/api.w.org\/{rel}","templated":true}]}}