{"id":2583,"date":"2014-08-01T19:21:16","date_gmt":"2014-08-01T22:21:16","guid":{"rendered":"https:\/\/www.blogsoestado.com\/flaviobraga\/?p=2583"},"modified":"2014-08-01T19:21:16","modified_gmt":"2014-08-01T22:21:16","slug":"acao-de-impugnacao-de-registro-de-candidatura-parte-3-2","status":"publish","type":"post","link":"https:\/\/www.blogsoestado.com\/flaviobraga\/acao-de-impugnacao-de-registro-de-candidatura-parte-3-2\/","title":{"rendered":"A\u00e7\u00e3o de Impugna\u00e7\u00e3o de Registro de Candidatura (parte 3)"},"content":{"rendered":"<p>As inelegibilidades constitucionais podem ser suscitadas tanto na A\u00e7\u00e3o de Impugna\u00e7\u00e3o de Registro de Candidatura (AIRC) quanto no Recurso Contra Expedi\u00e7\u00e3o de Diploma (RCED), mesmo se existentes no momento do pedido de registro, visto que nessa hip\u00f3tese n\u00e3o se opera o fen\u00f4meno da preclus\u00e3o instant\u00e2nea, albergado no artigo 259 do C\u00f3digo Eleitoral.<\/p>\n<p>De sua vez, as inelegibilidades infraconstitucionais s\u00f3 poder\u00e3o ser alegadas no RCED se o fato que as tiver gerado, ou o seu conhecimento, for superveniente \u00e0 fase de registro de candidaturas, mas desde que ocorridas at\u00e9 o dia da elei\u00e7\u00e3o.<\/p>\n<p>O artigo 2\u00ba, par\u00e1grafo \u00fanico, da Lei das Inelegibilidades fixa a compet\u00eancia dos Tribunais Regionais Eleitorais quando se tratar de candidato a senador, governador, vice-governador, deputado federal e deputado estadual. De se ressaltar que as testemunhas devem ser arroladas na peti\u00e7\u00e3o inicial e na pe\u00e7a de contesta\u00e7\u00e3o, sob pena de preclus\u00e3o, e limitadas ao n\u00famero de seis para cada parte.<\/p>\n<p>\u00c9 pac\u00edfico o entendimento de que a aus\u00eancia de contesta\u00e7\u00e3o n\u00e3o induz a pena de confesso, ou seja, n\u00e3o autoriza sejam reputados verdadeiros os fatos articulados na inicial, uma vez que os lit\u00edgios eleitorais versam sobre direitos indispon\u00edveis. Esse mesmo motivo infirma a aplica\u00e7\u00e3o dos institutos da transa\u00e7\u00e3o e da concilia\u00e7\u00e3o.<\/p>\n<p>Tamb\u00e9m \u00e9 assente a orienta\u00e7\u00e3o do TSE no sentido de que n\u00e3o h\u00e1 litiscons\u00f3rcio passivo necess\u00e1rio entre o candidato impugnado e o seu partido ou coliga\u00e7\u00e3o. Da mesma forma, inexiste litiscons\u00f3rcio passivo necess\u00e1rio entre o candidato a governador e o vice que comp\u00f5e a chapa majorit\u00e1ria.<\/p>\n<p>A AIRC n\u00e3o admite o instituto da antecipa\u00e7\u00e3o da tutela, diante do perigo de causar ao candidato impugnado les\u00e3o pol\u00edtica grave e irrevers\u00edvel, mormente por dar ensejo \u00e0 realiza\u00e7\u00e3o de propaganda eleitoral negativa por parte de seus advers\u00e1rios. De outra face, n\u00e3o h\u00e1 incongru\u00eancia entre a AIRC e o julgamento antecipado da lide.<\/p>\n<p>Como visto em artigo anterior, a causa de pedir da AIRC diz com a presen\u00e7a de uma causa de inelegibilidade, a aus\u00eancia de uma condi\u00e7\u00e3o de legibilidade ou o descumprimento de uma condi\u00e7\u00e3o de registrabilidade.<\/p>\n<p>Nesse passo, cumpre alertar que constitui crime eleitoral a propositura de A\u00e7\u00e3o de Impugna\u00e7\u00e3o de Registro de candidatura deduzida de forma temer\u00e1ria ou de manifesta m\u00e1-f\u00e9, conforme preconiza o artigo 25 da Lei das Inelegibilidades.<\/p>\n","protected":false},"excerpt":{"rendered":"<p>As inelegibilidades constitucionais podem ser suscitadas tanto na A\u00e7\u00e3o de Impugna\u00e7\u00e3o de Registro de Candidatura (AIRC) quanto no Recurso Contra [&hellip;]<\/p>\n","protected":false},"author":8,"featured_media":0,"comment_status":"open","ping_status":"open","sticky":false,"template":"","format":"standard","meta":{"site-sidebar-layout":"default","site-content-layout":"","ast-site-content-layout":"default","site-content-style":"default","site-sidebar-style":"default","ast-global-header-display":"","ast-banner-title-visibility":"","ast-main-header-display":"","ast-hfb-above-header-display":"","ast-hfb-below-header-display":"","ast-hfb-mobile-header-display":"","site-post-title":"","ast-breadcrumbs-content":"","ast-featured-img":"","footer-sml-layout":"","ast-disable-related-posts":"","theme-transparent-header-meta":"","adv-header-id-meta":"","stick-header-meta":"","header-above-stick-meta":"","header-main-stick-meta":"","header-below-stick-meta":"","astra-migrate-meta-layouts":"default","ast-page-background-enabled":"default","ast-page-background-meta":{"desktop":{"background-color":"var(--ast-global-color-5)","background-image":"","background-repeat":"repeat","background-position":"center center","background-size":"auto","background-attachment":"scroll","background-type":"","background-media":"","overlay-type":"","overlay-color":"","overlay-opacity":"","overlay-gradient":""},"tablet":{"background-color":"","background-image":"","background-repeat":"repeat","background-position":"center center","background-size":"auto","background-attachment":"scroll","background-type":"","background-media":"","overlay-type":"","overlay-color":"","overlay-opacity":"","overlay-gradient":""},"mobile":{"background-color":"","background-image":"","background-repeat":"repeat","background-position":"center center","background-size":"auto","background-attachment":"scroll","background-type":"","background-media":"","overlay-type":"","overlay-color":"","overlay-opacity":"","overlay-gradient":""}},"ast-content-background-meta":{"desktop":{"background-color":"var(--ast-global-color-4)","background-image":"","background-repeat":"repeat","background-position":"center center","background-size":"auto","background-attachment":"scroll","background-type":"","background-media":"","overlay-type":"","overlay-color":"","overlay-opacity":"","overlay-gradient":""},"tablet":{"background-color":"var(--ast-global-color-4)","background-image":"","background-repeat":"repeat","background-position":"center center","background-size":"auto","background-attachment":"scroll","background-type":"","background-media":"","overlay-type":"","overlay-color":"","overlay-opacity":"","overlay-gradient":""},"mobile":{"background-color":"var(--ast-global-color-4)","background-image":"","background-repeat":"repeat","background-position":"center center","background-size":"auto","background-attachment":"scroll","background-type":"","background-media":"","overlay-type":"","overlay-color":"","overlay-opacity":"","overlay-gradient":""}},"footnotes":""},"categories":[1],"tags":[],"class_list":["post-2583","post","type-post","status-publish","format-standard","hentry","category-sem-categoria"],"yoast_head":"<!-- This site is optimized with the Yoast SEO plugin v26.6 - https:\/\/yoast.com\/wordpress\/plugins\/seo\/ -->\n<title>A\u00e7\u00e3o de Impugna\u00e7\u00e3o de Registro de Candidatura (parte 3) - Fl\u00e1vio Braga<\/title>\n<meta name=\"robots\" content=\"index, follow, max-snippet:-1, max-image-preview:large, max-video-preview:-1\" \/>\n<link rel=\"canonical\" href=\"https:\/\/www.blogsoestado.com\/flaviobraga\/acao-de-impugnacao-de-registro-de-candidatura-parte-3-2\/\" \/>\n<meta property=\"og:locale\" content=\"pt_BR\" \/>\n<meta property=\"og:type\" content=\"article\" \/>\n<meta property=\"og:title\" content=\"A\u00e7\u00e3o de Impugna\u00e7\u00e3o de Registro de Candidatura (parte 3) - Fl\u00e1vio Braga\" \/>\n<meta property=\"og:description\" content=\"As inelegibilidades constitucionais podem ser suscitadas tanto na A\u00e7\u00e3o de Impugna\u00e7\u00e3o de Registro de Candidatura (AIRC) quanto no Recurso Contra [&hellip;]\" \/>\n<meta property=\"og:url\" content=\"https:\/\/www.blogsoestado.com\/flaviobraga\/acao-de-impugnacao-de-registro-de-candidatura-parte-3-2\/\" \/>\n<meta property=\"og:site_name\" content=\"Fl\u00e1vio Braga\" \/>\n<meta property=\"article:published_time\" content=\"2014-08-01T22:21:16+00:00\" \/>\n<meta name=\"author\" content=\"Flavio Braga\" \/>\n<meta name=\"twitter:card\" content=\"summary_large_image\" \/>\n<meta name=\"twitter:label1\" content=\"Escrito por\" \/>\n\t<meta name=\"twitter:data1\" content=\"Flavio Braga\" \/>\n\t<meta name=\"twitter:label2\" content=\"Est. tempo de leitura\" \/>\n\t<meta name=\"twitter:data2\" content=\"2 minutos\" \/>\n<script type=\"application\/ld+json\" class=\"yoast-schema-graph\">{\"@context\":\"https:\/\/schema.org\",\"@graph\":[{\"@type\":\"WebPage\",\"@id\":\"https:\/\/www.blogsoestado.com\/flaviobraga\/acao-de-impugnacao-de-registro-de-candidatura-parte-3-2\/\",\"url\":\"https:\/\/www.blogsoestado.com\/flaviobraga\/acao-de-impugnacao-de-registro-de-candidatura-parte-3-2\/\",\"name\":\"A\u00e7\u00e3o de Impugna\u00e7\u00e3o de Registro de Candidatura (parte 3) - Fl\u00e1vio Braga\",\"isPartOf\":{\"@id\":\"https:\/\/www.blogsoestado.com\/flaviobraga\/#website\"},\"datePublished\":\"2014-08-01T22:21:16+00:00\",\"author\":{\"@id\":\"https:\/\/www.blogsoestado.com\/flaviobraga\/#\/schema\/person\/6c6c778331775c757a82d15206bd8733\"},\"breadcrumb\":{\"@id\":\"https:\/\/www.blogsoestado.com\/flaviobraga\/acao-de-impugnacao-de-registro-de-candidatura-parte-3-2\/#breadcrumb\"},\"inLanguage\":\"pt-BR\",\"potentialAction\":[{\"@type\":\"ReadAction\",\"target\":[\"https:\/\/www.blogsoestado.com\/flaviobraga\/acao-de-impugnacao-de-registro-de-candidatura-parte-3-2\/\"]}]},{\"@type\":\"BreadcrumbList\",\"@id\":\"https:\/\/www.blogsoestado.com\/flaviobraga\/acao-de-impugnacao-de-registro-de-candidatura-parte-3-2\/#breadcrumb\",\"itemListElement\":[{\"@type\":\"ListItem\",\"position\":1,\"name\":\"In\u00edcio\",\"item\":\"https:\/\/www.blogsoestado.com\/flaviobraga\/\"},{\"@type\":\"ListItem\",\"position\":2,\"name\":\"A\u00e7\u00e3o de Impugna\u00e7\u00e3o de Registro de Candidatura (parte 3)\"}]},{\"@type\":\"WebSite\",\"@id\":\"https:\/\/www.blogsoestado.com\/flaviobraga\/#website\",\"url\":\"https:\/\/www.blogsoestado.com\/flaviobraga\/\",\"name\":\"Fl\u00e1vio Braga\",\"description\":\"\",\"potentialAction\":[{\"@type\":\"SearchAction\",\"target\":{\"@type\":\"EntryPoint\",\"urlTemplate\":\"https:\/\/www.blogsoestado.com\/flaviobraga\/?s={search_term_string}\"},\"query-input\":{\"@type\":\"PropertyValueSpecification\",\"valueRequired\":true,\"valueName\":\"search_term_string\"}}],\"inLanguage\":\"pt-BR\"},{\"@type\":\"Person\",\"@id\":\"https:\/\/www.blogsoestado.com\/flaviobraga\/#\/schema\/person\/6c6c778331775c757a82d15206bd8733\",\"name\":\"Flavio Braga\",\"image\":{\"@type\":\"ImageObject\",\"inLanguage\":\"pt-BR\",\"@id\":\"https:\/\/www.blogsoestado.com\/flaviobraga\/#\/schema\/person\/image\/\",\"url\":\"https:\/\/secure.gravatar.com\/avatar\/ab173937dad8d78195c87778be8a0285d069ede375ce0ae24aac1cf8e58ccb2c?s=96&d=mm&r=g\",\"contentUrl\":\"https:\/\/secure.gravatar.com\/avatar\/ab173937dad8d78195c87778be8a0285d069ede375ce0ae24aac1cf8e58ccb2c?s=96&d=mm&r=g\",\"caption\":\"Flavio Braga\"},\"url\":\"https:\/\/www.blogsoestado.com\/flaviobraga\/author\/flaviobraga\/\"}]}<\/script>\n<!-- \/ Yoast SEO plugin. -->","yoast_head_json":{"title":"A\u00e7\u00e3o de Impugna\u00e7\u00e3o de Registro de Candidatura (parte 3) - Fl\u00e1vio Braga","robots":{"index":"index","follow":"follow","max-snippet":"max-snippet:-1","max-image-preview":"max-image-preview:large","max-video-preview":"max-video-preview:-1"},"canonical":"https:\/\/www.blogsoestado.com\/flaviobraga\/acao-de-impugnacao-de-registro-de-candidatura-parte-3-2\/","og_locale":"pt_BR","og_type":"article","og_title":"A\u00e7\u00e3o de Impugna\u00e7\u00e3o de Registro de Candidatura (parte 3) - Fl\u00e1vio Braga","og_description":"As inelegibilidades constitucionais podem ser suscitadas tanto na A\u00e7\u00e3o de Impugna\u00e7\u00e3o de Registro de Candidatura (AIRC) quanto no Recurso Contra [&hellip;]","og_url":"https:\/\/www.blogsoestado.com\/flaviobraga\/acao-de-impugnacao-de-registro-de-candidatura-parte-3-2\/","og_site_name":"Fl\u00e1vio Braga","article_published_time":"2014-08-01T22:21:16+00:00","author":"Flavio Braga","twitter_card":"summary_large_image","twitter_misc":{"Escrito por":"Flavio Braga","Est. tempo de leitura":"2 minutos"},"schema":{"@context":"https:\/\/schema.org","@graph":[{"@type":"WebPage","@id":"https:\/\/www.blogsoestado.com\/flaviobraga\/acao-de-impugnacao-de-registro-de-candidatura-parte-3-2\/","url":"https:\/\/www.blogsoestado.com\/flaviobraga\/acao-de-impugnacao-de-registro-de-candidatura-parte-3-2\/","name":"A\u00e7\u00e3o de Impugna\u00e7\u00e3o de Registro de Candidatura (parte 3) - Fl\u00e1vio Braga","isPartOf":{"@id":"https:\/\/www.blogsoestado.com\/flaviobraga\/#website"},"datePublished":"2014-08-01T22:21:16+00:00","author":{"@id":"https:\/\/www.blogsoestado.com\/flaviobraga\/#\/schema\/person\/6c6c778331775c757a82d15206bd8733"},"breadcrumb":{"@id":"https:\/\/www.blogsoestado.com\/flaviobraga\/acao-de-impugnacao-de-registro-de-candidatura-parte-3-2\/#breadcrumb"},"inLanguage":"pt-BR","potentialAction":[{"@type":"ReadAction","target":["https:\/\/www.blogsoestado.com\/flaviobraga\/acao-de-impugnacao-de-registro-de-candidatura-parte-3-2\/"]}]},{"@type":"BreadcrumbList","@id":"https:\/\/www.blogsoestado.com\/flaviobraga\/acao-de-impugnacao-de-registro-de-candidatura-parte-3-2\/#breadcrumb","itemListElement":[{"@type":"ListItem","position":1,"name":"In\u00edcio","item":"https:\/\/www.blogsoestado.com\/flaviobraga\/"},{"@type":"ListItem","position":2,"name":"A\u00e7\u00e3o de Impugna\u00e7\u00e3o de Registro de Candidatura (parte 3)"}]},{"@type":"WebSite","@id":"https:\/\/www.blogsoestado.com\/flaviobraga\/#website","url":"https:\/\/www.blogsoestado.com\/flaviobraga\/","name":"Fl\u00e1vio Braga","description":"","potentialAction":[{"@type":"SearchAction","target":{"@type":"EntryPoint","urlTemplate":"https:\/\/www.blogsoestado.com\/flaviobraga\/?s={search_term_string}"},"query-input":{"@type":"PropertyValueSpecification","valueRequired":true,"valueName":"search_term_string"}}],"inLanguage":"pt-BR"},{"@type":"Person","@id":"https:\/\/www.blogsoestado.com\/flaviobraga\/#\/schema\/person\/6c6c778331775c757a82d15206bd8733","name":"Flavio Braga","image":{"@type":"ImageObject","inLanguage":"pt-BR","@id":"https:\/\/www.blogsoestado.com\/flaviobraga\/#\/schema\/person\/image\/","url":"https:\/\/secure.gravatar.com\/avatar\/ab173937dad8d78195c87778be8a0285d069ede375ce0ae24aac1cf8e58ccb2c?s=96&d=mm&r=g","contentUrl":"https:\/\/secure.gravatar.com\/avatar\/ab173937dad8d78195c87778be8a0285d069ede375ce0ae24aac1cf8e58ccb2c?s=96&d=mm&r=g","caption":"Flavio Braga"},"url":"https:\/\/www.blogsoestado.com\/flaviobraga\/author\/flaviobraga\/"}]}},"jetpack_featured_media_url":"","_links":{"self":[{"href":"https:\/\/www.blogsoestado.com\/flaviobraga\/wp-json\/wp\/v2\/posts\/2583","targetHints":{"allow":["GET"]}}],"collection":[{"href":"https:\/\/www.blogsoestado.com\/flaviobraga\/wp-json\/wp\/v2\/posts"}],"about":[{"href":"https:\/\/www.blogsoestado.com\/flaviobraga\/wp-json\/wp\/v2\/types\/post"}],"author":[{"embeddable":true,"href":"https:\/\/www.blogsoestado.com\/flaviobraga\/wp-json\/wp\/v2\/users\/8"}],"replies":[{"embeddable":true,"href":"https:\/\/www.blogsoestado.com\/flaviobraga\/wp-json\/wp\/v2\/comments?post=2583"}],"version-history":[{"count":0,"href":"https:\/\/www.blogsoestado.com\/flaviobraga\/wp-json\/wp\/v2\/posts\/2583\/revisions"}],"wp:attachment":[{"href":"https:\/\/www.blogsoestado.com\/flaviobraga\/wp-json\/wp\/v2\/media?parent=2583"}],"wp:term":[{"taxonomy":"category","embeddable":true,"href":"https:\/\/www.blogsoestado.com\/flaviobraga\/wp-json\/wp\/v2\/categories?post=2583"},{"taxonomy":"post_tag","embeddable":true,"href":"https:\/\/www.blogsoestado.com\/flaviobraga\/wp-json\/wp\/v2\/tags?post=2583"}],"curies":[{"name":"wp","href":"https:\/\/api.w.org\/{rel}","templated":true}]}}