{"id":2656,"date":"2015-01-19T16:26:05","date_gmt":"2015-01-19T19:26:05","guid":{"rendered":"https:\/\/www.blogsoestado.com\/flaviobraga\/?p=2656"},"modified":"2015-01-19T16:26:05","modified_gmt":"2015-01-19T19:26:05","slug":"congresso-quer-ampliar-em-pelo-menos-r-100-milhoes-o-fundo-partidario","status":"publish","type":"post","link":"https:\/\/www.blogsoestado.com\/flaviobraga\/congresso-quer-ampliar-em-pelo-menos-r-100-milhoes-o-fundo-partidario\/","title":{"rendered":"Congresso quer ampliar em pelo menos R$ 100 milh\u00f5es o Fundo Partid\u00e1rio"},"content":{"rendered":"<p>O Congresso prepara uma turbinada nos valores do Fundo Partid\u00e1rio de 2015. Parlamentares ouvidos pelo Correio d\u00e3o como certo que o reajuste deve ser ainda maior que o de 2014, quando teve um acr\u00e9scimo de R$ 100 milh\u00f5es ao valor original. O aumento \u00e9 admitido, inclusive, pelo relator-geral do Or\u00e7amento de 2015, senador Romero Juc\u00e1 (PMDB-RR). \u201cA gente est\u00e1 discutindo isso. Todo ano h\u00e1 um aumento no fundo, e o valor depende da avalia\u00e7\u00e3o que \u00e9 feita no Congresso\u201d, disse. \u201cEste ano teremos uma conjuntura complicada do ponto de vista da arrecada\u00e7\u00e3o dos partidos, com menos doa\u00e7\u00f5es de empresas, por conta da celeuma das investiga\u00e7\u00f5es (da Lava-Jato)\u201d, completou ele.<\/p>\n<p>Na proposta or\u00e7ament\u00e1ria enviada pelo Executivo, a dota\u00e7\u00e3o reservada para o Fundo Partid\u00e1rio em 2015 \u00e9 de R$ 289,6 milh\u00f5es. O valor \u00e9 cerca de R$ 76 milh\u00f5es menor que o total liberado ao longo de 2014. Dados do portal Siga Brasil, do Senado, mostram que a Uni\u00e3o repassou aos partidos a cifra de R$ 365.673.990,01, ou pouco mais de R$ 1 milh\u00e3o por dia. A maior parte dos recursos do Fundo Partid\u00e1rio sai do Tesouro, mas a lei prev\u00ea tamb\u00e9m o repasse de multas aplicadas pela Justi\u00e7a Eleitoral e doa\u00e7\u00f5es. Se confirmado, este ser\u00e1 o quinto ano consecutivo de aumentos no Fundo Partid\u00e1rio por parte do Congresso. Al\u00e9m do reajuste, os parlamentares aprovaram cr\u00e9ditos adicionais ao longo do ano passado.<\/p>\n<p>Ainda segundo Juc\u00e1, o aumento do n\u00famero de partidos \u00e9 outro fator que tende a puxar para cima o reajuste feito pelo Congresso. O Brasil encerrou 2014 com 32 legendas registrados no TSE, dos quais 28 elegeram deputados para a C\u00e2mara. \u201cOs presidentes dos partidos est\u00e3o preocupados, v\u00e1rios vieram conversar comigo sobre isso (&#8230;). Al\u00e9m disso, tem o aumento no n\u00famero de partidos, e isso exige um reajuste para viabilizar as contas\u201d, disse Juc\u00e1. L\u00edderes da base ouvidos pelo Correio tamb\u00e9m mostraram preocupa\u00e7\u00e3o com o aumento do n\u00famero de partidos registrados. \u201cSe a verba continuar igual, vai cair o rateio\u201d, disse um deles.<\/p>\n","protected":false},"excerpt":{"rendered":"<p>O Congresso prepara uma turbinada nos valores do Fundo Partid\u00e1rio de 2015. Parlamentares ouvidos pelo Correio d\u00e3o como certo que [&hellip;]<\/p>\n","protected":false},"author":8,"featured_media":0,"comment_status":"open","ping_status":"open","sticky":false,"template":"","format":"standard","meta":{"site-sidebar-layout":"default","site-content-layout":"","ast-site-content-layout":"default","site-content-style":"default","site-sidebar-style":"default","ast-global-header-display":"","ast-banner-title-visibility":"","ast-main-header-display":"","ast-hfb-above-header-display":"","ast-hfb-below-header-display":"","ast-hfb-mobile-header-display":"","site-post-title":"","ast-breadcrumbs-content":"","ast-featured-img":"","footer-sml-layout":"","ast-disable-related-posts":"","theme-transparent-header-meta":"","adv-header-id-meta":"","stick-header-meta":"","header-above-stick-meta":"","header-main-stick-meta":"","header-below-stick-meta":"","astra-migrate-meta-layouts":"default","ast-page-background-enabled":"default","ast-page-background-meta":{"desktop":{"background-color":"var(--ast-global-color-5)","background-image":"","background-repeat":"repeat","background-position":"center center","background-size":"auto","background-attachment":"scroll","background-type":"","background-media":"","overlay-type":"","overlay-color":"","overlay-opacity":"","overlay-gradient":""},"tablet":{"background-color":"","background-image":"","background-repeat":"repeat","background-position":"center center","background-size":"auto","background-attachment":"scroll","background-type":"","background-media":"","overlay-type":"","overlay-color":"","overlay-opacity":"","overlay-gradient":""},"mobile":{"background-color":"","background-image":"","background-repeat":"repeat","background-position":"center center","background-size":"auto","background-attachment":"scroll","background-type":"","background-media":"","overlay-type":"","overlay-color":"","overlay-opacity":"","overlay-gradient":""}},"ast-content-background-meta":{"desktop":{"background-color":"var(--ast-global-color-4)","background-image":"","background-repeat":"repeat","background-position":"center center","background-size":"auto","background-attachment":"scroll","background-type":"","background-media":"","overlay-type":"","overlay-color":"","overlay-opacity":"","overlay-gradient":""},"tablet":{"background-color":"var(--ast-global-color-4)","background-image":"","background-repeat":"repeat","background-position":"center center","background-size":"auto","background-attachment":"scroll","background-type":"","background-media":"","overlay-type":"","overlay-color":"","overlay-opacity":"","overlay-gradient":""},"mobile":{"background-color":"var(--ast-global-color-4)","background-image":"","background-repeat":"repeat","background-position":"center center","background-size":"auto","background-attachment":"scroll","background-type":"","background-media":"","overlay-type":"","overlay-color":"","overlay-opacity":"","overlay-gradient":""}},"footnotes":""},"categories":[1],"tags":[],"class_list":["post-2656","post","type-post","status-publish","format-standard","hentry","category-sem-categoria"],"yoast_head":"<!-- This site is optimized with the Yoast SEO plugin v26.6 - https:\/\/yoast.com\/wordpress\/plugins\/seo\/ -->\n<title>Congresso quer ampliar em pelo menos R$ 100 milh\u00f5es o Fundo Partid\u00e1rio - Fl\u00e1vio Braga<\/title>\n<meta name=\"robots\" content=\"index, follow, max-snippet:-1, max-image-preview:large, max-video-preview:-1\" \/>\n<link rel=\"canonical\" href=\"https:\/\/www.blogsoestado.com\/flaviobraga\/congresso-quer-ampliar-em-pelo-menos-r-100-milhoes-o-fundo-partidario\/\" \/>\n<meta property=\"og:locale\" content=\"pt_BR\" \/>\n<meta property=\"og:type\" content=\"article\" \/>\n<meta property=\"og:title\" content=\"Congresso quer ampliar em pelo menos R$ 100 milh\u00f5es o Fundo Partid\u00e1rio - Fl\u00e1vio Braga\" \/>\n<meta property=\"og:description\" content=\"O Congresso prepara uma turbinada nos valores do Fundo Partid\u00e1rio de 2015. Parlamentares ouvidos pelo Correio d\u00e3o como certo que [&hellip;]\" \/>\n<meta property=\"og:url\" content=\"https:\/\/www.blogsoestado.com\/flaviobraga\/congresso-quer-ampliar-em-pelo-menos-r-100-milhoes-o-fundo-partidario\/\" \/>\n<meta property=\"og:site_name\" content=\"Fl\u00e1vio Braga\" \/>\n<meta property=\"article:published_time\" content=\"2015-01-19T19:26:05+00:00\" \/>\n<meta name=\"author\" content=\"Flavio Braga\" \/>\n<meta name=\"twitter:card\" content=\"summary_large_image\" \/>\n<meta name=\"twitter:label1\" content=\"Escrito por\" \/>\n\t<meta name=\"twitter:data1\" content=\"Flavio Braga\" \/>\n\t<meta name=\"twitter:label2\" content=\"Est. tempo de leitura\" \/>\n\t<meta name=\"twitter:data2\" content=\"2 minutos\" \/>\n<script type=\"application\/ld+json\" class=\"yoast-schema-graph\">{\"@context\":\"https:\/\/schema.org\",\"@graph\":[{\"@type\":\"WebPage\",\"@id\":\"https:\/\/www.blogsoestado.com\/flaviobraga\/congresso-quer-ampliar-em-pelo-menos-r-100-milhoes-o-fundo-partidario\/\",\"url\":\"https:\/\/www.blogsoestado.com\/flaviobraga\/congresso-quer-ampliar-em-pelo-menos-r-100-milhoes-o-fundo-partidario\/\",\"name\":\"Congresso quer ampliar em pelo menos R$ 100 milh\u00f5es o Fundo Partid\u00e1rio - Fl\u00e1vio Braga\",\"isPartOf\":{\"@id\":\"https:\/\/www.blogsoestado.com\/flaviobraga\/#website\"},\"datePublished\":\"2015-01-19T19:26:05+00:00\",\"author\":{\"@id\":\"https:\/\/www.blogsoestado.com\/flaviobraga\/#\/schema\/person\/6c6c778331775c757a82d15206bd8733\"},\"breadcrumb\":{\"@id\":\"https:\/\/www.blogsoestado.com\/flaviobraga\/congresso-quer-ampliar-em-pelo-menos-r-100-milhoes-o-fundo-partidario\/#breadcrumb\"},\"inLanguage\":\"pt-BR\",\"potentialAction\":[{\"@type\":\"ReadAction\",\"target\":[\"https:\/\/www.blogsoestado.com\/flaviobraga\/congresso-quer-ampliar-em-pelo-menos-r-100-milhoes-o-fundo-partidario\/\"]}]},{\"@type\":\"BreadcrumbList\",\"@id\":\"https:\/\/www.blogsoestado.com\/flaviobraga\/congresso-quer-ampliar-em-pelo-menos-r-100-milhoes-o-fundo-partidario\/#breadcrumb\",\"itemListElement\":[{\"@type\":\"ListItem\",\"position\":1,\"name\":\"In\u00edcio\",\"item\":\"https:\/\/www.blogsoestado.com\/flaviobraga\/\"},{\"@type\":\"ListItem\",\"position\":2,\"name\":\"Congresso quer ampliar em pelo menos R$ 100 milh\u00f5es o Fundo Partid\u00e1rio\"}]},{\"@type\":\"WebSite\",\"@id\":\"https:\/\/www.blogsoestado.com\/flaviobraga\/#website\",\"url\":\"https:\/\/www.blogsoestado.com\/flaviobraga\/\",\"name\":\"Fl\u00e1vio Braga\",\"description\":\"\",\"potentialAction\":[{\"@type\":\"SearchAction\",\"target\":{\"@type\":\"EntryPoint\",\"urlTemplate\":\"https:\/\/www.blogsoestado.com\/flaviobraga\/?s={search_term_string}\"},\"query-input\":{\"@type\":\"PropertyValueSpecification\",\"valueRequired\":true,\"valueName\":\"search_term_string\"}}],\"inLanguage\":\"pt-BR\"},{\"@type\":\"Person\",\"@id\":\"https:\/\/www.blogsoestado.com\/flaviobraga\/#\/schema\/person\/6c6c778331775c757a82d15206bd8733\",\"name\":\"Flavio Braga\",\"image\":{\"@type\":\"ImageObject\",\"inLanguage\":\"pt-BR\",\"@id\":\"https:\/\/www.blogsoestado.com\/flaviobraga\/#\/schema\/person\/image\/\",\"url\":\"https:\/\/secure.gravatar.com\/avatar\/ab173937dad8d78195c87778be8a0285d069ede375ce0ae24aac1cf8e58ccb2c?s=96&d=mm&r=g\",\"contentUrl\":\"https:\/\/secure.gravatar.com\/avatar\/ab173937dad8d78195c87778be8a0285d069ede375ce0ae24aac1cf8e58ccb2c?s=96&d=mm&r=g\",\"caption\":\"Flavio Braga\"},\"url\":\"https:\/\/www.blogsoestado.com\/flaviobraga\/author\/flaviobraga\/\"}]}<\/script>\n<!-- \/ Yoast SEO plugin. -->","yoast_head_json":{"title":"Congresso quer ampliar em pelo menos R$ 100 milh\u00f5es o Fundo Partid\u00e1rio - Fl\u00e1vio Braga","robots":{"index":"index","follow":"follow","max-snippet":"max-snippet:-1","max-image-preview":"max-image-preview:large","max-video-preview":"max-video-preview:-1"},"canonical":"https:\/\/www.blogsoestado.com\/flaviobraga\/congresso-quer-ampliar-em-pelo-menos-r-100-milhoes-o-fundo-partidario\/","og_locale":"pt_BR","og_type":"article","og_title":"Congresso quer ampliar em pelo menos R$ 100 milh\u00f5es o Fundo Partid\u00e1rio - Fl\u00e1vio Braga","og_description":"O Congresso prepara uma turbinada nos valores do Fundo Partid\u00e1rio de 2015. Parlamentares ouvidos pelo Correio d\u00e3o como certo que [&hellip;]","og_url":"https:\/\/www.blogsoestado.com\/flaviobraga\/congresso-quer-ampliar-em-pelo-menos-r-100-milhoes-o-fundo-partidario\/","og_site_name":"Fl\u00e1vio Braga","article_published_time":"2015-01-19T19:26:05+00:00","author":"Flavio Braga","twitter_card":"summary_large_image","twitter_misc":{"Escrito por":"Flavio Braga","Est. tempo de leitura":"2 minutos"},"schema":{"@context":"https:\/\/schema.org","@graph":[{"@type":"WebPage","@id":"https:\/\/www.blogsoestado.com\/flaviobraga\/congresso-quer-ampliar-em-pelo-menos-r-100-milhoes-o-fundo-partidario\/","url":"https:\/\/www.blogsoestado.com\/flaviobraga\/congresso-quer-ampliar-em-pelo-menos-r-100-milhoes-o-fundo-partidario\/","name":"Congresso quer ampliar em pelo menos R$ 100 milh\u00f5es o Fundo Partid\u00e1rio - Fl\u00e1vio Braga","isPartOf":{"@id":"https:\/\/www.blogsoestado.com\/flaviobraga\/#website"},"datePublished":"2015-01-19T19:26:05+00:00","author":{"@id":"https:\/\/www.blogsoestado.com\/flaviobraga\/#\/schema\/person\/6c6c778331775c757a82d15206bd8733"},"breadcrumb":{"@id":"https:\/\/www.blogsoestado.com\/flaviobraga\/congresso-quer-ampliar-em-pelo-menos-r-100-milhoes-o-fundo-partidario\/#breadcrumb"},"inLanguage":"pt-BR","potentialAction":[{"@type":"ReadAction","target":["https:\/\/www.blogsoestado.com\/flaviobraga\/congresso-quer-ampliar-em-pelo-menos-r-100-milhoes-o-fundo-partidario\/"]}]},{"@type":"BreadcrumbList","@id":"https:\/\/www.blogsoestado.com\/flaviobraga\/congresso-quer-ampliar-em-pelo-menos-r-100-milhoes-o-fundo-partidario\/#breadcrumb","itemListElement":[{"@type":"ListItem","position":1,"name":"In\u00edcio","item":"https:\/\/www.blogsoestado.com\/flaviobraga\/"},{"@type":"ListItem","position":2,"name":"Congresso quer ampliar em pelo menos R$ 100 milh\u00f5es o Fundo Partid\u00e1rio"}]},{"@type":"WebSite","@id":"https:\/\/www.blogsoestado.com\/flaviobraga\/#website","url":"https:\/\/www.blogsoestado.com\/flaviobraga\/","name":"Fl\u00e1vio Braga","description":"","potentialAction":[{"@type":"SearchAction","target":{"@type":"EntryPoint","urlTemplate":"https:\/\/www.blogsoestado.com\/flaviobraga\/?s={search_term_string}"},"query-input":{"@type":"PropertyValueSpecification","valueRequired":true,"valueName":"search_term_string"}}],"inLanguage":"pt-BR"},{"@type":"Person","@id":"https:\/\/www.blogsoestado.com\/flaviobraga\/#\/schema\/person\/6c6c778331775c757a82d15206bd8733","name":"Flavio Braga","image":{"@type":"ImageObject","inLanguage":"pt-BR","@id":"https:\/\/www.blogsoestado.com\/flaviobraga\/#\/schema\/person\/image\/","url":"https:\/\/secure.gravatar.com\/avatar\/ab173937dad8d78195c87778be8a0285d069ede375ce0ae24aac1cf8e58ccb2c?s=96&d=mm&r=g","contentUrl":"https:\/\/secure.gravatar.com\/avatar\/ab173937dad8d78195c87778be8a0285d069ede375ce0ae24aac1cf8e58ccb2c?s=96&d=mm&r=g","caption":"Flavio Braga"},"url":"https:\/\/www.blogsoestado.com\/flaviobraga\/author\/flaviobraga\/"}]}},"jetpack_featured_media_url":"","_links":{"self":[{"href":"https:\/\/www.blogsoestado.com\/flaviobraga\/wp-json\/wp\/v2\/posts\/2656","targetHints":{"allow":["GET"]}}],"collection":[{"href":"https:\/\/www.blogsoestado.com\/flaviobraga\/wp-json\/wp\/v2\/posts"}],"about":[{"href":"https:\/\/www.blogsoestado.com\/flaviobraga\/wp-json\/wp\/v2\/types\/post"}],"author":[{"embeddable":true,"href":"https:\/\/www.blogsoestado.com\/flaviobraga\/wp-json\/wp\/v2\/users\/8"}],"replies":[{"embeddable":true,"href":"https:\/\/www.blogsoestado.com\/flaviobraga\/wp-json\/wp\/v2\/comments?post=2656"}],"version-history":[{"count":0,"href":"https:\/\/www.blogsoestado.com\/flaviobraga\/wp-json\/wp\/v2\/posts\/2656\/revisions"}],"wp:attachment":[{"href":"https:\/\/www.blogsoestado.com\/flaviobraga\/wp-json\/wp\/v2\/media?parent=2656"}],"wp:term":[{"taxonomy":"category","embeddable":true,"href":"https:\/\/www.blogsoestado.com\/flaviobraga\/wp-json\/wp\/v2\/categories?post=2656"},{"taxonomy":"post_tag","embeddable":true,"href":"https:\/\/www.blogsoestado.com\/flaviobraga\/wp-json\/wp\/v2\/tags?post=2656"}],"curies":[{"name":"wp","href":"https:\/\/api.w.org\/{rel}","templated":true}]}}