{"id":2658,"date":"2015-01-19T16:27:17","date_gmt":"2015-01-19T19:27:17","guid":{"rendered":"https:\/\/www.blogsoestado.com\/flaviobraga\/?p=2658"},"modified":"2015-01-19T16:27:17","modified_gmt":"2015-01-19T19:27:17","slug":"os-diques-da-baixada-e-a-melhoria-do-idh","status":"publish","type":"post","link":"https:\/\/www.blogsoestado.com\/flaviobraga\/os-diques-da-baixada-e-a-melhoria-do-idh\/","title":{"rendered":"Os Diques da Baixada e a melhoria do IDH"},"content":{"rendered":"<p>O Projeto Diques da Baixada Maranhense prev\u00ea a constru\u00e7\u00e3o de 71 quil\u00f4metros de diques, de dois metros de altura cada um, abrangendo os munic\u00edpios de Viana, Matinha, S\u00e3o Jo\u00e3o Batista, S\u00e3o Vicente Ferrer, Cajapi\u00f3, S\u00e3o Bento e Bacurituba. A obra consiste em um sistema de diques e vertedouros, em sentido paralelo \u00e0 margem da ba\u00eda de S\u00e3o Marcos. Quem conhece bem a realidade social da Baixada Maranhense sabe do grande alcance social e do impacto positivo desse projeto para a nossa microrregi\u00e3o. Sem exagero, ele representa a reden\u00e7\u00e3o dos munic\u00edpios abrangidos, com melhoria imediata no IDH da popula\u00e7\u00e3o rural beneficiada.<\/p>\n<p>O Projeto Diques da Baixada faz parte das obras do Programa de Acelera\u00e7\u00e3o do Crescimento (PAC), com a\u00e7\u00f5es integradas entre o Governo Federal (Minist\u00e9rio da Integra\u00e7\u00e3o Nacional e execu\u00e7\u00e3o pela Codevasf) e o Governo do Estado. A obra segue o cronograma previsto e atualmente est\u00e3o sendo consolidados os estudos referentes \u00e0 geotecnia e topografia da \u00e1rea do projeto.<\/p>\n<p>A regi\u00e3o onde ser\u00e3o constru\u00eddos os diques \u00e9 formada por campos inund\u00e1veis com abund\u00e2ncia de \u00e1gua doce, peixes nativos, fauna e flora exuberantes, de suma import\u00e2ncia para a sustentabilidade das comunidades da microrregi\u00e3o. Entretanto, na \u00e9poca do abaixamento (entre julho e setembro), essa \u00e1gua escoa para o mar e seus campos se transformam numa paisagem \u00e1rida, impr\u00f3pria para qualquer atividade produtiva.<\/p>\n<p>Os diques ser\u00e3o respons\u00e1veis por impedir o avan\u00e7o da \u00e1gua salgada (saliniza\u00e7\u00e3o) rumo aos campos alagados da microrregi\u00e3o da Baixada, armazenando \u00e1gua doce por um per\u00edodo de at\u00e9 seis meses, durante a esta\u00e7\u00e3o chuvosa, retardando o escoamento para o mar, sem alterar, no entanto, as cotas m\u00e1ximas naturais de inunda\u00e7\u00e3o. \u00c9 justamente a reten\u00e7\u00e3o da \u00e1gua doce que ir\u00e1 viabilizar a implementa\u00e7\u00e3o de novas experi\u00eancias nas atividades de pecu\u00e1ria, agricultura familiar irrigada, pequenas cria\u00e7\u00f5es e piscicultura.<\/p>\n<p>Com efeito, o projeto tem como objetivo principal conservar por maior per\u00edodo de tempo a \u00e1gua que transborda dos lagos da Baixada, inunda os campos naturais e se perde para o mar. Essa reten\u00e7\u00e3o aumentar\u00e1 a disponibilidade h\u00eddrica, principalmente no per\u00edodo cr\u00edtico de outubro a dezembro.<\/p>\n<p>De acordo com o bi\u00f3logo M\u00e1rcio Vaz (doutor em ci\u00eancias ambientais), \u00e9 poss\u00edvel explorar de forma sustent\u00e1vel e ecologicamente correta a microrregi\u00e3o da Baixada, a mais pobre do Estado do Maranh\u00e3o. Segundo explica\u00e7\u00e3o do superintendente regional da Codevasf no Maranh\u00e3o, Dr. Jo\u00e3o Martins, os diques v\u00e3o preservar uma l\u00e2mina d\u2019\u00e1gua para produ\u00e7\u00e3o durante o ano inteiro, porque ocorrer\u00e1 a prote\u00e7\u00e3o das \u00e1reas mais baixas contra a entrada de \u00e1gua salgada pelos igarap\u00e9s, decorrente das varia\u00e7\u00f5es da mar\u00e9, protegendo, assim, os ecossistemas e os mananciais de \u00e1gua doce dessa microrregi\u00e3o.<\/p>\n<p>A nosso sentir, a constru\u00e7\u00e3o dos diques da Baixada contribuir\u00e1 sensivelmente para melhorar o IDH e as condi\u00e7\u00f5es de vida das comunidades rurais atingidas, pois a abund\u00e2ncia de \u00e1gua doce representa a maior riqueza para as atividades de pesca de subsist\u00eancia, pecu\u00e1ria, agricultura familiar e pequenas cria\u00e7\u00f5es, como galinhas, patos, porcos, caprinos e ovinos.<\/p>\n<p>Cabe ressaltar-se que o Projeto Diques foi debatido com as comunidades dos munic\u00edpios envolvidos, mediante a realiza\u00e7\u00e3o de audi\u00eancias p\u00fablicas, promovidas pela Frente Parlamentar em Defesa da Baixada. De resto, cumpre lembrar que os diques, uma vez constru\u00eddos, podem ser desfeitos, caso venha a ocorrer algum improv\u00e1vel desequil\u00edbrio ecol\u00f3gico ou impacto ambiental negativo. Trata-se de uma obra revers\u00edvel, a qualquer tempo.<\/p>\n","protected":false},"excerpt":{"rendered":"<p>O Projeto Diques da Baixada Maranhense prev\u00ea a constru\u00e7\u00e3o de 71 quil\u00f4metros de diques, de dois metros de altura cada [&hellip;]<\/p>\n","protected":false},"author":8,"featured_media":0,"comment_status":"open","ping_status":"open","sticky":false,"template":"","format":"standard","meta":{"site-sidebar-layout":"default","site-content-layout":"","ast-site-content-layout":"default","site-content-style":"default","site-sidebar-style":"default","ast-global-header-display":"","ast-banner-title-visibility":"","ast-main-header-display":"","ast-hfb-above-header-display":"","ast-hfb-below-header-display":"","ast-hfb-mobile-header-display":"","site-post-title":"","ast-breadcrumbs-content":"","ast-featured-img":"","footer-sml-layout":"","ast-disable-related-posts":"","theme-transparent-header-meta":"","adv-header-id-meta":"","stick-header-meta":"","header-above-stick-meta":"","header-main-stick-meta":"","header-below-stick-meta":"","astra-migrate-meta-layouts":"default","ast-page-background-enabled":"default","ast-page-background-meta":{"desktop":{"background-color":"var(--ast-global-color-5)","background-image":"","background-repeat":"repeat","background-position":"center center","background-size":"auto","background-attachment":"scroll","background-type":"","background-media":"","overlay-type":"","overlay-color":"","overlay-opacity":"","overlay-gradient":""},"tablet":{"background-color":"","background-image":"","background-repeat":"repeat","background-position":"center center","background-size":"auto","background-attachment":"scroll","background-type":"","background-media":"","overlay-type":"","overlay-color":"","overlay-opacity":"","overlay-gradient":""},"mobile":{"background-color":"","background-image":"","background-repeat":"repeat","background-position":"center center","background-size":"auto","background-attachment":"scroll","background-type":"","background-media":"","overlay-type":"","overlay-color":"","overlay-opacity":"","overlay-gradient":""}},"ast-content-background-meta":{"desktop":{"background-color":"var(--ast-global-color-4)","background-image":"","background-repeat":"repeat","background-position":"center center","background-size":"auto","background-attachment":"scroll","background-type":"","background-media":"","overlay-type":"","overlay-color":"","overlay-opacity":"","overlay-gradient":""},"tablet":{"background-color":"var(--ast-global-color-4)","background-image":"","background-repeat":"repeat","background-position":"center center","background-size":"auto","background-attachment":"scroll","background-type":"","background-media":"","overlay-type":"","overlay-color":"","overlay-opacity":"","overlay-gradient":""},"mobile":{"background-color":"var(--ast-global-color-4)","background-image":"","background-repeat":"repeat","background-position":"center center","background-size":"auto","background-attachment":"scroll","background-type":"","background-media":"","overlay-type":"","overlay-color":"","overlay-opacity":"","overlay-gradient":""}},"footnotes":""},"categories":[1],"tags":[],"class_list":["post-2658","post","type-post","status-publish","format-standard","hentry","category-sem-categoria"],"yoast_head":"<!-- This site is optimized with the Yoast SEO plugin v26.6 - https:\/\/yoast.com\/wordpress\/plugins\/seo\/ -->\n<title>Os Diques da Baixada e a melhoria do IDH - Fl\u00e1vio Braga<\/title>\n<meta name=\"robots\" content=\"index, follow, max-snippet:-1, max-image-preview:large, max-video-preview:-1\" \/>\n<link rel=\"canonical\" href=\"https:\/\/www.blogsoestado.com\/flaviobraga\/os-diques-da-baixada-e-a-melhoria-do-idh\/\" \/>\n<meta property=\"og:locale\" content=\"pt_BR\" \/>\n<meta property=\"og:type\" content=\"article\" \/>\n<meta property=\"og:title\" content=\"Os Diques da Baixada e a melhoria do IDH - Fl\u00e1vio Braga\" \/>\n<meta property=\"og:description\" content=\"O Projeto Diques da Baixada Maranhense prev\u00ea a constru\u00e7\u00e3o de 71 quil\u00f4metros de diques, de dois metros de altura cada [&hellip;]\" \/>\n<meta property=\"og:url\" content=\"https:\/\/www.blogsoestado.com\/flaviobraga\/os-diques-da-baixada-e-a-melhoria-do-idh\/\" \/>\n<meta property=\"og:site_name\" content=\"Fl\u00e1vio Braga\" \/>\n<meta property=\"article:published_time\" content=\"2015-01-19T19:27:17+00:00\" \/>\n<meta name=\"author\" content=\"Flavio Braga\" \/>\n<meta name=\"twitter:card\" content=\"summary_large_image\" \/>\n<meta name=\"twitter:label1\" content=\"Escrito por\" \/>\n\t<meta name=\"twitter:data1\" content=\"Flavio Braga\" \/>\n\t<meta name=\"twitter:label2\" content=\"Est. tempo de leitura\" \/>\n\t<meta name=\"twitter:data2\" content=\"3 minutos\" \/>\n<script type=\"application\/ld+json\" class=\"yoast-schema-graph\">{\"@context\":\"https:\/\/schema.org\",\"@graph\":[{\"@type\":\"WebPage\",\"@id\":\"https:\/\/www.blogsoestado.com\/flaviobraga\/os-diques-da-baixada-e-a-melhoria-do-idh\/\",\"url\":\"https:\/\/www.blogsoestado.com\/flaviobraga\/os-diques-da-baixada-e-a-melhoria-do-idh\/\",\"name\":\"Os Diques da Baixada e a melhoria do IDH - Fl\u00e1vio Braga\",\"isPartOf\":{\"@id\":\"https:\/\/www.blogsoestado.com\/flaviobraga\/#website\"},\"datePublished\":\"2015-01-19T19:27:17+00:00\",\"author\":{\"@id\":\"https:\/\/www.blogsoestado.com\/flaviobraga\/#\/schema\/person\/6c6c778331775c757a82d15206bd8733\"},\"breadcrumb\":{\"@id\":\"https:\/\/www.blogsoestado.com\/flaviobraga\/os-diques-da-baixada-e-a-melhoria-do-idh\/#breadcrumb\"},\"inLanguage\":\"pt-BR\",\"potentialAction\":[{\"@type\":\"ReadAction\",\"target\":[\"https:\/\/www.blogsoestado.com\/flaviobraga\/os-diques-da-baixada-e-a-melhoria-do-idh\/\"]}]},{\"@type\":\"BreadcrumbList\",\"@id\":\"https:\/\/www.blogsoestado.com\/flaviobraga\/os-diques-da-baixada-e-a-melhoria-do-idh\/#breadcrumb\",\"itemListElement\":[{\"@type\":\"ListItem\",\"position\":1,\"name\":\"In\u00edcio\",\"item\":\"https:\/\/www.blogsoestado.com\/flaviobraga\/\"},{\"@type\":\"ListItem\",\"position\":2,\"name\":\"Os Diques da Baixada e a melhoria do IDH\"}]},{\"@type\":\"WebSite\",\"@id\":\"https:\/\/www.blogsoestado.com\/flaviobraga\/#website\",\"url\":\"https:\/\/www.blogsoestado.com\/flaviobraga\/\",\"name\":\"Fl\u00e1vio Braga\",\"description\":\"\",\"potentialAction\":[{\"@type\":\"SearchAction\",\"target\":{\"@type\":\"EntryPoint\",\"urlTemplate\":\"https:\/\/www.blogsoestado.com\/flaviobraga\/?s={search_term_string}\"},\"query-input\":{\"@type\":\"PropertyValueSpecification\",\"valueRequired\":true,\"valueName\":\"search_term_string\"}}],\"inLanguage\":\"pt-BR\"},{\"@type\":\"Person\",\"@id\":\"https:\/\/www.blogsoestado.com\/flaviobraga\/#\/schema\/person\/6c6c778331775c757a82d15206bd8733\",\"name\":\"Flavio Braga\",\"image\":{\"@type\":\"ImageObject\",\"inLanguage\":\"pt-BR\",\"@id\":\"https:\/\/www.blogsoestado.com\/flaviobraga\/#\/schema\/person\/image\/\",\"url\":\"https:\/\/secure.gravatar.com\/avatar\/ab173937dad8d78195c87778be8a0285d069ede375ce0ae24aac1cf8e58ccb2c?s=96&d=mm&r=g\",\"contentUrl\":\"https:\/\/secure.gravatar.com\/avatar\/ab173937dad8d78195c87778be8a0285d069ede375ce0ae24aac1cf8e58ccb2c?s=96&d=mm&r=g\",\"caption\":\"Flavio Braga\"},\"url\":\"https:\/\/www.blogsoestado.com\/flaviobraga\/author\/flaviobraga\/\"}]}<\/script>\n<!-- \/ Yoast SEO plugin. -->","yoast_head_json":{"title":"Os Diques da Baixada e a melhoria do IDH - Fl\u00e1vio Braga","robots":{"index":"index","follow":"follow","max-snippet":"max-snippet:-1","max-image-preview":"max-image-preview:large","max-video-preview":"max-video-preview:-1"},"canonical":"https:\/\/www.blogsoestado.com\/flaviobraga\/os-diques-da-baixada-e-a-melhoria-do-idh\/","og_locale":"pt_BR","og_type":"article","og_title":"Os Diques da Baixada e a melhoria do IDH - Fl\u00e1vio Braga","og_description":"O Projeto Diques da Baixada Maranhense prev\u00ea a constru\u00e7\u00e3o de 71 quil\u00f4metros de diques, de dois metros de altura cada [&hellip;]","og_url":"https:\/\/www.blogsoestado.com\/flaviobraga\/os-diques-da-baixada-e-a-melhoria-do-idh\/","og_site_name":"Fl\u00e1vio Braga","article_published_time":"2015-01-19T19:27:17+00:00","author":"Flavio Braga","twitter_card":"summary_large_image","twitter_misc":{"Escrito por":"Flavio Braga","Est. tempo de leitura":"3 minutos"},"schema":{"@context":"https:\/\/schema.org","@graph":[{"@type":"WebPage","@id":"https:\/\/www.blogsoestado.com\/flaviobraga\/os-diques-da-baixada-e-a-melhoria-do-idh\/","url":"https:\/\/www.blogsoestado.com\/flaviobraga\/os-diques-da-baixada-e-a-melhoria-do-idh\/","name":"Os Diques da Baixada e a melhoria do IDH - Fl\u00e1vio Braga","isPartOf":{"@id":"https:\/\/www.blogsoestado.com\/flaviobraga\/#website"},"datePublished":"2015-01-19T19:27:17+00:00","author":{"@id":"https:\/\/www.blogsoestado.com\/flaviobraga\/#\/schema\/person\/6c6c778331775c757a82d15206bd8733"},"breadcrumb":{"@id":"https:\/\/www.blogsoestado.com\/flaviobraga\/os-diques-da-baixada-e-a-melhoria-do-idh\/#breadcrumb"},"inLanguage":"pt-BR","potentialAction":[{"@type":"ReadAction","target":["https:\/\/www.blogsoestado.com\/flaviobraga\/os-diques-da-baixada-e-a-melhoria-do-idh\/"]}]},{"@type":"BreadcrumbList","@id":"https:\/\/www.blogsoestado.com\/flaviobraga\/os-diques-da-baixada-e-a-melhoria-do-idh\/#breadcrumb","itemListElement":[{"@type":"ListItem","position":1,"name":"In\u00edcio","item":"https:\/\/www.blogsoestado.com\/flaviobraga\/"},{"@type":"ListItem","position":2,"name":"Os Diques da Baixada e a melhoria do IDH"}]},{"@type":"WebSite","@id":"https:\/\/www.blogsoestado.com\/flaviobraga\/#website","url":"https:\/\/www.blogsoestado.com\/flaviobraga\/","name":"Fl\u00e1vio Braga","description":"","potentialAction":[{"@type":"SearchAction","target":{"@type":"EntryPoint","urlTemplate":"https:\/\/www.blogsoestado.com\/flaviobraga\/?s={search_term_string}"},"query-input":{"@type":"PropertyValueSpecification","valueRequired":true,"valueName":"search_term_string"}}],"inLanguage":"pt-BR"},{"@type":"Person","@id":"https:\/\/www.blogsoestado.com\/flaviobraga\/#\/schema\/person\/6c6c778331775c757a82d15206bd8733","name":"Flavio Braga","image":{"@type":"ImageObject","inLanguage":"pt-BR","@id":"https:\/\/www.blogsoestado.com\/flaviobraga\/#\/schema\/person\/image\/","url":"https:\/\/secure.gravatar.com\/avatar\/ab173937dad8d78195c87778be8a0285d069ede375ce0ae24aac1cf8e58ccb2c?s=96&d=mm&r=g","contentUrl":"https:\/\/secure.gravatar.com\/avatar\/ab173937dad8d78195c87778be8a0285d069ede375ce0ae24aac1cf8e58ccb2c?s=96&d=mm&r=g","caption":"Flavio Braga"},"url":"https:\/\/www.blogsoestado.com\/flaviobraga\/author\/flaviobraga\/"}]}},"jetpack_featured_media_url":"","_links":{"self":[{"href":"https:\/\/www.blogsoestado.com\/flaviobraga\/wp-json\/wp\/v2\/posts\/2658","targetHints":{"allow":["GET"]}}],"collection":[{"href":"https:\/\/www.blogsoestado.com\/flaviobraga\/wp-json\/wp\/v2\/posts"}],"about":[{"href":"https:\/\/www.blogsoestado.com\/flaviobraga\/wp-json\/wp\/v2\/types\/post"}],"author":[{"embeddable":true,"href":"https:\/\/www.blogsoestado.com\/flaviobraga\/wp-json\/wp\/v2\/users\/8"}],"replies":[{"embeddable":true,"href":"https:\/\/www.blogsoestado.com\/flaviobraga\/wp-json\/wp\/v2\/comments?post=2658"}],"version-history":[{"count":0,"href":"https:\/\/www.blogsoestado.com\/flaviobraga\/wp-json\/wp\/v2\/posts\/2658\/revisions"}],"wp:attachment":[{"href":"https:\/\/www.blogsoestado.com\/flaviobraga\/wp-json\/wp\/v2\/media?parent=2658"}],"wp:term":[{"taxonomy":"category","embeddable":true,"href":"https:\/\/www.blogsoestado.com\/flaviobraga\/wp-json\/wp\/v2\/categories?post=2658"},{"taxonomy":"post_tag","embeddable":true,"href":"https:\/\/www.blogsoestado.com\/flaviobraga\/wp-json\/wp\/v2\/tags?post=2658"}],"curies":[{"name":"wp","href":"https:\/\/api.w.org\/{rel}","templated":true}]}}