{"id":2684,"date":"2015-03-04T13:54:30","date_gmt":"2015-03-04T16:54:30","guid":{"rendered":"https:\/\/www.blogsoestado.com\/flaviobraga\/?p=2684"},"modified":"2015-03-04T13:54:30","modified_gmt":"2015-03-04T16:54:30","slug":"sos-barragem-do-rio-pericuma","status":"publish","type":"post","link":"https:\/\/www.blogsoestado.com\/flaviobraga\/sos-barragem-do-rio-pericuma\/","title":{"rendered":"SOS barragem do rio Pericum\u00e3"},"content":{"rendered":"<p align=\"JUSTIFY\"><a href=\"https:\/\/www.blogsoestado.com\/flaviobraga\/wp-content\/uploads\/sites\/7\/2015\/03\/Barragem-do-Pericuma.jpg\"><img fetchpriority=\"high\" decoding=\"async\" class=\"aligncenter size-full wp-image-2685\" src=\"https:\/\/www.blogsoestado.com\/flaviobraga\/wp-content\/uploads\/sites\/7\/2015\/03\/Barragem-do-Pericuma.jpg\" alt=\"Barragem do Pericum\u00e3\" width=\"360\" height=\"240\" srcset=\"https:\/\/www.blogsoestado.com\/flaviobraga\/wp-content\/uploads\/sites\/7\/2015\/03\/Barragem-do-Pericuma.jpg 360w, https:\/\/www.blogsoestado.com\/flaviobraga\/wp-content\/uploads\/sites\/7\/2015\/03\/Barragem-do-Pericuma-300x200.jpg 300w\" sizes=\"(max-width: 360px) 100vw, 360px\" \/><\/a><\/p>\n<p align=\"JUSTIFY\"><span style=\"color: #444444;\"><span style=\"font-family: Times New Roman,serif;\"><span style=\"font-size: medium;\">A barragem do rio Pericum\u00e3 foi conclu\u00edda em 1982, pelo extinto Departamento Nacional de Obras contra a Seca (DNOCS), com o objetivo de represar a \u00e1gua desse imponente rio, facilitar a navega\u00e7\u00e3o de pequenas embarca\u00e7\u00f5es, viabilizar a irriga\u00e7\u00e3o da agricultura familiar, possibilitar o abastecimento de pescado aos munic\u00edpios lim\u00edtrofes e evitar a penetra\u00e7\u00e3o da \u00e1gua salgada, que avan\u00e7ava sobre o curso da \u00e1gua doce e os campos inund\u00e1veis de Pinheiro e adjac\u00eancias.<\/span><\/span><\/span><\/p>\n<p align=\"JUSTIFY\"><span style=\"color: #444444;\"><span style=\"font-family: Times New Roman,serif;\"><span style=\"font-size: medium;\">Ocorre que a estrutura da barragem vem sendo corro\u00edda pela oxida\u00e7\u00e3o ao longo do tempo, visto que, desde a sua inaugura\u00e7\u00e3o pelo Ministro M\u00e1rio Andreazza, jamais recebeu qualquer reforma ou manuten\u00e7\u00e3o adequada.<\/span><\/span><\/span><\/p>\n<p align=\"JUSTIFY\"><span style=\"color: #444444;\"><span style=\"font-family: Times New Roman,serif;\"><span style=\"font-size: medium;\">Possui 100m de comprimento por 25m de largura. \u00c9 constitu\u00edda de tr\u00eas comportas, uma eclusa e dois diques laterais. Os reparos t\u00e9cnicos indispens\u00e1veis ao seu funcionamento regular n\u00e3o poderiam ter sido descurados. Essa maravilha da engenharia civil \u00e9 de suma import\u00e2ncia para a microrregi\u00e3o da Baixada, mas n\u00e3o tem sido tratada com o devido cuidado pelas autoridades competentes. \u00c0 guisa de ilustra\u00e7\u00e3o, \u00e9 por causa dela que o rio Pericum\u00e3 fornece o pescado para os munic\u00edpios de Pinheiro, Palmeir\u00e2ndia, Peri-Mirim e Pedro do Ros\u00e1rio.<\/span><\/span><\/span><\/p>\n<p align=\"JUSTIFY\"><span style=\"color: #444444;\"><span style=\"font-family: Times New Roman,serif;\"><span style=\"font-size: medium;\">O rio Pericum\u00e3 possui uma extens\u00e3o de 115 km. Nasce na Lagoa da Tra\u00edra (em Pedro do Ros\u00e1rio) e des\u00e1gua na ba\u00eda de Cum\u00e3, entre Guimar\u00e3es e Alc\u00e2ntara. Em seu majestoso percurso, banha 13 munic\u00edpios. \u00c9 o mais caudaloso dentre os rios genuinamente baixadeiros. Em particular, o rio Pericum\u00e3 \u00e9 vital para a popula\u00e7\u00e3o de Pinheiro, a metr\u00f3pole da Baixada, com mais de 80 mil habitantes. \u00c9 o rio Pericum\u00e3 que fornece \u00e1gua pot\u00e1vel para a cidade, al\u00e9m de favorecer diversas atividades econ\u00f4micas, como a pesca de subsist\u00eancia e a agricultura familiar.<\/span><\/span><\/span><\/p>\n<p align=\"JUSTIFY\"><span style=\"color: #444444;\"><span style=\"font-family: Times New Roman,serif;\"><span style=\"font-size: medium;\">Hodiernamente, a administra\u00e7\u00e3o da barragem \u00e9 de responsabilidade do Departamento Nacional de Obras Contra a Seca (DNOCS), com sede em Fortaleza (CE), mas n\u00e3o existe um funcion\u00e1rio sequer do \u00f3rg\u00e3o para realizar a manuten\u00e7\u00e3o b\u00e1sica da obra. A situa\u00e7\u00e3o \u00e9 t\u00e3o delicada que os moradores das redondezas s\u00e3o os respons\u00e1veis por abrir e fechar as comportas da barragem.<\/span><\/span><\/span><\/p>\n<p align=\"JUSTIFY\"><span style=\"color: #444444;\"><span style=\"font-family: Times New Roman,serif;\"><span style=\"font-size: medium;\">Em junho de 2014, o vice-prefeito de Pinheiro, C\u00e9sar Soares, entregou um substancioso dossi\u00ea ao ent\u00e3o Ministro da Integra\u00e7\u00e3o Nacional, Francisco Coelho Teixeira, contendo c\u00f3pias de of\u00edcios encaminhados ao DNOCS reivindicando interven\u00e7\u00f5es imediatas, al\u00e9m de fotografias atestando a situa\u00e7\u00e3o de precariedade da barragem.<\/span><\/span><\/span><\/p>\n<p align=\"JUSTIFY\"><span style=\"color: #444444;\"><span style=\"font-family: Times New Roman,serif;\"><span style=\"font-size: medium;\">Na \u00faltima quarta-feira (25\/02), o deputado federal Victor Mendes requereu a recupera\u00e7\u00e3o da Barragem em audi\u00eancia com o Diretor Geral do DNOCS,Walter Gomes de Sousa. O parlamentar baixadeiro tamb\u00e9m apresentou indica\u00e7\u00e3o encaminhada ao Ministro da Integra\u00e7\u00e3o Nacional, Gilberto Magalh\u00e3es Occhi, pleiteando a aloca\u00e7\u00e3o dos recursos necess\u00e1rios \u00e0 urgente recupera\u00e7\u00e3o da barragem, acompanhada de uma manuten\u00e7\u00e3o permanente, antes que ocorra o seu tr\u00e1gico rompimento, circunst\u00e2ncia que provocaria um desastre ambiental e social sem precedentes nos munic\u00edpios circunvizinhos\u00a0(saliniza\u00e7\u00e3o do rio e campos, desabastecimento de \u00e1gua pot\u00e1vel, fome, inunda\u00e7\u00e3o de casas etc).<\/span><\/span><\/span><\/p>\n","protected":false},"excerpt":{"rendered":"<p>A barragem do rio Pericum\u00e3 foi conclu\u00edda em 1982, pelo extinto Departamento Nacional de Obras contra a Seca (DNOCS), com [&hellip;]<\/p>\n","protected":false},"author":8,"featured_media":0,"comment_status":"open","ping_status":"open","sticky":false,"template":"","format":"standard","meta":{"site-sidebar-layout":"default","site-content-layout":"","ast-site-content-layout":"default","site-content-style":"default","site-sidebar-style":"default","ast-global-header-display":"","ast-banner-title-visibility":"","ast-main-header-display":"","ast-hfb-above-header-display":"","ast-hfb-below-header-display":"","ast-hfb-mobile-header-display":"","site-post-title":"","ast-breadcrumbs-content":"","ast-featured-img":"","footer-sml-layout":"","ast-disable-related-posts":"","theme-transparent-header-meta":"","adv-header-id-meta":"","stick-header-meta":"","header-above-stick-meta":"","header-main-stick-meta":"","header-below-stick-meta":"","astra-migrate-meta-layouts":"default","ast-page-background-enabled":"default","ast-page-background-meta":{"desktop":{"background-color":"var(--ast-global-color-5)","background-image":"","background-repeat":"repeat","background-position":"center center","background-size":"auto","background-attachment":"scroll","background-type":"","background-media":"","overlay-type":"","overlay-color":"","overlay-opacity":"","overlay-gradient":""},"tablet":{"background-color":"","background-image":"","background-repeat":"repeat","background-position":"center center","background-size":"auto","background-attachment":"scroll","background-type":"","background-media":"","overlay-type":"","overlay-color":"","overlay-opacity":"","overlay-gradient":""},"mobile":{"background-color":"","background-image":"","background-repeat":"repeat","background-position":"center center","background-size":"auto","background-attachment":"scroll","background-type":"","background-media":"","overlay-type":"","overlay-color":"","overlay-opacity":"","overlay-gradient":""}},"ast-content-background-meta":{"desktop":{"background-color":"var(--ast-global-color-4)","background-image":"","background-repeat":"repeat","background-position":"center center","background-size":"auto","background-attachment":"scroll","background-type":"","background-media":"","overlay-type":"","overlay-color":"","overlay-opacity":"","overlay-gradient":""},"tablet":{"background-color":"var(--ast-global-color-4)","background-image":"","background-repeat":"repeat","background-position":"center center","background-size":"auto","background-attachment":"scroll","background-type":"","background-media":"","overlay-type":"","overlay-color":"","overlay-opacity":"","overlay-gradient":""},"mobile":{"background-color":"var(--ast-global-color-4)","background-image":"","background-repeat":"repeat","background-position":"center center","background-size":"auto","background-attachment":"scroll","background-type":"","background-media":"","overlay-type":"","overlay-color":"","overlay-opacity":"","overlay-gradient":""}},"footnotes":""},"categories":[1],"tags":[],"class_list":["post-2684","post","type-post","status-publish","format-standard","hentry","category-sem-categoria"],"yoast_head":"<!-- This site is optimized with the Yoast SEO plugin v26.6 - https:\/\/yoast.com\/wordpress\/plugins\/seo\/ -->\n<title>SOS barragem do rio Pericum\u00e3 - Fl\u00e1vio Braga<\/title>\n<meta name=\"robots\" content=\"index, follow, max-snippet:-1, max-image-preview:large, max-video-preview:-1\" \/>\n<link rel=\"canonical\" href=\"https:\/\/www.blogsoestado.com\/flaviobraga\/sos-barragem-do-rio-pericuma\/\" \/>\n<meta property=\"og:locale\" content=\"pt_BR\" \/>\n<meta property=\"og:type\" content=\"article\" \/>\n<meta property=\"og:title\" content=\"SOS barragem do rio Pericum\u00e3 - Fl\u00e1vio Braga\" \/>\n<meta property=\"og:description\" content=\"A barragem do rio Pericum\u00e3 foi conclu\u00edda em 1982, pelo extinto Departamento Nacional de Obras contra a Seca (DNOCS), com [&hellip;]\" \/>\n<meta property=\"og:url\" content=\"https:\/\/www.blogsoestado.com\/flaviobraga\/sos-barragem-do-rio-pericuma\/\" \/>\n<meta property=\"og:site_name\" content=\"Fl\u00e1vio Braga\" \/>\n<meta property=\"article:published_time\" content=\"2015-03-04T16:54:30+00:00\" \/>\n<meta property=\"og:image\" content=\"https:\/\/www.blogsoestado.com\/flaviobraga\/wp-content\/uploads\/sites\/7\/2015\/03\/Barragem-do-Pericuma.jpg\" \/>\n<meta name=\"author\" content=\"Flavio Braga\" \/>\n<meta name=\"twitter:card\" content=\"summary_large_image\" \/>\n<meta name=\"twitter:label1\" content=\"Escrito por\" \/>\n\t<meta name=\"twitter:data1\" content=\"Flavio Braga\" \/>\n\t<meta name=\"twitter:label2\" content=\"Est. tempo de leitura\" \/>\n\t<meta name=\"twitter:data2\" content=\"3 minutos\" \/>\n<script type=\"application\/ld+json\" class=\"yoast-schema-graph\">{\"@context\":\"https:\/\/schema.org\",\"@graph\":[{\"@type\":\"WebPage\",\"@id\":\"https:\/\/www.blogsoestado.com\/flaviobraga\/sos-barragem-do-rio-pericuma\/\",\"url\":\"https:\/\/www.blogsoestado.com\/flaviobraga\/sos-barragem-do-rio-pericuma\/\",\"name\":\"SOS barragem do rio Pericum\u00e3 - Fl\u00e1vio Braga\",\"isPartOf\":{\"@id\":\"https:\/\/www.blogsoestado.com\/flaviobraga\/#website\"},\"primaryImageOfPage\":{\"@id\":\"https:\/\/www.blogsoestado.com\/flaviobraga\/sos-barragem-do-rio-pericuma\/#primaryimage\"},\"image\":{\"@id\":\"https:\/\/www.blogsoestado.com\/flaviobraga\/sos-barragem-do-rio-pericuma\/#primaryimage\"},\"thumbnailUrl\":\"https:\/\/www.blogsoestado.com\/flaviobraga\/wp-content\/uploads\/sites\/7\/2015\/03\/Barragem-do-Pericuma.jpg\",\"datePublished\":\"2015-03-04T16:54:30+00:00\",\"author\":{\"@id\":\"https:\/\/www.blogsoestado.com\/flaviobraga\/#\/schema\/person\/6c6c778331775c757a82d15206bd8733\"},\"breadcrumb\":{\"@id\":\"https:\/\/www.blogsoestado.com\/flaviobraga\/sos-barragem-do-rio-pericuma\/#breadcrumb\"},\"inLanguage\":\"pt-BR\",\"potentialAction\":[{\"@type\":\"ReadAction\",\"target\":[\"https:\/\/www.blogsoestado.com\/flaviobraga\/sos-barragem-do-rio-pericuma\/\"]}]},{\"@type\":\"ImageObject\",\"inLanguage\":\"pt-BR\",\"@id\":\"https:\/\/www.blogsoestado.com\/flaviobraga\/sos-barragem-do-rio-pericuma\/#primaryimage\",\"url\":\"https:\/\/www.blogsoestado.com\/flaviobraga\/wp-content\/uploads\/sites\/7\/2015\/03\/Barragem-do-Pericuma.jpg\",\"contentUrl\":\"https:\/\/www.blogsoestado.com\/flaviobraga\/wp-content\/uploads\/sites\/7\/2015\/03\/Barragem-do-Pericuma.jpg\",\"width\":360,\"height\":240},{\"@type\":\"BreadcrumbList\",\"@id\":\"https:\/\/www.blogsoestado.com\/flaviobraga\/sos-barragem-do-rio-pericuma\/#breadcrumb\",\"itemListElement\":[{\"@type\":\"ListItem\",\"position\":1,\"name\":\"In\u00edcio\",\"item\":\"https:\/\/www.blogsoestado.com\/flaviobraga\/\"},{\"@type\":\"ListItem\",\"position\":2,\"name\":\"SOS barragem do rio Pericum\u00e3\"}]},{\"@type\":\"WebSite\",\"@id\":\"https:\/\/www.blogsoestado.com\/flaviobraga\/#website\",\"url\":\"https:\/\/www.blogsoestado.com\/flaviobraga\/\",\"name\":\"Fl\u00e1vio Braga\",\"description\":\"\",\"potentialAction\":[{\"@type\":\"SearchAction\",\"target\":{\"@type\":\"EntryPoint\",\"urlTemplate\":\"https:\/\/www.blogsoestado.com\/flaviobraga\/?s={search_term_string}\"},\"query-input\":{\"@type\":\"PropertyValueSpecification\",\"valueRequired\":true,\"valueName\":\"search_term_string\"}}],\"inLanguage\":\"pt-BR\"},{\"@type\":\"Person\",\"@id\":\"https:\/\/www.blogsoestado.com\/flaviobraga\/#\/schema\/person\/6c6c778331775c757a82d15206bd8733\",\"name\":\"Flavio Braga\",\"image\":{\"@type\":\"ImageObject\",\"inLanguage\":\"pt-BR\",\"@id\":\"https:\/\/www.blogsoestado.com\/flaviobraga\/#\/schema\/person\/image\/\",\"url\":\"https:\/\/secure.gravatar.com\/avatar\/ab173937dad8d78195c87778be8a0285d069ede375ce0ae24aac1cf8e58ccb2c?s=96&d=mm&r=g\",\"contentUrl\":\"https:\/\/secure.gravatar.com\/avatar\/ab173937dad8d78195c87778be8a0285d069ede375ce0ae24aac1cf8e58ccb2c?s=96&d=mm&r=g\",\"caption\":\"Flavio Braga\"},\"url\":\"https:\/\/www.blogsoestado.com\/flaviobraga\/author\/flaviobraga\/\"}]}<\/script>\n<!-- \/ Yoast SEO plugin. -->","yoast_head_json":{"title":"SOS barragem do rio Pericum\u00e3 - Fl\u00e1vio Braga","robots":{"index":"index","follow":"follow","max-snippet":"max-snippet:-1","max-image-preview":"max-image-preview:large","max-video-preview":"max-video-preview:-1"},"canonical":"https:\/\/www.blogsoestado.com\/flaviobraga\/sos-barragem-do-rio-pericuma\/","og_locale":"pt_BR","og_type":"article","og_title":"SOS barragem do rio Pericum\u00e3 - Fl\u00e1vio Braga","og_description":"A barragem do rio Pericum\u00e3 foi conclu\u00edda em 1982, pelo extinto Departamento Nacional de Obras contra a Seca (DNOCS), com [&hellip;]","og_url":"https:\/\/www.blogsoestado.com\/flaviobraga\/sos-barragem-do-rio-pericuma\/","og_site_name":"Fl\u00e1vio Braga","article_published_time":"2015-03-04T16:54:30+00:00","og_image":[{"url":"https:\/\/www.blogsoestado.com\/flaviobraga\/wp-content\/uploads\/sites\/7\/2015\/03\/Barragem-do-Pericuma.jpg","type":"","width":"","height":""}],"author":"Flavio Braga","twitter_card":"summary_large_image","twitter_misc":{"Escrito por":"Flavio Braga","Est. tempo de leitura":"3 minutos"},"schema":{"@context":"https:\/\/schema.org","@graph":[{"@type":"WebPage","@id":"https:\/\/www.blogsoestado.com\/flaviobraga\/sos-barragem-do-rio-pericuma\/","url":"https:\/\/www.blogsoestado.com\/flaviobraga\/sos-barragem-do-rio-pericuma\/","name":"SOS barragem do rio Pericum\u00e3 - Fl\u00e1vio Braga","isPartOf":{"@id":"https:\/\/www.blogsoestado.com\/flaviobraga\/#website"},"primaryImageOfPage":{"@id":"https:\/\/www.blogsoestado.com\/flaviobraga\/sos-barragem-do-rio-pericuma\/#primaryimage"},"image":{"@id":"https:\/\/www.blogsoestado.com\/flaviobraga\/sos-barragem-do-rio-pericuma\/#primaryimage"},"thumbnailUrl":"https:\/\/www.blogsoestado.com\/flaviobraga\/wp-content\/uploads\/sites\/7\/2015\/03\/Barragem-do-Pericuma.jpg","datePublished":"2015-03-04T16:54:30+00:00","author":{"@id":"https:\/\/www.blogsoestado.com\/flaviobraga\/#\/schema\/person\/6c6c778331775c757a82d15206bd8733"},"breadcrumb":{"@id":"https:\/\/www.blogsoestado.com\/flaviobraga\/sos-barragem-do-rio-pericuma\/#breadcrumb"},"inLanguage":"pt-BR","potentialAction":[{"@type":"ReadAction","target":["https:\/\/www.blogsoestado.com\/flaviobraga\/sos-barragem-do-rio-pericuma\/"]}]},{"@type":"ImageObject","inLanguage":"pt-BR","@id":"https:\/\/www.blogsoestado.com\/flaviobraga\/sos-barragem-do-rio-pericuma\/#primaryimage","url":"https:\/\/www.blogsoestado.com\/flaviobraga\/wp-content\/uploads\/sites\/7\/2015\/03\/Barragem-do-Pericuma.jpg","contentUrl":"https:\/\/www.blogsoestado.com\/flaviobraga\/wp-content\/uploads\/sites\/7\/2015\/03\/Barragem-do-Pericuma.jpg","width":360,"height":240},{"@type":"BreadcrumbList","@id":"https:\/\/www.blogsoestado.com\/flaviobraga\/sos-barragem-do-rio-pericuma\/#breadcrumb","itemListElement":[{"@type":"ListItem","position":1,"name":"In\u00edcio","item":"https:\/\/www.blogsoestado.com\/flaviobraga\/"},{"@type":"ListItem","position":2,"name":"SOS barragem do rio Pericum\u00e3"}]},{"@type":"WebSite","@id":"https:\/\/www.blogsoestado.com\/flaviobraga\/#website","url":"https:\/\/www.blogsoestado.com\/flaviobraga\/","name":"Fl\u00e1vio Braga","description":"","potentialAction":[{"@type":"SearchAction","target":{"@type":"EntryPoint","urlTemplate":"https:\/\/www.blogsoestado.com\/flaviobraga\/?s={search_term_string}"},"query-input":{"@type":"PropertyValueSpecification","valueRequired":true,"valueName":"search_term_string"}}],"inLanguage":"pt-BR"},{"@type":"Person","@id":"https:\/\/www.blogsoestado.com\/flaviobraga\/#\/schema\/person\/6c6c778331775c757a82d15206bd8733","name":"Flavio Braga","image":{"@type":"ImageObject","inLanguage":"pt-BR","@id":"https:\/\/www.blogsoestado.com\/flaviobraga\/#\/schema\/person\/image\/","url":"https:\/\/secure.gravatar.com\/avatar\/ab173937dad8d78195c87778be8a0285d069ede375ce0ae24aac1cf8e58ccb2c?s=96&d=mm&r=g","contentUrl":"https:\/\/secure.gravatar.com\/avatar\/ab173937dad8d78195c87778be8a0285d069ede375ce0ae24aac1cf8e58ccb2c?s=96&d=mm&r=g","caption":"Flavio Braga"},"url":"https:\/\/www.blogsoestado.com\/flaviobraga\/author\/flaviobraga\/"}]}},"jetpack_featured_media_url":"","_links":{"self":[{"href":"https:\/\/www.blogsoestado.com\/flaviobraga\/wp-json\/wp\/v2\/posts\/2684","targetHints":{"allow":["GET"]}}],"collection":[{"href":"https:\/\/www.blogsoestado.com\/flaviobraga\/wp-json\/wp\/v2\/posts"}],"about":[{"href":"https:\/\/www.blogsoestado.com\/flaviobraga\/wp-json\/wp\/v2\/types\/post"}],"author":[{"embeddable":true,"href":"https:\/\/www.blogsoestado.com\/flaviobraga\/wp-json\/wp\/v2\/users\/8"}],"replies":[{"embeddable":true,"href":"https:\/\/www.blogsoestado.com\/flaviobraga\/wp-json\/wp\/v2\/comments?post=2684"}],"version-history":[{"count":0,"href":"https:\/\/www.blogsoestado.com\/flaviobraga\/wp-json\/wp\/v2\/posts\/2684\/revisions"}],"wp:attachment":[{"href":"https:\/\/www.blogsoestado.com\/flaviobraga\/wp-json\/wp\/v2\/media?parent=2684"}],"wp:term":[{"taxonomy":"category","embeddable":true,"href":"https:\/\/www.blogsoestado.com\/flaviobraga\/wp-json\/wp\/v2\/categories?post=2684"},{"taxonomy":"post_tag","embeddable":true,"href":"https:\/\/www.blogsoestado.com\/flaviobraga\/wp-json\/wp\/v2\/tags?post=2684"}],"curies":[{"name":"wp","href":"https:\/\/api.w.org\/{rel}","templated":true}]}}