{"id":2687,"date":"2015-03-04T14:11:44","date_gmt":"2015-03-04T17:11:44","guid":{"rendered":"https:\/\/www.blogsoestado.com\/flaviobraga\/?p=2687"},"modified":"2015-03-04T14:11:44","modified_gmt":"2015-03-04T17:11:44","slug":"primeiro-encontro-do-forum-em-defesa-da-baixada","status":"publish","type":"post","link":"https:\/\/www.blogsoestado.com\/flaviobraga\/primeiro-encontro-do-forum-em-defesa-da-baixada\/","title":{"rendered":"Primeiro encontro do F\u00f3rum em Defesa da Baixada"},"content":{"rendered":"<p class=\"western\" align=\"JUSTIFY\"><a href=\"https:\/\/www.blogsoestado.com\/flaviobraga\/wp-content\/uploads\/sites\/7\/2015\/03\/Forum-Reuniai.jpg\"><img fetchpriority=\"high\" decoding=\"async\" class=\"aligncenter size-full wp-image-2688\" src=\"https:\/\/www.blogsoestado.com\/flaviobraga\/wp-content\/uploads\/sites\/7\/2015\/03\/Forum-Reuniai.jpg\" alt=\"Forum Reuni\u00e3i\" width=\"960\" height=\"720\" srcset=\"https:\/\/www.blogsoestado.com\/flaviobraga\/wp-content\/uploads\/sites\/7\/2015\/03\/Forum-Reuniai.jpg 960w, https:\/\/www.blogsoestado.com\/flaviobraga\/wp-content\/uploads\/sites\/7\/2015\/03\/Forum-Reuniai-300x225.jpg 300w, https:\/\/www.blogsoestado.com\/flaviobraga\/wp-content\/uploads\/sites\/7\/2015\/03\/Forum-Reuniai-768x576.jpg 768w\" sizes=\"(max-width: 960px) 100vw, 960px\" \/><\/a><\/p>\n<p class=\"western\" align=\"JUSTIFY\"><span style=\"font-size: medium;\">Um grupo de cidad\u00e3os origin\u00e1rios da Baixada Maranhense reuniu-se s\u00e1bado (28\/02) com a finalidade de articular a cria\u00e7\u00e3o do F\u00f3rum em Defesa da Baixada Maranhense, como entidade da sociedade civil organizada, cujo objetivo \u00e9 estabelecer um canal de interlocu\u00e7\u00e3o com as diversas esferas do Poder P\u00fablico para discuss\u00e3o das necessidades pertinentes \u00e0 microrregi\u00e3o, como a constru\u00e7\u00e3o de barragens, o projeto diques da Baixada e a constru\u00e7\u00e3o da ponte Bequim\u00e3o-Central do Maranh\u00e3o. O evento foi realizado no audit\u00f3rio da TV da Assembleia Legislativa, a partir das 9:30 horas.<\/span><\/p>\n<p class=\"western\" align=\"JUSTIFY\"><span style=\"font-size: medium;\">Participaram do encontro o Chefe da Casa Civil, Marcelo Tavares, o ex-deputado Jota Pinto, o vice-prefeito de Pinheiro, C\u00e9sar Soares, o vice-prefeito de Peri-Mirim, Heliezer Soares, dezenas de vereadores, ex-prefeitos, intelectuais, estudantes, profissionais liberais, cientistas, lideran\u00e7as e formadores de opini\u00e3o de diversos municip\u00edos da Baixada.<\/span><\/p>\n<p class=\"western\" align=\"JUSTIFY\"><span style=\"font-size: medium;\">Segundo o professor Fl\u00e1vio Braga, que coordenou os trabalhos, \u201ca Baixada possui uma peculariedade que a distingue sobremaneira das outras regi\u00f5es pobres do Maranh\u00e3o: embora o seu povo seja desprezado e muito empobrecido, as solu\u00e7\u00f5es para melhorar as condi\u00e7\u00f5es de vida s\u00e3o baratas, simples e de f\u00e1cil resolutividade. S\u00f3 depende da vontade pol\u00edtica de nossos governantes. Quem conhece bem a realidade social da Baixada pode atestar essa situa\u00e7\u00e3o de omiss\u00e3o e abandono\u201d.<\/span><\/p>\n<p class=\"western\" align=\"JUSTIFY\"><span style=\"font-size: medium;\">No in\u00edcio dos trabalhos foi projetado um document\u00e1rio produzido pela Frente Parlamentar em Defesa da Baixada em conjunto com a TV Assembl\u00e9ia, enfocando aspectos geogr\u00e1ficos, econ\u00f4micos, populacionais e culturais da microrregi\u00e3o. Em seguida, foi proferida uma palestra pelo Dr. Expedito Moraes, assessor especial da Secretaria de Desenvolvimento Social (SEDES), discorrendo sobre o Projeto Vicinais de Campo (pequenas barragens de fundo de enseadas), expondo o seu grande alcance social e a possibilidade de desenvolvimento de novos arranjos produtivos.<\/span><\/p>\n<p class=\"western\" align=\"JUSTIFY\"><span style=\"font-size: medium;\">No decorrer da sua interven\u00e7\u00e3o, o Chefe da Casa Civil comunicou que v\u00e1rias reivindica\u00e7\u00f5es hist\u00f3ricas da Baixada j\u00e1 est\u00e3o sendo providenciadas pelo governo do estado, como a pavimenta\u00e7\u00e3o da estrada de Pedro do Ros\u00e1rio a Z\u00e9 Doca, a constru\u00e7\u00e3o da ponte ligando Bequim\u00e3o a Central do Maranh\u00e3o, a constru\u00e7\u00e3o do campus da UEMA em S\u00e3o Bento e a regulariza\u00e7\u00e3o do servi\u00e7o de ferry boat, por meio da realiza\u00e7\u00e3o de licita\u00e7\u00e3o e concess\u00e3o p\u00fablica.<\/span><\/p>\n<p align=\"JUSTIFY\"><span style=\"font-family: Times New Roman,serif;\"><span style=\"font-size: medium;\">Ao final da reuni\u00e3o, foi discutido e aprovado o manifesto do F\u00f3rum em Defesa da Baixada, eleita uma coordena\u00e7\u00e3o executiva com cinco membros e agendado um novo encontro para o dia 14 de mar\u00e7o.<\/span><\/span><\/p>\n","protected":false},"excerpt":{"rendered":"<p>Um grupo de cidad\u00e3os origin\u00e1rios da Baixada Maranhense reuniu-se s\u00e1bado (28\/02) com a finalidade de articular a cria\u00e7\u00e3o do F\u00f3rum [&hellip;]<\/p>\n","protected":false},"author":8,"featured_media":0,"comment_status":"open","ping_status":"open","sticky":false,"template":"","format":"standard","meta":{"site-sidebar-layout":"default","site-content-layout":"","ast-site-content-layout":"default","site-content-style":"default","site-sidebar-style":"default","ast-global-header-display":"","ast-banner-title-visibility":"","ast-main-header-display":"","ast-hfb-above-header-display":"","ast-hfb-below-header-display":"","ast-hfb-mobile-header-display":"","site-post-title":"","ast-breadcrumbs-content":"","ast-featured-img":"","footer-sml-layout":"","ast-disable-related-posts":"","theme-transparent-header-meta":"","adv-header-id-meta":"","stick-header-meta":"","header-above-stick-meta":"","header-main-stick-meta":"","header-below-stick-meta":"","astra-migrate-meta-layouts":"default","ast-page-background-enabled":"default","ast-page-background-meta":{"desktop":{"background-color":"var(--ast-global-color-5)","background-image":"","background-repeat":"repeat","background-position":"center center","background-size":"auto","background-attachment":"scroll","background-type":"","background-media":"","overlay-type":"","overlay-color":"","overlay-opacity":"","overlay-gradient":""},"tablet":{"background-color":"","background-image":"","background-repeat":"repeat","background-position":"center center","background-size":"auto","background-attachment":"scroll","background-type":"","background-media":"","overlay-type":"","overlay-color":"","overlay-opacity":"","overlay-gradient":""},"mobile":{"background-color":"","background-image":"","background-repeat":"repeat","background-position":"center center","background-size":"auto","background-attachment":"scroll","background-type":"","background-media":"","overlay-type":"","overlay-color":"","overlay-opacity":"","overlay-gradient":""}},"ast-content-background-meta":{"desktop":{"background-color":"var(--ast-global-color-4)","background-image":"","background-repeat":"repeat","background-position":"center center","background-size":"auto","background-attachment":"scroll","background-type":"","background-media":"","overlay-type":"","overlay-color":"","overlay-opacity":"","overlay-gradient":""},"tablet":{"background-color":"var(--ast-global-color-4)","background-image":"","background-repeat":"repeat","background-position":"center center","background-size":"auto","background-attachment":"scroll","background-type":"","background-media":"","overlay-type":"","overlay-color":"","overlay-opacity":"","overlay-gradient":""},"mobile":{"background-color":"var(--ast-global-color-4)","background-image":"","background-repeat":"repeat","background-position":"center center","background-size":"auto","background-attachment":"scroll","background-type":"","background-media":"","overlay-type":"","overlay-color":"","overlay-opacity":"","overlay-gradient":""}},"footnotes":""},"categories":[1],"tags":[],"class_list":["post-2687","post","type-post","status-publish","format-standard","hentry","category-sem-categoria"],"yoast_head":"<!-- This site is optimized with the Yoast SEO plugin v26.6 - https:\/\/yoast.com\/wordpress\/plugins\/seo\/ -->\n<title>Primeiro encontro do F\u00f3rum em Defesa da Baixada - Fl\u00e1vio Braga<\/title>\n<meta name=\"robots\" content=\"index, follow, max-snippet:-1, max-image-preview:large, max-video-preview:-1\" \/>\n<link rel=\"canonical\" href=\"https:\/\/www.blogsoestado.com\/flaviobraga\/primeiro-encontro-do-forum-em-defesa-da-baixada\/\" \/>\n<meta property=\"og:locale\" content=\"pt_BR\" \/>\n<meta property=\"og:type\" content=\"article\" \/>\n<meta property=\"og:title\" content=\"Primeiro encontro do F\u00f3rum em Defesa da Baixada - Fl\u00e1vio Braga\" \/>\n<meta property=\"og:description\" content=\"Um grupo de cidad\u00e3os origin\u00e1rios da Baixada Maranhense reuniu-se s\u00e1bado (28\/02) com a finalidade de articular a cria\u00e7\u00e3o do F\u00f3rum [&hellip;]\" \/>\n<meta property=\"og:url\" content=\"https:\/\/www.blogsoestado.com\/flaviobraga\/primeiro-encontro-do-forum-em-defesa-da-baixada\/\" \/>\n<meta property=\"og:site_name\" content=\"Fl\u00e1vio Braga\" \/>\n<meta property=\"article:published_time\" content=\"2015-03-04T17:11:44+00:00\" \/>\n<meta property=\"og:image\" content=\"https:\/\/www.blogsoestado.com\/flaviobraga\/wp-content\/uploads\/sites\/7\/2015\/03\/Forum-Reuniai.jpg\" \/>\n<meta name=\"author\" content=\"Flavio Braga\" \/>\n<meta name=\"twitter:card\" content=\"summary_large_image\" \/>\n<meta name=\"twitter:label1\" content=\"Escrito por\" \/>\n\t<meta name=\"twitter:data1\" content=\"Flavio Braga\" \/>\n\t<meta name=\"twitter:label2\" content=\"Est. tempo de leitura\" \/>\n\t<meta name=\"twitter:data2\" content=\"2 minutos\" \/>\n<script type=\"application\/ld+json\" class=\"yoast-schema-graph\">{\"@context\":\"https:\/\/schema.org\",\"@graph\":[{\"@type\":\"WebPage\",\"@id\":\"https:\/\/www.blogsoestado.com\/flaviobraga\/primeiro-encontro-do-forum-em-defesa-da-baixada\/\",\"url\":\"https:\/\/www.blogsoestado.com\/flaviobraga\/primeiro-encontro-do-forum-em-defesa-da-baixada\/\",\"name\":\"Primeiro encontro do F\u00f3rum em Defesa da Baixada - Fl\u00e1vio Braga\",\"isPartOf\":{\"@id\":\"https:\/\/www.blogsoestado.com\/flaviobraga\/#website\"},\"primaryImageOfPage\":{\"@id\":\"https:\/\/www.blogsoestado.com\/flaviobraga\/primeiro-encontro-do-forum-em-defesa-da-baixada\/#primaryimage\"},\"image\":{\"@id\":\"https:\/\/www.blogsoestado.com\/flaviobraga\/primeiro-encontro-do-forum-em-defesa-da-baixada\/#primaryimage\"},\"thumbnailUrl\":\"https:\/\/www.blogsoestado.com\/flaviobraga\/wp-content\/uploads\/sites\/7\/2015\/03\/Forum-Reuniai.jpg\",\"datePublished\":\"2015-03-04T17:11:44+00:00\",\"author\":{\"@id\":\"https:\/\/www.blogsoestado.com\/flaviobraga\/#\/schema\/person\/6c6c778331775c757a82d15206bd8733\"},\"breadcrumb\":{\"@id\":\"https:\/\/www.blogsoestado.com\/flaviobraga\/primeiro-encontro-do-forum-em-defesa-da-baixada\/#breadcrumb\"},\"inLanguage\":\"pt-BR\",\"potentialAction\":[{\"@type\":\"ReadAction\",\"target\":[\"https:\/\/www.blogsoestado.com\/flaviobraga\/primeiro-encontro-do-forum-em-defesa-da-baixada\/\"]}]},{\"@type\":\"ImageObject\",\"inLanguage\":\"pt-BR\",\"@id\":\"https:\/\/www.blogsoestado.com\/flaviobraga\/primeiro-encontro-do-forum-em-defesa-da-baixada\/#primaryimage\",\"url\":\"https:\/\/www.blogsoestado.com\/flaviobraga\/wp-content\/uploads\/sites\/7\/2015\/03\/Forum-Reuniai.jpg\",\"contentUrl\":\"https:\/\/www.blogsoestado.com\/flaviobraga\/wp-content\/uploads\/sites\/7\/2015\/03\/Forum-Reuniai.jpg\",\"width\":960,\"height\":720},{\"@type\":\"BreadcrumbList\",\"@id\":\"https:\/\/www.blogsoestado.com\/flaviobraga\/primeiro-encontro-do-forum-em-defesa-da-baixada\/#breadcrumb\",\"itemListElement\":[{\"@type\":\"ListItem\",\"position\":1,\"name\":\"In\u00edcio\",\"item\":\"https:\/\/www.blogsoestado.com\/flaviobraga\/\"},{\"@type\":\"ListItem\",\"position\":2,\"name\":\"Primeiro encontro do F\u00f3rum em Defesa da Baixada\"}]},{\"@type\":\"WebSite\",\"@id\":\"https:\/\/www.blogsoestado.com\/flaviobraga\/#website\",\"url\":\"https:\/\/www.blogsoestado.com\/flaviobraga\/\",\"name\":\"Fl\u00e1vio Braga\",\"description\":\"\",\"potentialAction\":[{\"@type\":\"SearchAction\",\"target\":{\"@type\":\"EntryPoint\",\"urlTemplate\":\"https:\/\/www.blogsoestado.com\/flaviobraga\/?s={search_term_string}\"},\"query-input\":{\"@type\":\"PropertyValueSpecification\",\"valueRequired\":true,\"valueName\":\"search_term_string\"}}],\"inLanguage\":\"pt-BR\"},{\"@type\":\"Person\",\"@id\":\"https:\/\/www.blogsoestado.com\/flaviobraga\/#\/schema\/person\/6c6c778331775c757a82d15206bd8733\",\"name\":\"Flavio Braga\",\"image\":{\"@type\":\"ImageObject\",\"inLanguage\":\"pt-BR\",\"@id\":\"https:\/\/www.blogsoestado.com\/flaviobraga\/#\/schema\/person\/image\/\",\"url\":\"https:\/\/secure.gravatar.com\/avatar\/ab173937dad8d78195c87778be8a0285d069ede375ce0ae24aac1cf8e58ccb2c?s=96&d=mm&r=g\",\"contentUrl\":\"https:\/\/secure.gravatar.com\/avatar\/ab173937dad8d78195c87778be8a0285d069ede375ce0ae24aac1cf8e58ccb2c?s=96&d=mm&r=g\",\"caption\":\"Flavio Braga\"},\"url\":\"https:\/\/www.blogsoestado.com\/flaviobraga\/author\/flaviobraga\/\"}]}<\/script>\n<!-- \/ Yoast SEO plugin. -->","yoast_head_json":{"title":"Primeiro encontro do F\u00f3rum em Defesa da Baixada - Fl\u00e1vio Braga","robots":{"index":"index","follow":"follow","max-snippet":"max-snippet:-1","max-image-preview":"max-image-preview:large","max-video-preview":"max-video-preview:-1"},"canonical":"https:\/\/www.blogsoestado.com\/flaviobraga\/primeiro-encontro-do-forum-em-defesa-da-baixada\/","og_locale":"pt_BR","og_type":"article","og_title":"Primeiro encontro do F\u00f3rum em Defesa da Baixada - Fl\u00e1vio Braga","og_description":"Um grupo de cidad\u00e3os origin\u00e1rios da Baixada Maranhense reuniu-se s\u00e1bado (28\/02) com a finalidade de articular a cria\u00e7\u00e3o do F\u00f3rum [&hellip;]","og_url":"https:\/\/www.blogsoestado.com\/flaviobraga\/primeiro-encontro-do-forum-em-defesa-da-baixada\/","og_site_name":"Fl\u00e1vio Braga","article_published_time":"2015-03-04T17:11:44+00:00","og_image":[{"url":"https:\/\/www.blogsoestado.com\/flaviobraga\/wp-content\/uploads\/sites\/7\/2015\/03\/Forum-Reuniai.jpg","type":"","width":"","height":""}],"author":"Flavio Braga","twitter_card":"summary_large_image","twitter_misc":{"Escrito por":"Flavio Braga","Est. tempo de leitura":"2 minutos"},"schema":{"@context":"https:\/\/schema.org","@graph":[{"@type":"WebPage","@id":"https:\/\/www.blogsoestado.com\/flaviobraga\/primeiro-encontro-do-forum-em-defesa-da-baixada\/","url":"https:\/\/www.blogsoestado.com\/flaviobraga\/primeiro-encontro-do-forum-em-defesa-da-baixada\/","name":"Primeiro encontro do F\u00f3rum em Defesa da Baixada - Fl\u00e1vio Braga","isPartOf":{"@id":"https:\/\/www.blogsoestado.com\/flaviobraga\/#website"},"primaryImageOfPage":{"@id":"https:\/\/www.blogsoestado.com\/flaviobraga\/primeiro-encontro-do-forum-em-defesa-da-baixada\/#primaryimage"},"image":{"@id":"https:\/\/www.blogsoestado.com\/flaviobraga\/primeiro-encontro-do-forum-em-defesa-da-baixada\/#primaryimage"},"thumbnailUrl":"https:\/\/www.blogsoestado.com\/flaviobraga\/wp-content\/uploads\/sites\/7\/2015\/03\/Forum-Reuniai.jpg","datePublished":"2015-03-04T17:11:44+00:00","author":{"@id":"https:\/\/www.blogsoestado.com\/flaviobraga\/#\/schema\/person\/6c6c778331775c757a82d15206bd8733"},"breadcrumb":{"@id":"https:\/\/www.blogsoestado.com\/flaviobraga\/primeiro-encontro-do-forum-em-defesa-da-baixada\/#breadcrumb"},"inLanguage":"pt-BR","potentialAction":[{"@type":"ReadAction","target":["https:\/\/www.blogsoestado.com\/flaviobraga\/primeiro-encontro-do-forum-em-defesa-da-baixada\/"]}]},{"@type":"ImageObject","inLanguage":"pt-BR","@id":"https:\/\/www.blogsoestado.com\/flaviobraga\/primeiro-encontro-do-forum-em-defesa-da-baixada\/#primaryimage","url":"https:\/\/www.blogsoestado.com\/flaviobraga\/wp-content\/uploads\/sites\/7\/2015\/03\/Forum-Reuniai.jpg","contentUrl":"https:\/\/www.blogsoestado.com\/flaviobraga\/wp-content\/uploads\/sites\/7\/2015\/03\/Forum-Reuniai.jpg","width":960,"height":720},{"@type":"BreadcrumbList","@id":"https:\/\/www.blogsoestado.com\/flaviobraga\/primeiro-encontro-do-forum-em-defesa-da-baixada\/#breadcrumb","itemListElement":[{"@type":"ListItem","position":1,"name":"In\u00edcio","item":"https:\/\/www.blogsoestado.com\/flaviobraga\/"},{"@type":"ListItem","position":2,"name":"Primeiro encontro do F\u00f3rum em Defesa da Baixada"}]},{"@type":"WebSite","@id":"https:\/\/www.blogsoestado.com\/flaviobraga\/#website","url":"https:\/\/www.blogsoestado.com\/flaviobraga\/","name":"Fl\u00e1vio Braga","description":"","potentialAction":[{"@type":"SearchAction","target":{"@type":"EntryPoint","urlTemplate":"https:\/\/www.blogsoestado.com\/flaviobraga\/?s={search_term_string}"},"query-input":{"@type":"PropertyValueSpecification","valueRequired":true,"valueName":"search_term_string"}}],"inLanguage":"pt-BR"},{"@type":"Person","@id":"https:\/\/www.blogsoestado.com\/flaviobraga\/#\/schema\/person\/6c6c778331775c757a82d15206bd8733","name":"Flavio Braga","image":{"@type":"ImageObject","inLanguage":"pt-BR","@id":"https:\/\/www.blogsoestado.com\/flaviobraga\/#\/schema\/person\/image\/","url":"https:\/\/secure.gravatar.com\/avatar\/ab173937dad8d78195c87778be8a0285d069ede375ce0ae24aac1cf8e58ccb2c?s=96&d=mm&r=g","contentUrl":"https:\/\/secure.gravatar.com\/avatar\/ab173937dad8d78195c87778be8a0285d069ede375ce0ae24aac1cf8e58ccb2c?s=96&d=mm&r=g","caption":"Flavio Braga"},"url":"https:\/\/www.blogsoestado.com\/flaviobraga\/author\/flaviobraga\/"}]}},"jetpack_featured_media_url":"","_links":{"self":[{"href":"https:\/\/www.blogsoestado.com\/flaviobraga\/wp-json\/wp\/v2\/posts\/2687","targetHints":{"allow":["GET"]}}],"collection":[{"href":"https:\/\/www.blogsoestado.com\/flaviobraga\/wp-json\/wp\/v2\/posts"}],"about":[{"href":"https:\/\/www.blogsoestado.com\/flaviobraga\/wp-json\/wp\/v2\/types\/post"}],"author":[{"embeddable":true,"href":"https:\/\/www.blogsoestado.com\/flaviobraga\/wp-json\/wp\/v2\/users\/8"}],"replies":[{"embeddable":true,"href":"https:\/\/www.blogsoestado.com\/flaviobraga\/wp-json\/wp\/v2\/comments?post=2687"}],"version-history":[{"count":0,"href":"https:\/\/www.blogsoestado.com\/flaviobraga\/wp-json\/wp\/v2\/posts\/2687\/revisions"}],"wp:attachment":[{"href":"https:\/\/www.blogsoestado.com\/flaviobraga\/wp-json\/wp\/v2\/media?parent=2687"}],"wp:term":[{"taxonomy":"category","embeddable":true,"href":"https:\/\/www.blogsoestado.com\/flaviobraga\/wp-json\/wp\/v2\/categories?post=2687"},{"taxonomy":"post_tag","embeddable":true,"href":"https:\/\/www.blogsoestado.com\/flaviobraga\/wp-json\/wp\/v2\/tags?post=2687"}],"curies":[{"name":"wp","href":"https:\/\/api.w.org\/{rel}","templated":true}]}}