{"id":2690,"date":"2015-03-08T12:35:13","date_gmt":"2015-03-08T15:35:13","guid":{"rendered":"https:\/\/www.blogsoestado.com\/flaviobraga\/?p=2690"},"modified":"2015-03-08T12:35:13","modified_gmt":"2015-03-08T15:35:13","slug":"a-estiagem-e-o-forum-em-defesa-da-baixada-maranhense","status":"publish","type":"post","link":"https:\/\/www.blogsoestado.com\/flaviobraga\/a-estiagem-e-o-forum-em-defesa-da-baixada-maranhense\/","title":{"rendered":"A estiagem e o F\u00f3rum em Defesa da Baixada Maranhense"},"content":{"rendered":"<p>&nbsp;<\/p>\n<p><a href=\"https:\/\/www.blogsoestado.com\/flaviobraga\/wp-content\/uploads\/sites\/7\/2015\/03\/Torroes-nos-campos-e-lagos-da-Baixada-na-epoca-da-estiagem.jpg\"><img fetchpriority=\"high\" decoding=\"async\" class=\"aligncenter size-full wp-image-2691\" src=\"https:\/\/www.blogsoestado.com\/flaviobraga\/wp-content\/uploads\/sites\/7\/2015\/03\/Torroes-nos-campos-e-lagos-da-Baixada-na-epoca-da-estiagem.jpg\" alt=\"Torr\u00f5es nos campos e lagos da Baixada na \u00e9poca da estiagem\" width=\"1094\" height=\"821\" srcset=\"https:\/\/www.blogsoestado.com\/flaviobraga\/wp-content\/uploads\/sites\/7\/2015\/03\/Torroes-nos-campos-e-lagos-da-Baixada-na-epoca-da-estiagem.jpg 1094w, https:\/\/www.blogsoestado.com\/flaviobraga\/wp-content\/uploads\/sites\/7\/2015\/03\/Torroes-nos-campos-e-lagos-da-Baixada-na-epoca-da-estiagem-300x225.jpg 300w, https:\/\/www.blogsoestado.com\/flaviobraga\/wp-content\/uploads\/sites\/7\/2015\/03\/Torroes-nos-campos-e-lagos-da-Baixada-na-epoca-da-estiagem-1024x768.jpg 1024w, https:\/\/www.blogsoestado.com\/flaviobraga\/wp-content\/uploads\/sites\/7\/2015\/03\/Torroes-nos-campos-e-lagos-da-Baixada-na-epoca-da-estiagem-768x576.jpg 768w\" sizes=\"(max-width: 1094px) 100vw, 1094px\" \/><\/a>A Baixada Maranhense enfrenta a pior estiagem dos \u00faltimos 50 anos. A falta de \u00e1gua j\u00e1 se tornou uma calamidade p\u00fablica anual, visto que submete as comunidades rurais \u00e0s mesmas priva\u00e7\u00f5es e ao mesmo supl\u00edcio em todos os ver\u00f5es maranhenses. O que mais nos angustia \u00e9 que se trata de uma trag\u00e9dia previs\u00edvel e anunciada, incapaz de sensibilizar as autoridades que tem o poder de minimizar tamanho flagelo.<\/p>\n<p>Provoca indigna\u00e7\u00e3o lembrar que entre os meses de abril e agosto de cada ano a Baixada fica coberta por um verdadeiro mar de \u00e1gua doce. Entretanto, na \u00e9poca do abaixamento (entre julho e setembro), essa \u00e1gua escoa para o mar e os campos da Baixada se transformam numa paisagem \u00e1rida, impr\u00f3pria para qualquer atividade produtiva, como conseq\u00fc\u00eancia direta da omiss\u00e3o, descaso e neglig\u00eancia do Poder P\u00fablico.<\/p>\n<p>A economia da Baixada Maranhense \u00e9 basicamente de subsist\u00eancia e as principais atividades econ\u00f4micas s\u00e3o extrativismo vegetal (baba\u00e7u), pesca artesanal e a pequena agricultura rudimentar. Nessa perspectiva, h\u00e1 uma circunst\u00e2ncia particular que diferencia muito bem a Baixada das outras regi\u00f5es pobres do Maranh\u00e3o: embora o seu povo seja bastante carente, as solu\u00e7\u00f5es para melhorar as suas condi\u00e7\u00f5es de vida s\u00e3o baratas, simples e de f\u00e1cil resolutividade. S\u00f3 depende da vontade pol\u00edtica de nossos governantes.<\/p>\n<p>Diante desse contexto, um movimento de cidad\u00e3os baixadeiros decidiu articular a cria\u00e7\u00e3o do F\u00f3rum em Defesa da Baixada Maranhense, como entidade da sociedade civil organizada, com o objetivo prec\u00edpuo de estabelecer um canal de interlocu\u00e7\u00e3o com as diversas esferas do Poder P\u00fablico para discuss\u00e3o e reivindica\u00e7\u00e3o das necessidades hist\u00f3ricas da nossa microrregi\u00e3o, como a constru\u00e7\u00e3o das barragens de fundo de enseada, o projeto diques da Baixada, a constru\u00e7\u00e3o da ponte Bequim\u00e3o-Central, a recupera\u00e7\u00e3o da barragem do rio Pericum\u00e3, a pavimenta\u00e7\u00e3o da Estrada do Peixe em Matinha, a reconstru\u00e7\u00e3o da barragem da Maria Rita (beneficiando os munic\u00edpios de S\u00e3o Bento, Palmeir\u00e2ndia Peri-Mirim e Bequim\u00e3o), a implanta\u00e7\u00e3o do p\u00f3lo tur\u00edstico da Regi\u00e3o dos Lagos, a pavimenta\u00e7\u00e3o da estrada de Pedro do Ros\u00e1rio a Z\u00e9 Doca, a reconstru\u00e7\u00e3o da barragem do F\u00e9lix entre Bequim\u00e3o e Peri-Mirim etc.<\/p>\n<p>O F\u00f3rum em Defesa da Baixada Maranhense \u00e9 uma entidade acima de qualquer interesse pessoal, que busca exclusivamente as melhorias sociais e ambientais para as comunidades baixadeiras. \u00c9 suprapartid\u00e1rio e aberto a ades\u00e3o, participa\u00e7\u00e3o e sugest\u00f5es de todos as pessoas que nutrem amor sincero pela Baixada. A diretriz pol\u00edtica do F\u00f3rum \u00e9 a democracia direta, com decis\u00f5es colegiadas. Somos um grupo coeso, em que predomina o esp\u00edrito de uni\u00e3o e coletividade: um por todos e todos por um.<\/p>\n<p>Dentre as nossas atividades, promovemos um grande encontro no dia 28\/02, no qual debatemos com o Chefe da Casa Civil, Marcelo Tavares, uma extensa pauta de reivindica\u00e7\u00f5es priorit\u00e1rias para a nossa microrregi\u00e3o. Agendamos uma nova assembl\u00e9ia geral para o dia 14\/03, \u00e0s 9:00 horas, no audit\u00f3rio da TV Assembl\u00e9ia. No dia 20\/03, faremos um grande evento na AABB (Calhau), \u00e0s 19 horas, para marcar a funda\u00e7\u00e3o oficial do F\u00f3rum em Defesa da Baixada Maranhense.<\/p>\n","protected":false},"excerpt":{"rendered":"<p>&nbsp; A Baixada Maranhense enfrenta a pior estiagem dos \u00faltimos 50 anos. A falta de \u00e1gua j\u00e1 se tornou uma [&hellip;]<\/p>\n","protected":false},"author":8,"featured_media":0,"comment_status":"open","ping_status":"open","sticky":false,"template":"","format":"standard","meta":{"site-sidebar-layout":"default","site-content-layout":"","ast-site-content-layout":"default","site-content-style":"default","site-sidebar-style":"default","ast-global-header-display":"","ast-banner-title-visibility":"","ast-main-header-display":"","ast-hfb-above-header-display":"","ast-hfb-below-header-display":"","ast-hfb-mobile-header-display":"","site-post-title":"","ast-breadcrumbs-content":"","ast-featured-img":"","footer-sml-layout":"","ast-disable-related-posts":"","theme-transparent-header-meta":"","adv-header-id-meta":"","stick-header-meta":"","header-above-stick-meta":"","header-main-stick-meta":"","header-below-stick-meta":"","astra-migrate-meta-layouts":"default","ast-page-background-enabled":"default","ast-page-background-meta":{"desktop":{"background-color":"var(--ast-global-color-5)","background-image":"","background-repeat":"repeat","background-position":"center center","background-size":"auto","background-attachment":"scroll","background-type":"","background-media":"","overlay-type":"","overlay-color":"","overlay-opacity":"","overlay-gradient":""},"tablet":{"background-color":"","background-image":"","background-repeat":"repeat","background-position":"center center","background-size":"auto","background-attachment":"scroll","background-type":"","background-media":"","overlay-type":"","overlay-color":"","overlay-opacity":"","overlay-gradient":""},"mobile":{"background-color":"","background-image":"","background-repeat":"repeat","background-position":"center center","background-size":"auto","background-attachment":"scroll","background-type":"","background-media":"","overlay-type":"","overlay-color":"","overlay-opacity":"","overlay-gradient":""}},"ast-content-background-meta":{"desktop":{"background-color":"var(--ast-global-color-4)","background-image":"","background-repeat":"repeat","background-position":"center center","background-size":"auto","background-attachment":"scroll","background-type":"","background-media":"","overlay-type":"","overlay-color":"","overlay-opacity":"","overlay-gradient":""},"tablet":{"background-color":"var(--ast-global-color-4)","background-image":"","background-repeat":"repeat","background-position":"center center","background-size":"auto","background-attachment":"scroll","background-type":"","background-media":"","overlay-type":"","overlay-color":"","overlay-opacity":"","overlay-gradient":""},"mobile":{"background-color":"var(--ast-global-color-4)","background-image":"","background-repeat":"repeat","background-position":"center center","background-size":"auto","background-attachment":"scroll","background-type":"","background-media":"","overlay-type":"","overlay-color":"","overlay-opacity":"","overlay-gradient":""}},"footnotes":""},"categories":[1],"tags":[],"class_list":["post-2690","post","type-post","status-publish","format-standard","hentry","category-sem-categoria"],"yoast_head":"<!-- This site is optimized with the Yoast SEO plugin v26.6 - https:\/\/yoast.com\/wordpress\/plugins\/seo\/ -->\n<title>A estiagem e o F\u00f3rum em Defesa da Baixada Maranhense - Fl\u00e1vio Braga<\/title>\n<meta name=\"robots\" content=\"index, follow, max-snippet:-1, max-image-preview:large, max-video-preview:-1\" \/>\n<link rel=\"canonical\" href=\"https:\/\/www.blogsoestado.com\/flaviobraga\/a-estiagem-e-o-forum-em-defesa-da-baixada-maranhense\/\" \/>\n<meta property=\"og:locale\" content=\"pt_BR\" \/>\n<meta property=\"og:type\" content=\"article\" \/>\n<meta property=\"og:title\" content=\"A estiagem e o F\u00f3rum em Defesa da Baixada Maranhense - Fl\u00e1vio Braga\" \/>\n<meta property=\"og:description\" content=\"&nbsp; A Baixada Maranhense enfrenta a pior estiagem dos \u00faltimos 50 anos. A falta de \u00e1gua j\u00e1 se tornou uma [&hellip;]\" \/>\n<meta property=\"og:url\" content=\"https:\/\/www.blogsoestado.com\/flaviobraga\/a-estiagem-e-o-forum-em-defesa-da-baixada-maranhense\/\" \/>\n<meta property=\"og:site_name\" content=\"Fl\u00e1vio Braga\" \/>\n<meta property=\"article:published_time\" content=\"2015-03-08T15:35:13+00:00\" \/>\n<meta property=\"og:image\" content=\"https:\/\/www.blogsoestado.com\/flaviobraga\/wp-content\/uploads\/sites\/7\/2015\/03\/Torroes-nos-campos-e-lagos-da-Baixada-na-epoca-da-estiagem.jpg\" \/>\n<meta name=\"author\" content=\"Flavio Braga\" \/>\n<meta name=\"twitter:card\" content=\"summary_large_image\" \/>\n<meta name=\"twitter:label1\" content=\"Escrito por\" \/>\n\t<meta name=\"twitter:data1\" content=\"Flavio Braga\" \/>\n\t<meta name=\"twitter:label2\" content=\"Est. tempo de leitura\" \/>\n\t<meta name=\"twitter:data2\" content=\"3 minutos\" \/>\n<script type=\"application\/ld+json\" class=\"yoast-schema-graph\">{\"@context\":\"https:\/\/schema.org\",\"@graph\":[{\"@type\":\"WebPage\",\"@id\":\"https:\/\/www.blogsoestado.com\/flaviobraga\/a-estiagem-e-o-forum-em-defesa-da-baixada-maranhense\/\",\"url\":\"https:\/\/www.blogsoestado.com\/flaviobraga\/a-estiagem-e-o-forum-em-defesa-da-baixada-maranhense\/\",\"name\":\"A estiagem e o F\u00f3rum em Defesa da Baixada Maranhense - Fl\u00e1vio Braga\",\"isPartOf\":{\"@id\":\"https:\/\/www.blogsoestado.com\/flaviobraga\/#website\"},\"primaryImageOfPage\":{\"@id\":\"https:\/\/www.blogsoestado.com\/flaviobraga\/a-estiagem-e-o-forum-em-defesa-da-baixada-maranhense\/#primaryimage\"},\"image\":{\"@id\":\"https:\/\/www.blogsoestado.com\/flaviobraga\/a-estiagem-e-o-forum-em-defesa-da-baixada-maranhense\/#primaryimage\"},\"thumbnailUrl\":\"https:\/\/www.blogsoestado.com\/flaviobraga\/wp-content\/uploads\/sites\/7\/2015\/03\/Torroes-nos-campos-e-lagos-da-Baixada-na-epoca-da-estiagem.jpg\",\"datePublished\":\"2015-03-08T15:35:13+00:00\",\"author\":{\"@id\":\"https:\/\/www.blogsoestado.com\/flaviobraga\/#\/schema\/person\/6c6c778331775c757a82d15206bd8733\"},\"breadcrumb\":{\"@id\":\"https:\/\/www.blogsoestado.com\/flaviobraga\/a-estiagem-e-o-forum-em-defesa-da-baixada-maranhense\/#breadcrumb\"},\"inLanguage\":\"pt-BR\",\"potentialAction\":[{\"@type\":\"ReadAction\",\"target\":[\"https:\/\/www.blogsoestado.com\/flaviobraga\/a-estiagem-e-o-forum-em-defesa-da-baixada-maranhense\/\"]}]},{\"@type\":\"ImageObject\",\"inLanguage\":\"pt-BR\",\"@id\":\"https:\/\/www.blogsoestado.com\/flaviobraga\/a-estiagem-e-o-forum-em-defesa-da-baixada-maranhense\/#primaryimage\",\"url\":\"https:\/\/www.blogsoestado.com\/flaviobraga\/wp-content\/uploads\/sites\/7\/2015\/03\/Torroes-nos-campos-e-lagos-da-Baixada-na-epoca-da-estiagem.jpg\",\"contentUrl\":\"https:\/\/www.blogsoestado.com\/flaviobraga\/wp-content\/uploads\/sites\/7\/2015\/03\/Torroes-nos-campos-e-lagos-da-Baixada-na-epoca-da-estiagem.jpg\",\"width\":1094,\"height\":821},{\"@type\":\"BreadcrumbList\",\"@id\":\"https:\/\/www.blogsoestado.com\/flaviobraga\/a-estiagem-e-o-forum-em-defesa-da-baixada-maranhense\/#breadcrumb\",\"itemListElement\":[{\"@type\":\"ListItem\",\"position\":1,\"name\":\"In\u00edcio\",\"item\":\"https:\/\/www.blogsoestado.com\/flaviobraga\/\"},{\"@type\":\"ListItem\",\"position\":2,\"name\":\"A estiagem e o F\u00f3rum em Defesa da Baixada Maranhense\"}]},{\"@type\":\"WebSite\",\"@id\":\"https:\/\/www.blogsoestado.com\/flaviobraga\/#website\",\"url\":\"https:\/\/www.blogsoestado.com\/flaviobraga\/\",\"name\":\"Fl\u00e1vio Braga\",\"description\":\"\",\"potentialAction\":[{\"@type\":\"SearchAction\",\"target\":{\"@type\":\"EntryPoint\",\"urlTemplate\":\"https:\/\/www.blogsoestado.com\/flaviobraga\/?s={search_term_string}\"},\"query-input\":{\"@type\":\"PropertyValueSpecification\",\"valueRequired\":true,\"valueName\":\"search_term_string\"}}],\"inLanguage\":\"pt-BR\"},{\"@type\":\"Person\",\"@id\":\"https:\/\/www.blogsoestado.com\/flaviobraga\/#\/schema\/person\/6c6c778331775c757a82d15206bd8733\",\"name\":\"Flavio Braga\",\"image\":{\"@type\":\"ImageObject\",\"inLanguage\":\"pt-BR\",\"@id\":\"https:\/\/www.blogsoestado.com\/flaviobraga\/#\/schema\/person\/image\/\",\"url\":\"https:\/\/secure.gravatar.com\/avatar\/ab173937dad8d78195c87778be8a0285d069ede375ce0ae24aac1cf8e58ccb2c?s=96&d=mm&r=g\",\"contentUrl\":\"https:\/\/secure.gravatar.com\/avatar\/ab173937dad8d78195c87778be8a0285d069ede375ce0ae24aac1cf8e58ccb2c?s=96&d=mm&r=g\",\"caption\":\"Flavio Braga\"},\"url\":\"https:\/\/www.blogsoestado.com\/flaviobraga\/author\/flaviobraga\/\"}]}<\/script>\n<!-- \/ Yoast SEO plugin. -->","yoast_head_json":{"title":"A estiagem e o F\u00f3rum em Defesa da Baixada Maranhense - Fl\u00e1vio Braga","robots":{"index":"index","follow":"follow","max-snippet":"max-snippet:-1","max-image-preview":"max-image-preview:large","max-video-preview":"max-video-preview:-1"},"canonical":"https:\/\/www.blogsoestado.com\/flaviobraga\/a-estiagem-e-o-forum-em-defesa-da-baixada-maranhense\/","og_locale":"pt_BR","og_type":"article","og_title":"A estiagem e o F\u00f3rum em Defesa da Baixada Maranhense - Fl\u00e1vio Braga","og_description":"&nbsp; A Baixada Maranhense enfrenta a pior estiagem dos \u00faltimos 50 anos. A falta de \u00e1gua j\u00e1 se tornou uma [&hellip;]","og_url":"https:\/\/www.blogsoestado.com\/flaviobraga\/a-estiagem-e-o-forum-em-defesa-da-baixada-maranhense\/","og_site_name":"Fl\u00e1vio Braga","article_published_time":"2015-03-08T15:35:13+00:00","og_image":[{"url":"https:\/\/www.blogsoestado.com\/flaviobraga\/wp-content\/uploads\/sites\/7\/2015\/03\/Torroes-nos-campos-e-lagos-da-Baixada-na-epoca-da-estiagem.jpg","type":"","width":"","height":""}],"author":"Flavio Braga","twitter_card":"summary_large_image","twitter_misc":{"Escrito por":"Flavio Braga","Est. tempo de leitura":"3 minutos"},"schema":{"@context":"https:\/\/schema.org","@graph":[{"@type":"WebPage","@id":"https:\/\/www.blogsoestado.com\/flaviobraga\/a-estiagem-e-o-forum-em-defesa-da-baixada-maranhense\/","url":"https:\/\/www.blogsoestado.com\/flaviobraga\/a-estiagem-e-o-forum-em-defesa-da-baixada-maranhense\/","name":"A estiagem e o F\u00f3rum em Defesa da Baixada Maranhense - Fl\u00e1vio Braga","isPartOf":{"@id":"https:\/\/www.blogsoestado.com\/flaviobraga\/#website"},"primaryImageOfPage":{"@id":"https:\/\/www.blogsoestado.com\/flaviobraga\/a-estiagem-e-o-forum-em-defesa-da-baixada-maranhense\/#primaryimage"},"image":{"@id":"https:\/\/www.blogsoestado.com\/flaviobraga\/a-estiagem-e-o-forum-em-defesa-da-baixada-maranhense\/#primaryimage"},"thumbnailUrl":"https:\/\/www.blogsoestado.com\/flaviobraga\/wp-content\/uploads\/sites\/7\/2015\/03\/Torroes-nos-campos-e-lagos-da-Baixada-na-epoca-da-estiagem.jpg","datePublished":"2015-03-08T15:35:13+00:00","author":{"@id":"https:\/\/www.blogsoestado.com\/flaviobraga\/#\/schema\/person\/6c6c778331775c757a82d15206bd8733"},"breadcrumb":{"@id":"https:\/\/www.blogsoestado.com\/flaviobraga\/a-estiagem-e-o-forum-em-defesa-da-baixada-maranhense\/#breadcrumb"},"inLanguage":"pt-BR","potentialAction":[{"@type":"ReadAction","target":["https:\/\/www.blogsoestado.com\/flaviobraga\/a-estiagem-e-o-forum-em-defesa-da-baixada-maranhense\/"]}]},{"@type":"ImageObject","inLanguage":"pt-BR","@id":"https:\/\/www.blogsoestado.com\/flaviobraga\/a-estiagem-e-o-forum-em-defesa-da-baixada-maranhense\/#primaryimage","url":"https:\/\/www.blogsoestado.com\/flaviobraga\/wp-content\/uploads\/sites\/7\/2015\/03\/Torroes-nos-campos-e-lagos-da-Baixada-na-epoca-da-estiagem.jpg","contentUrl":"https:\/\/www.blogsoestado.com\/flaviobraga\/wp-content\/uploads\/sites\/7\/2015\/03\/Torroes-nos-campos-e-lagos-da-Baixada-na-epoca-da-estiagem.jpg","width":1094,"height":821},{"@type":"BreadcrumbList","@id":"https:\/\/www.blogsoestado.com\/flaviobraga\/a-estiagem-e-o-forum-em-defesa-da-baixada-maranhense\/#breadcrumb","itemListElement":[{"@type":"ListItem","position":1,"name":"In\u00edcio","item":"https:\/\/www.blogsoestado.com\/flaviobraga\/"},{"@type":"ListItem","position":2,"name":"A estiagem e o F\u00f3rum em Defesa da Baixada Maranhense"}]},{"@type":"WebSite","@id":"https:\/\/www.blogsoestado.com\/flaviobraga\/#website","url":"https:\/\/www.blogsoestado.com\/flaviobraga\/","name":"Fl\u00e1vio Braga","description":"","potentialAction":[{"@type":"SearchAction","target":{"@type":"EntryPoint","urlTemplate":"https:\/\/www.blogsoestado.com\/flaviobraga\/?s={search_term_string}"},"query-input":{"@type":"PropertyValueSpecification","valueRequired":true,"valueName":"search_term_string"}}],"inLanguage":"pt-BR"},{"@type":"Person","@id":"https:\/\/www.blogsoestado.com\/flaviobraga\/#\/schema\/person\/6c6c778331775c757a82d15206bd8733","name":"Flavio Braga","image":{"@type":"ImageObject","inLanguage":"pt-BR","@id":"https:\/\/www.blogsoestado.com\/flaviobraga\/#\/schema\/person\/image\/","url":"https:\/\/secure.gravatar.com\/avatar\/ab173937dad8d78195c87778be8a0285d069ede375ce0ae24aac1cf8e58ccb2c?s=96&d=mm&r=g","contentUrl":"https:\/\/secure.gravatar.com\/avatar\/ab173937dad8d78195c87778be8a0285d069ede375ce0ae24aac1cf8e58ccb2c?s=96&d=mm&r=g","caption":"Flavio Braga"},"url":"https:\/\/www.blogsoestado.com\/flaviobraga\/author\/flaviobraga\/"}]}},"jetpack_featured_media_url":"","_links":{"self":[{"href":"https:\/\/www.blogsoestado.com\/flaviobraga\/wp-json\/wp\/v2\/posts\/2690","targetHints":{"allow":["GET"]}}],"collection":[{"href":"https:\/\/www.blogsoestado.com\/flaviobraga\/wp-json\/wp\/v2\/posts"}],"about":[{"href":"https:\/\/www.blogsoestado.com\/flaviobraga\/wp-json\/wp\/v2\/types\/post"}],"author":[{"embeddable":true,"href":"https:\/\/www.blogsoestado.com\/flaviobraga\/wp-json\/wp\/v2\/users\/8"}],"replies":[{"embeddable":true,"href":"https:\/\/www.blogsoestado.com\/flaviobraga\/wp-json\/wp\/v2\/comments?post=2690"}],"version-history":[{"count":0,"href":"https:\/\/www.blogsoestado.com\/flaviobraga\/wp-json\/wp\/v2\/posts\/2690\/revisions"}],"wp:attachment":[{"href":"https:\/\/www.blogsoestado.com\/flaviobraga\/wp-json\/wp\/v2\/media?parent=2690"}],"wp:term":[{"taxonomy":"category","embeddable":true,"href":"https:\/\/www.blogsoestado.com\/flaviobraga\/wp-json\/wp\/v2\/categories?post=2690"},{"taxonomy":"post_tag","embeddable":true,"href":"https:\/\/www.blogsoestado.com\/flaviobraga\/wp-json\/wp\/v2\/tags?post=2690"}],"curies":[{"name":"wp","href":"https:\/\/api.w.org\/{rel}","templated":true}]}}