{"id":2695,"date":"2015-03-18T13:43:38","date_gmt":"2015-03-18T16:43:38","guid":{"rendered":"https:\/\/www.blogsoestado.com\/flaviobraga\/?p=2695"},"modified":"2015-03-18T13:43:38","modified_gmt":"2015-03-18T16:43:38","slug":"tre-e-a-reforma-politica","status":"publish","type":"post","link":"https:\/\/www.blogsoestado.com\/flaviobraga\/tre-e-a-reforma-politica\/","title":{"rendered":"TRE e a reforma pol\u00edtica\u2026"},"content":{"rendered":"<p align=\"JUSTIFY\"><span style=\"color: #000000;\"><span style=\"font-family: Trebuchet MS;\"><span style=\"font-size: medium;\">A Corregedoria Regional Eleitoral do Maranh\u00e3o e a Escola Judici\u00e1ria Eleitoral promovem no dia 30 de mar\u00e7o, das 15h \u00e0s 18h, debate sobre reforma pol\u00edtica no plen\u00e1rio Ernani Santos para discuss\u00e3o de temas como coliga\u00e7\u00f5es, pluripartidarismo, sistema proporcional, financiamento p\u00fablico, entre outros.<\/span><\/span><\/span><\/p>\n<p align=\"JUSTIFY\"><span style=\"color: #000000;\"><span style=\"font-family: Trebuchet MS;\"><span style=\"font-size: medium;\">O an\u00fancio do evento foi feito pelo desembargador Lourival Serejo (vice-presidente e corregedor do TRE-MA) durante a sess\u00e3o administrativa do \u00f3rg\u00e3o da \u00faltima quarta-feira, 16 de mar\u00e7o.<\/span><\/span><\/span><\/p>\n<p align=\"JUSTIFY\"><span style=\"color: #000000;\"><span style=\"font-family: Trebuchet MS;\"><span style=\"font-size: medium;\">Na programa\u00e7\u00e3o, haver\u00e1 a palestra\u00a0<\/span><\/span><\/span><em><span style=\"color: #000000;\"><span style=\"font-family: Trebuchet MS;\"><span style=\"font-size: medium;\">\u201cColiga\u00e7\u00f5es e Pluripartidarismo\/Coincid\u00eancias das Elei\u00e7\u00f5es Palestrante<\/span><\/span><\/span><\/em><span style=\"color: #000000;\"><span style=\"font-family: Trebuchet MS;\"><span style=\"font-size: medium;\">\u201d, cujo palestrante ser\u00e1 o desembargador Lourival de Jesus Serejo, vice-presidente e corregedor do TRE-MA. Em seguida, o juiz federal Roberto Veloso profere a palestra\u00a0<\/span><\/span><\/span><em><span style=\"color: #000000;\"><span style=\"font-family: Trebuchet MS;\"><span style=\"font-size: medium;\">\u201cParticipa\u00e7\u00e3o Popular e Sistema Proporcional\u201d<\/span><\/span><\/span><\/em><span style=\"color: #000000;\"><span style=\"font-family: Trebuchet MS;\"><span style=\"font-size: medium;\">.<\/span><\/span><\/span><\/p>\n<p align=\"JUSTIFY\"><span style=\"color: #000000;\"><span style=\"font-family: Trebuchet MS;\"><span style=\"font-size: medium;\">A programa\u00e7\u00e3o ter\u00e1 ainda o debate sobre Voto Distrital e Fim da reelei\u00e7\u00e3o, com o advogado Carlos Eduardo de Oliveira Lula, secret\u00e1rio-adjunto de Expediente, Documenta\u00e7\u00e3o e Atos Oficiais da Casa Civil.<\/span><\/span><\/span><\/p>\n<p align=\"JUSTIFY\"><span style=\"color: #000000;\"><span style=\"font-family: Trebuchet MS;\"><span style=\"font-size: medium;\">A discuss\u00e3o sobre o Financiamento P\u00fablico de Campanha ficar\u00e1 a cargo do procurador da Rep\u00fablica Juraci Guimar\u00e3es J\u00fanior, que atua como procurador eleitoral.<br \/>\nPara encerrar o evento, o deputado federal Pedro Fernandes proferir\u00e1 a palestra de\u00a0<\/span><\/span><\/span><em><span style=\"color: #000000;\"><span style=\"font-family: Trebuchet MS;\"><span style=\"font-size: medium;\">\u201cAvalia\u00e7\u00e3o e Perspectiva da Reforma Pol\u00edtica\u201d<\/span><\/span><\/span><\/em><span style=\"color: #000000;\"><span style=\"font-family: Trebuchet MS;\"><span style=\"font-size: medium;\">. Fernandes \u00e9 membro da Comiss\u00e3o Especial instalada na C\u00e2mara dos Deputados para tratar da proposta de reforma pol\u00edtica.<\/span><\/span><\/span><\/p>\n<h3 class=\"western\" align=\"JUSTIFY\"><\/h3>\n","protected":false},"excerpt":{"rendered":"<p>A Corregedoria Regional Eleitoral do Maranh\u00e3o e a Escola Judici\u00e1ria Eleitoral promovem no dia 30 de mar\u00e7o, das 15h \u00e0s [&hellip;]<\/p>\n","protected":false},"author":8,"featured_media":0,"comment_status":"open","ping_status":"open","sticky":false,"template":"","format":"standard","meta":{"site-sidebar-layout":"default","site-content-layout":"","ast-site-content-layout":"default","site-content-style":"default","site-sidebar-style":"default","ast-global-header-display":"","ast-banner-title-visibility":"","ast-main-header-display":"","ast-hfb-above-header-display":"","ast-hfb-below-header-display":"","ast-hfb-mobile-header-display":"","site-post-title":"","ast-breadcrumbs-content":"","ast-featured-img":"","footer-sml-layout":"","ast-disable-related-posts":"","theme-transparent-header-meta":"","adv-header-id-meta":"","stick-header-meta":"","header-above-stick-meta":"","header-main-stick-meta":"","header-below-stick-meta":"","astra-migrate-meta-layouts":"default","ast-page-background-enabled":"default","ast-page-background-meta":{"desktop":{"background-color":"var(--ast-global-color-5)","background-image":"","background-repeat":"repeat","background-position":"center center","background-size":"auto","background-attachment":"scroll","background-type":"","background-media":"","overlay-type":"","overlay-color":"","overlay-opacity":"","overlay-gradient":""},"tablet":{"background-color":"","background-image":"","background-repeat":"repeat","background-position":"center center","background-size":"auto","background-attachment":"scroll","background-type":"","background-media":"","overlay-type":"","overlay-color":"","overlay-opacity":"","overlay-gradient":""},"mobile":{"background-color":"","background-image":"","background-repeat":"repeat","background-position":"center center","background-size":"auto","background-attachment":"scroll","background-type":"","background-media":"","overlay-type":"","overlay-color":"","overlay-opacity":"","overlay-gradient":""}},"ast-content-background-meta":{"desktop":{"background-color":"var(--ast-global-color-4)","background-image":"","background-repeat":"repeat","background-position":"center center","background-size":"auto","background-attachment":"scroll","background-type":"","background-media":"","overlay-type":"","overlay-color":"","overlay-opacity":"","overlay-gradient":""},"tablet":{"background-color":"var(--ast-global-color-4)","background-image":"","background-repeat":"repeat","background-position":"center center","background-size":"auto","background-attachment":"scroll","background-type":"","background-media":"","overlay-type":"","overlay-color":"","overlay-opacity":"","overlay-gradient":""},"mobile":{"background-color":"var(--ast-global-color-4)","background-image":"","background-repeat":"repeat","background-position":"center center","background-size":"auto","background-attachment":"scroll","background-type":"","background-media":"","overlay-type":"","overlay-color":"","overlay-opacity":"","overlay-gradient":""}},"footnotes":""},"categories":[1],"tags":[],"class_list":["post-2695","post","type-post","status-publish","format-standard","hentry","category-sem-categoria"],"yoast_head":"<!-- This site is optimized with the Yoast SEO plugin v26.6 - https:\/\/yoast.com\/wordpress\/plugins\/seo\/ -->\n<title>TRE e a reforma pol\u00edtica\u2026 - Fl\u00e1vio Braga<\/title>\n<meta name=\"robots\" content=\"index, follow, max-snippet:-1, max-image-preview:large, max-video-preview:-1\" \/>\n<link rel=\"canonical\" href=\"https:\/\/www.blogsoestado.com\/flaviobraga\/tre-e-a-reforma-politica\/\" \/>\n<meta property=\"og:locale\" content=\"pt_BR\" \/>\n<meta property=\"og:type\" content=\"article\" \/>\n<meta property=\"og:title\" content=\"TRE e a reforma pol\u00edtica\u2026 - Fl\u00e1vio Braga\" \/>\n<meta property=\"og:description\" content=\"A Corregedoria Regional Eleitoral do Maranh\u00e3o e a Escola Judici\u00e1ria Eleitoral promovem no dia 30 de mar\u00e7o, das 15h \u00e0s [&hellip;]\" \/>\n<meta property=\"og:url\" content=\"https:\/\/www.blogsoestado.com\/flaviobraga\/tre-e-a-reforma-politica\/\" \/>\n<meta property=\"og:site_name\" content=\"Fl\u00e1vio Braga\" \/>\n<meta property=\"article:published_time\" content=\"2015-03-18T16:43:38+00:00\" \/>\n<meta name=\"author\" content=\"Flavio Braga\" \/>\n<meta name=\"twitter:card\" content=\"summary_large_image\" \/>\n<meta name=\"twitter:label1\" content=\"Escrito por\" \/>\n\t<meta name=\"twitter:data1\" content=\"Flavio Braga\" \/>\n\t<meta name=\"twitter:label2\" content=\"Est. tempo de leitura\" \/>\n\t<meta name=\"twitter:data2\" content=\"1 minuto\" \/>\n<script type=\"application\/ld+json\" class=\"yoast-schema-graph\">{\"@context\":\"https:\/\/schema.org\",\"@graph\":[{\"@type\":\"WebPage\",\"@id\":\"https:\/\/www.blogsoestado.com\/flaviobraga\/tre-e-a-reforma-politica\/\",\"url\":\"https:\/\/www.blogsoestado.com\/flaviobraga\/tre-e-a-reforma-politica\/\",\"name\":\"TRE e a reforma pol\u00edtica\u2026 - Fl\u00e1vio Braga\",\"isPartOf\":{\"@id\":\"https:\/\/www.blogsoestado.com\/flaviobraga\/#website\"},\"datePublished\":\"2015-03-18T16:43:38+00:00\",\"author\":{\"@id\":\"https:\/\/www.blogsoestado.com\/flaviobraga\/#\/schema\/person\/6c6c778331775c757a82d15206bd8733\"},\"breadcrumb\":{\"@id\":\"https:\/\/www.blogsoestado.com\/flaviobraga\/tre-e-a-reforma-politica\/#breadcrumb\"},\"inLanguage\":\"pt-BR\",\"potentialAction\":[{\"@type\":\"ReadAction\",\"target\":[\"https:\/\/www.blogsoestado.com\/flaviobraga\/tre-e-a-reforma-politica\/\"]}]},{\"@type\":\"BreadcrumbList\",\"@id\":\"https:\/\/www.blogsoestado.com\/flaviobraga\/tre-e-a-reforma-politica\/#breadcrumb\",\"itemListElement\":[{\"@type\":\"ListItem\",\"position\":1,\"name\":\"In\u00edcio\",\"item\":\"https:\/\/www.blogsoestado.com\/flaviobraga\/\"},{\"@type\":\"ListItem\",\"position\":2,\"name\":\"TRE e a reforma pol\u00edtica\u2026\"}]},{\"@type\":\"WebSite\",\"@id\":\"https:\/\/www.blogsoestado.com\/flaviobraga\/#website\",\"url\":\"https:\/\/www.blogsoestado.com\/flaviobraga\/\",\"name\":\"Fl\u00e1vio Braga\",\"description\":\"\",\"potentialAction\":[{\"@type\":\"SearchAction\",\"target\":{\"@type\":\"EntryPoint\",\"urlTemplate\":\"https:\/\/www.blogsoestado.com\/flaviobraga\/?s={search_term_string}\"},\"query-input\":{\"@type\":\"PropertyValueSpecification\",\"valueRequired\":true,\"valueName\":\"search_term_string\"}}],\"inLanguage\":\"pt-BR\"},{\"@type\":\"Person\",\"@id\":\"https:\/\/www.blogsoestado.com\/flaviobraga\/#\/schema\/person\/6c6c778331775c757a82d15206bd8733\",\"name\":\"Flavio Braga\",\"image\":{\"@type\":\"ImageObject\",\"inLanguage\":\"pt-BR\",\"@id\":\"https:\/\/www.blogsoestado.com\/flaviobraga\/#\/schema\/person\/image\/\",\"url\":\"https:\/\/secure.gravatar.com\/avatar\/ab173937dad8d78195c87778be8a0285d069ede375ce0ae24aac1cf8e58ccb2c?s=96&d=mm&r=g\",\"contentUrl\":\"https:\/\/secure.gravatar.com\/avatar\/ab173937dad8d78195c87778be8a0285d069ede375ce0ae24aac1cf8e58ccb2c?s=96&d=mm&r=g\",\"caption\":\"Flavio Braga\"},\"url\":\"https:\/\/www.blogsoestado.com\/flaviobraga\/author\/flaviobraga\/\"}]}<\/script>\n<!-- \/ Yoast SEO plugin. -->","yoast_head_json":{"title":"TRE e a reforma pol\u00edtica\u2026 - Fl\u00e1vio Braga","robots":{"index":"index","follow":"follow","max-snippet":"max-snippet:-1","max-image-preview":"max-image-preview:large","max-video-preview":"max-video-preview:-1"},"canonical":"https:\/\/www.blogsoestado.com\/flaviobraga\/tre-e-a-reforma-politica\/","og_locale":"pt_BR","og_type":"article","og_title":"TRE e a reforma pol\u00edtica\u2026 - Fl\u00e1vio Braga","og_description":"A Corregedoria Regional Eleitoral do Maranh\u00e3o e a Escola Judici\u00e1ria Eleitoral promovem no dia 30 de mar\u00e7o, das 15h \u00e0s [&hellip;]","og_url":"https:\/\/www.blogsoestado.com\/flaviobraga\/tre-e-a-reforma-politica\/","og_site_name":"Fl\u00e1vio Braga","article_published_time":"2015-03-18T16:43:38+00:00","author":"Flavio Braga","twitter_card":"summary_large_image","twitter_misc":{"Escrito por":"Flavio Braga","Est. tempo de leitura":"1 minuto"},"schema":{"@context":"https:\/\/schema.org","@graph":[{"@type":"WebPage","@id":"https:\/\/www.blogsoestado.com\/flaviobraga\/tre-e-a-reforma-politica\/","url":"https:\/\/www.blogsoestado.com\/flaviobraga\/tre-e-a-reforma-politica\/","name":"TRE e a reforma pol\u00edtica\u2026 - Fl\u00e1vio Braga","isPartOf":{"@id":"https:\/\/www.blogsoestado.com\/flaviobraga\/#website"},"datePublished":"2015-03-18T16:43:38+00:00","author":{"@id":"https:\/\/www.blogsoestado.com\/flaviobraga\/#\/schema\/person\/6c6c778331775c757a82d15206bd8733"},"breadcrumb":{"@id":"https:\/\/www.blogsoestado.com\/flaviobraga\/tre-e-a-reforma-politica\/#breadcrumb"},"inLanguage":"pt-BR","potentialAction":[{"@type":"ReadAction","target":["https:\/\/www.blogsoestado.com\/flaviobraga\/tre-e-a-reforma-politica\/"]}]},{"@type":"BreadcrumbList","@id":"https:\/\/www.blogsoestado.com\/flaviobraga\/tre-e-a-reforma-politica\/#breadcrumb","itemListElement":[{"@type":"ListItem","position":1,"name":"In\u00edcio","item":"https:\/\/www.blogsoestado.com\/flaviobraga\/"},{"@type":"ListItem","position":2,"name":"TRE e a reforma pol\u00edtica\u2026"}]},{"@type":"WebSite","@id":"https:\/\/www.blogsoestado.com\/flaviobraga\/#website","url":"https:\/\/www.blogsoestado.com\/flaviobraga\/","name":"Fl\u00e1vio Braga","description":"","potentialAction":[{"@type":"SearchAction","target":{"@type":"EntryPoint","urlTemplate":"https:\/\/www.blogsoestado.com\/flaviobraga\/?s={search_term_string}"},"query-input":{"@type":"PropertyValueSpecification","valueRequired":true,"valueName":"search_term_string"}}],"inLanguage":"pt-BR"},{"@type":"Person","@id":"https:\/\/www.blogsoestado.com\/flaviobraga\/#\/schema\/person\/6c6c778331775c757a82d15206bd8733","name":"Flavio Braga","image":{"@type":"ImageObject","inLanguage":"pt-BR","@id":"https:\/\/www.blogsoestado.com\/flaviobraga\/#\/schema\/person\/image\/","url":"https:\/\/secure.gravatar.com\/avatar\/ab173937dad8d78195c87778be8a0285d069ede375ce0ae24aac1cf8e58ccb2c?s=96&d=mm&r=g","contentUrl":"https:\/\/secure.gravatar.com\/avatar\/ab173937dad8d78195c87778be8a0285d069ede375ce0ae24aac1cf8e58ccb2c?s=96&d=mm&r=g","caption":"Flavio Braga"},"url":"https:\/\/www.blogsoestado.com\/flaviobraga\/author\/flaviobraga\/"}]}},"jetpack_featured_media_url":"","_links":{"self":[{"href":"https:\/\/www.blogsoestado.com\/flaviobraga\/wp-json\/wp\/v2\/posts\/2695","targetHints":{"allow":["GET"]}}],"collection":[{"href":"https:\/\/www.blogsoestado.com\/flaviobraga\/wp-json\/wp\/v2\/posts"}],"about":[{"href":"https:\/\/www.blogsoestado.com\/flaviobraga\/wp-json\/wp\/v2\/types\/post"}],"author":[{"embeddable":true,"href":"https:\/\/www.blogsoestado.com\/flaviobraga\/wp-json\/wp\/v2\/users\/8"}],"replies":[{"embeddable":true,"href":"https:\/\/www.blogsoestado.com\/flaviobraga\/wp-json\/wp\/v2\/comments?post=2695"}],"version-history":[{"count":0,"href":"https:\/\/www.blogsoestado.com\/flaviobraga\/wp-json\/wp\/v2\/posts\/2695\/revisions"}],"wp:attachment":[{"href":"https:\/\/www.blogsoestado.com\/flaviobraga\/wp-json\/wp\/v2\/media?parent=2695"}],"wp:term":[{"taxonomy":"category","embeddable":true,"href":"https:\/\/www.blogsoestado.com\/flaviobraga\/wp-json\/wp\/v2\/categories?post=2695"},{"taxonomy":"post_tag","embeddable":true,"href":"https:\/\/www.blogsoestado.com\/flaviobraga\/wp-json\/wp\/v2\/tags?post=2695"}],"curies":[{"name":"wp","href":"https:\/\/api.w.org\/{rel}","templated":true}]}}