{"id":27,"date":"2010-03-26T10:34:39","date_gmt":"2010-03-26T13:34:39","guid":{"rendered":"https:\/\/www.blogsoestado.com\/flaviobraga\/?p=27"},"modified":"2010-03-26T10:34:39","modified_gmt":"2010-03-26T13:34:39","slug":"roberto-jefferson-e-ze-dirceu-mantiveram-direitos-politicos","status":"publish","type":"post","link":"https:\/\/www.blogsoestado.com\/flaviobraga\/roberto-jefferson-e-ze-dirceu-mantiveram-direitos-politicos\/","title":{"rendered":"Roberto Jefferson e Z\u00e9 Dirceu mantiveram direitos pol\u00edticos"},"content":{"rendered":"<p><img fetchpriority=\"high\" decoding=\"async\" class=\"alignleft size-full wp-image-28\" src=\"https:\/\/www.blogsoestado.com\/flaviobraga\/files\/2010\/03\/JoseDirceu_versus_RobertoJefferson.jpg\" alt=\"JoseDirceu_versus_RobertoJefferson\" width=\"300\" height=\"227\" \/>Ao contr\u00e1rio do que muitas pessoas afirmam, os atos de cassa\u00e7\u00e3o dos mandatos eletivos de Roberto Jefferson e Jos\u00e9 Dirceu n\u00e3o acarretaram a perda ou suspens\u00e3o dos seus direitos pol\u00edticos.<\/p>\n<p>\u00a0Tanto que ambos continuam filiados e desenvolvendo intensa milit\u00e2ncia pol\u00edtica, com o exerc\u00edcio de cargos de dire\u00e7\u00e3o partid\u00e1ria.<\/p>\n<p>\u00a0Com efeito, aos membros do Congresso Nacional que hajam perdido os respectivos mandatos por procedimento incompat\u00edvel com o decoro parlamentar \u00e9 aplicada, t\u00e3o-somente, a san\u00e7\u00e3o de inelegibilidade para as elei\u00e7\u00f5es que se realizarem durante o per\u00edodo remanescente do mandato para o qual foram eleitos e nos oito anos subseq\u00fcentes ao t\u00e9rmino da legislatura, nos termos do artigo 1\u00ba, <em>I, a<\/em>, da\u00a0Lei Complementar n\u00ba 64\/90 (Lei das Inelegibilidades).<\/p>\n<p>\u00a0A prop\u00f3sito, conv\u00e9m salientar que as \u00fanicas hip\u00f3teses de aplica\u00e7\u00e3o de perda ou suspens\u00e3o dos direitos pol\u00edticos s\u00e3o taxativamente elencadas\u00a0no artigo 15 da Constitui\u00e7\u00e3o Federal, consoante a transcri\u00e7\u00e3o abaixo:<\/p>\n<p>Art. 15. \u00c9 vedada a cassa\u00e7\u00e3o de direitos pol\u00edticos, cuja perda ou suspens\u00e3o s\u00f3 se dar\u00e1 nos casos de:<\/p>\n<p>I &#8211; cancelamento da naturaliza\u00e7\u00e3o por senten\u00e7a transitada em julgado;<\/p>\n<p>II &#8211; incapacidade civil absoluta;<\/p>\n<p>III &#8211; condena\u00e7\u00e3o criminal transitada em julgado, enquanto durarem seus efeitos;<\/p>\n<p>IV &#8211; recusa de cumprir obriga\u00e7\u00e3o a todos imposta ou presta\u00e7\u00e3o alternativa, nos termos do art. 5\u00ba, VIII;<\/p>\n<p>V &#8211; improbidade administrativa, nos termos do art. 37, \u00a7 4\u00ba.<\/p>\n","protected":false},"excerpt":{"rendered":"<p>Ao contr\u00e1rio do que muitas pessoas afirmam, os atos de cassa\u00e7\u00e3o dos mandatos eletivos de Roberto Jefferson e Jos\u00e9 Dirceu [&hellip;]<\/p>\n","protected":false},"author":8,"featured_media":0,"comment_status":"open","ping_status":"open","sticky":false,"template":"","format":"standard","meta":{"site-sidebar-layout":"default","site-content-layout":"","ast-site-content-layout":"default","site-content-style":"default","site-sidebar-style":"default","ast-global-header-display":"","ast-banner-title-visibility":"","ast-main-header-display":"","ast-hfb-above-header-display":"","ast-hfb-below-header-display":"","ast-hfb-mobile-header-display":"","site-post-title":"","ast-breadcrumbs-content":"","ast-featured-img":"","footer-sml-layout":"","ast-disable-related-posts":"","theme-transparent-header-meta":"","adv-header-id-meta":"","stick-header-meta":"","header-above-stick-meta":"","header-main-stick-meta":"","header-below-stick-meta":"","astra-migrate-meta-layouts":"default","ast-page-background-enabled":"default","ast-page-background-meta":{"desktop":{"background-color":"var(--ast-global-color-5)","background-image":"","background-repeat":"repeat","background-position":"center center","background-size":"auto","background-attachment":"scroll","background-type":"","background-media":"","overlay-type":"","overlay-color":"","overlay-opacity":"","overlay-gradient":""},"tablet":{"background-color":"","background-image":"","background-repeat":"repeat","background-position":"center center","background-size":"auto","background-attachment":"scroll","background-type":"","background-media":"","overlay-type":"","overlay-color":"","overlay-opacity":"","overlay-gradient":""},"mobile":{"background-color":"","background-image":"","background-repeat":"repeat","background-position":"center center","background-size":"auto","background-attachment":"scroll","background-type":"","background-media":"","overlay-type":"","overlay-color":"","overlay-opacity":"","overlay-gradient":""}},"ast-content-background-meta":{"desktop":{"background-color":"var(--ast-global-color-4)","background-image":"","background-repeat":"repeat","background-position":"center center","background-size":"auto","background-attachment":"scroll","background-type":"","background-media":"","overlay-type":"","overlay-color":"","overlay-opacity":"","overlay-gradient":""},"tablet":{"background-color":"var(--ast-global-color-4)","background-image":"","background-repeat":"repeat","background-position":"center center","background-size":"auto","background-attachment":"scroll","background-type":"","background-media":"","overlay-type":"","overlay-color":"","overlay-opacity":"","overlay-gradient":""},"mobile":{"background-color":"var(--ast-global-color-4)","background-image":"","background-repeat":"repeat","background-position":"center center","background-size":"auto","background-attachment":"scroll","background-type":"","background-media":"","overlay-type":"","overlay-color":"","overlay-opacity":"","overlay-gradient":""}},"footnotes":""},"categories":[1],"tags":[],"class_list":["post-27","post","type-post","status-publish","format-standard","hentry","category-sem-categoria"],"yoast_head":"<!-- This site is optimized with the Yoast SEO plugin v26.6 - https:\/\/yoast.com\/wordpress\/plugins\/seo\/ -->\n<title>Roberto Jefferson e Z\u00e9 Dirceu mantiveram direitos pol\u00edticos - Fl\u00e1vio Braga<\/title>\n<meta name=\"robots\" content=\"index, follow, max-snippet:-1, max-image-preview:large, max-video-preview:-1\" \/>\n<link rel=\"canonical\" href=\"https:\/\/www.blogsoestado.com\/flaviobraga\/roberto-jefferson-e-ze-dirceu-mantiveram-direitos-politicos\/\" \/>\n<meta property=\"og:locale\" content=\"pt_BR\" \/>\n<meta property=\"og:type\" content=\"article\" \/>\n<meta property=\"og:title\" content=\"Roberto Jefferson e Z\u00e9 Dirceu mantiveram direitos pol\u00edticos - Fl\u00e1vio Braga\" \/>\n<meta property=\"og:description\" content=\"Ao contr\u00e1rio do que muitas pessoas afirmam, os atos de cassa\u00e7\u00e3o dos mandatos eletivos de Roberto Jefferson e Jos\u00e9 Dirceu [&hellip;]\" \/>\n<meta property=\"og:url\" content=\"https:\/\/www.blogsoestado.com\/flaviobraga\/roberto-jefferson-e-ze-dirceu-mantiveram-direitos-politicos\/\" \/>\n<meta property=\"og:site_name\" content=\"Fl\u00e1vio Braga\" \/>\n<meta property=\"article:published_time\" content=\"2010-03-26T13:34:39+00:00\" \/>\n<meta property=\"og:image\" content=\"https:\/\/www.blogsoestado.com\/flaviobraga\/files\/2010\/03\/JoseDirceu_versus_RobertoJefferson.jpg\" \/>\n<meta name=\"author\" content=\"Flavio Braga\" \/>\n<meta name=\"twitter:card\" content=\"summary_large_image\" \/>\n<meta name=\"twitter:label1\" content=\"Escrito por\" \/>\n\t<meta name=\"twitter:data1\" content=\"Flavio Braga\" \/>\n\t<meta name=\"twitter:label2\" content=\"Est. tempo de leitura\" \/>\n\t<meta name=\"twitter:data2\" content=\"1 minuto\" \/>\n<script type=\"application\/ld+json\" class=\"yoast-schema-graph\">{\"@context\":\"https:\/\/schema.org\",\"@graph\":[{\"@type\":\"WebPage\",\"@id\":\"https:\/\/www.blogsoestado.com\/flaviobraga\/roberto-jefferson-e-ze-dirceu-mantiveram-direitos-politicos\/\",\"url\":\"https:\/\/www.blogsoestado.com\/flaviobraga\/roberto-jefferson-e-ze-dirceu-mantiveram-direitos-politicos\/\",\"name\":\"Roberto Jefferson e Z\u00e9 Dirceu mantiveram direitos pol\u00edticos - Fl\u00e1vio Braga\",\"isPartOf\":{\"@id\":\"https:\/\/www.blogsoestado.com\/flaviobraga\/#website\"},\"primaryImageOfPage\":{\"@id\":\"https:\/\/www.blogsoestado.com\/flaviobraga\/roberto-jefferson-e-ze-dirceu-mantiveram-direitos-politicos\/#primaryimage\"},\"image\":{\"@id\":\"https:\/\/www.blogsoestado.com\/flaviobraga\/roberto-jefferson-e-ze-dirceu-mantiveram-direitos-politicos\/#primaryimage\"},\"thumbnailUrl\":\"https:\/\/www.blogsoestado.com\/flaviobraga\/files\/2010\/03\/JoseDirceu_versus_RobertoJefferson.jpg\",\"datePublished\":\"2010-03-26T13:34:39+00:00\",\"author\":{\"@id\":\"https:\/\/www.blogsoestado.com\/flaviobraga\/#\/schema\/person\/6c6c778331775c757a82d15206bd8733\"},\"breadcrumb\":{\"@id\":\"https:\/\/www.blogsoestado.com\/flaviobraga\/roberto-jefferson-e-ze-dirceu-mantiveram-direitos-politicos\/#breadcrumb\"},\"inLanguage\":\"pt-BR\",\"potentialAction\":[{\"@type\":\"ReadAction\",\"target\":[\"https:\/\/www.blogsoestado.com\/flaviobraga\/roberto-jefferson-e-ze-dirceu-mantiveram-direitos-politicos\/\"]}]},{\"@type\":\"ImageObject\",\"inLanguage\":\"pt-BR\",\"@id\":\"https:\/\/www.blogsoestado.com\/flaviobraga\/roberto-jefferson-e-ze-dirceu-mantiveram-direitos-politicos\/#primaryimage\",\"url\":\"https:\/\/www.blogsoestado.com\/flaviobraga\/files\/2010\/03\/JoseDirceu_versus_RobertoJefferson.jpg\",\"contentUrl\":\"https:\/\/www.blogsoestado.com\/flaviobraga\/files\/2010\/03\/JoseDirceu_versus_RobertoJefferson.jpg\"},{\"@type\":\"BreadcrumbList\",\"@id\":\"https:\/\/www.blogsoestado.com\/flaviobraga\/roberto-jefferson-e-ze-dirceu-mantiveram-direitos-politicos\/#breadcrumb\",\"itemListElement\":[{\"@type\":\"ListItem\",\"position\":1,\"name\":\"In\u00edcio\",\"item\":\"https:\/\/www.blogsoestado.com\/flaviobraga\/\"},{\"@type\":\"ListItem\",\"position\":2,\"name\":\"Roberto Jefferson e Z\u00e9 Dirceu mantiveram direitos pol\u00edticos\"}]},{\"@type\":\"WebSite\",\"@id\":\"https:\/\/www.blogsoestado.com\/flaviobraga\/#website\",\"url\":\"https:\/\/www.blogsoestado.com\/flaviobraga\/\",\"name\":\"Fl\u00e1vio Braga\",\"description\":\"\",\"potentialAction\":[{\"@type\":\"SearchAction\",\"target\":{\"@type\":\"EntryPoint\",\"urlTemplate\":\"https:\/\/www.blogsoestado.com\/flaviobraga\/?s={search_term_string}\"},\"query-input\":{\"@type\":\"PropertyValueSpecification\",\"valueRequired\":true,\"valueName\":\"search_term_string\"}}],\"inLanguage\":\"pt-BR\"},{\"@type\":\"Person\",\"@id\":\"https:\/\/www.blogsoestado.com\/flaviobraga\/#\/schema\/person\/6c6c778331775c757a82d15206bd8733\",\"name\":\"Flavio Braga\",\"image\":{\"@type\":\"ImageObject\",\"inLanguage\":\"pt-BR\",\"@id\":\"https:\/\/www.blogsoestado.com\/flaviobraga\/#\/schema\/person\/image\/\",\"url\":\"https:\/\/secure.gravatar.com\/avatar\/ab173937dad8d78195c87778be8a0285d069ede375ce0ae24aac1cf8e58ccb2c?s=96&d=mm&r=g\",\"contentUrl\":\"https:\/\/secure.gravatar.com\/avatar\/ab173937dad8d78195c87778be8a0285d069ede375ce0ae24aac1cf8e58ccb2c?s=96&d=mm&r=g\",\"caption\":\"Flavio Braga\"},\"url\":\"https:\/\/www.blogsoestado.com\/flaviobraga\/author\/flaviobraga\/\"}]}<\/script>\n<!-- \/ Yoast SEO plugin. -->","yoast_head_json":{"title":"Roberto Jefferson e Z\u00e9 Dirceu mantiveram direitos pol\u00edticos - Fl\u00e1vio Braga","robots":{"index":"index","follow":"follow","max-snippet":"max-snippet:-1","max-image-preview":"max-image-preview:large","max-video-preview":"max-video-preview:-1"},"canonical":"https:\/\/www.blogsoestado.com\/flaviobraga\/roberto-jefferson-e-ze-dirceu-mantiveram-direitos-politicos\/","og_locale":"pt_BR","og_type":"article","og_title":"Roberto Jefferson e Z\u00e9 Dirceu mantiveram direitos pol\u00edticos - Fl\u00e1vio Braga","og_description":"Ao contr\u00e1rio do que muitas pessoas afirmam, os atos de cassa\u00e7\u00e3o dos mandatos eletivos de Roberto Jefferson e Jos\u00e9 Dirceu [&hellip;]","og_url":"https:\/\/www.blogsoestado.com\/flaviobraga\/roberto-jefferson-e-ze-dirceu-mantiveram-direitos-politicos\/","og_site_name":"Fl\u00e1vio Braga","article_published_time":"2010-03-26T13:34:39+00:00","og_image":[{"url":"https:\/\/www.blogsoestado.com\/flaviobraga\/files\/2010\/03\/JoseDirceu_versus_RobertoJefferson.jpg","type":"","width":"","height":""}],"author":"Flavio Braga","twitter_card":"summary_large_image","twitter_misc":{"Escrito por":"Flavio Braga","Est. tempo de leitura":"1 minuto"},"schema":{"@context":"https:\/\/schema.org","@graph":[{"@type":"WebPage","@id":"https:\/\/www.blogsoestado.com\/flaviobraga\/roberto-jefferson-e-ze-dirceu-mantiveram-direitos-politicos\/","url":"https:\/\/www.blogsoestado.com\/flaviobraga\/roberto-jefferson-e-ze-dirceu-mantiveram-direitos-politicos\/","name":"Roberto Jefferson e Z\u00e9 Dirceu mantiveram direitos pol\u00edticos - Fl\u00e1vio Braga","isPartOf":{"@id":"https:\/\/www.blogsoestado.com\/flaviobraga\/#website"},"primaryImageOfPage":{"@id":"https:\/\/www.blogsoestado.com\/flaviobraga\/roberto-jefferson-e-ze-dirceu-mantiveram-direitos-politicos\/#primaryimage"},"image":{"@id":"https:\/\/www.blogsoestado.com\/flaviobraga\/roberto-jefferson-e-ze-dirceu-mantiveram-direitos-politicos\/#primaryimage"},"thumbnailUrl":"https:\/\/www.blogsoestado.com\/flaviobraga\/files\/2010\/03\/JoseDirceu_versus_RobertoJefferson.jpg","datePublished":"2010-03-26T13:34:39+00:00","author":{"@id":"https:\/\/www.blogsoestado.com\/flaviobraga\/#\/schema\/person\/6c6c778331775c757a82d15206bd8733"},"breadcrumb":{"@id":"https:\/\/www.blogsoestado.com\/flaviobraga\/roberto-jefferson-e-ze-dirceu-mantiveram-direitos-politicos\/#breadcrumb"},"inLanguage":"pt-BR","potentialAction":[{"@type":"ReadAction","target":["https:\/\/www.blogsoestado.com\/flaviobraga\/roberto-jefferson-e-ze-dirceu-mantiveram-direitos-politicos\/"]}]},{"@type":"ImageObject","inLanguage":"pt-BR","@id":"https:\/\/www.blogsoestado.com\/flaviobraga\/roberto-jefferson-e-ze-dirceu-mantiveram-direitos-politicos\/#primaryimage","url":"https:\/\/www.blogsoestado.com\/flaviobraga\/files\/2010\/03\/JoseDirceu_versus_RobertoJefferson.jpg","contentUrl":"https:\/\/www.blogsoestado.com\/flaviobraga\/files\/2010\/03\/JoseDirceu_versus_RobertoJefferson.jpg"},{"@type":"BreadcrumbList","@id":"https:\/\/www.blogsoestado.com\/flaviobraga\/roberto-jefferson-e-ze-dirceu-mantiveram-direitos-politicos\/#breadcrumb","itemListElement":[{"@type":"ListItem","position":1,"name":"In\u00edcio","item":"https:\/\/www.blogsoestado.com\/flaviobraga\/"},{"@type":"ListItem","position":2,"name":"Roberto Jefferson e Z\u00e9 Dirceu mantiveram direitos pol\u00edticos"}]},{"@type":"WebSite","@id":"https:\/\/www.blogsoestado.com\/flaviobraga\/#website","url":"https:\/\/www.blogsoestado.com\/flaviobraga\/","name":"Fl\u00e1vio Braga","description":"","potentialAction":[{"@type":"SearchAction","target":{"@type":"EntryPoint","urlTemplate":"https:\/\/www.blogsoestado.com\/flaviobraga\/?s={search_term_string}"},"query-input":{"@type":"PropertyValueSpecification","valueRequired":true,"valueName":"search_term_string"}}],"inLanguage":"pt-BR"},{"@type":"Person","@id":"https:\/\/www.blogsoestado.com\/flaviobraga\/#\/schema\/person\/6c6c778331775c757a82d15206bd8733","name":"Flavio Braga","image":{"@type":"ImageObject","inLanguage":"pt-BR","@id":"https:\/\/www.blogsoestado.com\/flaviobraga\/#\/schema\/person\/image\/","url":"https:\/\/secure.gravatar.com\/avatar\/ab173937dad8d78195c87778be8a0285d069ede375ce0ae24aac1cf8e58ccb2c?s=96&d=mm&r=g","contentUrl":"https:\/\/secure.gravatar.com\/avatar\/ab173937dad8d78195c87778be8a0285d069ede375ce0ae24aac1cf8e58ccb2c?s=96&d=mm&r=g","caption":"Flavio Braga"},"url":"https:\/\/www.blogsoestado.com\/flaviobraga\/author\/flaviobraga\/"}]}},"jetpack_featured_media_url":"","_links":{"self":[{"href":"https:\/\/www.blogsoestado.com\/flaviobraga\/wp-json\/wp\/v2\/posts\/27","targetHints":{"allow":["GET"]}}],"collection":[{"href":"https:\/\/www.blogsoestado.com\/flaviobraga\/wp-json\/wp\/v2\/posts"}],"about":[{"href":"https:\/\/www.blogsoestado.com\/flaviobraga\/wp-json\/wp\/v2\/types\/post"}],"author":[{"embeddable":true,"href":"https:\/\/www.blogsoestado.com\/flaviobraga\/wp-json\/wp\/v2\/users\/8"}],"replies":[{"embeddable":true,"href":"https:\/\/www.blogsoestado.com\/flaviobraga\/wp-json\/wp\/v2\/comments?post=27"}],"version-history":[{"count":0,"href":"https:\/\/www.blogsoestado.com\/flaviobraga\/wp-json\/wp\/v2\/posts\/27\/revisions"}],"wp:attachment":[{"href":"https:\/\/www.blogsoestado.com\/flaviobraga\/wp-json\/wp\/v2\/media?parent=27"}],"wp:term":[{"taxonomy":"category","embeddable":true,"href":"https:\/\/www.blogsoestado.com\/flaviobraga\/wp-json\/wp\/v2\/categories?post=27"},{"taxonomy":"post_tag","embeddable":true,"href":"https:\/\/www.blogsoestado.com\/flaviobraga\/wp-json\/wp\/v2\/tags?post=27"}],"curies":[{"name":"wp","href":"https:\/\/api.w.org\/{rel}","templated":true}]}}