{"id":2700,"date":"2015-03-23T13:18:54","date_gmt":"2015-03-23T16:18:54","guid":{"rendered":"https:\/\/www.blogsoestado.com\/flaviobraga\/?p=2700"},"modified":"2015-03-23T13:18:54","modified_gmt":"2015-03-23T16:18:54","slug":"o-impeachment-de-fernando-collor","status":"publish","type":"post","link":"https:\/\/www.blogsoestado.com\/flaviobraga\/o-impeachment-de-fernando-collor\/","title":{"rendered":"O impeachment de Fernando Collor"},"content":{"rendered":"<p class=\"western\" align=\"JUSTIFY\"><a href=\"https:\/\/www.blogsoestado.com\/flaviobraga\/wp-content\/uploads\/sites\/7\/2015\/03\/fora-collor-1.jpg\"><img fetchpriority=\"high\" decoding=\"async\" class=\"aligncenter size-full wp-image-2701\" src=\"https:\/\/www.blogsoestado.com\/flaviobraga\/wp-content\/uploads\/sites\/7\/2015\/03\/fora-collor-1.jpg\" alt=\"fora-collor\" width=\"595\" height=\"245\" srcset=\"https:\/\/www.blogsoestado.com\/flaviobraga\/wp-content\/uploads\/sites\/7\/2015\/03\/fora-collor-1.jpg 595w, https:\/\/www.blogsoestado.com\/flaviobraga\/wp-content\/uploads\/sites\/7\/2015\/03\/fora-collor-1-300x124.jpg 300w\" sizes=\"(max-width: 595px) 100vw, 595px\" \/><\/a><\/p>\n<p class=\"western\" align=\"JUSTIFY\"><span style=\"color: #000000;\"><span style=\"font-family: Times New Roman,serif;\"><span style=\"font-size: medium;\">Em 1992, o Pa\u00eds assistiu a um fato in\u00e9dito em sua trajet\u00f3ria pol\u00edtica: o desfecho do processo de <\/span><\/span><\/span><em><span style=\"color: #000000;\"><span style=\"font-family: Times New Roman,serif;\"><span style=\"font-size: medium;\"><i>impeachment <\/i><\/span><\/span><\/span><\/em><span style=\"color: #000000;\"><span style=\"font-family: Times New Roman,serif;\"><span style=\"font-size: medium;\">de um presidente da Rep\u00fablica, sem maiores traumas para as institui\u00e7\u00f5es republicanas e sem risco de ruptura da nossa jovem democracia.<\/span><\/span><\/span><\/p>\n<p class=\"western\" align=\"JUSTIFY\"><span style=\"font-family: Times New Roman,serif;\"><span style=\"font-size: medium;\">A controv\u00e9rsia teve in\u00edcio quando, em 24 de maio de 1992, Pedro Collor revelou \u00e0 revista <\/span><\/span><span style=\"font-family: Times New Roman,serif;\"><span style=\"font-size: medium;\"><i>Veja<\/i><\/span><\/span><span style=\"font-family: Times New Roman,serif;\"><span style=\"font-size: medium;\"> a exist\u00eancia do \u201cEsquema PC\u201d, uma rede de corrup\u00e7\u00e3o e tr\u00e1fico de influ\u00eancia capitaneada por Paulo C\u00e9sar Farias, s\u00f3cio e tesoureiro da campanha de Fernando Collor em 1989. Em 26 de maio de 1992, o Congresso Nacional instalou uma CPI para investiga\u00e7\u00e3o das den\u00fancias; em seguida, a revista <\/span><\/span><span style=\"font-family: Times New Roman,serif;\"><span style=\"font-size: medium;\"><i>Isto\u00e9<\/i><\/span><\/span><span style=\"font-family: Times New Roman,serif;\"><span style=\"font-size: medium;\"> publicou entrevista bomb\u00e1stica com Eriberto Fran\u00e7a, motorista da secret\u00e1ria particular do Presidente, na qual confirma que as empresas de PC faziam dep\u00f3sitos regulares nas contas fantasmas daquela. Era o liame que faltava \u00e0s apura\u00e7\u00f5es. <\/span><\/span><\/p>\n<p class=\"western\" align=\"JUSTIFY\"><span style=\"color: #000000;\"><span style=\"font-family: Times New Roman,serif;\"><span style=\"font-size: medium;\">Em 29 de setembro de 1992, a C\u00e2mara dos Deputados autorizou a abertura do processo de <\/span><\/span><\/span><span style=\"color: #000000;\"><span style=\"font-family: Times New Roman,serif;\"><span style=\"font-size: medium;\"><i>impeachment<\/i><\/span><\/span><\/span><span style=\"color: #000000;\"><span style=\"font-family: Times New Roman,serif;\"><span style=\"font-size: medium;\"> do Presidente (o chamado ju\u00edzo de admissibilidade positivo). E, na madrugada de 30 de dezembro de 1992, o Senado Federal concluiu o julgamento do primeiro processo de <\/span><\/span><\/span><span style=\"color: #000000;\"><span style=\"font-family: Times New Roman,serif;\"><span style=\"font-size: medium;\"><i>impeachment <\/i><\/span><\/span><\/span><span style=\"color: #000000;\"><span style=\"font-family: Times New Roman,serif;\"><span style=\"font-size: medium;\">da nossa Rep\u00fablica. <\/span><\/span><\/span><\/p>\n<p class=\"western\" align=\"JUSTIFY\"><span style=\"font-family: Times New Roman,serif;\"><span style=\"font-size: medium;\">A prop\u00f3sito desse evento hist\u00f3rico, \u00e9 comum colher-se da imprensa brasileira, e at\u00e9 de juristas renomados, a afirma\u00e7\u00e3o de que o mandato e os direitos pol\u00edticos de Fernando Collor foram cassados. Por certo, cuida-se de uma flagrante impropriedade jur\u00eddica. Primeiro, porque a san\u00e7\u00e3o de perda do cargo de presidente jamais poderia ser decretada, em raz\u00e3o do ato de ren\u00fancia formalizado pelo acusado, momentos antes der julgado pelo Senado Federal. Segundo, porque o pr\u00f3prio texto constitucional veda a cassa\u00e7\u00e3o de direitos pol\u00edticos, admitindo apenas a sua perda ou suspens\u00e3o. Terceiro, porque a pena efetivamente aplicada ao ex-presidente foi a de inabilita\u00e7\u00e3o para o exerc\u00edcio de fun\u00e7\u00e3o p\u00fablica e n\u00e3o a de afastamento do cargo eletivo.<\/span><\/span><\/p>\n<p class=\"western\" align=\"JUSTIFY\"><span style=\"font-family: Times New Roman,serif;\"><span style=\"font-size: medium;\">De acordo com o artigo 52 da Constitui\u00e7\u00e3o Federal, compete privativamente ao Senado processar e julgar o presidente da Rep\u00fablica nos crimes de responsabilidade, cuja condena\u00e7\u00e3o implica, em tese, a perda do cargo e a inabilita\u00e7\u00e3o para o exerc\u00edcio de fun\u00e7\u00e3o publica, pelo prazo de oito anos. Assim, o dispositivo comina duas puni\u00e7\u00f5es aut\u00f4nomas e distintas, sem nenhuma rela\u00e7\u00e3o de acessoriedade entre si, consoante entendimento sedimentado no STF.<\/span><\/span><\/p>\n<p class=\"western\" align=\"JUSTIFY\"><span style=\"font-family: Times New Roman,serif;\"><span style=\"font-size: medium;\">O instituto jur\u00eddico da inabilita\u00e7\u00e3o, previsto no ordenamento constitucional desde 1891, n\u00e3o se confunde com a decreta\u00e7\u00e3o de perda ou suspens\u00e3o dos direitos pol\u00edticos, que acarretam impedimento ao direito de votar e de ser votado. No caso concreto, Fernando Collor conservou a condi\u00e7\u00e3o de eleitor durante os oito anos de inabilita\u00e7\u00e3o.<\/span><\/span><\/p>\n<p class=\"western\" align=\"JUSTIFY\"><span style=\"color: #000000;\"><span style=\"font-family: Times New Roman,serif;\"><span style=\"font-size: medium;\">Por fim, cumpre registrar que a Resolu\u00e7\u00e3o n\u00ba101\/92, do Senado Federal, que disp\u00f4s sobre as san\u00e7\u00f5es no processo de <\/span><\/span><\/span><em><span style=\"color: #000000;\"><span style=\"font-family: Times New Roman,serif;\"><span style=\"font-size: medium;\"><i>impeachment <\/i><\/span><\/span><\/span><\/em><span style=\"color: #000000;\"><span style=\"font-family: Times New Roman,serif;\"><span style=\"font-size: medium;\">contra Fernando Collor, considerou prejudicado o pedido de aplica\u00e7\u00e3o da penalidade de perda do cargo, em virtude da ren\u00fancia ao mandato presidencial, ficando o processo extinto nessa parte. Por conseguinte, restou imposta t\u00e3o-somente a pena pol\u00edtica de inabilita\u00e7\u00e3o para o exerc\u00edcio de qualquer fun\u00e7\u00e3o p\u00fablica, que provocou restri\u00e7\u00e3o ao pleno exerc\u00edcio dos direitos pol\u00edticos do ex-presidente e a consequente aus\u00eancia de condi\u00e7\u00e3o de elegibilidade pelo mesmo prazo de oito anos, conforme reconheceu a firme jurisprud\u00eancia do TSE.<\/span><\/span><\/span><\/p>\n","protected":false},"excerpt":{"rendered":"<p>Em 1992, o Pa\u00eds assistiu a um fato in\u00e9dito em sua trajet\u00f3ria pol\u00edtica: o desfecho do processo de impeachment de [&hellip;]<\/p>\n","protected":false},"author":8,"featured_media":0,"comment_status":"open","ping_status":"open","sticky":false,"template":"","format":"standard","meta":{"site-sidebar-layout":"default","site-content-layout":"","ast-site-content-layout":"default","site-content-style":"default","site-sidebar-style":"default","ast-global-header-display":"","ast-banner-title-visibility":"","ast-main-header-display":"","ast-hfb-above-header-display":"","ast-hfb-below-header-display":"","ast-hfb-mobile-header-display":"","site-post-title":"","ast-breadcrumbs-content":"","ast-featured-img":"","footer-sml-layout":"","ast-disable-related-posts":"","theme-transparent-header-meta":"","adv-header-id-meta":"","stick-header-meta":"","header-above-stick-meta":"","header-main-stick-meta":"","header-below-stick-meta":"","astra-migrate-meta-layouts":"default","ast-page-background-enabled":"default","ast-page-background-meta":{"desktop":{"background-color":"var(--ast-global-color-5)","background-image":"","background-repeat":"repeat","background-position":"center center","background-size":"auto","background-attachment":"scroll","background-type":"","background-media":"","overlay-type":"","overlay-color":"","overlay-opacity":"","overlay-gradient":""},"tablet":{"background-color":"","background-image":"","background-repeat":"repeat","background-position":"center center","background-size":"auto","background-attachment":"scroll","background-type":"","background-media":"","overlay-type":"","overlay-color":"","overlay-opacity":"","overlay-gradient":""},"mobile":{"background-color":"","background-image":"","background-repeat":"repeat","background-position":"center center","background-size":"auto","background-attachment":"scroll","background-type":"","background-media":"","overlay-type":"","overlay-color":"","overlay-opacity":"","overlay-gradient":""}},"ast-content-background-meta":{"desktop":{"background-color":"var(--ast-global-color-4)","background-image":"","background-repeat":"repeat","background-position":"center center","background-size":"auto","background-attachment":"scroll","background-type":"","background-media":"","overlay-type":"","overlay-color":"","overlay-opacity":"","overlay-gradient":""},"tablet":{"background-color":"var(--ast-global-color-4)","background-image":"","background-repeat":"repeat","background-position":"center center","background-size":"auto","background-attachment":"scroll","background-type":"","background-media":"","overlay-type":"","overlay-color":"","overlay-opacity":"","overlay-gradient":""},"mobile":{"background-color":"var(--ast-global-color-4)","background-image":"","background-repeat":"repeat","background-position":"center center","background-size":"auto","background-attachment":"scroll","background-type":"","background-media":"","overlay-type":"","overlay-color":"","overlay-opacity":"","overlay-gradient":""}},"footnotes":""},"categories":[1],"tags":[],"class_list":["post-2700","post","type-post","status-publish","format-standard","hentry","category-sem-categoria"],"yoast_head":"<!-- This site is optimized with the Yoast SEO plugin v26.6 - https:\/\/yoast.com\/wordpress\/plugins\/seo\/ -->\n<title>O impeachment de Fernando Collor - Fl\u00e1vio Braga<\/title>\n<meta name=\"robots\" content=\"index, follow, max-snippet:-1, max-image-preview:large, max-video-preview:-1\" \/>\n<link rel=\"canonical\" href=\"https:\/\/www.blogsoestado.com\/flaviobraga\/o-impeachment-de-fernando-collor\/\" \/>\n<meta property=\"og:locale\" content=\"pt_BR\" \/>\n<meta property=\"og:type\" content=\"article\" \/>\n<meta property=\"og:title\" content=\"O impeachment de Fernando Collor - Fl\u00e1vio Braga\" \/>\n<meta property=\"og:description\" content=\"Em 1992, o Pa\u00eds assistiu a um fato in\u00e9dito em sua trajet\u00f3ria pol\u00edtica: o desfecho do processo de impeachment de [&hellip;]\" \/>\n<meta property=\"og:url\" content=\"https:\/\/www.blogsoestado.com\/flaviobraga\/o-impeachment-de-fernando-collor\/\" \/>\n<meta property=\"og:site_name\" content=\"Fl\u00e1vio Braga\" \/>\n<meta property=\"article:published_time\" content=\"2015-03-23T16:18:54+00:00\" \/>\n<meta property=\"og:image\" content=\"https:\/\/www.blogsoestado.com\/flaviobraga\/wp-content\/uploads\/sites\/7\/2015\/03\/fora-collor-1.jpg\" \/>\n<meta name=\"author\" content=\"Flavio Braga\" \/>\n<meta name=\"twitter:card\" content=\"summary_large_image\" \/>\n<meta name=\"twitter:label1\" content=\"Escrito por\" \/>\n\t<meta name=\"twitter:data1\" content=\"Flavio Braga\" \/>\n\t<meta name=\"twitter:label2\" content=\"Est. tempo de leitura\" \/>\n\t<meta name=\"twitter:data2\" content=\"3 minutos\" \/>\n<script type=\"application\/ld+json\" class=\"yoast-schema-graph\">{\"@context\":\"https:\/\/schema.org\",\"@graph\":[{\"@type\":\"WebPage\",\"@id\":\"https:\/\/www.blogsoestado.com\/flaviobraga\/o-impeachment-de-fernando-collor\/\",\"url\":\"https:\/\/www.blogsoestado.com\/flaviobraga\/o-impeachment-de-fernando-collor\/\",\"name\":\"O impeachment de Fernando Collor - Fl\u00e1vio Braga\",\"isPartOf\":{\"@id\":\"https:\/\/www.blogsoestado.com\/flaviobraga\/#website\"},\"primaryImageOfPage\":{\"@id\":\"https:\/\/www.blogsoestado.com\/flaviobraga\/o-impeachment-de-fernando-collor\/#primaryimage\"},\"image\":{\"@id\":\"https:\/\/www.blogsoestado.com\/flaviobraga\/o-impeachment-de-fernando-collor\/#primaryimage\"},\"thumbnailUrl\":\"https:\/\/www.blogsoestado.com\/flaviobraga\/wp-content\/uploads\/sites\/7\/2015\/03\/fora-collor-1.jpg\",\"datePublished\":\"2015-03-23T16:18:54+00:00\",\"author\":{\"@id\":\"https:\/\/www.blogsoestado.com\/flaviobraga\/#\/schema\/person\/6c6c778331775c757a82d15206bd8733\"},\"breadcrumb\":{\"@id\":\"https:\/\/www.blogsoestado.com\/flaviobraga\/o-impeachment-de-fernando-collor\/#breadcrumb\"},\"inLanguage\":\"pt-BR\",\"potentialAction\":[{\"@type\":\"ReadAction\",\"target\":[\"https:\/\/www.blogsoestado.com\/flaviobraga\/o-impeachment-de-fernando-collor\/\"]}]},{\"@type\":\"ImageObject\",\"inLanguage\":\"pt-BR\",\"@id\":\"https:\/\/www.blogsoestado.com\/flaviobraga\/o-impeachment-de-fernando-collor\/#primaryimage\",\"url\":\"https:\/\/www.blogsoestado.com\/flaviobraga\/wp-content\/uploads\/sites\/7\/2015\/03\/fora-collor-1.jpg\",\"contentUrl\":\"https:\/\/www.blogsoestado.com\/flaviobraga\/wp-content\/uploads\/sites\/7\/2015\/03\/fora-collor-1.jpg\",\"width\":595,\"height\":245},{\"@type\":\"BreadcrumbList\",\"@id\":\"https:\/\/www.blogsoestado.com\/flaviobraga\/o-impeachment-de-fernando-collor\/#breadcrumb\",\"itemListElement\":[{\"@type\":\"ListItem\",\"position\":1,\"name\":\"In\u00edcio\",\"item\":\"https:\/\/www.blogsoestado.com\/flaviobraga\/\"},{\"@type\":\"ListItem\",\"position\":2,\"name\":\"O impeachment de Fernando Collor\"}]},{\"@type\":\"WebSite\",\"@id\":\"https:\/\/www.blogsoestado.com\/flaviobraga\/#website\",\"url\":\"https:\/\/www.blogsoestado.com\/flaviobraga\/\",\"name\":\"Fl\u00e1vio Braga\",\"description\":\"\",\"potentialAction\":[{\"@type\":\"SearchAction\",\"target\":{\"@type\":\"EntryPoint\",\"urlTemplate\":\"https:\/\/www.blogsoestado.com\/flaviobraga\/?s={search_term_string}\"},\"query-input\":{\"@type\":\"PropertyValueSpecification\",\"valueRequired\":true,\"valueName\":\"search_term_string\"}}],\"inLanguage\":\"pt-BR\"},{\"@type\":\"Person\",\"@id\":\"https:\/\/www.blogsoestado.com\/flaviobraga\/#\/schema\/person\/6c6c778331775c757a82d15206bd8733\",\"name\":\"Flavio Braga\",\"image\":{\"@type\":\"ImageObject\",\"inLanguage\":\"pt-BR\",\"@id\":\"https:\/\/www.blogsoestado.com\/flaviobraga\/#\/schema\/person\/image\/\",\"url\":\"https:\/\/secure.gravatar.com\/avatar\/ab173937dad8d78195c87778be8a0285d069ede375ce0ae24aac1cf8e58ccb2c?s=96&d=mm&r=g\",\"contentUrl\":\"https:\/\/secure.gravatar.com\/avatar\/ab173937dad8d78195c87778be8a0285d069ede375ce0ae24aac1cf8e58ccb2c?s=96&d=mm&r=g\",\"caption\":\"Flavio Braga\"},\"url\":\"https:\/\/www.blogsoestado.com\/flaviobraga\/author\/flaviobraga\/\"}]}<\/script>\n<!-- \/ Yoast SEO plugin. -->","yoast_head_json":{"title":"O impeachment de Fernando Collor - Fl\u00e1vio Braga","robots":{"index":"index","follow":"follow","max-snippet":"max-snippet:-1","max-image-preview":"max-image-preview:large","max-video-preview":"max-video-preview:-1"},"canonical":"https:\/\/www.blogsoestado.com\/flaviobraga\/o-impeachment-de-fernando-collor\/","og_locale":"pt_BR","og_type":"article","og_title":"O impeachment de Fernando Collor - Fl\u00e1vio Braga","og_description":"Em 1992, o Pa\u00eds assistiu a um fato in\u00e9dito em sua trajet\u00f3ria pol\u00edtica: o desfecho do processo de impeachment de [&hellip;]","og_url":"https:\/\/www.blogsoestado.com\/flaviobraga\/o-impeachment-de-fernando-collor\/","og_site_name":"Fl\u00e1vio Braga","article_published_time":"2015-03-23T16:18:54+00:00","og_image":[{"url":"https:\/\/www.blogsoestado.com\/flaviobraga\/wp-content\/uploads\/sites\/7\/2015\/03\/fora-collor-1.jpg","type":"","width":"","height":""}],"author":"Flavio Braga","twitter_card":"summary_large_image","twitter_misc":{"Escrito por":"Flavio Braga","Est. tempo de leitura":"3 minutos"},"schema":{"@context":"https:\/\/schema.org","@graph":[{"@type":"WebPage","@id":"https:\/\/www.blogsoestado.com\/flaviobraga\/o-impeachment-de-fernando-collor\/","url":"https:\/\/www.blogsoestado.com\/flaviobraga\/o-impeachment-de-fernando-collor\/","name":"O impeachment de Fernando Collor - Fl\u00e1vio Braga","isPartOf":{"@id":"https:\/\/www.blogsoestado.com\/flaviobraga\/#website"},"primaryImageOfPage":{"@id":"https:\/\/www.blogsoestado.com\/flaviobraga\/o-impeachment-de-fernando-collor\/#primaryimage"},"image":{"@id":"https:\/\/www.blogsoestado.com\/flaviobraga\/o-impeachment-de-fernando-collor\/#primaryimage"},"thumbnailUrl":"https:\/\/www.blogsoestado.com\/flaviobraga\/wp-content\/uploads\/sites\/7\/2015\/03\/fora-collor-1.jpg","datePublished":"2015-03-23T16:18:54+00:00","author":{"@id":"https:\/\/www.blogsoestado.com\/flaviobraga\/#\/schema\/person\/6c6c778331775c757a82d15206bd8733"},"breadcrumb":{"@id":"https:\/\/www.blogsoestado.com\/flaviobraga\/o-impeachment-de-fernando-collor\/#breadcrumb"},"inLanguage":"pt-BR","potentialAction":[{"@type":"ReadAction","target":["https:\/\/www.blogsoestado.com\/flaviobraga\/o-impeachment-de-fernando-collor\/"]}]},{"@type":"ImageObject","inLanguage":"pt-BR","@id":"https:\/\/www.blogsoestado.com\/flaviobraga\/o-impeachment-de-fernando-collor\/#primaryimage","url":"https:\/\/www.blogsoestado.com\/flaviobraga\/wp-content\/uploads\/sites\/7\/2015\/03\/fora-collor-1.jpg","contentUrl":"https:\/\/www.blogsoestado.com\/flaviobraga\/wp-content\/uploads\/sites\/7\/2015\/03\/fora-collor-1.jpg","width":595,"height":245},{"@type":"BreadcrumbList","@id":"https:\/\/www.blogsoestado.com\/flaviobraga\/o-impeachment-de-fernando-collor\/#breadcrumb","itemListElement":[{"@type":"ListItem","position":1,"name":"In\u00edcio","item":"https:\/\/www.blogsoestado.com\/flaviobraga\/"},{"@type":"ListItem","position":2,"name":"O impeachment de Fernando Collor"}]},{"@type":"WebSite","@id":"https:\/\/www.blogsoestado.com\/flaviobraga\/#website","url":"https:\/\/www.blogsoestado.com\/flaviobraga\/","name":"Fl\u00e1vio Braga","description":"","potentialAction":[{"@type":"SearchAction","target":{"@type":"EntryPoint","urlTemplate":"https:\/\/www.blogsoestado.com\/flaviobraga\/?s={search_term_string}"},"query-input":{"@type":"PropertyValueSpecification","valueRequired":true,"valueName":"search_term_string"}}],"inLanguage":"pt-BR"},{"@type":"Person","@id":"https:\/\/www.blogsoestado.com\/flaviobraga\/#\/schema\/person\/6c6c778331775c757a82d15206bd8733","name":"Flavio Braga","image":{"@type":"ImageObject","inLanguage":"pt-BR","@id":"https:\/\/www.blogsoestado.com\/flaviobraga\/#\/schema\/person\/image\/","url":"https:\/\/secure.gravatar.com\/avatar\/ab173937dad8d78195c87778be8a0285d069ede375ce0ae24aac1cf8e58ccb2c?s=96&d=mm&r=g","contentUrl":"https:\/\/secure.gravatar.com\/avatar\/ab173937dad8d78195c87778be8a0285d069ede375ce0ae24aac1cf8e58ccb2c?s=96&d=mm&r=g","caption":"Flavio Braga"},"url":"https:\/\/www.blogsoestado.com\/flaviobraga\/author\/flaviobraga\/"}]}},"jetpack_featured_media_url":"","_links":{"self":[{"href":"https:\/\/www.blogsoestado.com\/flaviobraga\/wp-json\/wp\/v2\/posts\/2700","targetHints":{"allow":["GET"]}}],"collection":[{"href":"https:\/\/www.blogsoestado.com\/flaviobraga\/wp-json\/wp\/v2\/posts"}],"about":[{"href":"https:\/\/www.blogsoestado.com\/flaviobraga\/wp-json\/wp\/v2\/types\/post"}],"author":[{"embeddable":true,"href":"https:\/\/www.blogsoestado.com\/flaviobraga\/wp-json\/wp\/v2\/users\/8"}],"replies":[{"embeddable":true,"href":"https:\/\/www.blogsoestado.com\/flaviobraga\/wp-json\/wp\/v2\/comments?post=2700"}],"version-history":[{"count":0,"href":"https:\/\/www.blogsoestado.com\/flaviobraga\/wp-json\/wp\/v2\/posts\/2700\/revisions"}],"wp:attachment":[{"href":"https:\/\/www.blogsoestado.com\/flaviobraga\/wp-json\/wp\/v2\/media?parent=2700"}],"wp:term":[{"taxonomy":"category","embeddable":true,"href":"https:\/\/www.blogsoestado.com\/flaviobraga\/wp-json\/wp\/v2\/categories?post=2700"},{"taxonomy":"post_tag","embeddable":true,"href":"https:\/\/www.blogsoestado.com\/flaviobraga\/wp-json\/wp\/v2\/tags?post=2700"}],"curies":[{"name":"wp","href":"https:\/\/api.w.org\/{rel}","templated":true}]}}