{"id":2704,"date":"2015-03-27T15:24:06","date_gmt":"2015-03-27T18:24:06","guid":{"rendered":"https:\/\/www.blogsoestado.com\/flaviobraga\/?p=2704"},"modified":"2015-03-27T15:24:06","modified_gmt":"2015-03-27T18:24:06","slug":"fundacao-do-forum-em-defesa-da-baixada","status":"publish","type":"post","link":"https:\/\/www.blogsoestado.com\/flaviobraga\/fundacao-do-forum-em-defesa-da-baixada\/","title":{"rendered":"FUNDA\u00c7\u00c3O DO  F\u00d3RUM EM DEFESA DA BAIXADA"},"content":{"rendered":"<p class=\"western\" align=\"JUSTIFY\"><a href=\"https:\/\/www.blogsoestado.com\/flaviobraga\/wp-content\/uploads\/sites\/7\/2015\/03\/Mesa-1.png\"><img fetchpriority=\"high\" decoding=\"async\" class=\"aligncenter size-full wp-image-2705\" src=\"https:\/\/www.blogsoestado.com\/flaviobraga\/wp-content\/uploads\/sites\/7\/2015\/03\/Mesa-1.png\" alt=\"Mesa\" width=\"1600\" height=\"1103\" srcset=\"https:\/\/www.blogsoestado.com\/flaviobraga\/wp-content\/uploads\/sites\/7\/2015\/03\/Mesa-1.png 1600w, https:\/\/www.blogsoestado.com\/flaviobraga\/wp-content\/uploads\/sites\/7\/2015\/03\/Mesa-1-300x207.png 300w, https:\/\/www.blogsoestado.com\/flaviobraga\/wp-content\/uploads\/sites\/7\/2015\/03\/Mesa-1-1024x706.png 1024w, https:\/\/www.blogsoestado.com\/flaviobraga\/wp-content\/uploads\/sites\/7\/2015\/03\/Mesa-1-768x529.png 768w, https:\/\/www.blogsoestado.com\/flaviobraga\/wp-content\/uploads\/sites\/7\/2015\/03\/Mesa-1-1536x1059.png 1536w\" sizes=\"(max-width: 1600px) 100vw, 1600px\" \/><\/a><\/p>\n<p class=\"western\" align=\"JUSTIFY\"><span style=\"font-family: Times New Roman,serif;\"><span style=\"font-size: medium;\"><span lang=\"pt-BR\">Foi realizado na \u00faltima sexta-feira (20), nas depend\u00eancias da AABB, o ato de funda\u00e7\u00e3o do F\u00f3rum em Defesa da Baixada Maranhense. O evento contou com a participa\u00e7\u00e3o de lideran\u00e7as expressivas da microrregi\u00e3o, como intelectuais, empres\u00e1rios, professores, estudantes, trabalhadores rurais, l\u00edderes de associa\u00e7\u00f5es, sindicalistas, seis prefeitos, nove deputados estaduais, tr\u00eas deputados federais, dezenas de vice-prefeitos, ex-prefeitos e vereadores.<\/span><\/span><\/span><\/p>\n<p class=\"western\" align=\"JUSTIFY\"><span style=\"font-family: Times New Roman,serif;\"><span style=\"font-size: medium;\"><span lang=\"pt-BR\">O F\u00f3rum \u00e9 uma entidade da sociedade civil organizada e tem como finalidade principal criar uma rede de relacionamento entre os munic\u00edpios da Baixada, a fim de estabelecer um canal de interlocu\u00e7\u00e3o com as diversas esferas do Poder P\u00fablico, para discuss\u00e3o das demandas hist\u00f3ricas da regi\u00e3o, buscando o seu desenvolvimento sustent\u00e1vel. <\/span><\/span><\/span><\/p>\n<p class=\"western\" align=\"JUSTIFY\"><span style=\"font-family: Times New Roman,serif;\"><span style=\"font-size: medium;\"><span lang=\"pt-BR\">O Governador Fl\u00e1vio Dino foi representado pelo Secret\u00e1rio da Casa Civil, Marcelo Tavares, que saudou a iniciativa de cria\u00e7\u00e3o de uma entidade desse porte e anunciou o atendimento de v\u00e1rias reivindica\u00e7\u00f5es do F\u00f3rum, como a constru\u00e7\u00e3o da ponte Bequim\u00e3o-Central, a pavimenta\u00e7\u00e3o da estrada de Pedro do Ros\u00e1rio a Z\u00e9 Doca, a instala\u00e7\u00e3o do campus da UEMA em S\u00e3o Bento, a licita\u00e7\u00e3o dos servi\u00e7os de ferry boat e a constru\u00e7\u00e3o de cinco barragens estrat\u00e9gicas.<\/span><\/span><\/span><\/p>\n<p class=\"western\" align=\"JUSTIFY\"><span style=\"font-family: Times New Roman,serif;\"><span style=\"font-size: medium;\"><span lang=\"pt-BR\">Segundo o advogado Fl\u00e1vio Braga, Coordenador do F\u00f3rum em Defesa da Baixada, a entidade conseguiu unir for\u00e7as de v\u00e1rios segmentos e isso representa o in\u00edcio de um trabalho \u00e1rduo em prol do desenvolvimento de uma das regi\u00f5es mais belas e tamb\u00e9m mais pobres do Maranh\u00e3o. Para o prefeito de Viana, Chico Gomes, se houver o empenho efetivo dos baixadeiros a entidade ser\u00e1 fortalecida e ganhar\u00e1 legitimidade para representar os anseios da Baixada Maranhense. Genilson Ferreira, professor e advogado de S\u00e3o Vicente F\u00e9rrer, afirmou que o F\u00f3rum ser\u00e1 institucionalizado, com a aprova\u00e7\u00e3o de seu estatuto e constitui\u00e7\u00e3o da diretoria executiva.<\/span><\/span><\/span><\/p>\n<p class=\"western\" align=\"JUSTIFY\"><span style=\"color: #222222;\"><span style=\"font-family: Times New Roman,serif;\"><span style=\"font-size: medium;\"><span lang=\"pt-BR\">No encerramento foram distribu\u00eddos fotos e lembran\u00e7as dos encontros de organiza\u00e7\u00e3o. Tamb\u00e9m foi distribu\u00edda uma revista, que traz o manifesto de funda\u00e7\u00e3o do F\u00f3rum da Baixada, reivindica\u00e7\u00f5es priorit\u00e1rias, registros hist\u00f3ricos, dados geogr\u00e1ficos da regi\u00e3o, rela\u00e7\u00e3o do IDH dos munic\u00edpios, al\u00e9m de artigos de alguns membros do F\u00f3rum.<\/span><\/span><\/span><\/span><\/p>\n","protected":false},"excerpt":{"rendered":"<p>Foi realizado na \u00faltima sexta-feira (20), nas depend\u00eancias da AABB, o ato de funda\u00e7\u00e3o do F\u00f3rum em Defesa da Baixada [&hellip;]<\/p>\n","protected":false},"author":8,"featured_media":0,"comment_status":"open","ping_status":"open","sticky":false,"template":"","format":"standard","meta":{"site-sidebar-layout":"default","site-content-layout":"","ast-site-content-layout":"default","site-content-style":"default","site-sidebar-style":"default","ast-global-header-display":"","ast-banner-title-visibility":"","ast-main-header-display":"","ast-hfb-above-header-display":"","ast-hfb-below-header-display":"","ast-hfb-mobile-header-display":"","site-post-title":"","ast-breadcrumbs-content":"","ast-featured-img":"","footer-sml-layout":"","ast-disable-related-posts":"","theme-transparent-header-meta":"","adv-header-id-meta":"","stick-header-meta":"","header-above-stick-meta":"","header-main-stick-meta":"","header-below-stick-meta":"","astra-migrate-meta-layouts":"default","ast-page-background-enabled":"default","ast-page-background-meta":{"desktop":{"background-color":"var(--ast-global-color-5)","background-image":"","background-repeat":"repeat","background-position":"center center","background-size":"auto","background-attachment":"scroll","background-type":"","background-media":"","overlay-type":"","overlay-color":"","overlay-opacity":"","overlay-gradient":""},"tablet":{"background-color":"","background-image":"","background-repeat":"repeat","background-position":"center center","background-size":"auto","background-attachment":"scroll","background-type":"","background-media":"","overlay-type":"","overlay-color":"","overlay-opacity":"","overlay-gradient":""},"mobile":{"background-color":"","background-image":"","background-repeat":"repeat","background-position":"center center","background-size":"auto","background-attachment":"scroll","background-type":"","background-media":"","overlay-type":"","overlay-color":"","overlay-opacity":"","overlay-gradient":""}},"ast-content-background-meta":{"desktop":{"background-color":"var(--ast-global-color-4)","background-image":"","background-repeat":"repeat","background-position":"center center","background-size":"auto","background-attachment":"scroll","background-type":"","background-media":"","overlay-type":"","overlay-color":"","overlay-opacity":"","overlay-gradient":""},"tablet":{"background-color":"var(--ast-global-color-4)","background-image":"","background-repeat":"repeat","background-position":"center center","background-size":"auto","background-attachment":"scroll","background-type":"","background-media":"","overlay-type":"","overlay-color":"","overlay-opacity":"","overlay-gradient":""},"mobile":{"background-color":"var(--ast-global-color-4)","background-image":"","background-repeat":"repeat","background-position":"center center","background-size":"auto","background-attachment":"scroll","background-type":"","background-media":"","overlay-type":"","overlay-color":"","overlay-opacity":"","overlay-gradient":""}},"footnotes":""},"categories":[1],"tags":[],"class_list":["post-2704","post","type-post","status-publish","format-standard","hentry","category-sem-categoria"],"yoast_head":"<!-- This site is optimized with the Yoast SEO plugin v26.6 - https:\/\/yoast.com\/wordpress\/plugins\/seo\/ -->\n<title>FUNDA\u00c7\u00c3O DO F\u00d3RUM EM DEFESA DA BAIXADA - Fl\u00e1vio Braga<\/title>\n<meta name=\"robots\" content=\"index, follow, max-snippet:-1, max-image-preview:large, max-video-preview:-1\" \/>\n<link rel=\"canonical\" href=\"https:\/\/www.blogsoestado.com\/flaviobraga\/fundacao-do-forum-em-defesa-da-baixada\/\" \/>\n<meta property=\"og:locale\" content=\"pt_BR\" \/>\n<meta property=\"og:type\" content=\"article\" \/>\n<meta property=\"og:title\" content=\"FUNDA\u00c7\u00c3O DO F\u00d3RUM EM DEFESA DA BAIXADA - Fl\u00e1vio Braga\" \/>\n<meta property=\"og:description\" content=\"Foi realizado na \u00faltima sexta-feira (20), nas depend\u00eancias da AABB, o ato de funda\u00e7\u00e3o do F\u00f3rum em Defesa da Baixada [&hellip;]\" \/>\n<meta property=\"og:url\" content=\"https:\/\/www.blogsoestado.com\/flaviobraga\/fundacao-do-forum-em-defesa-da-baixada\/\" \/>\n<meta property=\"og:site_name\" content=\"Fl\u00e1vio Braga\" \/>\n<meta property=\"article:published_time\" content=\"2015-03-27T18:24:06+00:00\" \/>\n<meta property=\"og:image\" content=\"https:\/\/www.blogsoestado.com\/flaviobraga\/wp-content\/uploads\/sites\/7\/2015\/03\/Mesa-1.png\" \/>\n<meta name=\"author\" content=\"Flavio Braga\" \/>\n<meta name=\"twitter:card\" content=\"summary_large_image\" \/>\n<meta name=\"twitter:label1\" content=\"Escrito por\" \/>\n\t<meta name=\"twitter:data1\" content=\"Flavio Braga\" \/>\n\t<meta name=\"twitter:label2\" content=\"Est. tempo de leitura\" \/>\n\t<meta name=\"twitter:data2\" content=\"2 minutos\" \/>\n<script type=\"application\/ld+json\" class=\"yoast-schema-graph\">{\"@context\":\"https:\/\/schema.org\",\"@graph\":[{\"@type\":\"WebPage\",\"@id\":\"https:\/\/www.blogsoestado.com\/flaviobraga\/fundacao-do-forum-em-defesa-da-baixada\/\",\"url\":\"https:\/\/www.blogsoestado.com\/flaviobraga\/fundacao-do-forum-em-defesa-da-baixada\/\",\"name\":\"FUNDA\u00c7\u00c3O DO F\u00d3RUM EM DEFESA DA BAIXADA - Fl\u00e1vio Braga\",\"isPartOf\":{\"@id\":\"https:\/\/www.blogsoestado.com\/flaviobraga\/#website\"},\"primaryImageOfPage\":{\"@id\":\"https:\/\/www.blogsoestado.com\/flaviobraga\/fundacao-do-forum-em-defesa-da-baixada\/#primaryimage\"},\"image\":{\"@id\":\"https:\/\/www.blogsoestado.com\/flaviobraga\/fundacao-do-forum-em-defesa-da-baixada\/#primaryimage\"},\"thumbnailUrl\":\"https:\/\/www.blogsoestado.com\/flaviobraga\/wp-content\/uploads\/sites\/7\/2015\/03\/Mesa-1.png\",\"datePublished\":\"2015-03-27T18:24:06+00:00\",\"author\":{\"@id\":\"https:\/\/www.blogsoestado.com\/flaviobraga\/#\/schema\/person\/6c6c778331775c757a82d15206bd8733\"},\"breadcrumb\":{\"@id\":\"https:\/\/www.blogsoestado.com\/flaviobraga\/fundacao-do-forum-em-defesa-da-baixada\/#breadcrumb\"},\"inLanguage\":\"pt-BR\",\"potentialAction\":[{\"@type\":\"ReadAction\",\"target\":[\"https:\/\/www.blogsoestado.com\/flaviobraga\/fundacao-do-forum-em-defesa-da-baixada\/\"]}]},{\"@type\":\"ImageObject\",\"inLanguage\":\"pt-BR\",\"@id\":\"https:\/\/www.blogsoestado.com\/flaviobraga\/fundacao-do-forum-em-defesa-da-baixada\/#primaryimage\",\"url\":\"https:\/\/www.blogsoestado.com\/flaviobraga\/wp-content\/uploads\/sites\/7\/2015\/03\/Mesa-1.png\",\"contentUrl\":\"https:\/\/www.blogsoestado.com\/flaviobraga\/wp-content\/uploads\/sites\/7\/2015\/03\/Mesa-1.png\",\"width\":1600,\"height\":1103},{\"@type\":\"BreadcrumbList\",\"@id\":\"https:\/\/www.blogsoestado.com\/flaviobraga\/fundacao-do-forum-em-defesa-da-baixada\/#breadcrumb\",\"itemListElement\":[{\"@type\":\"ListItem\",\"position\":1,\"name\":\"In\u00edcio\",\"item\":\"https:\/\/www.blogsoestado.com\/flaviobraga\/\"},{\"@type\":\"ListItem\",\"position\":2,\"name\":\"FUNDA\u00c7\u00c3O DO F\u00d3RUM EM DEFESA DA BAIXADA\"}]},{\"@type\":\"WebSite\",\"@id\":\"https:\/\/www.blogsoestado.com\/flaviobraga\/#website\",\"url\":\"https:\/\/www.blogsoestado.com\/flaviobraga\/\",\"name\":\"Fl\u00e1vio Braga\",\"description\":\"\",\"potentialAction\":[{\"@type\":\"SearchAction\",\"target\":{\"@type\":\"EntryPoint\",\"urlTemplate\":\"https:\/\/www.blogsoestado.com\/flaviobraga\/?s={search_term_string}\"},\"query-input\":{\"@type\":\"PropertyValueSpecification\",\"valueRequired\":true,\"valueName\":\"search_term_string\"}}],\"inLanguage\":\"pt-BR\"},{\"@type\":\"Person\",\"@id\":\"https:\/\/www.blogsoestado.com\/flaviobraga\/#\/schema\/person\/6c6c778331775c757a82d15206bd8733\",\"name\":\"Flavio Braga\",\"image\":{\"@type\":\"ImageObject\",\"inLanguage\":\"pt-BR\",\"@id\":\"https:\/\/www.blogsoestado.com\/flaviobraga\/#\/schema\/person\/image\/\",\"url\":\"https:\/\/secure.gravatar.com\/avatar\/ab173937dad8d78195c87778be8a0285d069ede375ce0ae24aac1cf8e58ccb2c?s=96&d=mm&r=g\",\"contentUrl\":\"https:\/\/secure.gravatar.com\/avatar\/ab173937dad8d78195c87778be8a0285d069ede375ce0ae24aac1cf8e58ccb2c?s=96&d=mm&r=g\",\"caption\":\"Flavio Braga\"},\"url\":\"https:\/\/www.blogsoestado.com\/flaviobraga\/author\/flaviobraga\/\"}]}<\/script>\n<!-- \/ Yoast SEO plugin. -->","yoast_head_json":{"title":"FUNDA\u00c7\u00c3O DO F\u00d3RUM EM DEFESA DA BAIXADA - Fl\u00e1vio Braga","robots":{"index":"index","follow":"follow","max-snippet":"max-snippet:-1","max-image-preview":"max-image-preview:large","max-video-preview":"max-video-preview:-1"},"canonical":"https:\/\/www.blogsoestado.com\/flaviobraga\/fundacao-do-forum-em-defesa-da-baixada\/","og_locale":"pt_BR","og_type":"article","og_title":"FUNDA\u00c7\u00c3O DO F\u00d3RUM EM DEFESA DA BAIXADA - Fl\u00e1vio Braga","og_description":"Foi realizado na \u00faltima sexta-feira (20), nas depend\u00eancias da AABB, o ato de funda\u00e7\u00e3o do F\u00f3rum em Defesa da Baixada [&hellip;]","og_url":"https:\/\/www.blogsoestado.com\/flaviobraga\/fundacao-do-forum-em-defesa-da-baixada\/","og_site_name":"Fl\u00e1vio Braga","article_published_time":"2015-03-27T18:24:06+00:00","og_image":[{"url":"https:\/\/www.blogsoestado.com\/flaviobraga\/wp-content\/uploads\/sites\/7\/2015\/03\/Mesa-1.png","type":"","width":"","height":""}],"author":"Flavio Braga","twitter_card":"summary_large_image","twitter_misc":{"Escrito por":"Flavio Braga","Est. tempo de leitura":"2 minutos"},"schema":{"@context":"https:\/\/schema.org","@graph":[{"@type":"WebPage","@id":"https:\/\/www.blogsoestado.com\/flaviobraga\/fundacao-do-forum-em-defesa-da-baixada\/","url":"https:\/\/www.blogsoestado.com\/flaviobraga\/fundacao-do-forum-em-defesa-da-baixada\/","name":"FUNDA\u00c7\u00c3O DO F\u00d3RUM EM DEFESA DA BAIXADA - Fl\u00e1vio Braga","isPartOf":{"@id":"https:\/\/www.blogsoestado.com\/flaviobraga\/#website"},"primaryImageOfPage":{"@id":"https:\/\/www.blogsoestado.com\/flaviobraga\/fundacao-do-forum-em-defesa-da-baixada\/#primaryimage"},"image":{"@id":"https:\/\/www.blogsoestado.com\/flaviobraga\/fundacao-do-forum-em-defesa-da-baixada\/#primaryimage"},"thumbnailUrl":"https:\/\/www.blogsoestado.com\/flaviobraga\/wp-content\/uploads\/sites\/7\/2015\/03\/Mesa-1.png","datePublished":"2015-03-27T18:24:06+00:00","author":{"@id":"https:\/\/www.blogsoestado.com\/flaviobraga\/#\/schema\/person\/6c6c778331775c757a82d15206bd8733"},"breadcrumb":{"@id":"https:\/\/www.blogsoestado.com\/flaviobraga\/fundacao-do-forum-em-defesa-da-baixada\/#breadcrumb"},"inLanguage":"pt-BR","potentialAction":[{"@type":"ReadAction","target":["https:\/\/www.blogsoestado.com\/flaviobraga\/fundacao-do-forum-em-defesa-da-baixada\/"]}]},{"@type":"ImageObject","inLanguage":"pt-BR","@id":"https:\/\/www.blogsoestado.com\/flaviobraga\/fundacao-do-forum-em-defesa-da-baixada\/#primaryimage","url":"https:\/\/www.blogsoestado.com\/flaviobraga\/wp-content\/uploads\/sites\/7\/2015\/03\/Mesa-1.png","contentUrl":"https:\/\/www.blogsoestado.com\/flaviobraga\/wp-content\/uploads\/sites\/7\/2015\/03\/Mesa-1.png","width":1600,"height":1103},{"@type":"BreadcrumbList","@id":"https:\/\/www.blogsoestado.com\/flaviobraga\/fundacao-do-forum-em-defesa-da-baixada\/#breadcrumb","itemListElement":[{"@type":"ListItem","position":1,"name":"In\u00edcio","item":"https:\/\/www.blogsoestado.com\/flaviobraga\/"},{"@type":"ListItem","position":2,"name":"FUNDA\u00c7\u00c3O DO F\u00d3RUM EM DEFESA DA BAIXADA"}]},{"@type":"WebSite","@id":"https:\/\/www.blogsoestado.com\/flaviobraga\/#website","url":"https:\/\/www.blogsoestado.com\/flaviobraga\/","name":"Fl\u00e1vio Braga","description":"","potentialAction":[{"@type":"SearchAction","target":{"@type":"EntryPoint","urlTemplate":"https:\/\/www.blogsoestado.com\/flaviobraga\/?s={search_term_string}"},"query-input":{"@type":"PropertyValueSpecification","valueRequired":true,"valueName":"search_term_string"}}],"inLanguage":"pt-BR"},{"@type":"Person","@id":"https:\/\/www.blogsoestado.com\/flaviobraga\/#\/schema\/person\/6c6c778331775c757a82d15206bd8733","name":"Flavio Braga","image":{"@type":"ImageObject","inLanguage":"pt-BR","@id":"https:\/\/www.blogsoestado.com\/flaviobraga\/#\/schema\/person\/image\/","url":"https:\/\/secure.gravatar.com\/avatar\/ab173937dad8d78195c87778be8a0285d069ede375ce0ae24aac1cf8e58ccb2c?s=96&d=mm&r=g","contentUrl":"https:\/\/secure.gravatar.com\/avatar\/ab173937dad8d78195c87778be8a0285d069ede375ce0ae24aac1cf8e58ccb2c?s=96&d=mm&r=g","caption":"Flavio Braga"},"url":"https:\/\/www.blogsoestado.com\/flaviobraga\/author\/flaviobraga\/"}]}},"jetpack_featured_media_url":"","_links":{"self":[{"href":"https:\/\/www.blogsoestado.com\/flaviobraga\/wp-json\/wp\/v2\/posts\/2704","targetHints":{"allow":["GET"]}}],"collection":[{"href":"https:\/\/www.blogsoestado.com\/flaviobraga\/wp-json\/wp\/v2\/posts"}],"about":[{"href":"https:\/\/www.blogsoestado.com\/flaviobraga\/wp-json\/wp\/v2\/types\/post"}],"author":[{"embeddable":true,"href":"https:\/\/www.blogsoestado.com\/flaviobraga\/wp-json\/wp\/v2\/users\/8"}],"replies":[{"embeddable":true,"href":"https:\/\/www.blogsoestado.com\/flaviobraga\/wp-json\/wp\/v2\/comments?post=2704"}],"version-history":[{"count":0,"href":"https:\/\/www.blogsoestado.com\/flaviobraga\/wp-json\/wp\/v2\/posts\/2704\/revisions"}],"wp:attachment":[{"href":"https:\/\/www.blogsoestado.com\/flaviobraga\/wp-json\/wp\/v2\/media?parent=2704"}],"wp:term":[{"taxonomy":"category","embeddable":true,"href":"https:\/\/www.blogsoestado.com\/flaviobraga\/wp-json\/wp\/v2\/categories?post=2704"},{"taxonomy":"post_tag","embeddable":true,"href":"https:\/\/www.blogsoestado.com\/flaviobraga\/wp-json\/wp\/v2\/tags?post=2704"}],"curies":[{"name":"wp","href":"https:\/\/api.w.org\/{rel}","templated":true}]}}