{"id":2707,"date":"2015-03-27T15:26:57","date_gmt":"2015-03-27T18:26:57","guid":{"rendered":"https:\/\/www.blogsoestado.com\/flaviobraga\/?p=2707"},"modified":"2015-03-27T15:26:57","modified_gmt":"2015-03-27T18:26:57","slug":"o-processo-de-impeachment","status":"publish","type":"post","link":"https:\/\/www.blogsoestado.com\/flaviobraga\/o-processo-de-impeachment\/","title":{"rendered":"O processo de impeachment"},"content":{"rendered":"<p class=\"western\" align=\"JUSTIFY\"><a href=\"https:\/\/www.blogsoestado.com\/flaviobraga\/wp-content\/uploads\/sites\/7\/2015\/03\/dilma-impeachment-1.jpg\"><img fetchpriority=\"high\" decoding=\"async\" class=\"aligncenter size-full wp-image-2708\" src=\"https:\/\/www.blogsoestado.com\/flaviobraga\/wp-content\/uploads\/sites\/7\/2015\/03\/dilma-impeachment-1.jpg\" alt=\"dilma impeachment\" width=\"960\" height=\"631\" srcset=\"https:\/\/www.blogsoestado.com\/flaviobraga\/wp-content\/uploads\/sites\/7\/2015\/03\/dilma-impeachment-1.jpg 960w, https:\/\/www.blogsoestado.com\/flaviobraga\/wp-content\/uploads\/sites\/7\/2015\/03\/dilma-impeachment-1-300x197.jpg 300w, https:\/\/www.blogsoestado.com\/flaviobraga\/wp-content\/uploads\/sites\/7\/2015\/03\/dilma-impeachment-1-768x505.jpg 768w\" sizes=\"(max-width: 960px) 100vw, 960px\" \/><\/a><\/p>\n<p class=\"western\" align=\"JUSTIFY\"><span style=\"font-size: medium;\"><i>Impeachment<\/i><\/span><span style=\"font-size: medium;\"> \u00e9 uma palavra de origem inglesa que significa <\/span><span style=\"font-size: medium;\">&#8220;<\/span><strong><span style=\"font-size: medium;\">impedimento<\/span><\/strong><span style=\"font-size: medium;\">&#8220;<\/span><span style=\"font-size: medium;\"> ou <\/span><span style=\"font-size: medium;\">&#8220;<\/span><strong><span style=\"font-size: medium;\">impugna\u00e7\u00e3o<\/span><\/strong><span style=\"font-size: medium;\">&#8220;<\/span><span style=\"font-size: medium;\">, ou seja, \u00e9 o termo que denomina o processo de cassa\u00e7\u00e3o do mandato do chefe do Poder Executivo, em raz\u00e3o do cometimento de crimes definidos na legisla\u00e7\u00e3o constitucional ou infraconstitucional. Em nosso ordenamento jur\u00eddico, o processo de impedimento <\/span><span style=\"font-size: medium;\">\u00e9 regulamentado pela <\/span><span style=\"font-size: medium;\">Lei n\u00ba 1.079\/50, a chamada lei do <\/span><span style=\"font-size: medium;\"><i>impeachment. <\/i><\/span><\/p>\n<p class=\"western\" align=\"JUSTIFY\"><span style=\"font-size: medium;\">O processo de <\/span><span style=\"font-size: medium;\"><i>impeachment<\/i><\/span><span style=\"font-size: medium;\"> n\u00e3o deve ser confundido com o <\/span><span style=\"font-size: medium;\"><i>recall<\/i><\/span><span style=\"font-size: medium;\"> pol\u00edtico<\/span><span style=\"color: #000000;\"><span style=\"font-size: medium;\"><span style=\"text-decoration: underline;\">,<\/span><\/span><\/span><span style=\"font-size: medium;\"> instituto de origem norte americana, que admite a possibilidade de revoga\u00e7\u00e3o do mandato eletivo, diretamente por seus eleitores, mediante uma consulta popular. De sua vez, o processo de <\/span><span style=\"font-size: medium;\"><i>impeachment<\/i><\/span><span style=\"font-size: medium;\"> \u00e9 de compet\u00eancia exclusiva do Congresso Nacional. <\/span><\/p>\n<p class=\"western\" align=\"JUSTIFY\"><span style=\"font-size: medium;\">O<\/span> <span style=\"font-size: medium;\"><i>recall<\/i><\/span><span style=\"font-size: medium;\"> \u00e9 um instrumento puramente pol\u00edtico. A sua ess\u00eancia consiste na supress\u00e3o do mandato do governante que n\u00e3o cumprir fielmente os compromissos assumidos durante a campanha eleitoral ou perder a confian\u00e7a popular em virtude de sua atua\u00e7\u00e3o contr\u00e1ria ao interesse p\u00fablico. Essa \u00e9 a motiva\u00e7\u00e3o pol\u00edtica em que os manifestantes de 15 de mar\u00e7o se basearam para pedir a destitui\u00e7\u00e3o da Presidente da Rep\u00fablica. Todavia, o instituto jur\u00eddico do <\/span><span style=\"font-size: medium;\"><i>recall <\/i><\/span><span style=\"font-size: medium;\">ainda n\u00e3o tem previs\u00e3o no ordenamento constitucional p\u00e1trio. <\/span><\/p>\n<p class=\"western\" align=\"JUSTIFY\"><span style=\"color: #000000;\"><span style=\"font-family: Times New Roman,serif;\"><span style=\"font-size: medium;\">O artigo 85 da Constitui\u00e7\u00e3o Federal define que s\u00e3o crimes de responsabilidade os atos do Presidente da Rep\u00fablica que atentem contra a Constitui\u00e7\u00e3o Federal e, especialmente, contra<\/span><\/span><\/span><span style=\"color: #000000;\"><span style=\"font-family: Times New Roman,serif;\"><span style=\"font-size: medium;\"> a exist\u00eancia da Uni\u00e3o; o livre exerc\u00edcio do Poderes constitucionais; o exerc\u00edcio dos direitos pol\u00edticos, individuais e sociais; a seguran\u00e7a interna do Pa\u00eds; a probidade na administra\u00e7\u00e3o; a lei or\u00e7ament\u00e1ria e o cumprimento das leis e das decis\u00f5es judiciais.<\/span><\/span><\/span><\/p>\n<p class=\"western\" align=\"JUSTIFY\"><span style=\"color: #000000;\"><span style=\"font-family: Times New Roman,serif;\"><span style=\"font-size: medium;\">Admitida a acusa\u00e7\u00e3o contra o Presidente da Rep\u00fablica, por dois ter\u00e7os da C\u00e2mara dos Deputados, ser\u00e1 ele submetido a julgamento perante o Supremo Tribunal Federal, nas infra\u00e7\u00f5es penais comuns, ou perante o Senado Federal, nos crimes de responsabilidade. No Senado, a sess\u00e3o de julgamento deve ser presidida pelo presidente do Supremo Tribunal Federal, limitando-se a condena\u00e7\u00e3o, que somente ser\u00e1 proferida por dois ter\u00e7os dos votos dos senadores (54 votos), \u00e0 perda do cargo, com inabilita\u00e7\u00e3o, por oito anos, para o exerc\u00edcio de fun\u00e7\u00e3o p\u00fablica, sem preju\u00edzo das demais san\u00e7\u00f5es judiciais cab\u00edveis. <\/span><\/span><\/span><\/p>\n<p class=\"western\" align=\"JUSTIFY\"><span style=\"color: #000000;\"><span style=\"font-family: Times New Roman,serif;\"><span style=\"font-size: medium;\">Cumpre destacar que o artigo 86, \u00a7 4\u00ba, da Constitui\u00e7\u00e3o Federal, determina expressamente que o Presidente da Rep\u00fablica, na vig\u00eancia de seu mandato, n\u00e3o pode ser responsabilizado por atos estranhos ao exerc\u00edcio de suas fun\u00e7\u00f5es. Nessa perspectiva, ainda n\u00e3o vislumbramos a possibilidade jur\u00eddica de enquadramento constitucional ou legal da Presidente Dilma Roussef num processo de <\/span><\/span><\/span><span style=\"color: #000000;\"><span style=\"font-family: Times New Roman,serif;\"><span style=\"font-size: medium;\"><i>impeachment<\/i><\/span><\/span><\/span><span style=\"color: #000000;\"><span style=\"font-family: Times New Roman,serif;\"><span style=\"font-size: medium;\">, na atual fase do mandato em curso.<\/span><\/span><\/span><\/p>\n<p class=\"western\" align=\"JUSTIFY\"><span style=\"color: #000000;\"><span style=\"font-family: Times New Roman,serif;\"><span style=\"font-size: medium;\">Em caso de cassa\u00e7\u00e3o do mandato presidencial, o vice-presidente \u00e9 empossado, como ocorreu com Itamar Franco, em 1992. Em caso de impedimento do presidente e do vice-presidente, ou vac\u00e2ncia dos respectivos cargos, ser\u00e3o sucessivamente chamados ao exerc\u00edcio da Presid\u00eancia o presidente da C\u00e2mara dos Deputados, o do Senado Federal e o do Supremo Tribunal Federal. Vagando os cargos de presidente e vice-presidente da Rep\u00fablica, far-se-\u00e1 elei\u00e7\u00e3o direta noventa dias depois de aberta a \u00faltima vaga. Ocorrendo a vac\u00e2ncia nos \u00faltimos dois anos do per\u00edodo presidencial, a elei\u00e7\u00e3o para ambos os cargos ser\u00e1 feita trinta dias depois da \u00faltima vaga, pelo Congresso Nacional, em elei\u00e7\u00e3o indireta.<\/span><\/span><\/span><\/p>\n","protected":false},"excerpt":{"rendered":"<p>Impeachment \u00e9 uma palavra de origem inglesa que significa &#8220;impedimento&#8220; ou &#8220;impugna\u00e7\u00e3o&#8220;, ou seja, \u00e9 o termo que denomina o [&hellip;]<\/p>\n","protected":false},"author":8,"featured_media":0,"comment_status":"open","ping_status":"open","sticky":false,"template":"","format":"standard","meta":{"site-sidebar-layout":"default","site-content-layout":"","ast-site-content-layout":"default","site-content-style":"default","site-sidebar-style":"default","ast-global-header-display":"","ast-banner-title-visibility":"","ast-main-header-display":"","ast-hfb-above-header-display":"","ast-hfb-below-header-display":"","ast-hfb-mobile-header-display":"","site-post-title":"","ast-breadcrumbs-content":"","ast-featured-img":"","footer-sml-layout":"","ast-disable-related-posts":"","theme-transparent-header-meta":"","adv-header-id-meta":"","stick-header-meta":"","header-above-stick-meta":"","header-main-stick-meta":"","header-below-stick-meta":"","astra-migrate-meta-layouts":"default","ast-page-background-enabled":"default","ast-page-background-meta":{"desktop":{"background-color":"var(--ast-global-color-5)","background-image":"","background-repeat":"repeat","background-position":"center center","background-size":"auto","background-attachment":"scroll","background-type":"","background-media":"","overlay-type":"","overlay-color":"","overlay-opacity":"","overlay-gradient":""},"tablet":{"background-color":"","background-image":"","background-repeat":"repeat","background-position":"center center","background-size":"auto","background-attachment":"scroll","background-type":"","background-media":"","overlay-type":"","overlay-color":"","overlay-opacity":"","overlay-gradient":""},"mobile":{"background-color":"","background-image":"","background-repeat":"repeat","background-position":"center center","background-size":"auto","background-attachment":"scroll","background-type":"","background-media":"","overlay-type":"","overlay-color":"","overlay-opacity":"","overlay-gradient":""}},"ast-content-background-meta":{"desktop":{"background-color":"var(--ast-global-color-4)","background-image":"","background-repeat":"repeat","background-position":"center center","background-size":"auto","background-attachment":"scroll","background-type":"","background-media":"","overlay-type":"","overlay-color":"","overlay-opacity":"","overlay-gradient":""},"tablet":{"background-color":"var(--ast-global-color-4)","background-image":"","background-repeat":"repeat","background-position":"center center","background-size":"auto","background-attachment":"scroll","background-type":"","background-media":"","overlay-type":"","overlay-color":"","overlay-opacity":"","overlay-gradient":""},"mobile":{"background-color":"var(--ast-global-color-4)","background-image":"","background-repeat":"repeat","background-position":"center center","background-size":"auto","background-attachment":"scroll","background-type":"","background-media":"","overlay-type":"","overlay-color":"","overlay-opacity":"","overlay-gradient":""}},"footnotes":""},"categories":[1],"tags":[],"class_list":["post-2707","post","type-post","status-publish","format-standard","hentry","category-sem-categoria"],"yoast_head":"<!-- This site is optimized with the Yoast SEO plugin v26.6 - https:\/\/yoast.com\/wordpress\/plugins\/seo\/ -->\n<title>O processo de impeachment - Fl\u00e1vio Braga<\/title>\n<meta name=\"robots\" content=\"index, follow, max-snippet:-1, max-image-preview:large, max-video-preview:-1\" \/>\n<link rel=\"canonical\" href=\"https:\/\/www.blogsoestado.com\/flaviobraga\/o-processo-de-impeachment\/\" \/>\n<meta property=\"og:locale\" content=\"pt_BR\" \/>\n<meta property=\"og:type\" content=\"article\" \/>\n<meta property=\"og:title\" content=\"O processo de impeachment - Fl\u00e1vio Braga\" \/>\n<meta property=\"og:description\" content=\"Impeachment \u00e9 uma palavra de origem inglesa que significa &#8220;impedimento&#8220; ou &#8220;impugna\u00e7\u00e3o&#8220;, ou seja, \u00e9 o termo que denomina o [&hellip;]\" \/>\n<meta property=\"og:url\" content=\"https:\/\/www.blogsoestado.com\/flaviobraga\/o-processo-de-impeachment\/\" \/>\n<meta property=\"og:site_name\" content=\"Fl\u00e1vio Braga\" \/>\n<meta property=\"article:published_time\" content=\"2015-03-27T18:26:57+00:00\" \/>\n<meta property=\"og:image\" content=\"https:\/\/www.blogsoestado.com\/flaviobraga\/wp-content\/uploads\/sites\/7\/2015\/03\/dilma-impeachment-1.jpg\" \/>\n<meta name=\"author\" content=\"Flavio Braga\" \/>\n<meta name=\"twitter:card\" content=\"summary_large_image\" \/>\n<meta name=\"twitter:label1\" content=\"Escrito por\" \/>\n\t<meta name=\"twitter:data1\" content=\"Flavio Braga\" \/>\n\t<meta name=\"twitter:label2\" content=\"Est. tempo de leitura\" \/>\n\t<meta name=\"twitter:data2\" content=\"3 minutos\" \/>\n<script type=\"application\/ld+json\" class=\"yoast-schema-graph\">{\"@context\":\"https:\/\/schema.org\",\"@graph\":[{\"@type\":\"WebPage\",\"@id\":\"https:\/\/www.blogsoestado.com\/flaviobraga\/o-processo-de-impeachment\/\",\"url\":\"https:\/\/www.blogsoestado.com\/flaviobraga\/o-processo-de-impeachment\/\",\"name\":\"O processo de impeachment - Fl\u00e1vio Braga\",\"isPartOf\":{\"@id\":\"https:\/\/www.blogsoestado.com\/flaviobraga\/#website\"},\"primaryImageOfPage\":{\"@id\":\"https:\/\/www.blogsoestado.com\/flaviobraga\/o-processo-de-impeachment\/#primaryimage\"},\"image\":{\"@id\":\"https:\/\/www.blogsoestado.com\/flaviobraga\/o-processo-de-impeachment\/#primaryimage\"},\"thumbnailUrl\":\"https:\/\/www.blogsoestado.com\/flaviobraga\/wp-content\/uploads\/sites\/7\/2015\/03\/dilma-impeachment-1.jpg\",\"datePublished\":\"2015-03-27T18:26:57+00:00\",\"author\":{\"@id\":\"https:\/\/www.blogsoestado.com\/flaviobraga\/#\/schema\/person\/6c6c778331775c757a82d15206bd8733\"},\"breadcrumb\":{\"@id\":\"https:\/\/www.blogsoestado.com\/flaviobraga\/o-processo-de-impeachment\/#breadcrumb\"},\"inLanguage\":\"pt-BR\",\"potentialAction\":[{\"@type\":\"ReadAction\",\"target\":[\"https:\/\/www.blogsoestado.com\/flaviobraga\/o-processo-de-impeachment\/\"]}]},{\"@type\":\"ImageObject\",\"inLanguage\":\"pt-BR\",\"@id\":\"https:\/\/www.blogsoestado.com\/flaviobraga\/o-processo-de-impeachment\/#primaryimage\",\"url\":\"https:\/\/www.blogsoestado.com\/flaviobraga\/wp-content\/uploads\/sites\/7\/2015\/03\/dilma-impeachment-1.jpg\",\"contentUrl\":\"https:\/\/www.blogsoestado.com\/flaviobraga\/wp-content\/uploads\/sites\/7\/2015\/03\/dilma-impeachment-1.jpg\",\"width\":960,\"height\":631},{\"@type\":\"BreadcrumbList\",\"@id\":\"https:\/\/www.blogsoestado.com\/flaviobraga\/o-processo-de-impeachment\/#breadcrumb\",\"itemListElement\":[{\"@type\":\"ListItem\",\"position\":1,\"name\":\"In\u00edcio\",\"item\":\"https:\/\/www.blogsoestado.com\/flaviobraga\/\"},{\"@type\":\"ListItem\",\"position\":2,\"name\":\"O processo de impeachment\"}]},{\"@type\":\"WebSite\",\"@id\":\"https:\/\/www.blogsoestado.com\/flaviobraga\/#website\",\"url\":\"https:\/\/www.blogsoestado.com\/flaviobraga\/\",\"name\":\"Fl\u00e1vio Braga\",\"description\":\"\",\"potentialAction\":[{\"@type\":\"SearchAction\",\"target\":{\"@type\":\"EntryPoint\",\"urlTemplate\":\"https:\/\/www.blogsoestado.com\/flaviobraga\/?s={search_term_string}\"},\"query-input\":{\"@type\":\"PropertyValueSpecification\",\"valueRequired\":true,\"valueName\":\"search_term_string\"}}],\"inLanguage\":\"pt-BR\"},{\"@type\":\"Person\",\"@id\":\"https:\/\/www.blogsoestado.com\/flaviobraga\/#\/schema\/person\/6c6c778331775c757a82d15206bd8733\",\"name\":\"Flavio Braga\",\"image\":{\"@type\":\"ImageObject\",\"inLanguage\":\"pt-BR\",\"@id\":\"https:\/\/www.blogsoestado.com\/flaviobraga\/#\/schema\/person\/image\/\",\"url\":\"https:\/\/secure.gravatar.com\/avatar\/ab173937dad8d78195c87778be8a0285d069ede375ce0ae24aac1cf8e58ccb2c?s=96&d=mm&r=g\",\"contentUrl\":\"https:\/\/secure.gravatar.com\/avatar\/ab173937dad8d78195c87778be8a0285d069ede375ce0ae24aac1cf8e58ccb2c?s=96&d=mm&r=g\",\"caption\":\"Flavio Braga\"},\"url\":\"https:\/\/www.blogsoestado.com\/flaviobraga\/author\/flaviobraga\/\"}]}<\/script>\n<!-- \/ Yoast SEO plugin. -->","yoast_head_json":{"title":"O processo de impeachment - Fl\u00e1vio Braga","robots":{"index":"index","follow":"follow","max-snippet":"max-snippet:-1","max-image-preview":"max-image-preview:large","max-video-preview":"max-video-preview:-1"},"canonical":"https:\/\/www.blogsoestado.com\/flaviobraga\/o-processo-de-impeachment\/","og_locale":"pt_BR","og_type":"article","og_title":"O processo de impeachment - Fl\u00e1vio Braga","og_description":"Impeachment \u00e9 uma palavra de origem inglesa que significa &#8220;impedimento&#8220; ou &#8220;impugna\u00e7\u00e3o&#8220;, ou seja, \u00e9 o termo que denomina o [&hellip;]","og_url":"https:\/\/www.blogsoestado.com\/flaviobraga\/o-processo-de-impeachment\/","og_site_name":"Fl\u00e1vio Braga","article_published_time":"2015-03-27T18:26:57+00:00","og_image":[{"url":"https:\/\/www.blogsoestado.com\/flaviobraga\/wp-content\/uploads\/sites\/7\/2015\/03\/dilma-impeachment-1.jpg","type":"","width":"","height":""}],"author":"Flavio Braga","twitter_card":"summary_large_image","twitter_misc":{"Escrito por":"Flavio Braga","Est. tempo de leitura":"3 minutos"},"schema":{"@context":"https:\/\/schema.org","@graph":[{"@type":"WebPage","@id":"https:\/\/www.blogsoestado.com\/flaviobraga\/o-processo-de-impeachment\/","url":"https:\/\/www.blogsoestado.com\/flaviobraga\/o-processo-de-impeachment\/","name":"O processo de impeachment - Fl\u00e1vio Braga","isPartOf":{"@id":"https:\/\/www.blogsoestado.com\/flaviobraga\/#website"},"primaryImageOfPage":{"@id":"https:\/\/www.blogsoestado.com\/flaviobraga\/o-processo-de-impeachment\/#primaryimage"},"image":{"@id":"https:\/\/www.blogsoestado.com\/flaviobraga\/o-processo-de-impeachment\/#primaryimage"},"thumbnailUrl":"https:\/\/www.blogsoestado.com\/flaviobraga\/wp-content\/uploads\/sites\/7\/2015\/03\/dilma-impeachment-1.jpg","datePublished":"2015-03-27T18:26:57+00:00","author":{"@id":"https:\/\/www.blogsoestado.com\/flaviobraga\/#\/schema\/person\/6c6c778331775c757a82d15206bd8733"},"breadcrumb":{"@id":"https:\/\/www.blogsoestado.com\/flaviobraga\/o-processo-de-impeachment\/#breadcrumb"},"inLanguage":"pt-BR","potentialAction":[{"@type":"ReadAction","target":["https:\/\/www.blogsoestado.com\/flaviobraga\/o-processo-de-impeachment\/"]}]},{"@type":"ImageObject","inLanguage":"pt-BR","@id":"https:\/\/www.blogsoestado.com\/flaviobraga\/o-processo-de-impeachment\/#primaryimage","url":"https:\/\/www.blogsoestado.com\/flaviobraga\/wp-content\/uploads\/sites\/7\/2015\/03\/dilma-impeachment-1.jpg","contentUrl":"https:\/\/www.blogsoestado.com\/flaviobraga\/wp-content\/uploads\/sites\/7\/2015\/03\/dilma-impeachment-1.jpg","width":960,"height":631},{"@type":"BreadcrumbList","@id":"https:\/\/www.blogsoestado.com\/flaviobraga\/o-processo-de-impeachment\/#breadcrumb","itemListElement":[{"@type":"ListItem","position":1,"name":"In\u00edcio","item":"https:\/\/www.blogsoestado.com\/flaviobraga\/"},{"@type":"ListItem","position":2,"name":"O processo de impeachment"}]},{"@type":"WebSite","@id":"https:\/\/www.blogsoestado.com\/flaviobraga\/#website","url":"https:\/\/www.blogsoestado.com\/flaviobraga\/","name":"Fl\u00e1vio Braga","description":"","potentialAction":[{"@type":"SearchAction","target":{"@type":"EntryPoint","urlTemplate":"https:\/\/www.blogsoestado.com\/flaviobraga\/?s={search_term_string}"},"query-input":{"@type":"PropertyValueSpecification","valueRequired":true,"valueName":"search_term_string"}}],"inLanguage":"pt-BR"},{"@type":"Person","@id":"https:\/\/www.blogsoestado.com\/flaviobraga\/#\/schema\/person\/6c6c778331775c757a82d15206bd8733","name":"Flavio Braga","image":{"@type":"ImageObject","inLanguage":"pt-BR","@id":"https:\/\/www.blogsoestado.com\/flaviobraga\/#\/schema\/person\/image\/","url":"https:\/\/secure.gravatar.com\/avatar\/ab173937dad8d78195c87778be8a0285d069ede375ce0ae24aac1cf8e58ccb2c?s=96&d=mm&r=g","contentUrl":"https:\/\/secure.gravatar.com\/avatar\/ab173937dad8d78195c87778be8a0285d069ede375ce0ae24aac1cf8e58ccb2c?s=96&d=mm&r=g","caption":"Flavio Braga"},"url":"https:\/\/www.blogsoestado.com\/flaviobraga\/author\/flaviobraga\/"}]}},"jetpack_featured_media_url":"","_links":{"self":[{"href":"https:\/\/www.blogsoestado.com\/flaviobraga\/wp-json\/wp\/v2\/posts\/2707","targetHints":{"allow":["GET"]}}],"collection":[{"href":"https:\/\/www.blogsoestado.com\/flaviobraga\/wp-json\/wp\/v2\/posts"}],"about":[{"href":"https:\/\/www.blogsoestado.com\/flaviobraga\/wp-json\/wp\/v2\/types\/post"}],"author":[{"embeddable":true,"href":"https:\/\/www.blogsoestado.com\/flaviobraga\/wp-json\/wp\/v2\/users\/8"}],"replies":[{"embeddable":true,"href":"https:\/\/www.blogsoestado.com\/flaviobraga\/wp-json\/wp\/v2\/comments?post=2707"}],"version-history":[{"count":0,"href":"https:\/\/www.blogsoestado.com\/flaviobraga\/wp-json\/wp\/v2\/posts\/2707\/revisions"}],"wp:attachment":[{"href":"https:\/\/www.blogsoestado.com\/flaviobraga\/wp-json\/wp\/v2\/media?parent=2707"}],"wp:term":[{"taxonomy":"category","embeddable":true,"href":"https:\/\/www.blogsoestado.com\/flaviobraga\/wp-json\/wp\/v2\/categories?post=2707"},{"taxonomy":"post_tag","embeddable":true,"href":"https:\/\/www.blogsoestado.com\/flaviobraga\/wp-json\/wp\/v2\/tags?post=2707"}],"curies":[{"name":"wp","href":"https:\/\/api.w.org\/{rel}","templated":true}]}}