{"id":2710,"date":"2015-03-31T13:54:19","date_gmt":"2015-03-31T16:54:19","guid":{"rendered":"https:\/\/www.blogsoestado.com\/flaviobraga\/?p=2710"},"modified":"2015-03-31T13:54:19","modified_gmt":"2015-03-31T16:54:19","slug":"a-baixada-maranhense-e-a-sua-vocacao-para-a-grandeza","status":"publish","type":"post","link":"https:\/\/www.blogsoestado.com\/flaviobraga\/a-baixada-maranhense-e-a-sua-vocacao-para-a-grandeza\/","title":{"rendered":"A Baixada Maranhense e a sua voca\u00e7\u00e3o para a grandeza"},"content":{"rendered":"<p align=\"JUSTIFY\"><a href=\"https:\/\/www.blogsoestado.com\/flaviobraga\/wp-content\/uploads\/sites\/7\/2015\/03\/ZZZ-Natalino1-1.jpg\"><img fetchpriority=\"high\" decoding=\"async\" class=\"aligncenter size-full wp-image-2712\" src=\"https:\/\/www.blogsoestado.com\/flaviobraga\/wp-content\/uploads\/sites\/7\/2015\/03\/ZZZ-Natalino1-1.jpg\" alt=\"ZZZ Natalino\" width=\"544\" height=\"419\" srcset=\"https:\/\/www.blogsoestado.com\/flaviobraga\/wp-content\/uploads\/sites\/7\/2015\/03\/ZZZ-Natalino1-1.jpg 544w, https:\/\/www.blogsoestado.com\/flaviobraga\/wp-content\/uploads\/sites\/7\/2015\/03\/ZZZ-Natalino1-1-300x231.jpg 300w\" sizes=\"(max-width: 544px) 100vw, 544px\" \/><\/a><\/p>\n<p align=\"JUSTIFY\">Por Natalino Salgado<\/p>\n<p align=\"JUSTIFY\"><span style=\"color: #000000;\">\u201c<span style=\"font-family: Times New Roman,serif;\"><span style=\"font-size: medium;\">Esse horizonte usa um tom de paz\u201d, disse Manoel de Barros, em sua obra \u201cO livro das ignor\u00e3\u00e7as\u201d, ao discorrer poeticamente sobre os fins de tarde no Pantanal. Tomo emprestadas as palavras do poeta para tamb\u00e9m falar sobre o entardecer da minha sempiterna Cururupu, cen\u00e1rio de tantas boas lembran\u00e7as de minha inf\u00e2ncia, e sobre a paisagem da Baixada Maranhense, que n\u00e3o me sai da mem\u00f3ria.\u00a0<\/span><\/span><\/span><\/p>\n<p align=\"JUSTIFY\"><span style=\"color: #000000;\">\u00a0<span style=\"font-family: Times New Roman,serif;\"><span style=\"font-size: medium;\">Trago \u00e0 baila esse assunto porque estive em Pinheiro, no in\u00edcio da semana passada, participando da cerim\u00f4nia de instala\u00e7\u00e3o da primeira turma de licenciatura em Educa\u00e7\u00e3o F\u00edsica da Universidade Federal do Maranh\u00e3o (UFMA), no Campus instalado naquela cidade, evento este concorrid\u00edssimo e que contou com a presen\u00e7a de autoridades municipais, t\u00e9cnicos administrativos, professores e alunos. \u00c0quela ocasi\u00e3o, quarenta estudantes deram o primeiro passo rumo ao t\u00e3o sonhado diploma de Educa\u00e7\u00e3o F\u00edsica. Al\u00e9m da motiva\u00e7\u00e3o dos estudantes, o curso tamb\u00e9m inicia com um excelente corpo docente, de vasta experi\u00eancia profissional. \u00c9 nossa inten\u00e7\u00e3o, com a aprova\u00e7\u00e3o do conselho universit\u00e1rio, transformar o Campus de Pinheiro no terceiro centro de ensino dessa Institui\u00e7\u00e3o no continente.<\/span><\/span><\/span><\/p>\n<p align=\"JUSTIFY\"><span style=\"color: #000000;\"><span style=\"font-family: Times New Roman,serif;\"><span style=\"font-size: medium;\">A cada ida \u00e0quela regi\u00e3o, volto com o \u00e2nimo renovado por constatar a vontade e a determina\u00e7\u00e3o de seus habitantes para o desenvolvimento. Nesse contexto, al\u00e9m das anteriormente referidas, outras iniciativas dignas de elogio est\u00e3o sendo realizadas, a exemplo do rec\u00e9m-instalado F\u00f3rum da Baixada Maranhense. Aqui destaco o papel do advogado Fl\u00e1vio Braga, um dos principais defensores desse projeto.<\/span><\/span><\/span><\/p>\n<p align=\"JUSTIFY\"><span style=\"color: #000000;\"><span style=\"font-family: Times New Roman,serif;\"><span style=\"font-size: medium;\">A Baixada Maranhense compreende 21 munic\u00edpios, que se distribuem em quase dezoito mil quil\u00f4metros quadrados na regi\u00e3o noroeste do Estado. Com uma popula\u00e7\u00e3o de mais de 518 mil habitantes (dados de 2006), tem sua economia ancorada no extrativismo, agricultura de subsist\u00eancia, pesca e pecu\u00e1ria cuja express\u00e3o principal \u00e9 a bubalinocultura, visto que estes animais se adaptam perfeitamente \u00e0s condi\u00e7\u00f5es de grande parte da regi\u00e3o, caracterizada por campos inund\u00e1veis.\u00a0\u00a0<\/span><\/span><\/span><\/p>\n<p align=\"JUSTIFY\"><span style=\"color: #000000;\">\u00a0<span style=\"font-family: Times New Roman,serif;\"><span style=\"font-size: medium;\">Mas, infelizmente, a economia baseada na explora\u00e7\u00e3o de atividades do campo e com escassa aplica\u00e7\u00e3o de tecnologia resulta em baixos \u00edndices de produtividade e coopera para manter o quadro de pobreza geral, que se expressaem insatisfat\u00f3rios \u00edndices de progresso. Como exemplo disso, temos a cidade de Pinheiro, a principal da microrregi\u00e3o, que exemplifica com bastante acuidade a condi\u00e7\u00e3o que se perpetua ao longo de d\u00e9cadas. Nessa cidade, o IDHM (\u00cdndice de Desenvolvimento Humano Municipal), que avalia a qualidade de vida, como a longevidade, renda e educa\u00e7\u00e3o da popula\u00e7\u00e3o, \u00e9 de apenas 0,637, o que representa um crescimento m\u00e9dio. Sobre isso, a din\u00e2mica \u00e9 a seguinte: quanto mais pr\u00f3ximo de 1, maior o desenvolvimento. Registre-se que outras cidades do entorno possuem dados semelhantes. O quadro s\u00f3 n\u00e3o \u00e9 mais desolador por causa do comprometimento de alguns poucos governantes da regi\u00e3o que se esfor\u00e7am para debelar os in\u00fameros problemas e desafios herc\u00faleos, embalados pela determina\u00e7\u00e3o de um povo honesto, cordato e trabalhador.<\/span><\/span><\/span><\/p>\n<p align=\"JUSTIFY\"><span style=\"color: #000000;\"><span style=\"font-family: Times New Roman,serif;\"><span style=\"font-size: medium;\">No entanto, nem tudo \u00e9 desanimador, pois h\u00e1 na regi\u00e3o uma rica diversidade da fauna e flora e o maior conjunto de bacias lacustres do Nordeste. A transi\u00e7\u00e3o entre o cerrado e a floresta amaz\u00f4nica criou um lugar \u00fanico de campos dominados pelas \u00e1guas, particularmente no per\u00edodo chuvoso, que transforma a regi\u00e3o com seus rios e lagos num pantanal t\u00e3o grandioso e exuberante quanto o equivalente mais famoso no Mato Grosso. Aquele cen\u00e1rio que n\u00e3o deixa a desejar a nenhum cart\u00e3o postal do mundo. Volto a Manoel de Barros, no mesmo livro j\u00e1 citado, ao falar de seu pantanal, de forma modesta: \u201co mundo meu \u00e9 pequeno, Senhor. Tem um rio e um pouco de \u00e1rvores\u201d.<\/span><\/span><\/span><\/p>\n<p align=\"JUSTIFY\"><span style=\"color: #000000;\"><span style=\"font-family: Times New Roman,serif;\"><span style=\"font-size: medium;\">A Baixada Maranhense tem voca\u00e7\u00e3o natural para a grandeza. Por isso mesmo, engajada no desafio de tornar essa regi\u00e3o ainda melhor e mais pr\u00f3spera, a Universidade Federal do Maranh\u00e3o (j\u00e1 tivemos a oportunidade de escrever sobre isso noutro momento) faz sua parte: iniciou o que considero um novo ciclo de crescimento. O campus de Pinheiro, que antes funcionava com os cursos interdisciplinares em ci\u00eancias humanas (com habilita\u00e7\u00e3o em Hist\u00f3ria ou Filosofia) e naturais (com habilita\u00e7\u00e3o em Biologia), conta hoje com os de Medicina e Enfermagem e, mais recentemente, com o curso de Educa\u00e7\u00e3o F\u00edsica, que teve sua aula inaugural no dia 16 (segunda-feira). Essas tr\u00eas \u00faltimas gradua\u00e7\u00f5es atender\u00e3o a uma demanda crescente de sa\u00fade de qualidade, o que propiciar\u00e1 um efeito catalisador \u00e0 forma\u00e7\u00e3o dos profissionais e \u00e0 produ\u00e7\u00e3o de conhecimento. E, ainda este ano, no segundo semestre, teremos a honra de iniciar o curso de Engenharia de Pesca em Cururupu, cidade cuja economia est\u00e1 intimamente ligada \u00e0 pesca mar\u00edtima.\u00a0<\/span><\/span><\/span><\/p>\n<p align=\"JUSTIFY\"><span style=\"color: #000000;\">\u00a0\u201c<span style=\"font-family: Times New Roman,serif;\"><span style=\"font-size: medium;\">Deus governa grandezas\u201d, diz Guimar\u00e3es Rosa pela boca de Riobaldo em \u201cGrande sert\u00e3o veredas\u201d. O potencial da Baixada Maranhense, somado \u00e0 f\u00e9 e \u00e0 coragem de seu povo, haver\u00e1 de legar \u00e0s pr\u00f3ximas gera\u00e7\u00f5es uma heran\u00e7a de grandes conquistas, pois as esperan\u00e7as mais incompat\u00edveis podem conviver sem dificuldades, alerta Jorge Lu\u00eds Borges. Que essas a\u00e7\u00f5es em favor daquela regi\u00e3o encontrem cora\u00e7\u00f5es maduros para que as sementes do crescimento e da prosperidade possam gerar bons frutos. * Doutor em Nefrologia, reitor da UFMA, membro do IHGM, da ACM, AMC e AML.<\/span><\/span><\/span><\/p>\n","protected":false},"excerpt":{"rendered":"<p>Por Natalino Salgado \u201cEsse horizonte usa um tom de paz\u201d, disse Manoel de Barros, em sua obra \u201cO livro das [&hellip;]<\/p>\n","protected":false},"author":8,"featured_media":0,"comment_status":"open","ping_status":"open","sticky":false,"template":"","format":"standard","meta":{"site-sidebar-layout":"default","site-content-layout":"","ast-site-content-layout":"default","site-content-style":"default","site-sidebar-style":"default","ast-global-header-display":"","ast-banner-title-visibility":"","ast-main-header-display":"","ast-hfb-above-header-display":"","ast-hfb-below-header-display":"","ast-hfb-mobile-header-display":"","site-post-title":"","ast-breadcrumbs-content":"","ast-featured-img":"","footer-sml-layout":"","ast-disable-related-posts":"","theme-transparent-header-meta":"","adv-header-id-meta":"","stick-header-meta":"","header-above-stick-meta":"","header-main-stick-meta":"","header-below-stick-meta":"","astra-migrate-meta-layouts":"default","ast-page-background-enabled":"default","ast-page-background-meta":{"desktop":{"background-color":"var(--ast-global-color-5)","background-image":"","background-repeat":"repeat","background-position":"center center","background-size":"auto","background-attachment":"scroll","background-type":"","background-media":"","overlay-type":"","overlay-color":"","overlay-opacity":"","overlay-gradient":""},"tablet":{"background-color":"","background-image":"","background-repeat":"repeat","background-position":"center center","background-size":"auto","background-attachment":"scroll","background-type":"","background-media":"","overlay-type":"","overlay-color":"","overlay-opacity":"","overlay-gradient":""},"mobile":{"background-color":"","background-image":"","background-repeat":"repeat","background-position":"center center","background-size":"auto","background-attachment":"scroll","background-type":"","background-media":"","overlay-type":"","overlay-color":"","overlay-opacity":"","overlay-gradient":""}},"ast-content-background-meta":{"desktop":{"background-color":"var(--ast-global-color-4)","background-image":"","background-repeat":"repeat","background-position":"center center","background-size":"auto","background-attachment":"scroll","background-type":"","background-media":"","overlay-type":"","overlay-color":"","overlay-opacity":"","overlay-gradient":""},"tablet":{"background-color":"var(--ast-global-color-4)","background-image":"","background-repeat":"repeat","background-position":"center center","background-size":"auto","background-attachment":"scroll","background-type":"","background-media":"","overlay-type":"","overlay-color":"","overlay-opacity":"","overlay-gradient":""},"mobile":{"background-color":"var(--ast-global-color-4)","background-image":"","background-repeat":"repeat","background-position":"center center","background-size":"auto","background-attachment":"scroll","background-type":"","background-media":"","overlay-type":"","overlay-color":"","overlay-opacity":"","overlay-gradient":""}},"footnotes":""},"categories":[1],"tags":[],"class_list":["post-2710","post","type-post","status-publish","format-standard","hentry","category-sem-categoria"],"yoast_head":"<!-- This site is optimized with the Yoast SEO plugin v26.6 - https:\/\/yoast.com\/wordpress\/plugins\/seo\/ -->\n<title>A Baixada Maranhense e a sua voca\u00e7\u00e3o para a grandeza - Fl\u00e1vio Braga<\/title>\n<meta name=\"robots\" content=\"index, follow, max-snippet:-1, max-image-preview:large, max-video-preview:-1\" \/>\n<link rel=\"canonical\" href=\"https:\/\/www.blogsoestado.com\/flaviobraga\/a-baixada-maranhense-e-a-sua-vocacao-para-a-grandeza\/\" \/>\n<meta property=\"og:locale\" content=\"pt_BR\" \/>\n<meta property=\"og:type\" content=\"article\" \/>\n<meta property=\"og:title\" content=\"A Baixada Maranhense e a sua voca\u00e7\u00e3o para a grandeza - Fl\u00e1vio Braga\" \/>\n<meta property=\"og:description\" content=\"Por Natalino Salgado \u201cEsse horizonte usa um tom de paz\u201d, disse Manoel de Barros, em sua obra \u201cO livro das [&hellip;]\" \/>\n<meta property=\"og:url\" content=\"https:\/\/www.blogsoestado.com\/flaviobraga\/a-baixada-maranhense-e-a-sua-vocacao-para-a-grandeza\/\" \/>\n<meta property=\"og:site_name\" content=\"Fl\u00e1vio Braga\" \/>\n<meta property=\"article:published_time\" content=\"2015-03-31T16:54:19+00:00\" \/>\n<meta property=\"og:image\" content=\"https:\/\/www.blogsoestado.com\/flaviobraga\/wp-content\/uploads\/sites\/7\/2015\/03\/ZZZ-Natalino1-1.jpg\" \/>\n<meta name=\"author\" content=\"Flavio Braga\" \/>\n<meta name=\"twitter:card\" content=\"summary_large_image\" \/>\n<meta name=\"twitter:label1\" content=\"Escrito por\" \/>\n\t<meta name=\"twitter:data1\" content=\"Flavio Braga\" \/>\n\t<meta name=\"twitter:label2\" content=\"Est. tempo de leitura\" \/>\n\t<meta name=\"twitter:data2\" content=\"5 minutos\" \/>\n<script type=\"application\/ld+json\" class=\"yoast-schema-graph\">{\"@context\":\"https:\/\/schema.org\",\"@graph\":[{\"@type\":\"WebPage\",\"@id\":\"https:\/\/www.blogsoestado.com\/flaviobraga\/a-baixada-maranhense-e-a-sua-vocacao-para-a-grandeza\/\",\"url\":\"https:\/\/www.blogsoestado.com\/flaviobraga\/a-baixada-maranhense-e-a-sua-vocacao-para-a-grandeza\/\",\"name\":\"A Baixada Maranhense e a sua voca\u00e7\u00e3o para a grandeza - Fl\u00e1vio Braga\",\"isPartOf\":{\"@id\":\"https:\/\/www.blogsoestado.com\/flaviobraga\/#website\"},\"primaryImageOfPage\":{\"@id\":\"https:\/\/www.blogsoestado.com\/flaviobraga\/a-baixada-maranhense-e-a-sua-vocacao-para-a-grandeza\/#primaryimage\"},\"image\":{\"@id\":\"https:\/\/www.blogsoestado.com\/flaviobraga\/a-baixada-maranhense-e-a-sua-vocacao-para-a-grandeza\/#primaryimage\"},\"thumbnailUrl\":\"https:\/\/www.blogsoestado.com\/flaviobraga\/wp-content\/uploads\/sites\/7\/2015\/03\/ZZZ-Natalino1-1.jpg\",\"datePublished\":\"2015-03-31T16:54:19+00:00\",\"author\":{\"@id\":\"https:\/\/www.blogsoestado.com\/flaviobraga\/#\/schema\/person\/6c6c778331775c757a82d15206bd8733\"},\"breadcrumb\":{\"@id\":\"https:\/\/www.blogsoestado.com\/flaviobraga\/a-baixada-maranhense-e-a-sua-vocacao-para-a-grandeza\/#breadcrumb\"},\"inLanguage\":\"pt-BR\",\"potentialAction\":[{\"@type\":\"ReadAction\",\"target\":[\"https:\/\/www.blogsoestado.com\/flaviobraga\/a-baixada-maranhense-e-a-sua-vocacao-para-a-grandeza\/\"]}]},{\"@type\":\"ImageObject\",\"inLanguage\":\"pt-BR\",\"@id\":\"https:\/\/www.blogsoestado.com\/flaviobraga\/a-baixada-maranhense-e-a-sua-vocacao-para-a-grandeza\/#primaryimage\",\"url\":\"https:\/\/www.blogsoestado.com\/flaviobraga\/wp-content\/uploads\/sites\/7\/2015\/03\/ZZZ-Natalino1-1.jpg\",\"contentUrl\":\"https:\/\/www.blogsoestado.com\/flaviobraga\/wp-content\/uploads\/sites\/7\/2015\/03\/ZZZ-Natalino1-1.jpg\",\"width\":544,\"height\":419},{\"@type\":\"BreadcrumbList\",\"@id\":\"https:\/\/www.blogsoestado.com\/flaviobraga\/a-baixada-maranhense-e-a-sua-vocacao-para-a-grandeza\/#breadcrumb\",\"itemListElement\":[{\"@type\":\"ListItem\",\"position\":1,\"name\":\"In\u00edcio\",\"item\":\"https:\/\/www.blogsoestado.com\/flaviobraga\/\"},{\"@type\":\"ListItem\",\"position\":2,\"name\":\"A Baixada Maranhense e a sua voca\u00e7\u00e3o para a grandeza\"}]},{\"@type\":\"WebSite\",\"@id\":\"https:\/\/www.blogsoestado.com\/flaviobraga\/#website\",\"url\":\"https:\/\/www.blogsoestado.com\/flaviobraga\/\",\"name\":\"Fl\u00e1vio Braga\",\"description\":\"\",\"potentialAction\":[{\"@type\":\"SearchAction\",\"target\":{\"@type\":\"EntryPoint\",\"urlTemplate\":\"https:\/\/www.blogsoestado.com\/flaviobraga\/?s={search_term_string}\"},\"query-input\":{\"@type\":\"PropertyValueSpecification\",\"valueRequired\":true,\"valueName\":\"search_term_string\"}}],\"inLanguage\":\"pt-BR\"},{\"@type\":\"Person\",\"@id\":\"https:\/\/www.blogsoestado.com\/flaviobraga\/#\/schema\/person\/6c6c778331775c757a82d15206bd8733\",\"name\":\"Flavio Braga\",\"image\":{\"@type\":\"ImageObject\",\"inLanguage\":\"pt-BR\",\"@id\":\"https:\/\/www.blogsoestado.com\/flaviobraga\/#\/schema\/person\/image\/\",\"url\":\"https:\/\/secure.gravatar.com\/avatar\/ab173937dad8d78195c87778be8a0285d069ede375ce0ae24aac1cf8e58ccb2c?s=96&d=mm&r=g\",\"contentUrl\":\"https:\/\/secure.gravatar.com\/avatar\/ab173937dad8d78195c87778be8a0285d069ede375ce0ae24aac1cf8e58ccb2c?s=96&d=mm&r=g\",\"caption\":\"Flavio Braga\"},\"url\":\"https:\/\/www.blogsoestado.com\/flaviobraga\/author\/flaviobraga\/\"}]}<\/script>\n<!-- \/ Yoast SEO plugin. -->","yoast_head_json":{"title":"A Baixada Maranhense e a sua voca\u00e7\u00e3o para a grandeza - Fl\u00e1vio Braga","robots":{"index":"index","follow":"follow","max-snippet":"max-snippet:-1","max-image-preview":"max-image-preview:large","max-video-preview":"max-video-preview:-1"},"canonical":"https:\/\/www.blogsoestado.com\/flaviobraga\/a-baixada-maranhense-e-a-sua-vocacao-para-a-grandeza\/","og_locale":"pt_BR","og_type":"article","og_title":"A Baixada Maranhense e a sua voca\u00e7\u00e3o para a grandeza - Fl\u00e1vio Braga","og_description":"Por Natalino Salgado \u201cEsse horizonte usa um tom de paz\u201d, disse Manoel de Barros, em sua obra \u201cO livro das [&hellip;]","og_url":"https:\/\/www.blogsoestado.com\/flaviobraga\/a-baixada-maranhense-e-a-sua-vocacao-para-a-grandeza\/","og_site_name":"Fl\u00e1vio Braga","article_published_time":"2015-03-31T16:54:19+00:00","og_image":[{"url":"https:\/\/www.blogsoestado.com\/flaviobraga\/wp-content\/uploads\/sites\/7\/2015\/03\/ZZZ-Natalino1-1.jpg","type":"","width":"","height":""}],"author":"Flavio Braga","twitter_card":"summary_large_image","twitter_misc":{"Escrito por":"Flavio Braga","Est. tempo de leitura":"5 minutos"},"schema":{"@context":"https:\/\/schema.org","@graph":[{"@type":"WebPage","@id":"https:\/\/www.blogsoestado.com\/flaviobraga\/a-baixada-maranhense-e-a-sua-vocacao-para-a-grandeza\/","url":"https:\/\/www.blogsoestado.com\/flaviobraga\/a-baixada-maranhense-e-a-sua-vocacao-para-a-grandeza\/","name":"A Baixada Maranhense e a sua voca\u00e7\u00e3o para a grandeza - Fl\u00e1vio Braga","isPartOf":{"@id":"https:\/\/www.blogsoestado.com\/flaviobraga\/#website"},"primaryImageOfPage":{"@id":"https:\/\/www.blogsoestado.com\/flaviobraga\/a-baixada-maranhense-e-a-sua-vocacao-para-a-grandeza\/#primaryimage"},"image":{"@id":"https:\/\/www.blogsoestado.com\/flaviobraga\/a-baixada-maranhense-e-a-sua-vocacao-para-a-grandeza\/#primaryimage"},"thumbnailUrl":"https:\/\/www.blogsoestado.com\/flaviobraga\/wp-content\/uploads\/sites\/7\/2015\/03\/ZZZ-Natalino1-1.jpg","datePublished":"2015-03-31T16:54:19+00:00","author":{"@id":"https:\/\/www.blogsoestado.com\/flaviobraga\/#\/schema\/person\/6c6c778331775c757a82d15206bd8733"},"breadcrumb":{"@id":"https:\/\/www.blogsoestado.com\/flaviobraga\/a-baixada-maranhense-e-a-sua-vocacao-para-a-grandeza\/#breadcrumb"},"inLanguage":"pt-BR","potentialAction":[{"@type":"ReadAction","target":["https:\/\/www.blogsoestado.com\/flaviobraga\/a-baixada-maranhense-e-a-sua-vocacao-para-a-grandeza\/"]}]},{"@type":"ImageObject","inLanguage":"pt-BR","@id":"https:\/\/www.blogsoestado.com\/flaviobraga\/a-baixada-maranhense-e-a-sua-vocacao-para-a-grandeza\/#primaryimage","url":"https:\/\/www.blogsoestado.com\/flaviobraga\/wp-content\/uploads\/sites\/7\/2015\/03\/ZZZ-Natalino1-1.jpg","contentUrl":"https:\/\/www.blogsoestado.com\/flaviobraga\/wp-content\/uploads\/sites\/7\/2015\/03\/ZZZ-Natalino1-1.jpg","width":544,"height":419},{"@type":"BreadcrumbList","@id":"https:\/\/www.blogsoestado.com\/flaviobraga\/a-baixada-maranhense-e-a-sua-vocacao-para-a-grandeza\/#breadcrumb","itemListElement":[{"@type":"ListItem","position":1,"name":"In\u00edcio","item":"https:\/\/www.blogsoestado.com\/flaviobraga\/"},{"@type":"ListItem","position":2,"name":"A Baixada Maranhense e a sua voca\u00e7\u00e3o para a grandeza"}]},{"@type":"WebSite","@id":"https:\/\/www.blogsoestado.com\/flaviobraga\/#website","url":"https:\/\/www.blogsoestado.com\/flaviobraga\/","name":"Fl\u00e1vio Braga","description":"","potentialAction":[{"@type":"SearchAction","target":{"@type":"EntryPoint","urlTemplate":"https:\/\/www.blogsoestado.com\/flaviobraga\/?s={search_term_string}"},"query-input":{"@type":"PropertyValueSpecification","valueRequired":true,"valueName":"search_term_string"}}],"inLanguage":"pt-BR"},{"@type":"Person","@id":"https:\/\/www.blogsoestado.com\/flaviobraga\/#\/schema\/person\/6c6c778331775c757a82d15206bd8733","name":"Flavio Braga","image":{"@type":"ImageObject","inLanguage":"pt-BR","@id":"https:\/\/www.blogsoestado.com\/flaviobraga\/#\/schema\/person\/image\/","url":"https:\/\/secure.gravatar.com\/avatar\/ab173937dad8d78195c87778be8a0285d069ede375ce0ae24aac1cf8e58ccb2c?s=96&d=mm&r=g","contentUrl":"https:\/\/secure.gravatar.com\/avatar\/ab173937dad8d78195c87778be8a0285d069ede375ce0ae24aac1cf8e58ccb2c?s=96&d=mm&r=g","caption":"Flavio Braga"},"url":"https:\/\/www.blogsoestado.com\/flaviobraga\/author\/flaviobraga\/"}]}},"jetpack_featured_media_url":"","_links":{"self":[{"href":"https:\/\/www.blogsoestado.com\/flaviobraga\/wp-json\/wp\/v2\/posts\/2710","targetHints":{"allow":["GET"]}}],"collection":[{"href":"https:\/\/www.blogsoestado.com\/flaviobraga\/wp-json\/wp\/v2\/posts"}],"about":[{"href":"https:\/\/www.blogsoestado.com\/flaviobraga\/wp-json\/wp\/v2\/types\/post"}],"author":[{"embeddable":true,"href":"https:\/\/www.blogsoestado.com\/flaviobraga\/wp-json\/wp\/v2\/users\/8"}],"replies":[{"embeddable":true,"href":"https:\/\/www.blogsoestado.com\/flaviobraga\/wp-json\/wp\/v2\/comments?post=2710"}],"version-history":[{"count":0,"href":"https:\/\/www.blogsoestado.com\/flaviobraga\/wp-json\/wp\/v2\/posts\/2710\/revisions"}],"wp:attachment":[{"href":"https:\/\/www.blogsoestado.com\/flaviobraga\/wp-json\/wp\/v2\/media?parent=2710"}],"wp:term":[{"taxonomy":"category","embeddable":true,"href":"https:\/\/www.blogsoestado.com\/flaviobraga\/wp-json\/wp\/v2\/categories?post=2710"},{"taxonomy":"post_tag","embeddable":true,"href":"https:\/\/www.blogsoestado.com\/flaviobraga\/wp-json\/wp\/v2\/tags?post=2710"}],"curies":[{"name":"wp","href":"https:\/\/api.w.org\/{rel}","templated":true}]}}