{"id":2742,"date":"2015-06-15T13:01:26","date_gmt":"2015-06-15T16:01:26","guid":{"rendered":"https:\/\/www.blogsoestado.com\/flaviobraga\/?p=2742"},"modified":"2015-06-15T13:01:26","modified_gmt":"2015-06-15T16:01:26","slug":"o-potencial-turistico-da-baixada-maranhense","status":"publish","type":"post","link":"https:\/\/www.blogsoestado.com\/flaviobraga\/o-potencial-turistico-da-baixada-maranhense\/","title":{"rendered":"O potencial tur\u00edstico da Baixada Maranhense"},"content":{"rendered":"<p class=\"western\" align=\"JUSTIFY\"><a href=\"https:\/\/www.blogsoestado.com\/flaviobraga\/wp-content\/uploads\/sites\/7\/2015\/06\/Z-fazenda-1.jpg\"><img fetchpriority=\"high\" decoding=\"async\" class=\"aligncenter size-full wp-image-2743\" src=\"https:\/\/www.blogsoestado.com\/flaviobraga\/wp-content\/uploads\/sites\/7\/2015\/06\/Z-fazenda-1.jpg\" alt=\"Z fazenda\" width=\"546\" height=\"359\" srcset=\"https:\/\/www.blogsoestado.com\/flaviobraga\/wp-content\/uploads\/sites\/7\/2015\/06\/Z-fazenda-1.jpg 546w, https:\/\/www.blogsoestado.com\/flaviobraga\/wp-content\/uploads\/sites\/7\/2015\/06\/Z-fazenda-1-300x197.jpg 300w\" sizes=\"(max-width: 546px) 100vw, 546px\" \/><\/a><\/p>\n<p class=\"western\" align=\"JUSTIFY\"><span style=\"font-size: medium;\">Encravada \u00e0s margens do Golf\u00e3o Maranhense, a Baixada \u00e9 uma microrregi\u00e3o geogr\u00e1fica localizada numa zona de transi\u00e7\u00e3o entre a Amaz\u00f4nia e o Cerrado Brasileiro.<\/span><\/p>\n<p class=\"western\" align=\"JUSTIFY\"><span style=\"color: #000000;\"><span style=\"font-size: medium;\">Na esta\u00e7\u00e3o chuvosa, se transforma em uma imensa plan\u00edcie alagada e verdejante, que forma o majestoso Pantanal Maranhense, com toda a sua diversidade de fauna e de flora, que a transforma num santu\u00e1rio ecol\u00f3gico de rara beleza. Essa paisagem esplendorosa muda de acordo com a \u00e9poca do ano. Do ponto de vista socioecon\u00f4mico, \u00e9 uma regi\u00e3o vocacionada ao ecoturismo sustent\u00e1vel.<\/span><\/span><\/p>\n<p class=\"western\" align=\"JUSTIFY\"><span style=\"font-size: medium;\">A Baixada Maranhense foi transformada em \u00c1rea de Prote\u00e7\u00e3o Ambiental (APA), por meio do Decreto Estadual n\u00ba 11.900, de 11 de junho de 1991, em face da sua import\u00e2ncia ecol\u00f3gica, especialmente para as numerosas esp\u00e9cies de aves migrat\u00f3rias, que a utilizam como ponto de descanso, alimenta\u00e7\u00e3o e reprodu\u00e7\u00e3o. <\/span><\/p>\n<p class=\"western\" align=\"JUSTIFY\"><span style=\"color: #000000;\"><span style=\"font-family: Times New Roman,serif;\"><span style=\"font-size: medium;\">Al\u00e9m do maior conjunto de bacias lacustres do Nordeste, onde se destacam os lagos Aquiri, Cajari, Capivari, Coqueiro, Formoso, Itans, Lontra, Mara\u00e7um\u00e9 e Viana, a regi\u00e3o possui extensos manguezais e baba\u00e7uais. O ros\u00e1rio de lagos e os campos floridos da Baixada constituem atrativos naturais extraordin\u00e1rios que merecem ser explorados economicamente, tendo em vista o seu imenso potencial de capta\u00e7\u00e3o tur\u00edstica, que precisa ser encarado como um mecanismo indutor do desenvolvimento sustent\u00e1vel da regi\u00e3o, sobretudo pela sua capacidade de gerar trabalho e renda a uma popula\u00e7\u00e3o carente e desassistida. <\/span><\/span><\/span><\/p>\n<p class=\"western\" align=\"JUSTIFY\"><span style=\"color: #000000;\"><span style=\"font-family: Times New Roman,serif;\"><span style=\"font-size: medium;\">A partir do seu ecossistema diversificado e da sua cultura peculiar, a Baixada \u00e9 naturalmente propensa ao desenvolvimento da ind\u00fastria do turismo e tem como ofertar uma infinidade de produtos tur\u00edsticos, como cavalgadas, pesca, trilhas, mergulhos, motociclismo, gastronomia t\u00edpica, artesanato, folguedos, tradi\u00e7\u00f5es religiosas, festas folcl\u00f3ricas, dan\u00e7as populares, patrim\u00f4nio arquitet\u00f4nico, passeios n\u00e1uticos, <\/span><\/span><\/span><span style=\"color: #000000;\"><span style=\"font-family: Times New Roman,serif;\"><span style=\"font-size: medium;\"><i>camping<\/i><\/span><\/span><\/span><span style=\"color: #000000;\"><span style=\"font-family: Times New Roman,serif;\"><span style=\"font-size: medium;\"> etc. <\/span><\/span><\/span><\/p>\n<p class=\"western\" align=\"JUSTIFY\"><span style=\"color: #000000;\"><span style=\"font-family: Times New Roman,serif;\"><span style=\"font-size: medium;\">A ind\u00fastria do turismo se alicer\u00e7a em tr\u00eas pilares: a infraestrutura dos destinos tur\u00edsticos (hot\u00e9is, bares, restaurantes, transporte e espa\u00e7os para eventos), a qualidade e criatividade dos servi\u00e7os oferecidos aos visitantes e uma pol\u00edtica de divulga\u00e7\u00e3o eficiente. Nesse passo, \u00e9 imperioso que os gestores municipais da Baixada e os empres\u00e1rios maranhenses sejam sensibilizados e internalizem a ideia da mudan\u00e7a de h\u00e1bitos e quebra de paradigmas, a fim de superarem o marasmo que norteia a aplica\u00e7\u00e3o das mesmas pol\u00edticas p\u00fablicas e das repetitivas oportunidades de neg\u00f3cios. <\/span><\/span><\/span><\/p>\n<p class=\"western\" align=\"JUSTIFY\"><span style=\"color: #000000;\"><span style=\"font-family: Times New Roman,serif;\"><span style=\"font-size: medium;\">J\u00e1 passou da hora de os nossos governantes e empreendedores privados entenderem que a pol\u00edtica de turismo no Maranh\u00e3o n\u00e3o pode se restringir eternamente aos Len\u00e7\u00f3is Maranhenses e \u00e0 Chapada das Mesas. Por fim, registro as minhas homenagens ao empres\u00e1rio Alberto Muniz, penalvense de boa cepa e um grande entusiasta do ecoturismo na Baixada Maranhense. <\/span><\/span><\/span><\/p>\n","protected":false},"excerpt":{"rendered":"<p>Encravada \u00e0s margens do Golf\u00e3o Maranhense, a Baixada \u00e9 uma microrregi\u00e3o geogr\u00e1fica localizada numa zona de transi\u00e7\u00e3o entre a Amaz\u00f4nia [&hellip;]<\/p>\n","protected":false},"author":8,"featured_media":0,"comment_status":"open","ping_status":"open","sticky":false,"template":"","format":"standard","meta":{"site-sidebar-layout":"default","site-content-layout":"","ast-site-content-layout":"default","site-content-style":"default","site-sidebar-style":"default","ast-global-header-display":"","ast-banner-title-visibility":"","ast-main-header-display":"","ast-hfb-above-header-display":"","ast-hfb-below-header-display":"","ast-hfb-mobile-header-display":"","site-post-title":"","ast-breadcrumbs-content":"","ast-featured-img":"","footer-sml-layout":"","ast-disable-related-posts":"","theme-transparent-header-meta":"","adv-header-id-meta":"","stick-header-meta":"","header-above-stick-meta":"","header-main-stick-meta":"","header-below-stick-meta":"","astra-migrate-meta-layouts":"default","ast-page-background-enabled":"default","ast-page-background-meta":{"desktop":{"background-color":"var(--ast-global-color-5)","background-image":"","background-repeat":"repeat","background-position":"center center","background-size":"auto","background-attachment":"scroll","background-type":"","background-media":"","overlay-type":"","overlay-color":"","overlay-opacity":"","overlay-gradient":""},"tablet":{"background-color":"","background-image":"","background-repeat":"repeat","background-position":"center center","background-size":"auto","background-attachment":"scroll","background-type":"","background-media":"","overlay-type":"","overlay-color":"","overlay-opacity":"","overlay-gradient":""},"mobile":{"background-color":"","background-image":"","background-repeat":"repeat","background-position":"center center","background-size":"auto","background-attachment":"scroll","background-type":"","background-media":"","overlay-type":"","overlay-color":"","overlay-opacity":"","overlay-gradient":""}},"ast-content-background-meta":{"desktop":{"background-color":"var(--ast-global-color-4)","background-image":"","background-repeat":"repeat","background-position":"center center","background-size":"auto","background-attachment":"scroll","background-type":"","background-media":"","overlay-type":"","overlay-color":"","overlay-opacity":"","overlay-gradient":""},"tablet":{"background-color":"var(--ast-global-color-4)","background-image":"","background-repeat":"repeat","background-position":"center center","background-size":"auto","background-attachment":"scroll","background-type":"","background-media":"","overlay-type":"","overlay-color":"","overlay-opacity":"","overlay-gradient":""},"mobile":{"background-color":"var(--ast-global-color-4)","background-image":"","background-repeat":"repeat","background-position":"center center","background-size":"auto","background-attachment":"scroll","background-type":"","background-media":"","overlay-type":"","overlay-color":"","overlay-opacity":"","overlay-gradient":""}},"footnotes":""},"categories":[1],"tags":[],"class_list":["post-2742","post","type-post","status-publish","format-standard","hentry","category-sem-categoria"],"yoast_head":"<!-- This site is optimized with the Yoast SEO plugin v26.6 - https:\/\/yoast.com\/wordpress\/plugins\/seo\/ -->\n<title>O potencial tur\u00edstico da Baixada Maranhense - Fl\u00e1vio Braga<\/title>\n<meta name=\"robots\" content=\"index, follow, max-snippet:-1, max-image-preview:large, max-video-preview:-1\" \/>\n<link rel=\"canonical\" href=\"https:\/\/www.blogsoestado.com\/flaviobraga\/o-potencial-turistico-da-baixada-maranhense\/\" \/>\n<meta property=\"og:locale\" content=\"pt_BR\" \/>\n<meta property=\"og:type\" content=\"article\" \/>\n<meta property=\"og:title\" content=\"O potencial tur\u00edstico da Baixada Maranhense - Fl\u00e1vio Braga\" \/>\n<meta property=\"og:description\" content=\"Encravada \u00e0s margens do Golf\u00e3o Maranhense, a Baixada \u00e9 uma microrregi\u00e3o geogr\u00e1fica localizada numa zona de transi\u00e7\u00e3o entre a Amaz\u00f4nia [&hellip;]\" \/>\n<meta property=\"og:url\" content=\"https:\/\/www.blogsoestado.com\/flaviobraga\/o-potencial-turistico-da-baixada-maranhense\/\" \/>\n<meta property=\"og:site_name\" content=\"Fl\u00e1vio Braga\" \/>\n<meta property=\"article:published_time\" content=\"2015-06-15T16:01:26+00:00\" \/>\n<meta property=\"og:image\" content=\"https:\/\/www.blogsoestado.com\/flaviobraga\/wp-content\/uploads\/sites\/7\/2015\/06\/Z-fazenda-1.jpg\" \/>\n<meta name=\"author\" content=\"Flavio Braga\" \/>\n<meta name=\"twitter:card\" content=\"summary_large_image\" \/>\n<meta name=\"twitter:label1\" content=\"Escrito por\" \/>\n\t<meta name=\"twitter:data1\" content=\"Flavio Braga\" \/>\n\t<meta name=\"twitter:label2\" content=\"Est. tempo de leitura\" \/>\n\t<meta name=\"twitter:data2\" content=\"2 minutos\" \/>\n<script type=\"application\/ld+json\" class=\"yoast-schema-graph\">{\"@context\":\"https:\/\/schema.org\",\"@graph\":[{\"@type\":\"WebPage\",\"@id\":\"https:\/\/www.blogsoestado.com\/flaviobraga\/o-potencial-turistico-da-baixada-maranhense\/\",\"url\":\"https:\/\/www.blogsoestado.com\/flaviobraga\/o-potencial-turistico-da-baixada-maranhense\/\",\"name\":\"O potencial tur\u00edstico da Baixada Maranhense - Fl\u00e1vio Braga\",\"isPartOf\":{\"@id\":\"https:\/\/www.blogsoestado.com\/flaviobraga\/#website\"},\"primaryImageOfPage\":{\"@id\":\"https:\/\/www.blogsoestado.com\/flaviobraga\/o-potencial-turistico-da-baixada-maranhense\/#primaryimage\"},\"image\":{\"@id\":\"https:\/\/www.blogsoestado.com\/flaviobraga\/o-potencial-turistico-da-baixada-maranhense\/#primaryimage\"},\"thumbnailUrl\":\"https:\/\/www.blogsoestado.com\/flaviobraga\/wp-content\/uploads\/sites\/7\/2015\/06\/Z-fazenda-1.jpg\",\"datePublished\":\"2015-06-15T16:01:26+00:00\",\"author\":{\"@id\":\"https:\/\/www.blogsoestado.com\/flaviobraga\/#\/schema\/person\/6c6c778331775c757a82d15206bd8733\"},\"breadcrumb\":{\"@id\":\"https:\/\/www.blogsoestado.com\/flaviobraga\/o-potencial-turistico-da-baixada-maranhense\/#breadcrumb\"},\"inLanguage\":\"pt-BR\",\"potentialAction\":[{\"@type\":\"ReadAction\",\"target\":[\"https:\/\/www.blogsoestado.com\/flaviobraga\/o-potencial-turistico-da-baixada-maranhense\/\"]}]},{\"@type\":\"ImageObject\",\"inLanguage\":\"pt-BR\",\"@id\":\"https:\/\/www.blogsoestado.com\/flaviobraga\/o-potencial-turistico-da-baixada-maranhense\/#primaryimage\",\"url\":\"https:\/\/www.blogsoestado.com\/flaviobraga\/wp-content\/uploads\/sites\/7\/2015\/06\/Z-fazenda-1.jpg\",\"contentUrl\":\"https:\/\/www.blogsoestado.com\/flaviobraga\/wp-content\/uploads\/sites\/7\/2015\/06\/Z-fazenda-1.jpg\",\"width\":546,\"height\":359},{\"@type\":\"BreadcrumbList\",\"@id\":\"https:\/\/www.blogsoestado.com\/flaviobraga\/o-potencial-turistico-da-baixada-maranhense\/#breadcrumb\",\"itemListElement\":[{\"@type\":\"ListItem\",\"position\":1,\"name\":\"In\u00edcio\",\"item\":\"https:\/\/www.blogsoestado.com\/flaviobraga\/\"},{\"@type\":\"ListItem\",\"position\":2,\"name\":\"O potencial tur\u00edstico da Baixada Maranhense\"}]},{\"@type\":\"WebSite\",\"@id\":\"https:\/\/www.blogsoestado.com\/flaviobraga\/#website\",\"url\":\"https:\/\/www.blogsoestado.com\/flaviobraga\/\",\"name\":\"Fl\u00e1vio Braga\",\"description\":\"\",\"potentialAction\":[{\"@type\":\"SearchAction\",\"target\":{\"@type\":\"EntryPoint\",\"urlTemplate\":\"https:\/\/www.blogsoestado.com\/flaviobraga\/?s={search_term_string}\"},\"query-input\":{\"@type\":\"PropertyValueSpecification\",\"valueRequired\":true,\"valueName\":\"search_term_string\"}}],\"inLanguage\":\"pt-BR\"},{\"@type\":\"Person\",\"@id\":\"https:\/\/www.blogsoestado.com\/flaviobraga\/#\/schema\/person\/6c6c778331775c757a82d15206bd8733\",\"name\":\"Flavio Braga\",\"image\":{\"@type\":\"ImageObject\",\"inLanguage\":\"pt-BR\",\"@id\":\"https:\/\/www.blogsoestado.com\/flaviobraga\/#\/schema\/person\/image\/\",\"url\":\"https:\/\/secure.gravatar.com\/avatar\/ab173937dad8d78195c87778be8a0285d069ede375ce0ae24aac1cf8e58ccb2c?s=96&d=mm&r=g\",\"contentUrl\":\"https:\/\/secure.gravatar.com\/avatar\/ab173937dad8d78195c87778be8a0285d069ede375ce0ae24aac1cf8e58ccb2c?s=96&d=mm&r=g\",\"caption\":\"Flavio Braga\"},\"url\":\"https:\/\/www.blogsoestado.com\/flaviobraga\/author\/flaviobraga\/\"}]}<\/script>\n<!-- \/ Yoast SEO plugin. -->","yoast_head_json":{"title":"O potencial tur\u00edstico da Baixada Maranhense - Fl\u00e1vio Braga","robots":{"index":"index","follow":"follow","max-snippet":"max-snippet:-1","max-image-preview":"max-image-preview:large","max-video-preview":"max-video-preview:-1"},"canonical":"https:\/\/www.blogsoestado.com\/flaviobraga\/o-potencial-turistico-da-baixada-maranhense\/","og_locale":"pt_BR","og_type":"article","og_title":"O potencial tur\u00edstico da Baixada Maranhense - Fl\u00e1vio Braga","og_description":"Encravada \u00e0s margens do Golf\u00e3o Maranhense, a Baixada \u00e9 uma microrregi\u00e3o geogr\u00e1fica localizada numa zona de transi\u00e7\u00e3o entre a Amaz\u00f4nia [&hellip;]","og_url":"https:\/\/www.blogsoestado.com\/flaviobraga\/o-potencial-turistico-da-baixada-maranhense\/","og_site_name":"Fl\u00e1vio Braga","article_published_time":"2015-06-15T16:01:26+00:00","og_image":[{"url":"https:\/\/www.blogsoestado.com\/flaviobraga\/wp-content\/uploads\/sites\/7\/2015\/06\/Z-fazenda-1.jpg","type":"","width":"","height":""}],"author":"Flavio Braga","twitter_card":"summary_large_image","twitter_misc":{"Escrito por":"Flavio Braga","Est. tempo de leitura":"2 minutos"},"schema":{"@context":"https:\/\/schema.org","@graph":[{"@type":"WebPage","@id":"https:\/\/www.blogsoestado.com\/flaviobraga\/o-potencial-turistico-da-baixada-maranhense\/","url":"https:\/\/www.blogsoestado.com\/flaviobraga\/o-potencial-turistico-da-baixada-maranhense\/","name":"O potencial tur\u00edstico da Baixada Maranhense - Fl\u00e1vio Braga","isPartOf":{"@id":"https:\/\/www.blogsoestado.com\/flaviobraga\/#website"},"primaryImageOfPage":{"@id":"https:\/\/www.blogsoestado.com\/flaviobraga\/o-potencial-turistico-da-baixada-maranhense\/#primaryimage"},"image":{"@id":"https:\/\/www.blogsoestado.com\/flaviobraga\/o-potencial-turistico-da-baixada-maranhense\/#primaryimage"},"thumbnailUrl":"https:\/\/www.blogsoestado.com\/flaviobraga\/wp-content\/uploads\/sites\/7\/2015\/06\/Z-fazenda-1.jpg","datePublished":"2015-06-15T16:01:26+00:00","author":{"@id":"https:\/\/www.blogsoestado.com\/flaviobraga\/#\/schema\/person\/6c6c778331775c757a82d15206bd8733"},"breadcrumb":{"@id":"https:\/\/www.blogsoestado.com\/flaviobraga\/o-potencial-turistico-da-baixada-maranhense\/#breadcrumb"},"inLanguage":"pt-BR","potentialAction":[{"@type":"ReadAction","target":["https:\/\/www.blogsoestado.com\/flaviobraga\/o-potencial-turistico-da-baixada-maranhense\/"]}]},{"@type":"ImageObject","inLanguage":"pt-BR","@id":"https:\/\/www.blogsoestado.com\/flaviobraga\/o-potencial-turistico-da-baixada-maranhense\/#primaryimage","url":"https:\/\/www.blogsoestado.com\/flaviobraga\/wp-content\/uploads\/sites\/7\/2015\/06\/Z-fazenda-1.jpg","contentUrl":"https:\/\/www.blogsoestado.com\/flaviobraga\/wp-content\/uploads\/sites\/7\/2015\/06\/Z-fazenda-1.jpg","width":546,"height":359},{"@type":"BreadcrumbList","@id":"https:\/\/www.blogsoestado.com\/flaviobraga\/o-potencial-turistico-da-baixada-maranhense\/#breadcrumb","itemListElement":[{"@type":"ListItem","position":1,"name":"In\u00edcio","item":"https:\/\/www.blogsoestado.com\/flaviobraga\/"},{"@type":"ListItem","position":2,"name":"O potencial tur\u00edstico da Baixada Maranhense"}]},{"@type":"WebSite","@id":"https:\/\/www.blogsoestado.com\/flaviobraga\/#website","url":"https:\/\/www.blogsoestado.com\/flaviobraga\/","name":"Fl\u00e1vio Braga","description":"","potentialAction":[{"@type":"SearchAction","target":{"@type":"EntryPoint","urlTemplate":"https:\/\/www.blogsoestado.com\/flaviobraga\/?s={search_term_string}"},"query-input":{"@type":"PropertyValueSpecification","valueRequired":true,"valueName":"search_term_string"}}],"inLanguage":"pt-BR"},{"@type":"Person","@id":"https:\/\/www.blogsoestado.com\/flaviobraga\/#\/schema\/person\/6c6c778331775c757a82d15206bd8733","name":"Flavio Braga","image":{"@type":"ImageObject","inLanguage":"pt-BR","@id":"https:\/\/www.blogsoestado.com\/flaviobraga\/#\/schema\/person\/image\/","url":"https:\/\/secure.gravatar.com\/avatar\/ab173937dad8d78195c87778be8a0285d069ede375ce0ae24aac1cf8e58ccb2c?s=96&d=mm&r=g","contentUrl":"https:\/\/secure.gravatar.com\/avatar\/ab173937dad8d78195c87778be8a0285d069ede375ce0ae24aac1cf8e58ccb2c?s=96&d=mm&r=g","caption":"Flavio Braga"},"url":"https:\/\/www.blogsoestado.com\/flaviobraga\/author\/flaviobraga\/"}]}},"jetpack_featured_media_url":"","_links":{"self":[{"href":"https:\/\/www.blogsoestado.com\/flaviobraga\/wp-json\/wp\/v2\/posts\/2742","targetHints":{"allow":["GET"]}}],"collection":[{"href":"https:\/\/www.blogsoestado.com\/flaviobraga\/wp-json\/wp\/v2\/posts"}],"about":[{"href":"https:\/\/www.blogsoestado.com\/flaviobraga\/wp-json\/wp\/v2\/types\/post"}],"author":[{"embeddable":true,"href":"https:\/\/www.blogsoestado.com\/flaviobraga\/wp-json\/wp\/v2\/users\/8"}],"replies":[{"embeddable":true,"href":"https:\/\/www.blogsoestado.com\/flaviobraga\/wp-json\/wp\/v2\/comments?post=2742"}],"version-history":[{"count":0,"href":"https:\/\/www.blogsoestado.com\/flaviobraga\/wp-json\/wp\/v2\/posts\/2742\/revisions"}],"wp:attachment":[{"href":"https:\/\/www.blogsoestado.com\/flaviobraga\/wp-json\/wp\/v2\/media?parent=2742"}],"wp:term":[{"taxonomy":"category","embeddable":true,"href":"https:\/\/www.blogsoestado.com\/flaviobraga\/wp-json\/wp\/v2\/categories?post=2742"},{"taxonomy":"post_tag","embeddable":true,"href":"https:\/\/www.blogsoestado.com\/flaviobraga\/wp-json\/wp\/v2\/tags?post=2742"}],"curies":[{"name":"wp","href":"https:\/\/api.w.org\/{rel}","templated":true}]}}