{"id":2748,"date":"2015-07-06T13:49:24","date_gmt":"2015-07-06T16:49:24","guid":{"rendered":"https:\/\/www.blogsoestado.com\/flaviobraga\/?p=2748"},"modified":"2015-07-06T13:49:24","modified_gmt":"2015-07-06T16:49:24","slug":"forum-da-baixada-elege-diretoria-e-condecora-natalino-salgado-e-jota-pinto","status":"publish","type":"post","link":"https:\/\/www.blogsoestado.com\/flaviobraga\/forum-da-baixada-elege-diretoria-e-condecora-natalino-salgado-e-jota-pinto\/","title":{"rendered":"F\u00f3rum da Baixada elege diretoria e condecora Natalino Salgado e Jota Pinto"},"content":{"rendered":"<p align=\"JUSTIFY\"><a href=\"https:\/\/www.blogsoestado.com\/flaviobraga\/wp-content\/uploads\/sites\/7\/2015\/07\/Natalino.-Jota.-Filuca-e-Beto-Copia.jpg\"><img fetchpriority=\"high\" decoding=\"async\" class=\"aligncenter size-full wp-image-2749\" src=\"https:\/\/www.blogsoestado.com\/flaviobraga\/wp-content\/uploads\/sites\/7\/2015\/07\/Natalino.-Jota.-Filuca-e-Beto-Copia.jpg\" alt=\"Natalino. Jota. Filuca e Beto - C\u00f3pia\" width=\"576\" height=\"324\" srcset=\"https:\/\/www.blogsoestado.com\/flaviobraga\/wp-content\/uploads\/sites\/7\/2015\/07\/Natalino.-Jota.-Filuca-e-Beto-Copia.jpg 576w, https:\/\/www.blogsoestado.com\/flaviobraga\/wp-content\/uploads\/sites\/7\/2015\/07\/Natalino.-Jota.-Filuca-e-Beto-Copia-300x169.jpg 300w\" sizes=\"(max-width: 576px) 100vw, 576px\" \/><\/a><\/p>\n<p align=\"JUSTIFY\"><span style=\"color: #000000;\"><span style=\"font-family: Times New Roman,serif;\"><span style=\"font-size: medium;\">Em assembleia geral promovida no \u00faltimo s\u00e1bado (04\/07), o F\u00f3rum em Defesa da Baixada Maranhense elegeu a sua primeira diretoria executiva e o seu conselho fiscal para um mandato de dois anos. O encontro foi realizado na AABB, em S\u00e3o Lu\u00eds, e teve a participa\u00e7\u00e3o de 60 representantes dos diversos munic\u00edpios da microrregi\u00e3o. Na oportunidade, o advogado Fl\u00e1vio Braga, grande idealizador do projeto, foi eleito presidente por aclama\u00e7\u00e3o.<\/span><\/span><\/span><\/p>\n<p align=\"JUSTIFY\"><span style=\"color: #000000;\"><span style=\"font-family: Times New Roman,serif;\"><span style=\"font-size: medium;\">Por unanimidade, os membros elegeram Jo\u00e3o Batista Martins como presidente de honra e escolheram\u00a0Felipe \u00c2ngelo Botelho Silva, como primeiro vice-presidente e\u00a0Jo\u00e3o Batista Azevedo, como segundo vice-presidente. Para o cargo de primeiro secret\u00e1rio foi eleito David Cutrim e\u00a0para segunda secret\u00e1ria Gilsana Penha. \u00a0Glauber Fontenele foi escolhido para ser o primeiro tesoureiro e \u00a0Jo\u00e3o Carlos Costa Leite para ocupar a segunda tesouraria. <\/span><\/span><\/span><\/p>\n<p align=\"JUSTIFY\"><span style=\"color: #000000;\"><span style=\"font-family: Times New Roman,serif;\"><span style=\"font-size: medium;\">Natural de Cururupu, Natalino Salgado se tornou o mais novo membro ilustre do F\u00f3rum da Baixada. No decorrer do evento, o reitor da Universidade Federal do Maranh\u00e3o assinou a ficha de ades\u00e3o e recebeu uma placa de men\u00e7\u00e3o honrosa por conta dos relevantes servi\u00e7os prestados em prol da educa\u00e7\u00e3o superior na Baixada.<\/span><\/span><\/span><\/p>\n<p align=\"JUSTIFY\"><span style=\"color: #000000;\"><span style=\"font-family: Times New Roman,serif;\"><span style=\"font-size: medium;\">Natalino foi o respons\u00e1vel por implantar o Campus da UFMA na cidade de Pinheiro, que oferta gradua\u00e7\u00e3o em Educa\u00e7\u00e3o F\u00edsica, Engenharia da Pesca, Enfermagem e Medicina, fato que contribuir\u00e1 para o desenvolvimento da regi\u00e3o. Quatro prefeitos estavam presentes na solenidade, entre eles Filuca Mendes (Pinheiro), que fez uma entusiasmada sauda\u00e7\u00e3o e destacou as a\u00e7\u00f5es de Salgado na Baixada.<\/span><\/span><\/span><\/p>\n<p align=\"JUSTIFY\"><span style=\"color: #000000;\"><span style=\"font-family: Times New Roman,serif;\"><span style=\"font-size: medium;\">O ex-deputado estadual Jota Pinto foi condecorado em raz\u00e3o da sua combativa atua\u00e7\u00e3o em prol dos interesses da Baixada, sobretudo por ter sido o fundador e presidente da Frente Parlamentar em Defesa da Baixada Maranhense e da sua luta pela constru\u00e7\u00e3o dos diques da Baixada.<\/span><\/span><\/span><\/p>\n<p align=\"JUSTIFY\"><span style=\"color: #000000;\"><span style=\"font-family: Times New Roman,serif;\"><span style=\"font-size: medium;\">Al\u00e9m de Filuca Mendes, outros prefeitos marcaram presen\u00e7a, como Chico Gomes (Viana), Beto Pixuta (Matinha) e Z\u00e9 Martins (Bequim\u00e3o), que s\u00e3o autoridades ativas e expressivas do F\u00f3rum da Baixada e fizeram quest\u00e3o de participar da assembleia geral e da outorga das comendas aos homenageados.<\/span><\/span><\/span><\/p>\n<p align=\"JUSTIFY\"><span style=\"color: #000000;\"><span style=\"font-family: Times New Roman,serif;\"><span style=\"font-size: medium;\">Ao final dos trabalhos, o F\u00f3rum da Baixada fez a composi\u00e7\u00e3o das c\u00e2maras tem\u00e1ticas que ser\u00e3o respons\u00e1veis pelo desenvolvimento das atividades da entidade: sa\u00fade; educa\u00e7\u00e3o, ci\u00eancia, tecnologia e inova\u00e7\u00e3o; agropecu\u00e1ria e abastecimento; pesca e aquicultura; seguran\u00e7a alimentar e nutricional; cultura, esporte e lazer; desenvolvimento urbano e rural; turismo e meio ambiente e seguran\u00e7a p\u00fablica. <\/span><\/span><\/span><\/p>\n<p align=\"JUSTIFY\">\n<p align=\"JUSTIFY\">\n","protected":false},"excerpt":{"rendered":"<p>Em assembleia geral promovida no \u00faltimo s\u00e1bado (04\/07), o F\u00f3rum em Defesa da Baixada Maranhense elegeu a sua primeira diretoria [&hellip;]<\/p>\n","protected":false},"author":8,"featured_media":0,"comment_status":"open","ping_status":"open","sticky":false,"template":"","format":"standard","meta":{"site-sidebar-layout":"default","site-content-layout":"","ast-site-content-layout":"default","site-content-style":"default","site-sidebar-style":"default","ast-global-header-display":"","ast-banner-title-visibility":"","ast-main-header-display":"","ast-hfb-above-header-display":"","ast-hfb-below-header-display":"","ast-hfb-mobile-header-display":"","site-post-title":"","ast-breadcrumbs-content":"","ast-featured-img":"","footer-sml-layout":"","ast-disable-related-posts":"","theme-transparent-header-meta":"","adv-header-id-meta":"","stick-header-meta":"","header-above-stick-meta":"","header-main-stick-meta":"","header-below-stick-meta":"","astra-migrate-meta-layouts":"default","ast-page-background-enabled":"default","ast-page-background-meta":{"desktop":{"background-color":"var(--ast-global-color-5)","background-image":"","background-repeat":"repeat","background-position":"center center","background-size":"auto","background-attachment":"scroll","background-type":"","background-media":"","overlay-type":"","overlay-color":"","overlay-opacity":"","overlay-gradient":""},"tablet":{"background-color":"","background-image":"","background-repeat":"repeat","background-position":"center center","background-size":"auto","background-attachment":"scroll","background-type":"","background-media":"","overlay-type":"","overlay-color":"","overlay-opacity":"","overlay-gradient":""},"mobile":{"background-color":"","background-image":"","background-repeat":"repeat","background-position":"center center","background-size":"auto","background-attachment":"scroll","background-type":"","background-media":"","overlay-type":"","overlay-color":"","overlay-opacity":"","overlay-gradient":""}},"ast-content-background-meta":{"desktop":{"background-color":"var(--ast-global-color-4)","background-image":"","background-repeat":"repeat","background-position":"center center","background-size":"auto","background-attachment":"scroll","background-type":"","background-media":"","overlay-type":"","overlay-color":"","overlay-opacity":"","overlay-gradient":""},"tablet":{"background-color":"var(--ast-global-color-4)","background-image":"","background-repeat":"repeat","background-position":"center center","background-size":"auto","background-attachment":"scroll","background-type":"","background-media":"","overlay-type":"","overlay-color":"","overlay-opacity":"","overlay-gradient":""},"mobile":{"background-color":"var(--ast-global-color-4)","background-image":"","background-repeat":"repeat","background-position":"center center","background-size":"auto","background-attachment":"scroll","background-type":"","background-media":"","overlay-type":"","overlay-color":"","overlay-opacity":"","overlay-gradient":""}},"footnotes":""},"categories":[1],"tags":[],"class_list":["post-2748","post","type-post","status-publish","format-standard","hentry","category-sem-categoria"],"yoast_head":"<!-- This site is optimized with the Yoast SEO plugin v26.6 - https:\/\/yoast.com\/wordpress\/plugins\/seo\/ -->\n<title>F\u00f3rum da Baixada elege diretoria e condecora Natalino Salgado e Jota Pinto - Fl\u00e1vio Braga<\/title>\n<meta name=\"robots\" content=\"index, follow, max-snippet:-1, max-image-preview:large, max-video-preview:-1\" \/>\n<link rel=\"canonical\" href=\"https:\/\/www.blogsoestado.com\/flaviobraga\/forum-da-baixada-elege-diretoria-e-condecora-natalino-salgado-e-jota-pinto\/\" \/>\n<meta property=\"og:locale\" content=\"pt_BR\" \/>\n<meta property=\"og:type\" content=\"article\" \/>\n<meta property=\"og:title\" content=\"F\u00f3rum da Baixada elege diretoria e condecora Natalino Salgado e Jota Pinto - Fl\u00e1vio Braga\" \/>\n<meta property=\"og:description\" content=\"Em assembleia geral promovida no \u00faltimo s\u00e1bado (04\/07), o F\u00f3rum em Defesa da Baixada Maranhense elegeu a sua primeira diretoria [&hellip;]\" \/>\n<meta property=\"og:url\" content=\"https:\/\/www.blogsoestado.com\/flaviobraga\/forum-da-baixada-elege-diretoria-e-condecora-natalino-salgado-e-jota-pinto\/\" \/>\n<meta property=\"og:site_name\" content=\"Fl\u00e1vio Braga\" \/>\n<meta property=\"article:published_time\" content=\"2015-07-06T16:49:24+00:00\" \/>\n<meta property=\"og:image\" content=\"https:\/\/www.blogsoestado.com\/flaviobraga\/wp-content\/uploads\/sites\/7\/2015\/07\/Natalino.-Jota.-Filuca-e-Beto-Copia.jpg\" \/>\n<meta name=\"author\" content=\"Flavio Braga\" \/>\n<meta name=\"twitter:card\" content=\"summary_large_image\" \/>\n<meta name=\"twitter:label1\" content=\"Escrito por\" \/>\n\t<meta name=\"twitter:data1\" content=\"Flavio Braga\" \/>\n\t<meta name=\"twitter:label2\" content=\"Est. tempo de leitura\" \/>\n\t<meta name=\"twitter:data2\" content=\"2 minutos\" \/>\n<script type=\"application\/ld+json\" class=\"yoast-schema-graph\">{\"@context\":\"https:\/\/schema.org\",\"@graph\":[{\"@type\":\"WebPage\",\"@id\":\"https:\/\/www.blogsoestado.com\/flaviobraga\/forum-da-baixada-elege-diretoria-e-condecora-natalino-salgado-e-jota-pinto\/\",\"url\":\"https:\/\/www.blogsoestado.com\/flaviobraga\/forum-da-baixada-elege-diretoria-e-condecora-natalino-salgado-e-jota-pinto\/\",\"name\":\"F\u00f3rum da Baixada elege diretoria e condecora Natalino Salgado e Jota Pinto - Fl\u00e1vio Braga\",\"isPartOf\":{\"@id\":\"https:\/\/www.blogsoestado.com\/flaviobraga\/#website\"},\"primaryImageOfPage\":{\"@id\":\"https:\/\/www.blogsoestado.com\/flaviobraga\/forum-da-baixada-elege-diretoria-e-condecora-natalino-salgado-e-jota-pinto\/#primaryimage\"},\"image\":{\"@id\":\"https:\/\/www.blogsoestado.com\/flaviobraga\/forum-da-baixada-elege-diretoria-e-condecora-natalino-salgado-e-jota-pinto\/#primaryimage\"},\"thumbnailUrl\":\"https:\/\/www.blogsoestado.com\/flaviobraga\/wp-content\/uploads\/sites\/7\/2015\/07\/Natalino.-Jota.-Filuca-e-Beto-Copia.jpg\",\"datePublished\":\"2015-07-06T16:49:24+00:00\",\"author\":{\"@id\":\"https:\/\/www.blogsoestado.com\/flaviobraga\/#\/schema\/person\/6c6c778331775c757a82d15206bd8733\"},\"breadcrumb\":{\"@id\":\"https:\/\/www.blogsoestado.com\/flaviobraga\/forum-da-baixada-elege-diretoria-e-condecora-natalino-salgado-e-jota-pinto\/#breadcrumb\"},\"inLanguage\":\"pt-BR\",\"potentialAction\":[{\"@type\":\"ReadAction\",\"target\":[\"https:\/\/www.blogsoestado.com\/flaviobraga\/forum-da-baixada-elege-diretoria-e-condecora-natalino-salgado-e-jota-pinto\/\"]}]},{\"@type\":\"ImageObject\",\"inLanguage\":\"pt-BR\",\"@id\":\"https:\/\/www.blogsoestado.com\/flaviobraga\/forum-da-baixada-elege-diretoria-e-condecora-natalino-salgado-e-jota-pinto\/#primaryimage\",\"url\":\"https:\/\/www.blogsoestado.com\/flaviobraga\/wp-content\/uploads\/sites\/7\/2015\/07\/Natalino.-Jota.-Filuca-e-Beto-Copia.jpg\",\"contentUrl\":\"https:\/\/www.blogsoestado.com\/flaviobraga\/wp-content\/uploads\/sites\/7\/2015\/07\/Natalino.-Jota.-Filuca-e-Beto-Copia.jpg\",\"width\":576,\"height\":324},{\"@type\":\"BreadcrumbList\",\"@id\":\"https:\/\/www.blogsoestado.com\/flaviobraga\/forum-da-baixada-elege-diretoria-e-condecora-natalino-salgado-e-jota-pinto\/#breadcrumb\",\"itemListElement\":[{\"@type\":\"ListItem\",\"position\":1,\"name\":\"In\u00edcio\",\"item\":\"https:\/\/www.blogsoestado.com\/flaviobraga\/\"},{\"@type\":\"ListItem\",\"position\":2,\"name\":\"F\u00f3rum da Baixada elege diretoria e condecora Natalino Salgado e Jota Pinto\"}]},{\"@type\":\"WebSite\",\"@id\":\"https:\/\/www.blogsoestado.com\/flaviobraga\/#website\",\"url\":\"https:\/\/www.blogsoestado.com\/flaviobraga\/\",\"name\":\"Fl\u00e1vio Braga\",\"description\":\"\",\"potentialAction\":[{\"@type\":\"SearchAction\",\"target\":{\"@type\":\"EntryPoint\",\"urlTemplate\":\"https:\/\/www.blogsoestado.com\/flaviobraga\/?s={search_term_string}\"},\"query-input\":{\"@type\":\"PropertyValueSpecification\",\"valueRequired\":true,\"valueName\":\"search_term_string\"}}],\"inLanguage\":\"pt-BR\"},{\"@type\":\"Person\",\"@id\":\"https:\/\/www.blogsoestado.com\/flaviobraga\/#\/schema\/person\/6c6c778331775c757a82d15206bd8733\",\"name\":\"Flavio Braga\",\"image\":{\"@type\":\"ImageObject\",\"inLanguage\":\"pt-BR\",\"@id\":\"https:\/\/www.blogsoestado.com\/flaviobraga\/#\/schema\/person\/image\/\",\"url\":\"https:\/\/secure.gravatar.com\/avatar\/ab173937dad8d78195c87778be8a0285d069ede375ce0ae24aac1cf8e58ccb2c?s=96&d=mm&r=g\",\"contentUrl\":\"https:\/\/secure.gravatar.com\/avatar\/ab173937dad8d78195c87778be8a0285d069ede375ce0ae24aac1cf8e58ccb2c?s=96&d=mm&r=g\",\"caption\":\"Flavio Braga\"},\"url\":\"https:\/\/www.blogsoestado.com\/flaviobraga\/author\/flaviobraga\/\"}]}<\/script>\n<!-- \/ Yoast SEO plugin. -->","yoast_head_json":{"title":"F\u00f3rum da Baixada elege diretoria e condecora Natalino Salgado e Jota Pinto - Fl\u00e1vio Braga","robots":{"index":"index","follow":"follow","max-snippet":"max-snippet:-1","max-image-preview":"max-image-preview:large","max-video-preview":"max-video-preview:-1"},"canonical":"https:\/\/www.blogsoestado.com\/flaviobraga\/forum-da-baixada-elege-diretoria-e-condecora-natalino-salgado-e-jota-pinto\/","og_locale":"pt_BR","og_type":"article","og_title":"F\u00f3rum da Baixada elege diretoria e condecora Natalino Salgado e Jota Pinto - Fl\u00e1vio Braga","og_description":"Em assembleia geral promovida no \u00faltimo s\u00e1bado (04\/07), o F\u00f3rum em Defesa da Baixada Maranhense elegeu a sua primeira diretoria [&hellip;]","og_url":"https:\/\/www.blogsoestado.com\/flaviobraga\/forum-da-baixada-elege-diretoria-e-condecora-natalino-salgado-e-jota-pinto\/","og_site_name":"Fl\u00e1vio Braga","article_published_time":"2015-07-06T16:49:24+00:00","og_image":[{"url":"https:\/\/www.blogsoestado.com\/flaviobraga\/wp-content\/uploads\/sites\/7\/2015\/07\/Natalino.-Jota.-Filuca-e-Beto-Copia.jpg","type":"","width":"","height":""}],"author":"Flavio Braga","twitter_card":"summary_large_image","twitter_misc":{"Escrito por":"Flavio Braga","Est. tempo de leitura":"2 minutos"},"schema":{"@context":"https:\/\/schema.org","@graph":[{"@type":"WebPage","@id":"https:\/\/www.blogsoestado.com\/flaviobraga\/forum-da-baixada-elege-diretoria-e-condecora-natalino-salgado-e-jota-pinto\/","url":"https:\/\/www.blogsoestado.com\/flaviobraga\/forum-da-baixada-elege-diretoria-e-condecora-natalino-salgado-e-jota-pinto\/","name":"F\u00f3rum da Baixada elege diretoria e condecora Natalino Salgado e Jota Pinto - Fl\u00e1vio Braga","isPartOf":{"@id":"https:\/\/www.blogsoestado.com\/flaviobraga\/#website"},"primaryImageOfPage":{"@id":"https:\/\/www.blogsoestado.com\/flaviobraga\/forum-da-baixada-elege-diretoria-e-condecora-natalino-salgado-e-jota-pinto\/#primaryimage"},"image":{"@id":"https:\/\/www.blogsoestado.com\/flaviobraga\/forum-da-baixada-elege-diretoria-e-condecora-natalino-salgado-e-jota-pinto\/#primaryimage"},"thumbnailUrl":"https:\/\/www.blogsoestado.com\/flaviobraga\/wp-content\/uploads\/sites\/7\/2015\/07\/Natalino.-Jota.-Filuca-e-Beto-Copia.jpg","datePublished":"2015-07-06T16:49:24+00:00","author":{"@id":"https:\/\/www.blogsoestado.com\/flaviobraga\/#\/schema\/person\/6c6c778331775c757a82d15206bd8733"},"breadcrumb":{"@id":"https:\/\/www.blogsoestado.com\/flaviobraga\/forum-da-baixada-elege-diretoria-e-condecora-natalino-salgado-e-jota-pinto\/#breadcrumb"},"inLanguage":"pt-BR","potentialAction":[{"@type":"ReadAction","target":["https:\/\/www.blogsoestado.com\/flaviobraga\/forum-da-baixada-elege-diretoria-e-condecora-natalino-salgado-e-jota-pinto\/"]}]},{"@type":"ImageObject","inLanguage":"pt-BR","@id":"https:\/\/www.blogsoestado.com\/flaviobraga\/forum-da-baixada-elege-diretoria-e-condecora-natalino-salgado-e-jota-pinto\/#primaryimage","url":"https:\/\/www.blogsoestado.com\/flaviobraga\/wp-content\/uploads\/sites\/7\/2015\/07\/Natalino.-Jota.-Filuca-e-Beto-Copia.jpg","contentUrl":"https:\/\/www.blogsoestado.com\/flaviobraga\/wp-content\/uploads\/sites\/7\/2015\/07\/Natalino.-Jota.-Filuca-e-Beto-Copia.jpg","width":576,"height":324},{"@type":"BreadcrumbList","@id":"https:\/\/www.blogsoestado.com\/flaviobraga\/forum-da-baixada-elege-diretoria-e-condecora-natalino-salgado-e-jota-pinto\/#breadcrumb","itemListElement":[{"@type":"ListItem","position":1,"name":"In\u00edcio","item":"https:\/\/www.blogsoestado.com\/flaviobraga\/"},{"@type":"ListItem","position":2,"name":"F\u00f3rum da Baixada elege diretoria e condecora Natalino Salgado e Jota Pinto"}]},{"@type":"WebSite","@id":"https:\/\/www.blogsoestado.com\/flaviobraga\/#website","url":"https:\/\/www.blogsoestado.com\/flaviobraga\/","name":"Fl\u00e1vio Braga","description":"","potentialAction":[{"@type":"SearchAction","target":{"@type":"EntryPoint","urlTemplate":"https:\/\/www.blogsoestado.com\/flaviobraga\/?s={search_term_string}"},"query-input":{"@type":"PropertyValueSpecification","valueRequired":true,"valueName":"search_term_string"}}],"inLanguage":"pt-BR"},{"@type":"Person","@id":"https:\/\/www.blogsoestado.com\/flaviobraga\/#\/schema\/person\/6c6c778331775c757a82d15206bd8733","name":"Flavio Braga","image":{"@type":"ImageObject","inLanguage":"pt-BR","@id":"https:\/\/www.blogsoestado.com\/flaviobraga\/#\/schema\/person\/image\/","url":"https:\/\/secure.gravatar.com\/avatar\/ab173937dad8d78195c87778be8a0285d069ede375ce0ae24aac1cf8e58ccb2c?s=96&d=mm&r=g","contentUrl":"https:\/\/secure.gravatar.com\/avatar\/ab173937dad8d78195c87778be8a0285d069ede375ce0ae24aac1cf8e58ccb2c?s=96&d=mm&r=g","caption":"Flavio Braga"},"url":"https:\/\/www.blogsoestado.com\/flaviobraga\/author\/flaviobraga\/"}]}},"jetpack_featured_media_url":"","_links":{"self":[{"href":"https:\/\/www.blogsoestado.com\/flaviobraga\/wp-json\/wp\/v2\/posts\/2748","targetHints":{"allow":["GET"]}}],"collection":[{"href":"https:\/\/www.blogsoestado.com\/flaviobraga\/wp-json\/wp\/v2\/posts"}],"about":[{"href":"https:\/\/www.blogsoestado.com\/flaviobraga\/wp-json\/wp\/v2\/types\/post"}],"author":[{"embeddable":true,"href":"https:\/\/www.blogsoestado.com\/flaviobraga\/wp-json\/wp\/v2\/users\/8"}],"replies":[{"embeddable":true,"href":"https:\/\/www.blogsoestado.com\/flaviobraga\/wp-json\/wp\/v2\/comments?post=2748"}],"version-history":[{"count":0,"href":"https:\/\/www.blogsoestado.com\/flaviobraga\/wp-json\/wp\/v2\/posts\/2748\/revisions"}],"wp:attachment":[{"href":"https:\/\/www.blogsoestado.com\/flaviobraga\/wp-json\/wp\/v2\/media?parent=2748"}],"wp:term":[{"taxonomy":"category","embeddable":true,"href":"https:\/\/www.blogsoestado.com\/flaviobraga\/wp-json\/wp\/v2\/categories?post=2748"},{"taxonomy":"post_tag","embeddable":true,"href":"https:\/\/www.blogsoestado.com\/flaviobraga\/wp-json\/wp\/v2\/tags?post=2748"}],"curies":[{"name":"wp","href":"https:\/\/api.w.org\/{rel}","templated":true}]}}