{"id":2761,"date":"2015-07-28T08:55:58","date_gmt":"2015-07-28T11:55:58","guid":{"rendered":"https:\/\/www.blogsoestado.com\/flaviobraga\/?p=2761"},"modified":"2015-07-28T08:55:58","modified_gmt":"2015-07-28T11:55:58","slug":"forum-baixada-visita-arranjos-produtivos-de-anajatuba","status":"publish","type":"post","link":"https:\/\/www.blogsoestado.com\/flaviobraga\/forum-baixada-visita-arranjos-produtivos-de-anajatuba\/","title":{"rendered":"F\u00f3rum da Baixada visita arranjos produtivos de Anajatuba"},"content":{"rendered":"<figure id=\"attachment_2762\" aria-describedby=\"caption-attachment-2762\" style=\"width: 485px\" class=\"wp-caption aligncenter\"><a href=\"https:\/\/www.blogsoestado.com\/flaviobraga\/wp-content\/uploads\/sites\/7\/2015\/07\/Carava-do-Forum-navegando-no-Igarape-do-Troita-Copia.jpg\"><img fetchpriority=\"high\" decoding=\"async\" class=\"wp-image-2762 size-full\" src=\"https:\/\/www.blogsoestado.com\/flaviobraga\/wp-content\/uploads\/sites\/7\/2015\/07\/Carava-do-Forum-navegando-no-Igarape-do-Troita-Copia.jpg\" alt=\"Carava do Forum navegando no Igarap\u00e9 do Troit\u00e1 - C\u00f3pia\" width=\"485\" height=\"273\" srcset=\"https:\/\/www.blogsoestado.com\/flaviobraga\/wp-content\/uploads\/sites\/7\/2015\/07\/Carava-do-Forum-navegando-no-Igarape-do-Troita-Copia.jpg 485w, https:\/\/www.blogsoestado.com\/flaviobraga\/wp-content\/uploads\/sites\/7\/2015\/07\/Carava-do-Forum-navegando-no-Igarape-do-Troita-Copia-300x169.jpg 300w\" sizes=\"(max-width: 485px) 100vw, 485px\" \/><\/a><figcaption id=\"caption-attachment-2762\" class=\"wp-caption-text\">Caravana do F\u00f3rum no Igarap\u00e9 Troit\u00e1<\/figcaption><\/figure>\n<p align=\"JUSTIFY\"><span style=\"color: #000000;\"><span style=\"font-size: medium;\"><span lang=\"\">No \u00faltimo s\u00e1bado (25\/7), o F\u00f3rum em Defesa da Baixada Maranhense esteve em Anajatuba para fazer uma visita t\u00e9cnica aos arranjos produtivos desenvolvidos no munic\u00edpio por interm\u00e9dio da atua\u00e7\u00e3o do Dr. Eduardo Castelo Branco, zootecnista e membro da entidade baixadeira. S\u00e3o experi\u00eancias de sucesso comprovado na emancipa\u00e7\u00e3o econ\u00f4mica das comunidades beneficiadas, com forte impacto na supera\u00e7\u00e3o da extrema pobreza rural. <\/span><\/span><\/span><\/p>\n<p align=\"JUSTIFY\"><span style=\"color: #000000;\"><span style=\"font-size: medium;\"><span lang=\"\">A caravana de militantes do F\u00f3rum da Baixada conheceu os projetos do Igarap\u00e9 do Troit\u00e1, da produ\u00e7\u00e3o de mel no povoado Teso Bom Prazer e da piscicultura nativa consorciada com fruticultura no povoado Pacas. Esses projetos foram implementados durante os governos de Z\u00e9 Reinaldo e Jackson Lago, com o incentivo e apoio decisivo do falecido deputado estadual Jo\u00e3o Evangelista, baixadeiro natural de S\u00e3o Jo\u00e3o Batista.<\/span><\/span><\/span><\/p>\n<p align=\"JUSTIFY\"><span style=\"font-size: medium;\"><span lang=\"\">O Igarap\u00e9 de Troit\u00e1 vai da sede do munic\u00edpio de Anajatuba at\u00e9 o estu\u00e1rio do rio Mearim. Mede 8km de comprimento, 10m de largura e 2m de profundidade, e foi dragado para garantir a reten\u00e7\u00e3o da \u00e1gua doce durante todo o ano, proporcionado a perman\u00eancia e reprodu\u00e7\u00e3o dos peixes nativos durante o ver\u00e3o e outras pequenas cria\u00e7\u00f5es (bois, porcos, patos etc). A obra teve um custo de 400 mil reais, valor considerado irris\u00f3rio diante do grande alcance social do projeto. \u00c9 uma prova de que com vontade pol\u00edtica e poucos recursos se pode melhorar bastante a vida da popula\u00e7\u00e3o da Baixada. <\/span><\/span><\/p>\n<p align=\"JUSTIFY\"><span style=\"color: #000000;\"><span style=\"font-size: medium;\"><span lang=\"\">O senhor Jos\u00e9 Antonio de Jesus, conhecido como Curica, proferiu uma verdadeira aula sobre produ\u00e7\u00e3o de mel de abelha no povoado Teso Bom Prazer, que garante o sustento das fam\u00edlias da localidade, mediante a exporta\u00e7\u00e3o dos v\u00e1rios produtos ap\u00edcolas (mel, pr\u00f3polis, cera etc) para fora do Maranh\u00e3o. Essa experi\u00eancia demonstra o imenso potencial da Baixada para a explora\u00e7\u00e3o da apicultura como atividade econ\u00f4mica.<\/span><\/span><\/span><\/p>\n<figure id=\"attachment_2763\" aria-describedby=\"caption-attachment-2763\" style=\"width: 480px\" class=\"wp-caption aligncenter\"><a href=\"https:\/\/www.blogsoestado.com\/flaviobraga\/wp-content\/uploads\/sites\/7\/2015\/07\/Caravana-do-Forum-no-povoado-Pacas-Copia.jpg\"><img decoding=\"async\" class=\"wp-image-2763 size-full\" src=\"https:\/\/www.blogsoestado.com\/flaviobraga\/wp-content\/uploads\/sites\/7\/2015\/07\/Caravana-do-Forum-no-povoado-Pacas-Copia.jpg\" alt=\"Caravana do F\u00f3rum no povoado Pacas - C\u00f3pia\" width=\"480\" height=\"360\" srcset=\"https:\/\/www.blogsoestado.com\/flaviobraga\/wp-content\/uploads\/sites\/7\/2015\/07\/Caravana-do-Forum-no-povoado-Pacas-Copia.jpg 480w, https:\/\/www.blogsoestado.com\/flaviobraga\/wp-content\/uploads\/sites\/7\/2015\/07\/Caravana-do-Forum-no-povoado-Pacas-Copia-300x225.jpg 300w\" sizes=\"(max-width: 480px) 100vw, 480px\" \/><\/a><figcaption id=\"caption-attachment-2763\" class=\"wp-caption-text\">Caravana do F\u00f3rum no Projeto Pacas<\/figcaption><\/figure>\n<p align=\"JUSTIFY\"><span style=\"color: #000000;\"><span style=\"font-size: medium;\"><span lang=\"\">No povoado Pacas,<\/span><\/span><\/span><b> <\/b><span style=\"color: #000000;\"><span style=\"font-size: medium;\"><span lang=\"\">os membros do F\u00f3rum foram conhecer um projeto consorciado de piscicultura nativa e fruticultura (banana, a\u00e7a\u00ed e maracuj\u00e1). Esse arranjo foi desenvolvido durante o governo de Jacson Lago a um custo de 200 mil reais e garante o sustento e renda de uma comunidade formada por 42 fam\u00edlias. Em uma \u00e1rea de apenas 3 hectares, foram escavados 5 canais de 400m de comprimento, 12m de largura e 2m de profundidade, onde os peixes nativos se reproduzem e permanecem por conta da profundidade maior que a dos campos naturais. Nesse arranjo produtivo s\u00e3o produzidas 4500 bananas por m\u00eas e 15 toneladas de peixes por ano, sem qualquer \u00f4nus para os benefici\u00e1rios do projeto.<\/span><\/span><\/span><\/p>\n<p align=\"JUSTIFY\"><span style=\"color: #000000;\"><span style=\"font-size: medium;\"><span lang=\"\">Ao final da visita t\u00e9cnica, o presidente do F\u00f3rum da Baixada, advogado Flavio Braga, agradeceu a acolhida do Dr. Eduardo Castelo Branco e das comunidades, destacando que a principal necessidade da Baixada \u00e9 a reten\u00e7\u00e3o de \u00e1gua doce nos campos, a fim de que projetos como os de Anajatuba possam ser replicados, com impacto imediato na qualidade de vida da popula\u00e7\u00e3o baixadeira. <\/span><\/span><\/span><\/p>\n<p align=\"JUSTIFY\"><span style=\"color: #000000;\">\u201c<\/span><span style=\"font-size: medium;\"><span lang=\"\">O F\u00f3rum em Defesa da Baixada se encheu de esperan\u00e7a com os projetos que conheceu e pudemos perceber que as solu\u00e7\u00f5es para a pobreza do povo da Baixada s\u00e3o simples, baratas e de f\u00e1cil resolu\u00e7\u00e3o, basta vontade pol\u00edtica dos nossos gestores p\u00fablicos\u201d, <\/span><\/span><span style=\"font-size: medium;\"><span lang=\"\">ressaltou Fl\u00e1vio Braga. <\/span><\/span><\/p>\n<figure id=\"attachment_2764\" aria-describedby=\"caption-attachment-2764\" style=\"width: 495px\" class=\"wp-caption aligncenter\"><a href=\"https:\/\/www.blogsoestado.com\/flaviobraga\/wp-content\/uploads\/sites\/7\/2015\/07\/Dona-Maria-Bastos-presidente-da-Associacao-de-Pacas-com-Eduardo-e-Flavio-Braga.jpg\"><img decoding=\"async\" class=\"wp-image-2764 size-full\" src=\"https:\/\/www.blogsoestado.com\/flaviobraga\/wp-content\/uploads\/sites\/7\/2015\/07\/Dona-Maria-Bastos-presidente-da-Associacao-de-Pacas-com-Eduardo-e-Flavio-Braga.jpg\" alt=\"Dona Maria Bastos, presidente da Associa\u00e7\u00e3o de Pacas, com Eduardo e Fl\u00e1vio Braga\" width=\"495\" height=\"371\" srcset=\"https:\/\/www.blogsoestado.com\/flaviobraga\/wp-content\/uploads\/sites\/7\/2015\/07\/Dona-Maria-Bastos-presidente-da-Associacao-de-Pacas-com-Eduardo-e-Flavio-Braga.jpg 495w, https:\/\/www.blogsoestado.com\/flaviobraga\/wp-content\/uploads\/sites\/7\/2015\/07\/Dona-Maria-Bastos-presidente-da-Associacao-de-Pacas-com-Eduardo-e-Flavio-Braga-300x225.jpg 300w\" sizes=\"(max-width: 495px) 100vw, 495px\" \/><\/a><figcaption id=\"caption-attachment-2764\" class=\"wp-caption-text\">Dona Marias Bastos, Eduardo Castelo Branco e Fl\u00e1vio Braga com produ\u00e7\u00e3o de bananas no Povoado Pacas<\/figcaption><\/figure>\n","protected":false},"excerpt":{"rendered":"<p>No \u00faltimo s\u00e1bado (25\/7), o F\u00f3rum em Defesa da Baixada Maranhense esteve em Anajatuba para fazer uma visita t\u00e9cnica aos [&hellip;]<\/p>\n","protected":false},"author":8,"featured_media":0,"comment_status":"open","ping_status":"open","sticky":false,"template":"","format":"standard","meta":{"site-sidebar-layout":"default","site-content-layout":"","ast-site-content-layout":"default","site-content-style":"default","site-sidebar-style":"default","ast-global-header-display":"","ast-banner-title-visibility":"","ast-main-header-display":"","ast-hfb-above-header-display":"","ast-hfb-below-header-display":"","ast-hfb-mobile-header-display":"","site-post-title":"","ast-breadcrumbs-content":"","ast-featured-img":"","footer-sml-layout":"","ast-disable-related-posts":"","theme-transparent-header-meta":"","adv-header-id-meta":"","stick-header-meta":"","header-above-stick-meta":"","header-main-stick-meta":"","header-below-stick-meta":"","astra-migrate-meta-layouts":"default","ast-page-background-enabled":"default","ast-page-background-meta":{"desktop":{"background-color":"var(--ast-global-color-5)","background-image":"","background-repeat":"repeat","background-position":"center center","background-size":"auto","background-attachment":"scroll","background-type":"","background-media":"","overlay-type":"","overlay-color":"","overlay-opacity":"","overlay-gradient":""},"tablet":{"background-color":"","background-image":"","background-repeat":"repeat","background-position":"center center","background-size":"auto","background-attachment":"scroll","background-type":"","background-media":"","overlay-type":"","overlay-color":"","overlay-opacity":"","overlay-gradient":""},"mobile":{"background-color":"","background-image":"","background-repeat":"repeat","background-position":"center center","background-size":"auto","background-attachment":"scroll","background-type":"","background-media":"","overlay-type":"","overlay-color":"","overlay-opacity":"","overlay-gradient":""}},"ast-content-background-meta":{"desktop":{"background-color":"var(--ast-global-color-4)","background-image":"","background-repeat":"repeat","background-position":"center center","background-size":"auto","background-attachment":"scroll","background-type":"","background-media":"","overlay-type":"","overlay-color":"","overlay-opacity":"","overlay-gradient":""},"tablet":{"background-color":"var(--ast-global-color-4)","background-image":"","background-repeat":"repeat","background-position":"center center","background-size":"auto","background-attachment":"scroll","background-type":"","background-media":"","overlay-type":"","overlay-color":"","overlay-opacity":"","overlay-gradient":""},"mobile":{"background-color":"var(--ast-global-color-4)","background-image":"","background-repeat":"repeat","background-position":"center center","background-size":"auto","background-attachment":"scroll","background-type":"","background-media":"","overlay-type":"","overlay-color":"","overlay-opacity":"","overlay-gradient":""}},"footnotes":""},"categories":[1],"tags":[],"class_list":["post-2761","post","type-post","status-publish","format-standard","hentry","category-sem-categoria"],"yoast_head":"<!-- This site is optimized with the Yoast SEO plugin v26.6 - https:\/\/yoast.com\/wordpress\/plugins\/seo\/ -->\n<title>F\u00f3rum da Baixada visita arranjos produtivos de Anajatuba - Fl\u00e1vio Braga<\/title>\n<meta name=\"robots\" content=\"index, follow, max-snippet:-1, max-image-preview:large, max-video-preview:-1\" \/>\n<link rel=\"canonical\" href=\"https:\/\/www.blogsoestado.com\/flaviobraga\/forum-baixada-visita-arranjos-produtivos-de-anajatuba\/\" \/>\n<meta property=\"og:locale\" content=\"pt_BR\" \/>\n<meta property=\"og:type\" content=\"article\" \/>\n<meta property=\"og:title\" content=\"F\u00f3rum da Baixada visita arranjos produtivos de Anajatuba - Fl\u00e1vio Braga\" \/>\n<meta property=\"og:description\" content=\"No \u00faltimo s\u00e1bado (25\/7), o F\u00f3rum em Defesa da Baixada Maranhense esteve em Anajatuba para fazer uma visita t\u00e9cnica aos [&hellip;]\" \/>\n<meta property=\"og:url\" content=\"https:\/\/www.blogsoestado.com\/flaviobraga\/forum-baixada-visita-arranjos-produtivos-de-anajatuba\/\" \/>\n<meta property=\"og:site_name\" content=\"Fl\u00e1vio Braga\" \/>\n<meta property=\"article:published_time\" content=\"2015-07-28T11:55:58+00:00\" \/>\n<meta property=\"og:image\" content=\"https:\/\/www.blogsoestado.com\/flaviobraga\/wp-content\/uploads\/sites\/7\/2015\/07\/Carava-do-Forum-navegando-no-Igarape-do-Troita-Copia.jpg\" \/>\n<meta name=\"author\" content=\"Flavio Braga\" \/>\n<meta name=\"twitter:card\" content=\"summary_large_image\" \/>\n<meta name=\"twitter:label1\" content=\"Escrito por\" \/>\n\t<meta name=\"twitter:data1\" content=\"Flavio Braga\" \/>\n\t<meta name=\"twitter:label2\" content=\"Est. tempo de leitura\" \/>\n\t<meta name=\"twitter:data2\" content=\"3 minutos\" \/>\n<script type=\"application\/ld+json\" class=\"yoast-schema-graph\">{\"@context\":\"https:\/\/schema.org\",\"@graph\":[{\"@type\":\"WebPage\",\"@id\":\"https:\/\/www.blogsoestado.com\/flaviobraga\/forum-baixada-visita-arranjos-produtivos-de-anajatuba\/\",\"url\":\"https:\/\/www.blogsoestado.com\/flaviobraga\/forum-baixada-visita-arranjos-produtivos-de-anajatuba\/\",\"name\":\"F\u00f3rum da Baixada visita arranjos produtivos de Anajatuba - Fl\u00e1vio Braga\",\"isPartOf\":{\"@id\":\"https:\/\/www.blogsoestado.com\/flaviobraga\/#website\"},\"primaryImageOfPage\":{\"@id\":\"https:\/\/www.blogsoestado.com\/flaviobraga\/forum-baixada-visita-arranjos-produtivos-de-anajatuba\/#primaryimage\"},\"image\":{\"@id\":\"https:\/\/www.blogsoestado.com\/flaviobraga\/forum-baixada-visita-arranjos-produtivos-de-anajatuba\/#primaryimage\"},\"thumbnailUrl\":\"https:\/\/www.blogsoestado.com\/flaviobraga\/wp-content\/uploads\/sites\/7\/2015\/07\/Carava-do-Forum-navegando-no-Igarape-do-Troita-Copia.jpg\",\"datePublished\":\"2015-07-28T11:55:58+00:00\",\"author\":{\"@id\":\"https:\/\/www.blogsoestado.com\/flaviobraga\/#\/schema\/person\/6c6c778331775c757a82d15206bd8733\"},\"breadcrumb\":{\"@id\":\"https:\/\/www.blogsoestado.com\/flaviobraga\/forum-baixada-visita-arranjos-produtivos-de-anajatuba\/#breadcrumb\"},\"inLanguage\":\"pt-BR\",\"potentialAction\":[{\"@type\":\"ReadAction\",\"target\":[\"https:\/\/www.blogsoestado.com\/flaviobraga\/forum-baixada-visita-arranjos-produtivos-de-anajatuba\/\"]}]},{\"@type\":\"ImageObject\",\"inLanguage\":\"pt-BR\",\"@id\":\"https:\/\/www.blogsoestado.com\/flaviobraga\/forum-baixada-visita-arranjos-produtivos-de-anajatuba\/#primaryimage\",\"url\":\"https:\/\/www.blogsoestado.com\/flaviobraga\/wp-content\/uploads\/sites\/7\/2015\/07\/Carava-do-Forum-navegando-no-Igarape-do-Troita-Copia.jpg\",\"contentUrl\":\"https:\/\/www.blogsoestado.com\/flaviobraga\/wp-content\/uploads\/sites\/7\/2015\/07\/Carava-do-Forum-navegando-no-Igarape-do-Troita-Copia.jpg\",\"width\":485,\"height\":273},{\"@type\":\"BreadcrumbList\",\"@id\":\"https:\/\/www.blogsoestado.com\/flaviobraga\/forum-baixada-visita-arranjos-produtivos-de-anajatuba\/#breadcrumb\",\"itemListElement\":[{\"@type\":\"ListItem\",\"position\":1,\"name\":\"In\u00edcio\",\"item\":\"https:\/\/www.blogsoestado.com\/flaviobraga\/\"},{\"@type\":\"ListItem\",\"position\":2,\"name\":\"F\u00f3rum da Baixada visita arranjos produtivos de Anajatuba\"}]},{\"@type\":\"WebSite\",\"@id\":\"https:\/\/www.blogsoestado.com\/flaviobraga\/#website\",\"url\":\"https:\/\/www.blogsoestado.com\/flaviobraga\/\",\"name\":\"Fl\u00e1vio Braga\",\"description\":\"\",\"potentialAction\":[{\"@type\":\"SearchAction\",\"target\":{\"@type\":\"EntryPoint\",\"urlTemplate\":\"https:\/\/www.blogsoestado.com\/flaviobraga\/?s={search_term_string}\"},\"query-input\":{\"@type\":\"PropertyValueSpecification\",\"valueRequired\":true,\"valueName\":\"search_term_string\"}}],\"inLanguage\":\"pt-BR\"},{\"@type\":\"Person\",\"@id\":\"https:\/\/www.blogsoestado.com\/flaviobraga\/#\/schema\/person\/6c6c778331775c757a82d15206bd8733\",\"name\":\"Flavio Braga\",\"image\":{\"@type\":\"ImageObject\",\"inLanguage\":\"pt-BR\",\"@id\":\"https:\/\/www.blogsoestado.com\/flaviobraga\/#\/schema\/person\/image\/\",\"url\":\"https:\/\/secure.gravatar.com\/avatar\/ab173937dad8d78195c87778be8a0285d069ede375ce0ae24aac1cf8e58ccb2c?s=96&d=mm&r=g\",\"contentUrl\":\"https:\/\/secure.gravatar.com\/avatar\/ab173937dad8d78195c87778be8a0285d069ede375ce0ae24aac1cf8e58ccb2c?s=96&d=mm&r=g\",\"caption\":\"Flavio Braga\"},\"url\":\"https:\/\/www.blogsoestado.com\/flaviobraga\/author\/flaviobraga\/\"}]}<\/script>\n<!-- \/ Yoast SEO plugin. -->","yoast_head_json":{"title":"F\u00f3rum da Baixada visita arranjos produtivos de Anajatuba - Fl\u00e1vio Braga","robots":{"index":"index","follow":"follow","max-snippet":"max-snippet:-1","max-image-preview":"max-image-preview:large","max-video-preview":"max-video-preview:-1"},"canonical":"https:\/\/www.blogsoestado.com\/flaviobraga\/forum-baixada-visita-arranjos-produtivos-de-anajatuba\/","og_locale":"pt_BR","og_type":"article","og_title":"F\u00f3rum da Baixada visita arranjos produtivos de Anajatuba - Fl\u00e1vio Braga","og_description":"No \u00faltimo s\u00e1bado (25\/7), o F\u00f3rum em Defesa da Baixada Maranhense esteve em Anajatuba para fazer uma visita t\u00e9cnica aos [&hellip;]","og_url":"https:\/\/www.blogsoestado.com\/flaviobraga\/forum-baixada-visita-arranjos-produtivos-de-anajatuba\/","og_site_name":"Fl\u00e1vio Braga","article_published_time":"2015-07-28T11:55:58+00:00","og_image":[{"url":"https:\/\/www.blogsoestado.com\/flaviobraga\/wp-content\/uploads\/sites\/7\/2015\/07\/Carava-do-Forum-navegando-no-Igarape-do-Troita-Copia.jpg","type":"","width":"","height":""}],"author":"Flavio Braga","twitter_card":"summary_large_image","twitter_misc":{"Escrito por":"Flavio Braga","Est. tempo de leitura":"3 minutos"},"schema":{"@context":"https:\/\/schema.org","@graph":[{"@type":"WebPage","@id":"https:\/\/www.blogsoestado.com\/flaviobraga\/forum-baixada-visita-arranjos-produtivos-de-anajatuba\/","url":"https:\/\/www.blogsoestado.com\/flaviobraga\/forum-baixada-visita-arranjos-produtivos-de-anajatuba\/","name":"F\u00f3rum da Baixada visita arranjos produtivos de Anajatuba - Fl\u00e1vio Braga","isPartOf":{"@id":"https:\/\/www.blogsoestado.com\/flaviobraga\/#website"},"primaryImageOfPage":{"@id":"https:\/\/www.blogsoestado.com\/flaviobraga\/forum-baixada-visita-arranjos-produtivos-de-anajatuba\/#primaryimage"},"image":{"@id":"https:\/\/www.blogsoestado.com\/flaviobraga\/forum-baixada-visita-arranjos-produtivos-de-anajatuba\/#primaryimage"},"thumbnailUrl":"https:\/\/www.blogsoestado.com\/flaviobraga\/wp-content\/uploads\/sites\/7\/2015\/07\/Carava-do-Forum-navegando-no-Igarape-do-Troita-Copia.jpg","datePublished":"2015-07-28T11:55:58+00:00","author":{"@id":"https:\/\/www.blogsoestado.com\/flaviobraga\/#\/schema\/person\/6c6c778331775c757a82d15206bd8733"},"breadcrumb":{"@id":"https:\/\/www.blogsoestado.com\/flaviobraga\/forum-baixada-visita-arranjos-produtivos-de-anajatuba\/#breadcrumb"},"inLanguage":"pt-BR","potentialAction":[{"@type":"ReadAction","target":["https:\/\/www.blogsoestado.com\/flaviobraga\/forum-baixada-visita-arranjos-produtivos-de-anajatuba\/"]}]},{"@type":"ImageObject","inLanguage":"pt-BR","@id":"https:\/\/www.blogsoestado.com\/flaviobraga\/forum-baixada-visita-arranjos-produtivos-de-anajatuba\/#primaryimage","url":"https:\/\/www.blogsoestado.com\/flaviobraga\/wp-content\/uploads\/sites\/7\/2015\/07\/Carava-do-Forum-navegando-no-Igarape-do-Troita-Copia.jpg","contentUrl":"https:\/\/www.blogsoestado.com\/flaviobraga\/wp-content\/uploads\/sites\/7\/2015\/07\/Carava-do-Forum-navegando-no-Igarape-do-Troita-Copia.jpg","width":485,"height":273},{"@type":"BreadcrumbList","@id":"https:\/\/www.blogsoestado.com\/flaviobraga\/forum-baixada-visita-arranjos-produtivos-de-anajatuba\/#breadcrumb","itemListElement":[{"@type":"ListItem","position":1,"name":"In\u00edcio","item":"https:\/\/www.blogsoestado.com\/flaviobraga\/"},{"@type":"ListItem","position":2,"name":"F\u00f3rum da Baixada visita arranjos produtivos de Anajatuba"}]},{"@type":"WebSite","@id":"https:\/\/www.blogsoestado.com\/flaviobraga\/#website","url":"https:\/\/www.blogsoestado.com\/flaviobraga\/","name":"Fl\u00e1vio Braga","description":"","potentialAction":[{"@type":"SearchAction","target":{"@type":"EntryPoint","urlTemplate":"https:\/\/www.blogsoestado.com\/flaviobraga\/?s={search_term_string}"},"query-input":{"@type":"PropertyValueSpecification","valueRequired":true,"valueName":"search_term_string"}}],"inLanguage":"pt-BR"},{"@type":"Person","@id":"https:\/\/www.blogsoestado.com\/flaviobraga\/#\/schema\/person\/6c6c778331775c757a82d15206bd8733","name":"Flavio Braga","image":{"@type":"ImageObject","inLanguage":"pt-BR","@id":"https:\/\/www.blogsoestado.com\/flaviobraga\/#\/schema\/person\/image\/","url":"https:\/\/secure.gravatar.com\/avatar\/ab173937dad8d78195c87778be8a0285d069ede375ce0ae24aac1cf8e58ccb2c?s=96&d=mm&r=g","contentUrl":"https:\/\/secure.gravatar.com\/avatar\/ab173937dad8d78195c87778be8a0285d069ede375ce0ae24aac1cf8e58ccb2c?s=96&d=mm&r=g","caption":"Flavio Braga"},"url":"https:\/\/www.blogsoestado.com\/flaviobraga\/author\/flaviobraga\/"}]}},"jetpack_featured_media_url":"","_links":{"self":[{"href":"https:\/\/www.blogsoestado.com\/flaviobraga\/wp-json\/wp\/v2\/posts\/2761","targetHints":{"allow":["GET"]}}],"collection":[{"href":"https:\/\/www.blogsoestado.com\/flaviobraga\/wp-json\/wp\/v2\/posts"}],"about":[{"href":"https:\/\/www.blogsoestado.com\/flaviobraga\/wp-json\/wp\/v2\/types\/post"}],"author":[{"embeddable":true,"href":"https:\/\/www.blogsoestado.com\/flaviobraga\/wp-json\/wp\/v2\/users\/8"}],"replies":[{"embeddable":true,"href":"https:\/\/www.blogsoestado.com\/flaviobraga\/wp-json\/wp\/v2\/comments?post=2761"}],"version-history":[{"count":0,"href":"https:\/\/www.blogsoestado.com\/flaviobraga\/wp-json\/wp\/v2\/posts\/2761\/revisions"}],"wp:attachment":[{"href":"https:\/\/www.blogsoestado.com\/flaviobraga\/wp-json\/wp\/v2\/media?parent=2761"}],"wp:term":[{"taxonomy":"category","embeddable":true,"href":"https:\/\/www.blogsoestado.com\/flaviobraga\/wp-json\/wp\/v2\/categories?post=2761"},{"taxonomy":"post_tag","embeddable":true,"href":"https:\/\/www.blogsoestado.com\/flaviobraga\/wp-json\/wp\/v2\/tags?post=2761"}],"curies":[{"name":"wp","href":"https:\/\/api.w.org\/{rel}","templated":true}]}}