{"id":2767,"date":"2015-07-30T14:33:48","date_gmt":"2015-07-30T17:33:48","guid":{"rendered":"https:\/\/www.blogsoestado.com\/flaviobraga\/?p=2767"},"modified":"2015-07-30T14:33:48","modified_gmt":"2015-07-30T17:33:48","slug":"arranjos-produtivos-a-baixada-tem-jeito","status":"publish","type":"post","link":"https:\/\/www.blogsoestado.com\/flaviobraga\/arranjos-produtivos-a-baixada-tem-jeito\/","title":{"rendered":"Arranjos produtivos: a Baixada tem jeito"},"content":{"rendered":"<p class=\"western\" align=\"JUSTIFY\"><a href=\"https:\/\/www.blogsoestado.com\/flaviobraga\/wp-content\/uploads\/sites\/7\/2015\/07\/Forum-em-Defesa-da-Baixada-logo-Copia.jpg\"><img fetchpriority=\"high\" decoding=\"async\" class=\"aligncenter size-full wp-image-2769\" src=\"https:\/\/www.blogsoestado.com\/flaviobraga\/wp-content\/uploads\/sites\/7\/2015\/07\/Forum-em-Defesa-da-Baixada-logo-Copia.jpg\" alt=\"Forum+em+Defesa+da+Baixada+logo - C\u00f3pia\" width=\"560\" height=\"396\" srcset=\"https:\/\/www.blogsoestado.com\/flaviobraga\/wp-content\/uploads\/sites\/7\/2015\/07\/Forum-em-Defesa-da-Baixada-logo-Copia.jpg 560w, https:\/\/www.blogsoestado.com\/flaviobraga\/wp-content\/uploads\/sites\/7\/2015\/07\/Forum-em-Defesa-da-Baixada-logo-Copia-300x212.jpg 300w\" sizes=\"(max-width: 560px) 100vw, 560px\" \/><\/a><span style=\"font-size: medium;\">No ano em curso, o F\u00f3rum em Defesa da Baixada Maranhense conheceu duas experi\u00eancias de arranjos produtivos locais (nos munic\u00edpio de Matinha e Anajatuba) que serviram, sobretudo, para comprovar que a supera\u00e7\u00e3o da extrema pobreza na regi\u00e3o da Baixada pode ser alcan\u00e7ada com medidas de exequibilidade singela e grande alcande social.<\/span><\/p>\n<p class=\"western\" align=\"JUSTIFY\"><span style=\"font-size: medium;\">Com efeito, h\u00e1 uma circunst\u00e2ncia particular que diferencia nitidamente a Baixada <\/span><span style=\"font-size: medium;\">das outras \u00e1reas pobres do Maranh\u00e3o: embora o seu povo seja muito carente, as solu\u00e7\u00f5es para melhorar as suas condi\u00e7\u00f5es de vida s\u00e3o baratas, simples e de f\u00e1cil resolutividade. S\u00f3 depende da vontade pol\u00edtica de nossos governantes. Apesar da sua abundante disponibilidade h\u00eddrica, a escassez de \u00e1gua no per\u00edodo cr\u00edtico do ver\u00e3o maranhense ainda \u00e9 o principal flagelo das comunidades baixadeiras. A<\/span><span style=\"color: #000000;\"><span style=\"font-size: medium;\"> reten\u00e7\u00e3o da \u00e1gua doce nos campos da Baixada <\/span><\/span><em><span style=\"color: #000000;\"><span style=\"font-size: medium;\">representa a maior riqueza para as atividades produtivas das comunidades baixadeiras<\/span><\/span><\/em><\/p>\n<p class=\"western\" align=\"JUSTIFY\"><span style=\"color: #000000;\"><span style=\"font-size: medium;\">No caso espec\u00edfico de Matinha (povoado Itans), o F\u00f3rum conheceu o\u00a0extraordin\u00e1rio caso de empreendedorismo na cadeia produtiva de piscicultura, cujo projeto se tornou refer\u00eancia no setor e hoje se constitui uma das matrizes econ\u00f4micas fundamentais\u00a0para o desenvolvimento sustent\u00e1vel da Baixada. \u00c9<\/span><\/span> <span style=\"color: #000000;\"><span style=\"font-size: medium;\">um dos nossos grandes exemplos de que \u00e9 poss\u00edvel produzir explorando as potencialidades naturais da regi\u00e3o, a partir da capacita\u00e7\u00e3o dos produtores e foco na gera\u00e7\u00e3o de trabalho e renda<\/span><\/span><strong><span style=\"color: #000000;\"><span style=\"font-size: medium;\">.<\/span><\/span><\/strong><span style=\"color: #000000;\"><span style=\"font-size: medium;\"> Essa experi\u00eancia empreendedora assumiu uma import\u00e2ncia t\u00e3o grande que no dia 8 de agosto (pr\u00f3ximo s\u00e1bado) o governador do Estado comparecer\u00e1 a Itans para assinar a Ordem de Servi\u00e7o para a constru\u00e7\u00e3o da Estrada do Peixe, interligando a sede do munic\u00edpio ao povoado.<\/span><\/span><\/p>\n<figure id=\"attachment_2772\" aria-describedby=\"caption-attachment-2772\" style=\"width: 538px\" class=\"wp-caption aligncenter\"><a href=\"https:\/\/www.blogsoestado.com\/flaviobraga\/wp-content\/uploads\/sites\/7\/2015\/07\/Itans-1-Copia1.jpg\"><img decoding=\"async\" class=\"wp-image-2772 size-full\" src=\"https:\/\/www.blogsoestado.com\/flaviobraga\/wp-content\/uploads\/sites\/7\/2015\/07\/Itans-1-Copia1.jpg\" alt=\"Itans 1 - C\u00f3pia\" width=\"538\" height=\"303\" srcset=\"https:\/\/www.blogsoestado.com\/flaviobraga\/wp-content\/uploads\/sites\/7\/2015\/07\/Itans-1-Copia1.jpg 538w, https:\/\/www.blogsoestado.com\/flaviobraga\/wp-content\/uploads\/sites\/7\/2015\/07\/Itans-1-Copia1-300x169.jpg 300w\" sizes=\"(max-width: 538px) 100vw, 538px\" \/><\/a><figcaption id=\"caption-attachment-2772\" class=\"wp-caption-text\">Projeto de piscicultura em Itans (Matinha)<\/figcaption><\/figure>\n<p class=\"western\" align=\"JUSTIFY\"><span style=\"color: #000000;\"><span style=\"font-size: medium;\">De sua vez, os arranjos produtivos de Anajatuba, desenvolvidos por interm\u00e9dio da atua\u00e7\u00e3o do Dr. Eduardo Castelo Branco, zootecnista e membro do F\u00f3rum da Baixada, s\u00e3o experi\u00eancias de sucesso comprovado na emancipa\u00e7\u00e3o econ\u00f4mica das comunidades beneficiadas, com forte impacto na supera\u00e7\u00e3o da extrema pobreza rural (<\/span><\/span><span style=\"font-size: medium;\">projetos do Igarap\u00e9 do Troit\u00e1, da produ\u00e7\u00e3o de mel no povoado Teso Bom Prazer e da piscicultura nativa consorciada com fruticultura no povoado Pacas). <\/span><\/p>\n<p class=\"western\" align=\"JUSTIFY\"><span style=\"font-size: medium;\">O Igarap\u00e9 de Troit\u00e1 mede 8km de comprimento, 10m de largura e 2m de profundidade, e foi dragado para garantir a reten\u00e7\u00e3o da \u00e1gua doce durante todo o ano, proporcionado a perman\u00eancia e reprodu\u00e7\u00e3o dos peixes nativos durante o ver\u00e3o e outras pequenas cria\u00e7\u00f5es (bois, porcos, patos etc).<\/span><\/p>\n<p class=\"western\" align=\"JUSTIFY\"><span style=\"font-size: medium;\">A produ\u00e7\u00e3o de mel de abelha no Teso Bom Prazer garante o sustento das fam\u00edlias da localidade mediante a exporta\u00e7\u00e3o dos v\u00e1rios produtos ap\u00edcolas (mel, pr\u00f3polis, cera etc), evidenciando o imenso potencial da Baixada para a explora\u00e7\u00e3o da apicultura como atividade econ\u00f4mica. <\/span><\/p>\n<p class=\"western\" align=\"JUSTIFY\"><span style=\"font-size: medium;\">No povoado Pacas, foi desenvolvido um projeto consorciado de piscicultura nativa e fruticultura (banana, a\u00e7a\u00ed e maracuj\u00e1), a um custo de 200 mil reais, que garante o sustento de 42 fam\u00edlias, numa \u00e1rea de apenas 3 hectares. Nesse arranjo produtivo s\u00e3o produzidas 4500 bananas por m\u00eas e 15 toneladas de peixes por ano, sem qualquer \u00f4nus para os benefici\u00e1rios do projeto. <\/span><\/p>\n<figure id=\"attachment_2771\" aria-describedby=\"caption-attachment-2771\" style=\"width: 485px\" class=\"wp-caption aligncenter\"><a href=\"https:\/\/www.blogsoestado.com\/flaviobraga\/wp-content\/uploads\/sites\/7\/2015\/07\/Carava-do-Forum-navegando-no-Igarape-do-Troita-Copia1.jpg\"><img decoding=\"async\" class=\"wp-image-2771 size-full\" src=\"https:\/\/www.blogsoestado.com\/flaviobraga\/wp-content\/uploads\/sites\/7\/2015\/07\/Carava-do-Forum-navegando-no-Igarape-do-Troita-Copia1.jpg\" alt=\"Carava do Forum navegando no Igarap\u00e9 do Troit\u00e1 - C\u00f3pia\" width=\"485\" height=\"273\" srcset=\"https:\/\/www.blogsoestado.com\/flaviobraga\/wp-content\/uploads\/sites\/7\/2015\/07\/Carava-do-Forum-navegando-no-Igarape-do-Troita-Copia1.jpg 485w, https:\/\/www.blogsoestado.com\/flaviobraga\/wp-content\/uploads\/sites\/7\/2015\/07\/Carava-do-Forum-navegando-no-Igarape-do-Troita-Copia1-300x169.jpg 300w\" sizes=\"(max-width: 485px) 100vw, 485px\" \/><\/a><figcaption id=\"caption-attachment-2771\" class=\"wp-caption-text\">Caravana do F\u00f3rum no Igarap\u00e9 do Troit\u00e1<\/figcaption><\/figure>\n<p class=\"western\" align=\"JUSTIFY\">\n<p class=\"western\" align=\"JUSTIFY\">\n","protected":false},"excerpt":{"rendered":"<p>No ano em curso, o F\u00f3rum em Defesa da Baixada Maranhense conheceu duas experi\u00eancias de arranjos produtivos locais (nos munic\u00edpio [&hellip;]<\/p>\n","protected":false},"author":8,"featured_media":0,"comment_status":"open","ping_status":"open","sticky":false,"template":"","format":"standard","meta":{"site-sidebar-layout":"default","site-content-layout":"","ast-site-content-layout":"default","site-content-style":"default","site-sidebar-style":"default","ast-global-header-display":"","ast-banner-title-visibility":"","ast-main-header-display":"","ast-hfb-above-header-display":"","ast-hfb-below-header-display":"","ast-hfb-mobile-header-display":"","site-post-title":"","ast-breadcrumbs-content":"","ast-featured-img":"","footer-sml-layout":"","ast-disable-related-posts":"","theme-transparent-header-meta":"","adv-header-id-meta":"","stick-header-meta":"","header-above-stick-meta":"","header-main-stick-meta":"","header-below-stick-meta":"","astra-migrate-meta-layouts":"default","ast-page-background-enabled":"default","ast-page-background-meta":{"desktop":{"background-color":"var(--ast-global-color-5)","background-image":"","background-repeat":"repeat","background-position":"center center","background-size":"auto","background-attachment":"scroll","background-type":"","background-media":"","overlay-type":"","overlay-color":"","overlay-opacity":"","overlay-gradient":""},"tablet":{"background-color":"","background-image":"","background-repeat":"repeat","background-position":"center center","background-size":"auto","background-attachment":"scroll","background-type":"","background-media":"","overlay-type":"","overlay-color":"","overlay-opacity":"","overlay-gradient":""},"mobile":{"background-color":"","background-image":"","background-repeat":"repeat","background-position":"center center","background-size":"auto","background-attachment":"scroll","background-type":"","background-media":"","overlay-type":"","overlay-color":"","overlay-opacity":"","overlay-gradient":""}},"ast-content-background-meta":{"desktop":{"background-color":"var(--ast-global-color-4)","background-image":"","background-repeat":"repeat","background-position":"center center","background-size":"auto","background-attachment":"scroll","background-type":"","background-media":"","overlay-type":"","overlay-color":"","overlay-opacity":"","overlay-gradient":""},"tablet":{"background-color":"var(--ast-global-color-4)","background-image":"","background-repeat":"repeat","background-position":"center center","background-size":"auto","background-attachment":"scroll","background-type":"","background-media":"","overlay-type":"","overlay-color":"","overlay-opacity":"","overlay-gradient":""},"mobile":{"background-color":"var(--ast-global-color-4)","background-image":"","background-repeat":"repeat","background-position":"center center","background-size":"auto","background-attachment":"scroll","background-type":"","background-media":"","overlay-type":"","overlay-color":"","overlay-opacity":"","overlay-gradient":""}},"footnotes":""},"categories":[1],"tags":[],"class_list":["post-2767","post","type-post","status-publish","format-standard","hentry","category-sem-categoria"],"yoast_head":"<!-- This site is optimized with the Yoast SEO plugin v26.6 - https:\/\/yoast.com\/wordpress\/plugins\/seo\/ -->\n<title>Arranjos produtivos: a Baixada tem jeito - Fl\u00e1vio Braga<\/title>\n<meta name=\"robots\" content=\"index, follow, max-snippet:-1, max-image-preview:large, max-video-preview:-1\" \/>\n<link rel=\"canonical\" href=\"https:\/\/www.blogsoestado.com\/flaviobraga\/arranjos-produtivos-a-baixada-tem-jeito\/\" \/>\n<meta property=\"og:locale\" content=\"pt_BR\" \/>\n<meta property=\"og:type\" content=\"article\" \/>\n<meta property=\"og:title\" content=\"Arranjos produtivos: a Baixada tem jeito - Fl\u00e1vio Braga\" \/>\n<meta property=\"og:description\" content=\"No ano em curso, o F\u00f3rum em Defesa da Baixada Maranhense conheceu duas experi\u00eancias de arranjos produtivos locais (nos munic\u00edpio [&hellip;]\" \/>\n<meta property=\"og:url\" content=\"https:\/\/www.blogsoestado.com\/flaviobraga\/arranjos-produtivos-a-baixada-tem-jeito\/\" \/>\n<meta property=\"og:site_name\" content=\"Fl\u00e1vio Braga\" \/>\n<meta property=\"article:published_time\" content=\"2015-07-30T17:33:48+00:00\" \/>\n<meta property=\"og:image\" content=\"https:\/\/www.blogsoestado.com\/flaviobraga\/wp-content\/uploads\/sites\/7\/2015\/07\/Forum-em-Defesa-da-Baixada-logo-Copia.jpg\" \/>\n<meta name=\"author\" content=\"Flavio Braga\" \/>\n<meta name=\"twitter:card\" content=\"summary_large_image\" \/>\n<meta name=\"twitter:label1\" content=\"Escrito por\" \/>\n\t<meta name=\"twitter:data1\" content=\"Flavio Braga\" \/>\n\t<meta name=\"twitter:label2\" content=\"Est. tempo de leitura\" \/>\n\t<meta name=\"twitter:data2\" content=\"3 minutos\" \/>\n<script type=\"application\/ld+json\" class=\"yoast-schema-graph\">{\"@context\":\"https:\/\/schema.org\",\"@graph\":[{\"@type\":\"WebPage\",\"@id\":\"https:\/\/www.blogsoestado.com\/flaviobraga\/arranjos-produtivos-a-baixada-tem-jeito\/\",\"url\":\"https:\/\/www.blogsoestado.com\/flaviobraga\/arranjos-produtivos-a-baixada-tem-jeito\/\",\"name\":\"Arranjos produtivos: a Baixada tem jeito - Fl\u00e1vio Braga\",\"isPartOf\":{\"@id\":\"https:\/\/www.blogsoestado.com\/flaviobraga\/#website\"},\"primaryImageOfPage\":{\"@id\":\"https:\/\/www.blogsoestado.com\/flaviobraga\/arranjos-produtivos-a-baixada-tem-jeito\/#primaryimage\"},\"image\":{\"@id\":\"https:\/\/www.blogsoestado.com\/flaviobraga\/arranjos-produtivos-a-baixada-tem-jeito\/#primaryimage\"},\"thumbnailUrl\":\"https:\/\/www.blogsoestado.com\/flaviobraga\/wp-content\/uploads\/sites\/7\/2015\/07\/Forum-em-Defesa-da-Baixada-logo-Copia.jpg\",\"datePublished\":\"2015-07-30T17:33:48+00:00\",\"author\":{\"@id\":\"https:\/\/www.blogsoestado.com\/flaviobraga\/#\/schema\/person\/6c6c778331775c757a82d15206bd8733\"},\"breadcrumb\":{\"@id\":\"https:\/\/www.blogsoestado.com\/flaviobraga\/arranjos-produtivos-a-baixada-tem-jeito\/#breadcrumb\"},\"inLanguage\":\"pt-BR\",\"potentialAction\":[{\"@type\":\"ReadAction\",\"target\":[\"https:\/\/www.blogsoestado.com\/flaviobraga\/arranjos-produtivos-a-baixada-tem-jeito\/\"]}]},{\"@type\":\"ImageObject\",\"inLanguage\":\"pt-BR\",\"@id\":\"https:\/\/www.blogsoestado.com\/flaviobraga\/arranjos-produtivos-a-baixada-tem-jeito\/#primaryimage\",\"url\":\"https:\/\/www.blogsoestado.com\/flaviobraga\/wp-content\/uploads\/sites\/7\/2015\/07\/Forum-em-Defesa-da-Baixada-logo-Copia.jpg\",\"contentUrl\":\"https:\/\/www.blogsoestado.com\/flaviobraga\/wp-content\/uploads\/sites\/7\/2015\/07\/Forum-em-Defesa-da-Baixada-logo-Copia.jpg\",\"width\":560,\"height\":396},{\"@type\":\"BreadcrumbList\",\"@id\":\"https:\/\/www.blogsoestado.com\/flaviobraga\/arranjos-produtivos-a-baixada-tem-jeito\/#breadcrumb\",\"itemListElement\":[{\"@type\":\"ListItem\",\"position\":1,\"name\":\"In\u00edcio\",\"item\":\"https:\/\/www.blogsoestado.com\/flaviobraga\/\"},{\"@type\":\"ListItem\",\"position\":2,\"name\":\"Arranjos produtivos: a Baixada tem jeito\"}]},{\"@type\":\"WebSite\",\"@id\":\"https:\/\/www.blogsoestado.com\/flaviobraga\/#website\",\"url\":\"https:\/\/www.blogsoestado.com\/flaviobraga\/\",\"name\":\"Fl\u00e1vio Braga\",\"description\":\"\",\"potentialAction\":[{\"@type\":\"SearchAction\",\"target\":{\"@type\":\"EntryPoint\",\"urlTemplate\":\"https:\/\/www.blogsoestado.com\/flaviobraga\/?s={search_term_string}\"},\"query-input\":{\"@type\":\"PropertyValueSpecification\",\"valueRequired\":true,\"valueName\":\"search_term_string\"}}],\"inLanguage\":\"pt-BR\"},{\"@type\":\"Person\",\"@id\":\"https:\/\/www.blogsoestado.com\/flaviobraga\/#\/schema\/person\/6c6c778331775c757a82d15206bd8733\",\"name\":\"Flavio Braga\",\"image\":{\"@type\":\"ImageObject\",\"inLanguage\":\"pt-BR\",\"@id\":\"https:\/\/www.blogsoestado.com\/flaviobraga\/#\/schema\/person\/image\/\",\"url\":\"https:\/\/secure.gravatar.com\/avatar\/ab173937dad8d78195c87778be8a0285d069ede375ce0ae24aac1cf8e58ccb2c?s=96&d=mm&r=g\",\"contentUrl\":\"https:\/\/secure.gravatar.com\/avatar\/ab173937dad8d78195c87778be8a0285d069ede375ce0ae24aac1cf8e58ccb2c?s=96&d=mm&r=g\",\"caption\":\"Flavio Braga\"},\"url\":\"https:\/\/www.blogsoestado.com\/flaviobraga\/author\/flaviobraga\/\"}]}<\/script>\n<!-- \/ Yoast SEO plugin. -->","yoast_head_json":{"title":"Arranjos produtivos: a Baixada tem jeito - Fl\u00e1vio Braga","robots":{"index":"index","follow":"follow","max-snippet":"max-snippet:-1","max-image-preview":"max-image-preview:large","max-video-preview":"max-video-preview:-1"},"canonical":"https:\/\/www.blogsoestado.com\/flaviobraga\/arranjos-produtivos-a-baixada-tem-jeito\/","og_locale":"pt_BR","og_type":"article","og_title":"Arranjos produtivos: a Baixada tem jeito - Fl\u00e1vio Braga","og_description":"No ano em curso, o F\u00f3rum em Defesa da Baixada Maranhense conheceu duas experi\u00eancias de arranjos produtivos locais (nos munic\u00edpio [&hellip;]","og_url":"https:\/\/www.blogsoestado.com\/flaviobraga\/arranjos-produtivos-a-baixada-tem-jeito\/","og_site_name":"Fl\u00e1vio Braga","article_published_time":"2015-07-30T17:33:48+00:00","og_image":[{"url":"https:\/\/www.blogsoestado.com\/flaviobraga\/wp-content\/uploads\/sites\/7\/2015\/07\/Forum-em-Defesa-da-Baixada-logo-Copia.jpg","type":"","width":"","height":""}],"author":"Flavio Braga","twitter_card":"summary_large_image","twitter_misc":{"Escrito por":"Flavio Braga","Est. tempo de leitura":"3 minutos"},"schema":{"@context":"https:\/\/schema.org","@graph":[{"@type":"WebPage","@id":"https:\/\/www.blogsoestado.com\/flaviobraga\/arranjos-produtivos-a-baixada-tem-jeito\/","url":"https:\/\/www.blogsoestado.com\/flaviobraga\/arranjos-produtivos-a-baixada-tem-jeito\/","name":"Arranjos produtivos: a Baixada tem jeito - Fl\u00e1vio Braga","isPartOf":{"@id":"https:\/\/www.blogsoestado.com\/flaviobraga\/#website"},"primaryImageOfPage":{"@id":"https:\/\/www.blogsoestado.com\/flaviobraga\/arranjos-produtivos-a-baixada-tem-jeito\/#primaryimage"},"image":{"@id":"https:\/\/www.blogsoestado.com\/flaviobraga\/arranjos-produtivos-a-baixada-tem-jeito\/#primaryimage"},"thumbnailUrl":"https:\/\/www.blogsoestado.com\/flaviobraga\/wp-content\/uploads\/sites\/7\/2015\/07\/Forum-em-Defesa-da-Baixada-logo-Copia.jpg","datePublished":"2015-07-30T17:33:48+00:00","author":{"@id":"https:\/\/www.blogsoestado.com\/flaviobraga\/#\/schema\/person\/6c6c778331775c757a82d15206bd8733"},"breadcrumb":{"@id":"https:\/\/www.blogsoestado.com\/flaviobraga\/arranjos-produtivos-a-baixada-tem-jeito\/#breadcrumb"},"inLanguage":"pt-BR","potentialAction":[{"@type":"ReadAction","target":["https:\/\/www.blogsoestado.com\/flaviobraga\/arranjos-produtivos-a-baixada-tem-jeito\/"]}]},{"@type":"ImageObject","inLanguage":"pt-BR","@id":"https:\/\/www.blogsoestado.com\/flaviobraga\/arranjos-produtivos-a-baixada-tem-jeito\/#primaryimage","url":"https:\/\/www.blogsoestado.com\/flaviobraga\/wp-content\/uploads\/sites\/7\/2015\/07\/Forum-em-Defesa-da-Baixada-logo-Copia.jpg","contentUrl":"https:\/\/www.blogsoestado.com\/flaviobraga\/wp-content\/uploads\/sites\/7\/2015\/07\/Forum-em-Defesa-da-Baixada-logo-Copia.jpg","width":560,"height":396},{"@type":"BreadcrumbList","@id":"https:\/\/www.blogsoestado.com\/flaviobraga\/arranjos-produtivos-a-baixada-tem-jeito\/#breadcrumb","itemListElement":[{"@type":"ListItem","position":1,"name":"In\u00edcio","item":"https:\/\/www.blogsoestado.com\/flaviobraga\/"},{"@type":"ListItem","position":2,"name":"Arranjos produtivos: a Baixada tem jeito"}]},{"@type":"WebSite","@id":"https:\/\/www.blogsoestado.com\/flaviobraga\/#website","url":"https:\/\/www.blogsoestado.com\/flaviobraga\/","name":"Fl\u00e1vio Braga","description":"","potentialAction":[{"@type":"SearchAction","target":{"@type":"EntryPoint","urlTemplate":"https:\/\/www.blogsoestado.com\/flaviobraga\/?s={search_term_string}"},"query-input":{"@type":"PropertyValueSpecification","valueRequired":true,"valueName":"search_term_string"}}],"inLanguage":"pt-BR"},{"@type":"Person","@id":"https:\/\/www.blogsoestado.com\/flaviobraga\/#\/schema\/person\/6c6c778331775c757a82d15206bd8733","name":"Flavio Braga","image":{"@type":"ImageObject","inLanguage":"pt-BR","@id":"https:\/\/www.blogsoestado.com\/flaviobraga\/#\/schema\/person\/image\/","url":"https:\/\/secure.gravatar.com\/avatar\/ab173937dad8d78195c87778be8a0285d069ede375ce0ae24aac1cf8e58ccb2c?s=96&d=mm&r=g","contentUrl":"https:\/\/secure.gravatar.com\/avatar\/ab173937dad8d78195c87778be8a0285d069ede375ce0ae24aac1cf8e58ccb2c?s=96&d=mm&r=g","caption":"Flavio Braga"},"url":"https:\/\/www.blogsoestado.com\/flaviobraga\/author\/flaviobraga\/"}]}},"jetpack_featured_media_url":"","_links":{"self":[{"href":"https:\/\/www.blogsoestado.com\/flaviobraga\/wp-json\/wp\/v2\/posts\/2767","targetHints":{"allow":["GET"]}}],"collection":[{"href":"https:\/\/www.blogsoestado.com\/flaviobraga\/wp-json\/wp\/v2\/posts"}],"about":[{"href":"https:\/\/www.blogsoestado.com\/flaviobraga\/wp-json\/wp\/v2\/types\/post"}],"author":[{"embeddable":true,"href":"https:\/\/www.blogsoestado.com\/flaviobraga\/wp-json\/wp\/v2\/users\/8"}],"replies":[{"embeddable":true,"href":"https:\/\/www.blogsoestado.com\/flaviobraga\/wp-json\/wp\/v2\/comments?post=2767"}],"version-history":[{"count":0,"href":"https:\/\/www.blogsoestado.com\/flaviobraga\/wp-json\/wp\/v2\/posts\/2767\/revisions"}],"wp:attachment":[{"href":"https:\/\/www.blogsoestado.com\/flaviobraga\/wp-json\/wp\/v2\/media?parent=2767"}],"wp:term":[{"taxonomy":"category","embeddable":true,"href":"https:\/\/www.blogsoestado.com\/flaviobraga\/wp-json\/wp\/v2\/categories?post=2767"},{"taxonomy":"post_tag","embeddable":true,"href":"https:\/\/www.blogsoestado.com\/flaviobraga\/wp-json\/wp\/v2\/tags?post=2767"}],"curies":[{"name":"wp","href":"https:\/\/api.w.org\/{rel}","templated":true}]}}