{"id":2795,"date":"2015-10-16T14:26:39","date_gmt":"2015-10-16T17:26:39","guid":{"rendered":"https:\/\/www.blogsoestado.com\/flaviobraga\/?p=2795"},"modified":"2015-10-16T14:26:39","modified_gmt":"2015-10-16T17:26:39","slug":"filiacao-partidaria-e-eleicao-2016","status":"publish","type":"post","link":"https:\/\/www.blogsoestado.com\/flaviobraga\/filiacao-partidaria-e-eleicao-2016\/","title":{"rendered":"Filia\u00e7\u00e3o partid\u00e1ria e elei\u00e7\u00e3o 2016"},"content":{"rendered":"<p class=\"western\" align=\"JUSTIFY\"><a href=\"https:\/\/www.blogsoestado.com\/flaviobraga\/wp-content\/uploads\/sites\/7\/2015\/10\/xxxxx-eleicao.jpg\"><img fetchpriority=\"high\" decoding=\"async\" class=\"aligncenter  wp-image-2796\" src=\"https:\/\/www.blogsoestado.com\/flaviobraga\/wp-content\/uploads\/sites\/7\/2015\/10\/xxxxx-eleicao.jpg\" alt=\"xxxxx elei\u00e7\u00e3o\" width=\"384\" height=\"192\" srcset=\"https:\/\/www.blogsoestado.com\/flaviobraga\/wp-content\/uploads\/sites\/7\/2015\/10\/xxxxx-eleicao.jpg 318w, https:\/\/www.blogsoestado.com\/flaviobraga\/wp-content\/uploads\/sites\/7\/2015\/10\/xxxxx-eleicao-300x150.jpg 300w\" sizes=\"(max-width: 384px) 100vw, 384px\" \/><\/a><\/p>\n<p class=\"western\" align=\"JUSTIFY\">A partir do advento da Constitui\u00e7\u00e3o Cidad\u00e3 de 1988, os partidos pol\u00edticos passaram a ter assegurada a sua plena autonomia, de sorte que as quest\u00f5es relacionadas ao instituto da filia\u00e7\u00e3o partid\u00e1ria tornaram-se mat\u00e9ria de ordem interna, sem inger\u00eancia da Justi\u00e7a Eleitoral. O artigo 17, \u00a71\u00ba proclama que \u00e9 \u201c<em>assegurada aos partidos pol\u00edticos autonomia para definir sua estrutura interna, organiza\u00e7\u00e3o e funcionamento, devendo seus estatutos estabelecer normas de fidelidade e disciplina partid\u00e1ria\u201d.<\/em><\/p>\n<p class=\"western\" align=\"JUSTIFY\"><span style=\"color: #000000;\">Conceitualmente, filia\u00e7\u00e3o \u00e9 o a<\/span><span style=\"color: #000000;\">to pelo qual um eleitor aceita e adota o programa de um partido pol\u00edtico. <\/span><span style=\"color: #000000;\"><span style=\"font-family: Times New Roman,serif;\"><span style=\"font-size: medium;\">S\u00f3 pode filiar-se a partido o eleitor que estiver no pleno gozo de seus direitos pol\u00edticos, <\/span><\/span><\/span><span style=\"color: #000000;\"><span style=\"font-family: Times New Roman,serif;\"><span style=\"font-size: medium;\">com a ressalva de que a m\u00e1cula da inelegibilidade n\u00e3o impede a filia\u00e7\u00e3o do <\/span><\/span><\/span><span style=\"color: #000000;\"><span style=\"font-family: Times New Roman,serif;\"><span style=\"font-size: medium;\"> eleitor. <\/span><\/span><\/span>A filia\u00e7\u00e3o partid\u00e1ria \u00e9 uma das condi\u00e7\u00f5es de elegibilidade exigidas na Constitui\u00e7\u00e3o Federal e na Lei Geral das Elei\u00e7\u00f5es, porquanto o nosso sistema pol\u00edtico n\u00e3o admite candidaturas avulsas e consagra aos partidos pol\u00edticos o monop\u00f3lio das candidaturas aos cargos eletivos.<\/p>\n<p align=\"JUSTIFY\">Para concorrer \u00e0s elei\u00e7\u00f5es de 2016, o pretenso candidato deve possuir domic\u00edlio eleitoral no respectivo munic\u00edpio pelo prazo de, pelo menos, um ano antes do pleito e estar com a filia\u00e7\u00e3o deferida pelo partido seis meses antes da data da elei\u00e7\u00e3o. Observe-se que esses prazos eram id\u00eanticos at\u00e9 a edi\u00e7\u00e3o da nova minirreforma eleitoral (Lei n\u00ba 13.165\/2015).<\/p>\n<p class=\"western\" align=\"JUSTIFY\"><span style=\"font-family: Times New Roman,serif;\"><span style=\"font-size: medium;\">Para desligar-se do partido, o filiado deve fazer comunica\u00e7\u00e3o escrita ao \u00f3rg\u00e3o de dire\u00e7\u00e3o municipal e ao juiz eleitoral da Zona em que for inscrito. Decorridos dois dias da data da entrega da comunica\u00e7\u00e3o, o v\u00ednculo torna-se extinto, para todos os efeitos.<\/span><\/span><\/p>\n<p class=\"western\" align=\"JUSTIFY\"><span style=\"font-family: Times New Roman,serif;\"><span style=\"font-size: medium;\">Na hip\u00f3tese de inexist\u00eancia de \u00f3rg\u00e3o municipal ou de comprovada impossibilidade de localiza\u00e7\u00e3o de quem o represente, o filiado poder\u00e1 fazer a comunica\u00e7\u00e3o de desfilia\u00e7\u00e3o apenas ao juiz da zona eleitoral em que for inscrito, conforme previsto no artigo 13, <span style=\"font-family: Times New Roman,serif;\">\u00a7<\/span> 5\u00ba, da Resolu\u00e7\u00e3o n \u00ba 23.117\/2009. Nesse caso, admite-se tamb\u00e9m a comunica\u00e7\u00e3o ao Diret\u00f3rio Regional.<\/span><\/span><\/p>\n<p class=\"western\" align=\"JUSTIFY\"><span style=\"font-family: Times New Roman,serif;\"><span style=\"font-size: medium;\">De acordo com o artigo 22 da Lei dos Partidos Pol\u00edticos, o<\/span><\/span><span style=\"font-family: Times New Roman,serif;\"><span style=\"font-size: medium;\"> cancelamento imediato da filia\u00e7\u00e3o partid\u00e1ria verifica-se nos casos de<\/span><\/span><span style=\"font-family: Times New Roman,serif;\"><span style=\"font-size: medium;\"> morte; perda dos direitos pol\u00edticos;expuls\u00e3o; outras formas previstas no estatuto, com comunica\u00e7\u00e3o obrigat\u00f3ria ao atingido no prazo de quarenta e oito horas da decis\u00e3o <\/span><\/span><span style=\"font-family: Times New Roman,serif;\"><span style=\"font-size: medium;\">e <\/span><\/span><span style=\"color: #000000;\"><span style=\"font-family: Times New Roman,serif;\"><span style=\"font-size: medium;\">filia\u00e7\u00e3o a outro partido, desde que a pessoa comunique o fato ao juiz da respectiva Zona Eleitoral. <\/span><\/span><\/span><\/p>\n<p class=\"western\" align=\"JUSTIFY\"><span style=\"color: #000000;\"><span style=\"font-family: Times New Roman,serif;\"><span style=\"font-size: medium;\">Em rela\u00e7\u00e3o a essa \u00faltima hip\u00f3tese, instar anotar que se houver coexist\u00eancia de filia\u00e7\u00f5es partid\u00e1rias, prevalece a mais recente, devendo a Justi\u00e7a Eleitoral determinar o cancelamento das demais. Portanto, a legisla\u00e7\u00e3o em vigor afastou a incid\u00eancia do instituto da duplicidade de filia\u00e7\u00e3o partid\u00e1ria. <\/span><\/span><\/span><\/p>\n<p class=\"western\" align=\"JUSTIFY\">\n","protected":false},"excerpt":{"rendered":"<p>A partir do advento da Constitui\u00e7\u00e3o Cidad\u00e3 de 1988, os partidos pol\u00edticos passaram a ter assegurada a sua plena autonomia, [&hellip;]<\/p>\n","protected":false},"author":8,"featured_media":0,"comment_status":"open","ping_status":"open","sticky":false,"template":"","format":"standard","meta":{"site-sidebar-layout":"default","site-content-layout":"","ast-site-content-layout":"default","site-content-style":"default","site-sidebar-style":"default","ast-global-header-display":"","ast-banner-title-visibility":"","ast-main-header-display":"","ast-hfb-above-header-display":"","ast-hfb-below-header-display":"","ast-hfb-mobile-header-display":"","site-post-title":"","ast-breadcrumbs-content":"","ast-featured-img":"","footer-sml-layout":"","ast-disable-related-posts":"","theme-transparent-header-meta":"","adv-header-id-meta":"","stick-header-meta":"","header-above-stick-meta":"","header-main-stick-meta":"","header-below-stick-meta":"","astra-migrate-meta-layouts":"default","ast-page-background-enabled":"default","ast-page-background-meta":{"desktop":{"background-color":"var(--ast-global-color-5)","background-image":"","background-repeat":"repeat","background-position":"center center","background-size":"auto","background-attachment":"scroll","background-type":"","background-media":"","overlay-type":"","overlay-color":"","overlay-opacity":"","overlay-gradient":""},"tablet":{"background-color":"","background-image":"","background-repeat":"repeat","background-position":"center center","background-size":"auto","background-attachment":"scroll","background-type":"","background-media":"","overlay-type":"","overlay-color":"","overlay-opacity":"","overlay-gradient":""},"mobile":{"background-color":"","background-image":"","background-repeat":"repeat","background-position":"center center","background-size":"auto","background-attachment":"scroll","background-type":"","background-media":"","overlay-type":"","overlay-color":"","overlay-opacity":"","overlay-gradient":""}},"ast-content-background-meta":{"desktop":{"background-color":"var(--ast-global-color-4)","background-image":"","background-repeat":"repeat","background-position":"center center","background-size":"auto","background-attachment":"scroll","background-type":"","background-media":"","overlay-type":"","overlay-color":"","overlay-opacity":"","overlay-gradient":""},"tablet":{"background-color":"var(--ast-global-color-4)","background-image":"","background-repeat":"repeat","background-position":"center center","background-size":"auto","background-attachment":"scroll","background-type":"","background-media":"","overlay-type":"","overlay-color":"","overlay-opacity":"","overlay-gradient":""},"mobile":{"background-color":"var(--ast-global-color-4)","background-image":"","background-repeat":"repeat","background-position":"center center","background-size":"auto","background-attachment":"scroll","background-type":"","background-media":"","overlay-type":"","overlay-color":"","overlay-opacity":"","overlay-gradient":""}},"footnotes":""},"categories":[1],"tags":[],"class_list":["post-2795","post","type-post","status-publish","format-standard","hentry","category-sem-categoria"],"yoast_head":"<!-- This site is optimized with the Yoast SEO plugin v26.6 - https:\/\/yoast.com\/wordpress\/plugins\/seo\/ -->\n<title>Filia\u00e7\u00e3o partid\u00e1ria e elei\u00e7\u00e3o 2016 - Fl\u00e1vio Braga<\/title>\n<meta name=\"robots\" content=\"index, follow, max-snippet:-1, max-image-preview:large, max-video-preview:-1\" \/>\n<link rel=\"canonical\" href=\"https:\/\/www.blogsoestado.com\/flaviobraga\/filiacao-partidaria-e-eleicao-2016\/\" \/>\n<meta property=\"og:locale\" content=\"pt_BR\" \/>\n<meta property=\"og:type\" content=\"article\" \/>\n<meta property=\"og:title\" content=\"Filia\u00e7\u00e3o partid\u00e1ria e elei\u00e7\u00e3o 2016 - Fl\u00e1vio Braga\" \/>\n<meta property=\"og:description\" content=\"A partir do advento da Constitui\u00e7\u00e3o Cidad\u00e3 de 1988, os partidos pol\u00edticos passaram a ter assegurada a sua plena autonomia, [&hellip;]\" \/>\n<meta property=\"og:url\" content=\"https:\/\/www.blogsoestado.com\/flaviobraga\/filiacao-partidaria-e-eleicao-2016\/\" \/>\n<meta property=\"og:site_name\" content=\"Fl\u00e1vio Braga\" \/>\n<meta property=\"article:published_time\" content=\"2015-10-16T17:26:39+00:00\" \/>\n<meta property=\"og:image\" content=\"https:\/\/www.blogsoestado.com\/flaviobraga\/wp-content\/uploads\/sites\/7\/2015\/10\/xxxxx-eleicao.jpg\" \/>\n<meta name=\"author\" content=\"Flavio Braga\" \/>\n<meta name=\"twitter:card\" content=\"summary_large_image\" \/>\n<meta name=\"twitter:label1\" content=\"Escrito por\" \/>\n\t<meta name=\"twitter:data1\" content=\"Flavio Braga\" \/>\n\t<meta name=\"twitter:label2\" content=\"Est. tempo de leitura\" \/>\n\t<meta name=\"twitter:data2\" content=\"2 minutos\" \/>\n<script type=\"application\/ld+json\" class=\"yoast-schema-graph\">{\"@context\":\"https:\/\/schema.org\",\"@graph\":[{\"@type\":\"WebPage\",\"@id\":\"https:\/\/www.blogsoestado.com\/flaviobraga\/filiacao-partidaria-e-eleicao-2016\/\",\"url\":\"https:\/\/www.blogsoestado.com\/flaviobraga\/filiacao-partidaria-e-eleicao-2016\/\",\"name\":\"Filia\u00e7\u00e3o partid\u00e1ria e elei\u00e7\u00e3o 2016 - Fl\u00e1vio Braga\",\"isPartOf\":{\"@id\":\"https:\/\/www.blogsoestado.com\/flaviobraga\/#website\"},\"primaryImageOfPage\":{\"@id\":\"https:\/\/www.blogsoestado.com\/flaviobraga\/filiacao-partidaria-e-eleicao-2016\/#primaryimage\"},\"image\":{\"@id\":\"https:\/\/www.blogsoestado.com\/flaviobraga\/filiacao-partidaria-e-eleicao-2016\/#primaryimage\"},\"thumbnailUrl\":\"https:\/\/www.blogsoestado.com\/flaviobraga\/wp-content\/uploads\/sites\/7\/2015\/10\/xxxxx-eleicao.jpg\",\"datePublished\":\"2015-10-16T17:26:39+00:00\",\"author\":{\"@id\":\"https:\/\/www.blogsoestado.com\/flaviobraga\/#\/schema\/person\/6c6c778331775c757a82d15206bd8733\"},\"breadcrumb\":{\"@id\":\"https:\/\/www.blogsoestado.com\/flaviobraga\/filiacao-partidaria-e-eleicao-2016\/#breadcrumb\"},\"inLanguage\":\"pt-BR\",\"potentialAction\":[{\"@type\":\"ReadAction\",\"target\":[\"https:\/\/www.blogsoestado.com\/flaviobraga\/filiacao-partidaria-e-eleicao-2016\/\"]}]},{\"@type\":\"ImageObject\",\"inLanguage\":\"pt-BR\",\"@id\":\"https:\/\/www.blogsoestado.com\/flaviobraga\/filiacao-partidaria-e-eleicao-2016\/#primaryimage\",\"url\":\"https:\/\/www.blogsoestado.com\/flaviobraga\/wp-content\/uploads\/sites\/7\/2015\/10\/xxxxx-eleicao.jpg\",\"contentUrl\":\"https:\/\/www.blogsoestado.com\/flaviobraga\/wp-content\/uploads\/sites\/7\/2015\/10\/xxxxx-eleicao.jpg\",\"width\":318,\"height\":159},{\"@type\":\"BreadcrumbList\",\"@id\":\"https:\/\/www.blogsoestado.com\/flaviobraga\/filiacao-partidaria-e-eleicao-2016\/#breadcrumb\",\"itemListElement\":[{\"@type\":\"ListItem\",\"position\":1,\"name\":\"In\u00edcio\",\"item\":\"https:\/\/www.blogsoestado.com\/flaviobraga\/\"},{\"@type\":\"ListItem\",\"position\":2,\"name\":\"Filia\u00e7\u00e3o partid\u00e1ria e elei\u00e7\u00e3o 2016\"}]},{\"@type\":\"WebSite\",\"@id\":\"https:\/\/www.blogsoestado.com\/flaviobraga\/#website\",\"url\":\"https:\/\/www.blogsoestado.com\/flaviobraga\/\",\"name\":\"Fl\u00e1vio Braga\",\"description\":\"\",\"potentialAction\":[{\"@type\":\"SearchAction\",\"target\":{\"@type\":\"EntryPoint\",\"urlTemplate\":\"https:\/\/www.blogsoestado.com\/flaviobraga\/?s={search_term_string}\"},\"query-input\":{\"@type\":\"PropertyValueSpecification\",\"valueRequired\":true,\"valueName\":\"search_term_string\"}}],\"inLanguage\":\"pt-BR\"},{\"@type\":\"Person\",\"@id\":\"https:\/\/www.blogsoestado.com\/flaviobraga\/#\/schema\/person\/6c6c778331775c757a82d15206bd8733\",\"name\":\"Flavio Braga\",\"image\":{\"@type\":\"ImageObject\",\"inLanguage\":\"pt-BR\",\"@id\":\"https:\/\/www.blogsoestado.com\/flaviobraga\/#\/schema\/person\/image\/\",\"url\":\"https:\/\/secure.gravatar.com\/avatar\/ab173937dad8d78195c87778be8a0285d069ede375ce0ae24aac1cf8e58ccb2c?s=96&d=mm&r=g\",\"contentUrl\":\"https:\/\/secure.gravatar.com\/avatar\/ab173937dad8d78195c87778be8a0285d069ede375ce0ae24aac1cf8e58ccb2c?s=96&d=mm&r=g\",\"caption\":\"Flavio Braga\"},\"url\":\"https:\/\/www.blogsoestado.com\/flaviobraga\/author\/flaviobraga\/\"}]}<\/script>\n<!-- \/ Yoast SEO plugin. -->","yoast_head_json":{"title":"Filia\u00e7\u00e3o partid\u00e1ria e elei\u00e7\u00e3o 2016 - Fl\u00e1vio Braga","robots":{"index":"index","follow":"follow","max-snippet":"max-snippet:-1","max-image-preview":"max-image-preview:large","max-video-preview":"max-video-preview:-1"},"canonical":"https:\/\/www.blogsoestado.com\/flaviobraga\/filiacao-partidaria-e-eleicao-2016\/","og_locale":"pt_BR","og_type":"article","og_title":"Filia\u00e7\u00e3o partid\u00e1ria e elei\u00e7\u00e3o 2016 - Fl\u00e1vio Braga","og_description":"A partir do advento da Constitui\u00e7\u00e3o Cidad\u00e3 de 1988, os partidos pol\u00edticos passaram a ter assegurada a sua plena autonomia, [&hellip;]","og_url":"https:\/\/www.blogsoestado.com\/flaviobraga\/filiacao-partidaria-e-eleicao-2016\/","og_site_name":"Fl\u00e1vio Braga","article_published_time":"2015-10-16T17:26:39+00:00","og_image":[{"url":"https:\/\/www.blogsoestado.com\/flaviobraga\/wp-content\/uploads\/sites\/7\/2015\/10\/xxxxx-eleicao.jpg","type":"","width":"","height":""}],"author":"Flavio Braga","twitter_card":"summary_large_image","twitter_misc":{"Escrito por":"Flavio Braga","Est. tempo de leitura":"2 minutos"},"schema":{"@context":"https:\/\/schema.org","@graph":[{"@type":"WebPage","@id":"https:\/\/www.blogsoestado.com\/flaviobraga\/filiacao-partidaria-e-eleicao-2016\/","url":"https:\/\/www.blogsoestado.com\/flaviobraga\/filiacao-partidaria-e-eleicao-2016\/","name":"Filia\u00e7\u00e3o partid\u00e1ria e elei\u00e7\u00e3o 2016 - Fl\u00e1vio Braga","isPartOf":{"@id":"https:\/\/www.blogsoestado.com\/flaviobraga\/#website"},"primaryImageOfPage":{"@id":"https:\/\/www.blogsoestado.com\/flaviobraga\/filiacao-partidaria-e-eleicao-2016\/#primaryimage"},"image":{"@id":"https:\/\/www.blogsoestado.com\/flaviobraga\/filiacao-partidaria-e-eleicao-2016\/#primaryimage"},"thumbnailUrl":"https:\/\/www.blogsoestado.com\/flaviobraga\/wp-content\/uploads\/sites\/7\/2015\/10\/xxxxx-eleicao.jpg","datePublished":"2015-10-16T17:26:39+00:00","author":{"@id":"https:\/\/www.blogsoestado.com\/flaviobraga\/#\/schema\/person\/6c6c778331775c757a82d15206bd8733"},"breadcrumb":{"@id":"https:\/\/www.blogsoestado.com\/flaviobraga\/filiacao-partidaria-e-eleicao-2016\/#breadcrumb"},"inLanguage":"pt-BR","potentialAction":[{"@type":"ReadAction","target":["https:\/\/www.blogsoestado.com\/flaviobraga\/filiacao-partidaria-e-eleicao-2016\/"]}]},{"@type":"ImageObject","inLanguage":"pt-BR","@id":"https:\/\/www.blogsoestado.com\/flaviobraga\/filiacao-partidaria-e-eleicao-2016\/#primaryimage","url":"https:\/\/www.blogsoestado.com\/flaviobraga\/wp-content\/uploads\/sites\/7\/2015\/10\/xxxxx-eleicao.jpg","contentUrl":"https:\/\/www.blogsoestado.com\/flaviobraga\/wp-content\/uploads\/sites\/7\/2015\/10\/xxxxx-eleicao.jpg","width":318,"height":159},{"@type":"BreadcrumbList","@id":"https:\/\/www.blogsoestado.com\/flaviobraga\/filiacao-partidaria-e-eleicao-2016\/#breadcrumb","itemListElement":[{"@type":"ListItem","position":1,"name":"In\u00edcio","item":"https:\/\/www.blogsoestado.com\/flaviobraga\/"},{"@type":"ListItem","position":2,"name":"Filia\u00e7\u00e3o partid\u00e1ria e elei\u00e7\u00e3o 2016"}]},{"@type":"WebSite","@id":"https:\/\/www.blogsoestado.com\/flaviobraga\/#website","url":"https:\/\/www.blogsoestado.com\/flaviobraga\/","name":"Fl\u00e1vio Braga","description":"","potentialAction":[{"@type":"SearchAction","target":{"@type":"EntryPoint","urlTemplate":"https:\/\/www.blogsoestado.com\/flaviobraga\/?s={search_term_string}"},"query-input":{"@type":"PropertyValueSpecification","valueRequired":true,"valueName":"search_term_string"}}],"inLanguage":"pt-BR"},{"@type":"Person","@id":"https:\/\/www.blogsoestado.com\/flaviobraga\/#\/schema\/person\/6c6c778331775c757a82d15206bd8733","name":"Flavio Braga","image":{"@type":"ImageObject","inLanguage":"pt-BR","@id":"https:\/\/www.blogsoestado.com\/flaviobraga\/#\/schema\/person\/image\/","url":"https:\/\/secure.gravatar.com\/avatar\/ab173937dad8d78195c87778be8a0285d069ede375ce0ae24aac1cf8e58ccb2c?s=96&d=mm&r=g","contentUrl":"https:\/\/secure.gravatar.com\/avatar\/ab173937dad8d78195c87778be8a0285d069ede375ce0ae24aac1cf8e58ccb2c?s=96&d=mm&r=g","caption":"Flavio Braga"},"url":"https:\/\/www.blogsoestado.com\/flaviobraga\/author\/flaviobraga\/"}]}},"jetpack_featured_media_url":"","_links":{"self":[{"href":"https:\/\/www.blogsoestado.com\/flaviobraga\/wp-json\/wp\/v2\/posts\/2795","targetHints":{"allow":["GET"]}}],"collection":[{"href":"https:\/\/www.blogsoestado.com\/flaviobraga\/wp-json\/wp\/v2\/posts"}],"about":[{"href":"https:\/\/www.blogsoestado.com\/flaviobraga\/wp-json\/wp\/v2\/types\/post"}],"author":[{"embeddable":true,"href":"https:\/\/www.blogsoestado.com\/flaviobraga\/wp-json\/wp\/v2\/users\/8"}],"replies":[{"embeddable":true,"href":"https:\/\/www.blogsoestado.com\/flaviobraga\/wp-json\/wp\/v2\/comments?post=2795"}],"version-history":[{"count":0,"href":"https:\/\/www.blogsoestado.com\/flaviobraga\/wp-json\/wp\/v2\/posts\/2795\/revisions"}],"wp:attachment":[{"href":"https:\/\/www.blogsoestado.com\/flaviobraga\/wp-json\/wp\/v2\/media?parent=2795"}],"wp:term":[{"taxonomy":"category","embeddable":true,"href":"https:\/\/www.blogsoestado.com\/flaviobraga\/wp-json\/wp\/v2\/categories?post=2795"},{"taxonomy":"post_tag","embeddable":true,"href":"https:\/\/www.blogsoestado.com\/flaviobraga\/wp-json\/wp\/v2\/tags?post=2795"}],"curies":[{"name":"wp","href":"https:\/\/api.w.org\/{rel}","templated":true}]}}