{"id":2802,"date":"2015-11-06T14:28:18","date_gmt":"2015-11-06T17:28:18","guid":{"rendered":"https:\/\/www.blogsoestado.com\/flaviobraga\/?p=2802"},"modified":"2015-11-06T14:28:18","modified_gmt":"2015-11-06T17:28:18","slug":"a-diferenca-entre-domicilio-eleitoral-e-domicilio-civil","status":"publish","type":"post","link":"https:\/\/www.blogsoestado.com\/flaviobraga\/a-diferenca-entre-domicilio-eleitoral-e-domicilio-civil\/","title":{"rendered":"A diferen\u00e7a entre domic\u00edlio eleitoral e domic\u00edlio civil"},"content":{"rendered":"<p align=\"JUSTIFY\"><a href=\"https:\/\/www.blogsoestado.com\/flaviobraga\/wp-content\/uploads\/sites\/7\/2015\/11\/Domicilio-eleitoral-1.jpg\"><img decoding=\"async\" class=\"aligncenter size-full wp-image-2803\" src=\"https:\/\/www.blogsoestado.com\/flaviobraga\/wp-content\/uploads\/sites\/7\/2015\/11\/Domicilio-eleitoral-1.jpg\" alt=\"Domicilio eleitoral\" width=\"250\" height=\"192\" \/><\/a><\/p>\n<p align=\"JUSTIFY\"><span style=\"font-family: Times New Roman,serif;\"><span style=\"font-size: medium;\">De acordo com o artigo 70 do C\u00f3digo Civil Brasileiro, o domic\u00edlio da pessoa natural \u00e9 o lugar onde ela estabelece a sua resid\u00eancia com \u00e2nimo definitivo. Se, por\u00e9m, a pessoa natural tiver diversas resid\u00eancias, onde, alternadamente, viva, considerar-se-\u00e1 domic\u00edlio seu qualquer delas. <\/span><\/span><\/p>\n<p align=\"JUSTIFY\"><span style=\"font-family: Times New Roman,serif;\"><span style=\"font-size: medium;\">Segundo o artigo 42 do C\u00f3digo Eleitoral, domic\u00edlio eleitoral \u00e9<\/span><\/span> <span style=\"font-family: Times New Roman,serif;\"><span style=\"font-size: medium;\">o lugar de resid\u00eancia ou moradia do requerente \u00e0 inscri\u00e7\u00e3o eleitoral. Quando o alistando tiver mais de uma, ser\u00e1 considerado domic\u00edlio eleitoral qualquer delas. Em suma, \u00e9<\/span><\/span><span style=\"font-family: Times New Roman,serif;\"><span style=\"font-size: medium;\"> a express\u00e3o legal que define o local em que um cidad\u00e3o deve votar no dia da elei\u00e7\u00e3o. <\/span><\/span><span style=\"font-size: medium;\">A Lei das Elei\u00e7\u00f5es exige que o candidato a cargo eletivo tenha domic\u00edlio eleitoral na circunscri\u00e7\u00e3o pela qual deseje concorrer pelo prazo de, pelo menos, um ano antes do pleito.<\/span><\/p>\n<p align=\"JUSTIFY\"><span style=\"font-family: Times New Roman,serif;\"><span style=\"font-size: medium;\">Portanto, domic\u00edlio eleitoral e domic\u00edlio civil s\u00e3o conceitos distintos que possuem caracter\u00edsticas pr\u00f3prias no C\u00f3digo Civil e no C\u00f3digo Eleitoral. <\/span><\/span><span style=\"font-family: Bookman Old Style,serif;\"><span style=\"font-size: medium;\">O domic\u00edlio eleitoral \u00e9 mais flex\u00edvel e el\u00e1stico, identificando-se com o lugar onde o interessado possui v\u00ednculos pol\u00edticos, familiares, sociais, patrimoniais, afetivos ou comunit\u00e1rios, consoante restou assentado nos ac\u00f3rd\u00e3os do TSE n\u00bas. 16.397\/00 e 18.124\/00. Dessa forma, basta a demonstra\u00e7\u00e3o da exist\u00eancia de qualquer desses liames para legitimar o pedido de alistamento ou de transfer\u00eancia de domic\u00edlio eleitoral para qualquer munic\u00edpio do territ\u00f3rio brasileiro. <\/span><\/span><\/p>\n<p align=\"JUSTIFY\"><span style=\"font-family: Bookman Old Style,serif;\"><span style=\"font-size: medium;\">Nesse sentido, \u00e9 firme o entendimento da Corte Superior Eleitoral no sentido de n\u00e3o mais se exigir a resid\u00eancia do interessado no munic\u00edpio onde pretenda disputar mandato eletivo. Nesse contexto, a circunst\u00e2ncia f\u00e1tica de o eleitor residir em determinado munic\u00edpio n\u00e3o constitui obst\u00e1culo a que se candidate em outra localidade, onde \u00e9 inscrito como eleitor e com a qual mant\u00e9m aqueles v\u00ednculos.<\/span><\/span><\/p>\n<p align=\"JUSTIFY\"><span style=\"font-family: Bookman Old Style,serif;\"><span style=\"font-size: medium;\">Eduardo Alckmin, advogado <\/span><\/span><span style=\"font-family: Bookman Old Style,serif;\"><span style=\"font-size: medium;\">eleitoralista<\/span><\/span><span style=\"font-family: Bookman Old Style,serif;\"><span style=\"font-size: medium;\">, <\/span><\/span><span style=\"font-family: Bookman Old Style,serif;\"><span style=\"font-size: medium;\">acentua<\/span><\/span><span style=\"font-family: Bookman Old Style,serif;\"><span style=\"font-size: medium;\"> que nas regi\u00f5es <\/span><\/span><span style=\"font-family: Bookman Old Style,serif;\"><span style=\"font-size: medium;\">de <\/span><\/span><span style=\"font-family: Bookman Old Style,serif;\"><span style=\"font-size: medium;\">grande fluxo migrat\u00f3rio, por exemplo, \u201cAs pessoas n\u00e3o querem perder contato com suas ra\u00edzes, com sua fam\u00edlia. Ent\u00e3o moram em outros lugares, mas se sentem muito ligadas a sua origem e quando t\u00eam oportunidade de votar, querem faz\u00ea-lo na cidade onde nasceram. \u00c9 um v\u00ednculo muito forte e a Justi\u00e7a Eleitoral reconhece isso\u201d.<\/span><\/span><\/p>\n<p align=\"JUSTIFY\"><span style=\"font-family: Bookman Old Style,serif;\"><span style=\"font-size: medium;\">Fraude no alistamento eleitoral \u00e9 conduta tipificada como crime. A puni\u00e7\u00e3o para a inscri\u00e7\u00e3o fraudulenta, especificada no artigo 289 do C\u00f3digo Eleitoral, pode chegar a cinco anos de reclus\u00e3o e multa. Quem induz o eleitor a fazer essa transfer\u00eancia fraudulenta comete o crime previsto no artigo 290 do C\u00f3digo Eleitoral e a pena \u00e9 de at\u00e9 dois anos de reclus\u00e3o, al\u00e9m de multa.<\/span><\/span><\/p>\n<p align=\"JUSTIFY\">\n","protected":false},"excerpt":{"rendered":"<p>De acordo com o artigo 70 do C\u00f3digo Civil Brasileiro, o domic\u00edlio da pessoa natural \u00e9 o lugar onde ela [&hellip;]<\/p>\n","protected":false},"author":8,"featured_media":0,"comment_status":"open","ping_status":"open","sticky":false,"template":"","format":"standard","meta":{"site-sidebar-layout":"default","site-content-layout":"","ast-site-content-layout":"default","site-content-style":"default","site-sidebar-style":"default","ast-global-header-display":"","ast-banner-title-visibility":"","ast-main-header-display":"","ast-hfb-above-header-display":"","ast-hfb-below-header-display":"","ast-hfb-mobile-header-display":"","site-post-title":"","ast-breadcrumbs-content":"","ast-featured-img":"","footer-sml-layout":"","ast-disable-related-posts":"","theme-transparent-header-meta":"","adv-header-id-meta":"","stick-header-meta":"","header-above-stick-meta":"","header-main-stick-meta":"","header-below-stick-meta":"","astra-migrate-meta-layouts":"default","ast-page-background-enabled":"default","ast-page-background-meta":{"desktop":{"background-color":"var(--ast-global-color-5)","background-image":"","background-repeat":"repeat","background-position":"center center","background-size":"auto","background-attachment":"scroll","background-type":"","background-media":"","overlay-type":"","overlay-color":"","overlay-opacity":"","overlay-gradient":""},"tablet":{"background-color":"","background-image":"","background-repeat":"repeat","background-position":"center center","background-size":"auto","background-attachment":"scroll","background-type":"","background-media":"","overlay-type":"","overlay-color":"","overlay-opacity":"","overlay-gradient":""},"mobile":{"background-color":"","background-image":"","background-repeat":"repeat","background-position":"center center","background-size":"auto","background-attachment":"scroll","background-type":"","background-media":"","overlay-type":"","overlay-color":"","overlay-opacity":"","overlay-gradient":""}},"ast-content-background-meta":{"desktop":{"background-color":"var(--ast-global-color-4)","background-image":"","background-repeat":"repeat","background-position":"center center","background-size":"auto","background-attachment":"scroll","background-type":"","background-media":"","overlay-type":"","overlay-color":"","overlay-opacity":"","overlay-gradient":""},"tablet":{"background-color":"var(--ast-global-color-4)","background-image":"","background-repeat":"repeat","background-position":"center center","background-size":"auto","background-attachment":"scroll","background-type":"","background-media":"","overlay-type":"","overlay-color":"","overlay-opacity":"","overlay-gradient":""},"mobile":{"background-color":"var(--ast-global-color-4)","background-image":"","background-repeat":"repeat","background-position":"center center","background-size":"auto","background-attachment":"scroll","background-type":"","background-media":"","overlay-type":"","overlay-color":"","overlay-opacity":"","overlay-gradient":""}},"footnotes":""},"categories":[1],"tags":[],"class_list":["post-2802","post","type-post","status-publish","format-standard","hentry","category-sem-categoria"],"yoast_head":"<!-- This site is optimized with the Yoast SEO plugin v26.6 - https:\/\/yoast.com\/wordpress\/plugins\/seo\/ -->\n<title>A diferen\u00e7a entre domic\u00edlio eleitoral e domic\u00edlio civil - Fl\u00e1vio Braga<\/title>\n<meta name=\"robots\" content=\"index, follow, max-snippet:-1, max-image-preview:large, max-video-preview:-1\" \/>\n<link rel=\"canonical\" href=\"https:\/\/www.blogsoestado.com\/flaviobraga\/a-diferenca-entre-domicilio-eleitoral-e-domicilio-civil\/\" \/>\n<meta property=\"og:locale\" content=\"pt_BR\" \/>\n<meta property=\"og:type\" content=\"article\" \/>\n<meta property=\"og:title\" content=\"A diferen\u00e7a entre domic\u00edlio eleitoral e domic\u00edlio civil - Fl\u00e1vio Braga\" \/>\n<meta property=\"og:description\" content=\"De acordo com o artigo 70 do C\u00f3digo Civil Brasileiro, o domic\u00edlio da pessoa natural \u00e9 o lugar onde ela [&hellip;]\" \/>\n<meta property=\"og:url\" content=\"https:\/\/www.blogsoestado.com\/flaviobraga\/a-diferenca-entre-domicilio-eleitoral-e-domicilio-civil\/\" \/>\n<meta property=\"og:site_name\" content=\"Fl\u00e1vio Braga\" \/>\n<meta property=\"article:published_time\" content=\"2015-11-06T17:28:18+00:00\" \/>\n<meta property=\"og:image\" content=\"https:\/\/www.blogsoestado.com\/flaviobraga\/wp-content\/uploads\/sites\/7\/2015\/11\/Domicilio-eleitoral-1.jpg\" \/>\n<meta name=\"author\" content=\"Flavio Braga\" \/>\n<meta name=\"twitter:card\" content=\"summary_large_image\" \/>\n<meta name=\"twitter:label1\" content=\"Escrito por\" \/>\n\t<meta name=\"twitter:data1\" content=\"Flavio Braga\" \/>\n\t<meta name=\"twitter:label2\" content=\"Est. tempo de leitura\" \/>\n\t<meta name=\"twitter:data2\" content=\"2 minutos\" \/>\n<script type=\"application\/ld+json\" class=\"yoast-schema-graph\">{\"@context\":\"https:\/\/schema.org\",\"@graph\":[{\"@type\":\"WebPage\",\"@id\":\"https:\/\/www.blogsoestado.com\/flaviobraga\/a-diferenca-entre-domicilio-eleitoral-e-domicilio-civil\/\",\"url\":\"https:\/\/www.blogsoestado.com\/flaviobraga\/a-diferenca-entre-domicilio-eleitoral-e-domicilio-civil\/\",\"name\":\"A diferen\u00e7a entre domic\u00edlio eleitoral e domic\u00edlio civil - Fl\u00e1vio Braga\",\"isPartOf\":{\"@id\":\"https:\/\/www.blogsoestado.com\/flaviobraga\/#website\"},\"primaryImageOfPage\":{\"@id\":\"https:\/\/www.blogsoestado.com\/flaviobraga\/a-diferenca-entre-domicilio-eleitoral-e-domicilio-civil\/#primaryimage\"},\"image\":{\"@id\":\"https:\/\/www.blogsoestado.com\/flaviobraga\/a-diferenca-entre-domicilio-eleitoral-e-domicilio-civil\/#primaryimage\"},\"thumbnailUrl\":\"https:\/\/www.blogsoestado.com\/flaviobraga\/wp-content\/uploads\/sites\/7\/2015\/11\/Domicilio-eleitoral-1.jpg\",\"datePublished\":\"2015-11-06T17:28:18+00:00\",\"author\":{\"@id\":\"https:\/\/www.blogsoestado.com\/flaviobraga\/#\/schema\/person\/6c6c778331775c757a82d15206bd8733\"},\"breadcrumb\":{\"@id\":\"https:\/\/www.blogsoestado.com\/flaviobraga\/a-diferenca-entre-domicilio-eleitoral-e-domicilio-civil\/#breadcrumb\"},\"inLanguage\":\"pt-BR\",\"potentialAction\":[{\"@type\":\"ReadAction\",\"target\":[\"https:\/\/www.blogsoestado.com\/flaviobraga\/a-diferenca-entre-domicilio-eleitoral-e-domicilio-civil\/\"]}]},{\"@type\":\"ImageObject\",\"inLanguage\":\"pt-BR\",\"@id\":\"https:\/\/www.blogsoestado.com\/flaviobraga\/a-diferenca-entre-domicilio-eleitoral-e-domicilio-civil\/#primaryimage\",\"url\":\"https:\/\/www.blogsoestado.com\/flaviobraga\/wp-content\/uploads\/sites\/7\/2015\/11\/Domicilio-eleitoral-1.jpg\",\"contentUrl\":\"https:\/\/www.blogsoestado.com\/flaviobraga\/wp-content\/uploads\/sites\/7\/2015\/11\/Domicilio-eleitoral-1.jpg\",\"width\":250,\"height\":192},{\"@type\":\"BreadcrumbList\",\"@id\":\"https:\/\/www.blogsoestado.com\/flaviobraga\/a-diferenca-entre-domicilio-eleitoral-e-domicilio-civil\/#breadcrumb\",\"itemListElement\":[{\"@type\":\"ListItem\",\"position\":1,\"name\":\"In\u00edcio\",\"item\":\"https:\/\/www.blogsoestado.com\/flaviobraga\/\"},{\"@type\":\"ListItem\",\"position\":2,\"name\":\"A diferen\u00e7a entre domic\u00edlio eleitoral e domic\u00edlio civil\"}]},{\"@type\":\"WebSite\",\"@id\":\"https:\/\/www.blogsoestado.com\/flaviobraga\/#website\",\"url\":\"https:\/\/www.blogsoestado.com\/flaviobraga\/\",\"name\":\"Fl\u00e1vio Braga\",\"description\":\"\",\"potentialAction\":[{\"@type\":\"SearchAction\",\"target\":{\"@type\":\"EntryPoint\",\"urlTemplate\":\"https:\/\/www.blogsoestado.com\/flaviobraga\/?s={search_term_string}\"},\"query-input\":{\"@type\":\"PropertyValueSpecification\",\"valueRequired\":true,\"valueName\":\"search_term_string\"}}],\"inLanguage\":\"pt-BR\"},{\"@type\":\"Person\",\"@id\":\"https:\/\/www.blogsoestado.com\/flaviobraga\/#\/schema\/person\/6c6c778331775c757a82d15206bd8733\",\"name\":\"Flavio Braga\",\"image\":{\"@type\":\"ImageObject\",\"inLanguage\":\"pt-BR\",\"@id\":\"https:\/\/www.blogsoestado.com\/flaviobraga\/#\/schema\/person\/image\/\",\"url\":\"https:\/\/secure.gravatar.com\/avatar\/ab173937dad8d78195c87778be8a0285d069ede375ce0ae24aac1cf8e58ccb2c?s=96&d=mm&r=g\",\"contentUrl\":\"https:\/\/secure.gravatar.com\/avatar\/ab173937dad8d78195c87778be8a0285d069ede375ce0ae24aac1cf8e58ccb2c?s=96&d=mm&r=g\",\"caption\":\"Flavio Braga\"},\"url\":\"https:\/\/www.blogsoestado.com\/flaviobraga\/author\/flaviobraga\/\"}]}<\/script>\n<!-- \/ Yoast SEO plugin. -->","yoast_head_json":{"title":"A diferen\u00e7a entre domic\u00edlio eleitoral e domic\u00edlio civil - Fl\u00e1vio Braga","robots":{"index":"index","follow":"follow","max-snippet":"max-snippet:-1","max-image-preview":"max-image-preview:large","max-video-preview":"max-video-preview:-1"},"canonical":"https:\/\/www.blogsoestado.com\/flaviobraga\/a-diferenca-entre-domicilio-eleitoral-e-domicilio-civil\/","og_locale":"pt_BR","og_type":"article","og_title":"A diferen\u00e7a entre domic\u00edlio eleitoral e domic\u00edlio civil - Fl\u00e1vio Braga","og_description":"De acordo com o artigo 70 do C\u00f3digo Civil Brasileiro, o domic\u00edlio da pessoa natural \u00e9 o lugar onde ela [&hellip;]","og_url":"https:\/\/www.blogsoestado.com\/flaviobraga\/a-diferenca-entre-domicilio-eleitoral-e-domicilio-civil\/","og_site_name":"Fl\u00e1vio Braga","article_published_time":"2015-11-06T17:28:18+00:00","og_image":[{"url":"https:\/\/www.blogsoestado.com\/flaviobraga\/wp-content\/uploads\/sites\/7\/2015\/11\/Domicilio-eleitoral-1.jpg","type":"","width":"","height":""}],"author":"Flavio Braga","twitter_card":"summary_large_image","twitter_misc":{"Escrito por":"Flavio Braga","Est. tempo de leitura":"2 minutos"},"schema":{"@context":"https:\/\/schema.org","@graph":[{"@type":"WebPage","@id":"https:\/\/www.blogsoestado.com\/flaviobraga\/a-diferenca-entre-domicilio-eleitoral-e-domicilio-civil\/","url":"https:\/\/www.blogsoestado.com\/flaviobraga\/a-diferenca-entre-domicilio-eleitoral-e-domicilio-civil\/","name":"A diferen\u00e7a entre domic\u00edlio eleitoral e domic\u00edlio civil - Fl\u00e1vio Braga","isPartOf":{"@id":"https:\/\/www.blogsoestado.com\/flaviobraga\/#website"},"primaryImageOfPage":{"@id":"https:\/\/www.blogsoestado.com\/flaviobraga\/a-diferenca-entre-domicilio-eleitoral-e-domicilio-civil\/#primaryimage"},"image":{"@id":"https:\/\/www.blogsoestado.com\/flaviobraga\/a-diferenca-entre-domicilio-eleitoral-e-domicilio-civil\/#primaryimage"},"thumbnailUrl":"https:\/\/www.blogsoestado.com\/flaviobraga\/wp-content\/uploads\/sites\/7\/2015\/11\/Domicilio-eleitoral-1.jpg","datePublished":"2015-11-06T17:28:18+00:00","author":{"@id":"https:\/\/www.blogsoestado.com\/flaviobraga\/#\/schema\/person\/6c6c778331775c757a82d15206bd8733"},"breadcrumb":{"@id":"https:\/\/www.blogsoestado.com\/flaviobraga\/a-diferenca-entre-domicilio-eleitoral-e-domicilio-civil\/#breadcrumb"},"inLanguage":"pt-BR","potentialAction":[{"@type":"ReadAction","target":["https:\/\/www.blogsoestado.com\/flaviobraga\/a-diferenca-entre-domicilio-eleitoral-e-domicilio-civil\/"]}]},{"@type":"ImageObject","inLanguage":"pt-BR","@id":"https:\/\/www.blogsoestado.com\/flaviobraga\/a-diferenca-entre-domicilio-eleitoral-e-domicilio-civil\/#primaryimage","url":"https:\/\/www.blogsoestado.com\/flaviobraga\/wp-content\/uploads\/sites\/7\/2015\/11\/Domicilio-eleitoral-1.jpg","contentUrl":"https:\/\/www.blogsoestado.com\/flaviobraga\/wp-content\/uploads\/sites\/7\/2015\/11\/Domicilio-eleitoral-1.jpg","width":250,"height":192},{"@type":"BreadcrumbList","@id":"https:\/\/www.blogsoestado.com\/flaviobraga\/a-diferenca-entre-domicilio-eleitoral-e-domicilio-civil\/#breadcrumb","itemListElement":[{"@type":"ListItem","position":1,"name":"In\u00edcio","item":"https:\/\/www.blogsoestado.com\/flaviobraga\/"},{"@type":"ListItem","position":2,"name":"A diferen\u00e7a entre domic\u00edlio eleitoral e domic\u00edlio civil"}]},{"@type":"WebSite","@id":"https:\/\/www.blogsoestado.com\/flaviobraga\/#website","url":"https:\/\/www.blogsoestado.com\/flaviobraga\/","name":"Fl\u00e1vio Braga","description":"","potentialAction":[{"@type":"SearchAction","target":{"@type":"EntryPoint","urlTemplate":"https:\/\/www.blogsoestado.com\/flaviobraga\/?s={search_term_string}"},"query-input":{"@type":"PropertyValueSpecification","valueRequired":true,"valueName":"search_term_string"}}],"inLanguage":"pt-BR"},{"@type":"Person","@id":"https:\/\/www.blogsoestado.com\/flaviobraga\/#\/schema\/person\/6c6c778331775c757a82d15206bd8733","name":"Flavio Braga","image":{"@type":"ImageObject","inLanguage":"pt-BR","@id":"https:\/\/www.blogsoestado.com\/flaviobraga\/#\/schema\/person\/image\/","url":"https:\/\/secure.gravatar.com\/avatar\/ab173937dad8d78195c87778be8a0285d069ede375ce0ae24aac1cf8e58ccb2c?s=96&d=mm&r=g","contentUrl":"https:\/\/secure.gravatar.com\/avatar\/ab173937dad8d78195c87778be8a0285d069ede375ce0ae24aac1cf8e58ccb2c?s=96&d=mm&r=g","caption":"Flavio Braga"},"url":"https:\/\/www.blogsoestado.com\/flaviobraga\/author\/flaviobraga\/"}]}},"jetpack_featured_media_url":"","_links":{"self":[{"href":"https:\/\/www.blogsoestado.com\/flaviobraga\/wp-json\/wp\/v2\/posts\/2802","targetHints":{"allow":["GET"]}}],"collection":[{"href":"https:\/\/www.blogsoestado.com\/flaviobraga\/wp-json\/wp\/v2\/posts"}],"about":[{"href":"https:\/\/www.blogsoestado.com\/flaviobraga\/wp-json\/wp\/v2\/types\/post"}],"author":[{"embeddable":true,"href":"https:\/\/www.blogsoestado.com\/flaviobraga\/wp-json\/wp\/v2\/users\/8"}],"replies":[{"embeddable":true,"href":"https:\/\/www.blogsoestado.com\/flaviobraga\/wp-json\/wp\/v2\/comments?post=2802"}],"version-history":[{"count":0,"href":"https:\/\/www.blogsoestado.com\/flaviobraga\/wp-json\/wp\/v2\/posts\/2802\/revisions"}],"wp:attachment":[{"href":"https:\/\/www.blogsoestado.com\/flaviobraga\/wp-json\/wp\/v2\/media?parent=2802"}],"wp:term":[{"taxonomy":"category","embeddable":true,"href":"https:\/\/www.blogsoestado.com\/flaviobraga\/wp-json\/wp\/v2\/categories?post=2802"},{"taxonomy":"post_tag","embeddable":true,"href":"https:\/\/www.blogsoestado.com\/flaviobraga\/wp-json\/wp\/v2\/tags?post=2802"}],"curies":[{"name":"wp","href":"https:\/\/api.w.org\/{rel}","templated":true}]}}