{"id":2805,"date":"2015-11-13T12:21:51","date_gmt":"2015-11-13T15:21:51","guid":{"rendered":"https:\/\/www.blogsoestado.com\/flaviobraga\/?p=2805"},"modified":"2015-11-13T12:21:51","modified_gmt":"2015-11-13T15:21:51","slug":"governador-a-baixada-maranhense-pede-socorro","status":"publish","type":"post","link":"https:\/\/www.blogsoestado.com\/flaviobraga\/governador-a-baixada-maranhense-pede-socorro\/","title":{"rendered":"Governador, a Baixada Maranhense pede socorro"},"content":{"rendered":"<p class=\"western\" align=\"JUSTIFY\"><a href=\"https:\/\/www.blogsoestado.com\/flaviobraga\/wp-content\/uploads\/sites\/7\/2015\/11\/ZZZZ-Estiagem-1.jpg\"><img fetchpriority=\"high\" decoding=\"async\" class=\"aligncenter size-full wp-image-2806\" src=\"https:\/\/www.blogsoestado.com\/flaviobraga\/wp-content\/uploads\/sites\/7\/2015\/11\/ZZZZ-Estiagem-1.jpg\" alt=\"ZZZZ Estiagem\" width=\"615\" height=\"346\" srcset=\"https:\/\/www.blogsoestado.com\/flaviobraga\/wp-content\/uploads\/sites\/7\/2015\/11\/ZZZZ-Estiagem-1.jpg 615w, https:\/\/www.blogsoestado.com\/flaviobraga\/wp-content\/uploads\/sites\/7\/2015\/11\/ZZZZ-Estiagem-1-300x169.jpg 300w\" sizes=\"(max-width: 615px) 100vw, 615px\" \/><\/a><\/p>\n<p class=\"western\" align=\"JUSTIFY\"><span style=\"font-size: medium;\">Senhor governador, em nome do F\u00f3rum em Defesa da Baixada Maranhense, agrade\u00e7o publicamente o conjunto de obras<\/span> <span style=\"font-size: medium;\">que a gest\u00e3o de vossa excel\u00eancia j\u00e1 <\/span><span style=\"font-size: medium;\">executou ou autorizou <\/span><span style=\"font-size: medium;\">em <\/span><span style=\"font-size: medium;\">nossa microrregi\u00e3o, a saber: ponte Bequim\u00e3o-Central; conclus\u00e3o do hospital regional de Pinheiro; <\/span><span style=\"font-size: medium;\">an\u00fancio dos N\u00facleos de Educa\u00e7\u00e3o Iintegral em Pinheiro, Viana e Serrano; pavime<\/span><span style=\"font-size: medium;\">n<\/span><span style=\"font-size: medium;\">ta\u00e7\u00e3o da <\/span><span style=\"font-size: medium;\">Estrada do Peixe e f\u00e1brica de gelo em Itans (Matinha); pavimenta\u00e7\u00e3o da estrada de Pedro do Ros\u00e1rio-Cocalinho (Z\u00e9 Doca); <\/span><span style=\"font-size: medium;\">realiza\u00e7\u00e3o da primeira Agritec em S\u00e3o Bento; an\u00fancio da <\/span><span style=\"font-size: medium;\">constru\u00e7\u00e3o <\/span><span style=\"font-size: medium;\">do campus da UEMA em S\u00e3o Bento; an\u00fancio da constru\u00e7\u00e3o de tr\u00eas IEMAS (Santa Helena, S\u00e3o Vicente F\u00e9rrer e Vit\u00f3ria do Mearim); <\/span><span style=\"font-size: medium;\">programa CNH Rural e an\u00fancio da constru\u00e7\u00e3o do hospital regional de Viana.<\/span><\/p>\n<p class=\"western\" align=\"JUSTIFY\"><span style=\"font-size: medium;\">Todavia, senhor governador, a <\/span><span style=\"font-size: medium;\">Baixada Maranhense enfrenta a pior estiagem dos \u00faltimos 50 anos. A <\/span><span style=\"font-size: medium;\">escassez<\/span><span style=\"font-size: medium;\"> de \u00e1gua j\u00e1 se tornou uma calamidade p\u00fablica anual, visto que submete as comunidades rurais \u00e0s mesmas priva\u00e7\u00f5es e ao mesmo supl\u00edcio em todo <\/span><span style=\"font-size: medium;\">o per\u00edodo cr\u00edtico do ver\u00e3o maranhense<\/span><span style=\"font-size: medium;\">. O que mais nos angustia \u00e9 que se trata de uma trag\u00e9dia previs\u00edvel e anunciada, <\/span><span style=\"font-size: medium;\">mas <\/span><span style=\"font-size: medium;\">incapaz de sensibilizar as autoridades que tem o poder de minimizar tamanho flagelo. <\/span><\/p>\n<p class=\"western\" align=\"JUSTIFY\"><span style=\"font-size: medium;\">Provoca indigna\u00e7\u00e3o lembrar que entre os meses de abril e agosto de cada ano a Baixada fica coberta por um verdadeiro mar de \u00e1gua doce. <\/span><span style=\"font-size: medium;\">Entretanto, na \u00e9poca do abaixamento (<\/span><span style=\"font-size: medium;\">a partir do m\u00eas de <\/span><span style=\"font-size: medium;\">julho), essa <\/span><span style=\"font-size: medium;\">fartura de <\/span><span style=\"font-size: medium;\">\u00e1gua escoa para o mar e os campos da Baixada se transformam numa paisagem \u00e1rida, impr\u00f3pria para qualquer atividade produtiva, como conseq\u00fc\u00eancia direta da omiss\u00e3o, descaso e neglig\u00eancia do Poder P\u00fablico. <\/span><\/p>\n<p class=\"western\" align=\"JUSTIFY\"><span style=\"font-size: medium;\">Governador, sugiro que vossa excel\u00eancia embarque em um helic\u00f3ptero e pouse no meio dos campos de Viana, Anajatuba, S\u00e3o Jo\u00e3o Batista ou qualquer outro munic\u00edpio da Baixada para constatar presencialmente o sofrimento, a afli\u00e7\u00e3o e a dor que a falta de \u00e1gua provoca nas comunidades baixadeiras. Temos certeza que, ap\u00f3s essa verifica\u00e7\u00e3o <\/span><span style=\"font-size: medium;\"><i>in loco<\/i><\/span><span style=\"font-size: medium;\">, a sua compaix\u00e3o e sensibilidade de homem p\u00fablico determinar\u00e1 as medidas necess\u00e1rias para reverter esse quadro de pen\u00faria e indig\u00eancia absolutas. <\/span><\/p>\n<p class=\"western\" align=\"JUSTIFY\"><span style=\"font-size: medium;\">Nessa perspectiva, h\u00e1 uma circunst\u00e2ncia particular que diferencia muito bem a Baixada <\/span><span style=\"font-size: medium;\">das outras regi\u00f5es pobres do Maranh\u00e3o: embora o seu povo seja bastante carente, as solu\u00e7\u00f5es para melhorar as suas condi\u00e7\u00f5es de vida s\u00e3o baratas, simples e de f\u00e1cil resolutividade. S\u00f3 depende da vontade pol\u00edtica de nossos governantes. <\/span><\/p>\n<p class=\"western\" align=\"JUSTIFY\"><span style=\"color: #000000;\"><span style=\"font-size: medium;\">Diante desse contexto, <\/span><\/span><span style=\"color: #000000;\"><span style=\"font-size: medium;\">duas <\/span><\/span><span style=\"color: #000000;\"><span style=\"font-size: medium;\">obras se tornara<\/span><\/span><span style=\"color: #000000;\"><span style=\"font-size: medium;\">m de necessidade imperiosa para amenizar o tormento infligido pela perversidade da seca: a execu\u00e7\u00e3o do projeto Diques da Baixada e a constru\u00e7\u00e3o de pequenas barragens, principalmente a Barragem do Defunto (beneficiando S\u00e3o Bento, Bacurituba, Palmeir\u00e2ndia<\/span><\/span><span style=\"color: #000000;\"><span style=\"font-size: medium;\">, <\/span><\/span><span style=\"color: #000000;\"><span style=\"font-size: medium;\">Peri-Mirim e Bequim\u00e3o) e a Barragem do F\u00e9lix (beneficiando Bequim\u00e3o e Peri-Mirim).<\/span><\/span><\/p>\n","protected":false},"excerpt":{"rendered":"<p>Senhor governador, em nome do F\u00f3rum em Defesa da Baixada Maranhense, agrade\u00e7o publicamente o conjunto de obras que a gest\u00e3o [&hellip;]<\/p>\n","protected":false},"author":8,"featured_media":0,"comment_status":"open","ping_status":"open","sticky":false,"template":"","format":"standard","meta":{"site-sidebar-layout":"default","site-content-layout":"","ast-site-content-layout":"default","site-content-style":"default","site-sidebar-style":"default","ast-global-header-display":"","ast-banner-title-visibility":"","ast-main-header-display":"","ast-hfb-above-header-display":"","ast-hfb-below-header-display":"","ast-hfb-mobile-header-display":"","site-post-title":"","ast-breadcrumbs-content":"","ast-featured-img":"","footer-sml-layout":"","ast-disable-related-posts":"","theme-transparent-header-meta":"","adv-header-id-meta":"","stick-header-meta":"","header-above-stick-meta":"","header-main-stick-meta":"","header-below-stick-meta":"","astra-migrate-meta-layouts":"default","ast-page-background-enabled":"default","ast-page-background-meta":{"desktop":{"background-color":"var(--ast-global-color-5)","background-image":"","background-repeat":"repeat","background-position":"center center","background-size":"auto","background-attachment":"scroll","background-type":"","background-media":"","overlay-type":"","overlay-color":"","overlay-opacity":"","overlay-gradient":""},"tablet":{"background-color":"","background-image":"","background-repeat":"repeat","background-position":"center center","background-size":"auto","background-attachment":"scroll","background-type":"","background-media":"","overlay-type":"","overlay-color":"","overlay-opacity":"","overlay-gradient":""},"mobile":{"background-color":"","background-image":"","background-repeat":"repeat","background-position":"center center","background-size":"auto","background-attachment":"scroll","background-type":"","background-media":"","overlay-type":"","overlay-color":"","overlay-opacity":"","overlay-gradient":""}},"ast-content-background-meta":{"desktop":{"background-color":"var(--ast-global-color-4)","background-image":"","background-repeat":"repeat","background-position":"center center","background-size":"auto","background-attachment":"scroll","background-type":"","background-media":"","overlay-type":"","overlay-color":"","overlay-opacity":"","overlay-gradient":""},"tablet":{"background-color":"var(--ast-global-color-4)","background-image":"","background-repeat":"repeat","background-position":"center center","background-size":"auto","background-attachment":"scroll","background-type":"","background-media":"","overlay-type":"","overlay-color":"","overlay-opacity":"","overlay-gradient":""},"mobile":{"background-color":"var(--ast-global-color-4)","background-image":"","background-repeat":"repeat","background-position":"center center","background-size":"auto","background-attachment":"scroll","background-type":"","background-media":"","overlay-type":"","overlay-color":"","overlay-opacity":"","overlay-gradient":""}},"footnotes":""},"categories":[1],"tags":[],"class_list":["post-2805","post","type-post","status-publish","format-standard","hentry","category-sem-categoria"],"yoast_head":"<!-- This site is optimized with the Yoast SEO plugin v26.6 - https:\/\/yoast.com\/wordpress\/plugins\/seo\/ -->\n<title>Governador, a Baixada Maranhense pede socorro - Fl\u00e1vio Braga<\/title>\n<meta name=\"robots\" content=\"index, follow, max-snippet:-1, max-image-preview:large, max-video-preview:-1\" \/>\n<link rel=\"canonical\" href=\"https:\/\/www.blogsoestado.com\/flaviobraga\/governador-a-baixada-maranhense-pede-socorro\/\" \/>\n<meta property=\"og:locale\" content=\"pt_BR\" \/>\n<meta property=\"og:type\" content=\"article\" \/>\n<meta property=\"og:title\" content=\"Governador, a Baixada Maranhense pede socorro - Fl\u00e1vio Braga\" \/>\n<meta property=\"og:description\" content=\"Senhor governador, em nome do F\u00f3rum em Defesa da Baixada Maranhense, agrade\u00e7o publicamente o conjunto de obras que a gest\u00e3o [&hellip;]\" \/>\n<meta property=\"og:url\" content=\"https:\/\/www.blogsoestado.com\/flaviobraga\/governador-a-baixada-maranhense-pede-socorro\/\" \/>\n<meta property=\"og:site_name\" content=\"Fl\u00e1vio Braga\" \/>\n<meta property=\"article:published_time\" content=\"2015-11-13T15:21:51+00:00\" \/>\n<meta property=\"og:image\" content=\"https:\/\/www.blogsoestado.com\/flaviobraga\/wp-content\/uploads\/sites\/7\/2015\/11\/ZZZZ-Estiagem-1.jpg\" \/>\n<meta name=\"author\" content=\"Flavio Braga\" \/>\n<meta name=\"twitter:card\" content=\"summary_large_image\" \/>\n<meta name=\"twitter:label1\" content=\"Escrito por\" \/>\n\t<meta name=\"twitter:data1\" content=\"Flavio Braga\" \/>\n\t<meta name=\"twitter:label2\" content=\"Est. tempo de leitura\" \/>\n\t<meta name=\"twitter:data2\" content=\"3 minutos\" \/>\n<script type=\"application\/ld+json\" class=\"yoast-schema-graph\">{\"@context\":\"https:\/\/schema.org\",\"@graph\":[{\"@type\":\"WebPage\",\"@id\":\"https:\/\/www.blogsoestado.com\/flaviobraga\/governador-a-baixada-maranhense-pede-socorro\/\",\"url\":\"https:\/\/www.blogsoestado.com\/flaviobraga\/governador-a-baixada-maranhense-pede-socorro\/\",\"name\":\"Governador, a Baixada Maranhense pede socorro - Fl\u00e1vio Braga\",\"isPartOf\":{\"@id\":\"https:\/\/www.blogsoestado.com\/flaviobraga\/#website\"},\"primaryImageOfPage\":{\"@id\":\"https:\/\/www.blogsoestado.com\/flaviobraga\/governador-a-baixada-maranhense-pede-socorro\/#primaryimage\"},\"image\":{\"@id\":\"https:\/\/www.blogsoestado.com\/flaviobraga\/governador-a-baixada-maranhense-pede-socorro\/#primaryimage\"},\"thumbnailUrl\":\"https:\/\/www.blogsoestado.com\/flaviobraga\/wp-content\/uploads\/sites\/7\/2015\/11\/ZZZZ-Estiagem-1.jpg\",\"datePublished\":\"2015-11-13T15:21:51+00:00\",\"author\":{\"@id\":\"https:\/\/www.blogsoestado.com\/flaviobraga\/#\/schema\/person\/6c6c778331775c757a82d15206bd8733\"},\"breadcrumb\":{\"@id\":\"https:\/\/www.blogsoestado.com\/flaviobraga\/governador-a-baixada-maranhense-pede-socorro\/#breadcrumb\"},\"inLanguage\":\"pt-BR\",\"potentialAction\":[{\"@type\":\"ReadAction\",\"target\":[\"https:\/\/www.blogsoestado.com\/flaviobraga\/governador-a-baixada-maranhense-pede-socorro\/\"]}]},{\"@type\":\"ImageObject\",\"inLanguage\":\"pt-BR\",\"@id\":\"https:\/\/www.blogsoestado.com\/flaviobraga\/governador-a-baixada-maranhense-pede-socorro\/#primaryimage\",\"url\":\"https:\/\/www.blogsoestado.com\/flaviobraga\/wp-content\/uploads\/sites\/7\/2015\/11\/ZZZZ-Estiagem-1.jpg\",\"contentUrl\":\"https:\/\/www.blogsoestado.com\/flaviobraga\/wp-content\/uploads\/sites\/7\/2015\/11\/ZZZZ-Estiagem-1.jpg\",\"width\":615,\"height\":346},{\"@type\":\"BreadcrumbList\",\"@id\":\"https:\/\/www.blogsoestado.com\/flaviobraga\/governador-a-baixada-maranhense-pede-socorro\/#breadcrumb\",\"itemListElement\":[{\"@type\":\"ListItem\",\"position\":1,\"name\":\"In\u00edcio\",\"item\":\"https:\/\/www.blogsoestado.com\/flaviobraga\/\"},{\"@type\":\"ListItem\",\"position\":2,\"name\":\"Governador, a Baixada Maranhense pede socorro\"}]},{\"@type\":\"WebSite\",\"@id\":\"https:\/\/www.blogsoestado.com\/flaviobraga\/#website\",\"url\":\"https:\/\/www.blogsoestado.com\/flaviobraga\/\",\"name\":\"Fl\u00e1vio Braga\",\"description\":\"\",\"potentialAction\":[{\"@type\":\"SearchAction\",\"target\":{\"@type\":\"EntryPoint\",\"urlTemplate\":\"https:\/\/www.blogsoestado.com\/flaviobraga\/?s={search_term_string}\"},\"query-input\":{\"@type\":\"PropertyValueSpecification\",\"valueRequired\":true,\"valueName\":\"search_term_string\"}}],\"inLanguage\":\"pt-BR\"},{\"@type\":\"Person\",\"@id\":\"https:\/\/www.blogsoestado.com\/flaviobraga\/#\/schema\/person\/6c6c778331775c757a82d15206bd8733\",\"name\":\"Flavio Braga\",\"image\":{\"@type\":\"ImageObject\",\"inLanguage\":\"pt-BR\",\"@id\":\"https:\/\/www.blogsoestado.com\/flaviobraga\/#\/schema\/person\/image\/\",\"url\":\"https:\/\/secure.gravatar.com\/avatar\/ab173937dad8d78195c87778be8a0285d069ede375ce0ae24aac1cf8e58ccb2c?s=96&d=mm&r=g\",\"contentUrl\":\"https:\/\/secure.gravatar.com\/avatar\/ab173937dad8d78195c87778be8a0285d069ede375ce0ae24aac1cf8e58ccb2c?s=96&d=mm&r=g\",\"caption\":\"Flavio Braga\"},\"url\":\"https:\/\/www.blogsoestado.com\/flaviobraga\/author\/flaviobraga\/\"}]}<\/script>\n<!-- \/ Yoast SEO plugin. -->","yoast_head_json":{"title":"Governador, a Baixada Maranhense pede socorro - Fl\u00e1vio Braga","robots":{"index":"index","follow":"follow","max-snippet":"max-snippet:-1","max-image-preview":"max-image-preview:large","max-video-preview":"max-video-preview:-1"},"canonical":"https:\/\/www.blogsoestado.com\/flaviobraga\/governador-a-baixada-maranhense-pede-socorro\/","og_locale":"pt_BR","og_type":"article","og_title":"Governador, a Baixada Maranhense pede socorro - Fl\u00e1vio Braga","og_description":"Senhor governador, em nome do F\u00f3rum em Defesa da Baixada Maranhense, agrade\u00e7o publicamente o conjunto de obras que a gest\u00e3o [&hellip;]","og_url":"https:\/\/www.blogsoestado.com\/flaviobraga\/governador-a-baixada-maranhense-pede-socorro\/","og_site_name":"Fl\u00e1vio Braga","article_published_time":"2015-11-13T15:21:51+00:00","og_image":[{"url":"https:\/\/www.blogsoestado.com\/flaviobraga\/wp-content\/uploads\/sites\/7\/2015\/11\/ZZZZ-Estiagem-1.jpg","type":"","width":"","height":""}],"author":"Flavio Braga","twitter_card":"summary_large_image","twitter_misc":{"Escrito por":"Flavio Braga","Est. tempo de leitura":"3 minutos"},"schema":{"@context":"https:\/\/schema.org","@graph":[{"@type":"WebPage","@id":"https:\/\/www.blogsoestado.com\/flaviobraga\/governador-a-baixada-maranhense-pede-socorro\/","url":"https:\/\/www.blogsoestado.com\/flaviobraga\/governador-a-baixada-maranhense-pede-socorro\/","name":"Governador, a Baixada Maranhense pede socorro - Fl\u00e1vio Braga","isPartOf":{"@id":"https:\/\/www.blogsoestado.com\/flaviobraga\/#website"},"primaryImageOfPage":{"@id":"https:\/\/www.blogsoestado.com\/flaviobraga\/governador-a-baixada-maranhense-pede-socorro\/#primaryimage"},"image":{"@id":"https:\/\/www.blogsoestado.com\/flaviobraga\/governador-a-baixada-maranhense-pede-socorro\/#primaryimage"},"thumbnailUrl":"https:\/\/www.blogsoestado.com\/flaviobraga\/wp-content\/uploads\/sites\/7\/2015\/11\/ZZZZ-Estiagem-1.jpg","datePublished":"2015-11-13T15:21:51+00:00","author":{"@id":"https:\/\/www.blogsoestado.com\/flaviobraga\/#\/schema\/person\/6c6c778331775c757a82d15206bd8733"},"breadcrumb":{"@id":"https:\/\/www.blogsoestado.com\/flaviobraga\/governador-a-baixada-maranhense-pede-socorro\/#breadcrumb"},"inLanguage":"pt-BR","potentialAction":[{"@type":"ReadAction","target":["https:\/\/www.blogsoestado.com\/flaviobraga\/governador-a-baixada-maranhense-pede-socorro\/"]}]},{"@type":"ImageObject","inLanguage":"pt-BR","@id":"https:\/\/www.blogsoestado.com\/flaviobraga\/governador-a-baixada-maranhense-pede-socorro\/#primaryimage","url":"https:\/\/www.blogsoestado.com\/flaviobraga\/wp-content\/uploads\/sites\/7\/2015\/11\/ZZZZ-Estiagem-1.jpg","contentUrl":"https:\/\/www.blogsoestado.com\/flaviobraga\/wp-content\/uploads\/sites\/7\/2015\/11\/ZZZZ-Estiagem-1.jpg","width":615,"height":346},{"@type":"BreadcrumbList","@id":"https:\/\/www.blogsoestado.com\/flaviobraga\/governador-a-baixada-maranhense-pede-socorro\/#breadcrumb","itemListElement":[{"@type":"ListItem","position":1,"name":"In\u00edcio","item":"https:\/\/www.blogsoestado.com\/flaviobraga\/"},{"@type":"ListItem","position":2,"name":"Governador, a Baixada Maranhense pede socorro"}]},{"@type":"WebSite","@id":"https:\/\/www.blogsoestado.com\/flaviobraga\/#website","url":"https:\/\/www.blogsoestado.com\/flaviobraga\/","name":"Fl\u00e1vio Braga","description":"","potentialAction":[{"@type":"SearchAction","target":{"@type":"EntryPoint","urlTemplate":"https:\/\/www.blogsoestado.com\/flaviobraga\/?s={search_term_string}"},"query-input":{"@type":"PropertyValueSpecification","valueRequired":true,"valueName":"search_term_string"}}],"inLanguage":"pt-BR"},{"@type":"Person","@id":"https:\/\/www.blogsoestado.com\/flaviobraga\/#\/schema\/person\/6c6c778331775c757a82d15206bd8733","name":"Flavio Braga","image":{"@type":"ImageObject","inLanguage":"pt-BR","@id":"https:\/\/www.blogsoestado.com\/flaviobraga\/#\/schema\/person\/image\/","url":"https:\/\/secure.gravatar.com\/avatar\/ab173937dad8d78195c87778be8a0285d069ede375ce0ae24aac1cf8e58ccb2c?s=96&d=mm&r=g","contentUrl":"https:\/\/secure.gravatar.com\/avatar\/ab173937dad8d78195c87778be8a0285d069ede375ce0ae24aac1cf8e58ccb2c?s=96&d=mm&r=g","caption":"Flavio Braga"},"url":"https:\/\/www.blogsoestado.com\/flaviobraga\/author\/flaviobraga\/"}]}},"jetpack_featured_media_url":"","_links":{"self":[{"href":"https:\/\/www.blogsoestado.com\/flaviobraga\/wp-json\/wp\/v2\/posts\/2805","targetHints":{"allow":["GET"]}}],"collection":[{"href":"https:\/\/www.blogsoestado.com\/flaviobraga\/wp-json\/wp\/v2\/posts"}],"about":[{"href":"https:\/\/www.blogsoestado.com\/flaviobraga\/wp-json\/wp\/v2\/types\/post"}],"author":[{"embeddable":true,"href":"https:\/\/www.blogsoestado.com\/flaviobraga\/wp-json\/wp\/v2\/users\/8"}],"replies":[{"embeddable":true,"href":"https:\/\/www.blogsoestado.com\/flaviobraga\/wp-json\/wp\/v2\/comments?post=2805"}],"version-history":[{"count":0,"href":"https:\/\/www.blogsoestado.com\/flaviobraga\/wp-json\/wp\/v2\/posts\/2805\/revisions"}],"wp:attachment":[{"href":"https:\/\/www.blogsoestado.com\/flaviobraga\/wp-json\/wp\/v2\/media?parent=2805"}],"wp:term":[{"taxonomy":"category","embeddable":true,"href":"https:\/\/www.blogsoestado.com\/flaviobraga\/wp-json\/wp\/v2\/categories?post=2805"},{"taxonomy":"post_tag","embeddable":true,"href":"https:\/\/www.blogsoestado.com\/flaviobraga\/wp-json\/wp\/v2\/tags?post=2805"}],"curies":[{"name":"wp","href":"https:\/\/api.w.org\/{rel}","templated":true}]}}