{"id":2824,"date":"2016-02-18T11:36:23","date_gmt":"2016-02-18T14:36:23","guid":{"rendered":"https:\/\/www.blogsoestado.com\/flaviobraga\/?p=2824"},"modified":"2016-02-18T11:36:23","modified_gmt":"2016-02-18T14:36:23","slug":"carnaval-e-a-propaganda-eleitoral-antecipada","status":"publish","type":"post","link":"https:\/\/www.blogsoestado.com\/flaviobraga\/carnaval-e-a-propaganda-eleitoral-antecipada\/","title":{"rendered":"Carnaval e a propaganda eleitoral antecipada"},"content":{"rendered":"<p align=\"JUSTIFY\"><a href=\"https:\/\/www.blogsoestado.com\/flaviobraga\/wp-content\/uploads\/sites\/7\/2016\/02\/ZZZZZZZZZZZZZZZZZZZZZZZZZZZZZZZZZZZZZZZZ-1.jpg\"><img decoding=\"async\" class=\"aligncenter size-full wp-image-2825\" src=\"https:\/\/www.blogsoestado.com\/flaviobraga\/wp-content\/uploads\/sites\/7\/2016\/02\/ZZZZZZZZZZZZZZZZZZZZZZZZZZZZZZZZZZZZZZZZ-1.jpg\" alt=\"ZZZZZZZZZZZZZZZZZZZZZZZZZZZZZZZZZZZZZZZZ\" width=\"300\" height=\"166\" \/><\/a><\/p>\n<p align=\"JUSTIFY\">A prop\u00f3sito do tema deste artigo, a primeira observa\u00e7\u00e3o diz respeito \u00e0 nova reda\u00e7\u00e3o do caput do artigo 36-A da Lei n\u00ba 9.504\/97 (Lei das Elei\u00e7\u00f5es), cuja dic\u00e7\u00e3o preceitua expressamente que \u201cn\u00e3o configuram propaganda eleitoral antecipada, desde que n\u00e3o envolvam pedido expl\u00edcito de voto, a men\u00e7\u00e3o \u00e0 pretensa candidatura e a exalta\u00e7\u00e3o das qualidades pessoais dos pr\u00e9-candidatos\u201d.<\/p>\n<p align=\"JUSTIFY\">No direito eleitoral (direito p\u00fablico) tudo que a lei n\u00e3o pro\u00edbe, \u00e9 permitido. Portanto, se a publicidade carnavalesca contiver apenas o nome do pretenso candidato ou mensagens de exalta\u00e7\u00e3o pessoal, sem pedido expl\u00edcito de votos, n\u00e3o caracteriza a antecipa\u00e7\u00e3o da propaganda eleitoral.<\/p>\n<p align=\"JUSTIFY\">Assim, no per\u00edodo pr\u00e9-eleitoral, consoante a firme jurisprud\u00eancia do TSE, a simples divulga\u00e7\u00e3o do nome ou cognome do suposto pretendente (mesmo que seja agente p\u00fablico), sem conota\u00e7\u00e3o eleitoral, n\u00e3o constitui hip\u00f3tese de propaganda eleitoral antecipada, caracterizando mero ato de promo\u00e7\u00e3o pessoal.<\/p>\n<p align=\"JUSTIFY\">Nesse passo, eis o conceito de propaganda eleitoral formulado pelo TSE: \u201c O mero ato de promo\u00e7\u00e3o pessoal n\u00e3o se confunde com propaganda eleitoral. Entende-se como ato de propaganda eleitoral aquele que leva ao conhecimento geral, ainda que de forma dissimulada, a candidatura, mesmo que apenas postulada, a a\u00e7\u00e3o pol\u00edtica que se pretende desenvolver ou raz\u00f5es que induzam a concluir que o benefici\u00e1rio \u00e9 o mais apto ao exerc\u00edcio da fun\u00e7\u00e3o p\u00fablica. Sem tais caracter\u00edsticas, poder\u00e1 haver mera promo\u00e7\u00e3o pessoal (Recurso Especial Eleitoral n\u00ba 15.732).<\/p>\n<p align=\"JUSTIFY\">Por conseguinte, a jurisprud\u00eancia do TSE entende que a veicula\u00e7\u00e3o de mensagens em per\u00edodos festivos (carnaval), a aposi\u00e7\u00e3o do nome em abad\u00e1s, a afixa\u00e7\u00e3o de faixas, o uso de adesivos e imagens em autom\u00f3veis, etc. sem apelo eleitoral (pedido de votos), n\u00e3o tipifica a propaganda eleitoral fora de \u00e9poca, nem permite a aplica\u00e7\u00e3o de multa, conforme assentado no Recurso Especial Eleitoral n\u00ba 235.347\/2011.<\/p>\n<p align=\"JUSTIFY\">Cumpre alertar que eventuais excessos, com o prop\u00f3sito subliminar de obter vantagem eleitoral sobre os demais pr\u00e9-candidatos, poder\u00e3o ser apurados, posteriormente, como abuso do poder econ\u00f4mico ou pol\u00edtico.<\/p>\n<p align=\"JUSTIFY\">A propaganda eleitoral s\u00f3 \u00e9 permitida a partir do dia 16 de agosto, sob pena de ser considerada extempor\u00e2nea (antecipada) e sujeitar o respons\u00e1vel pela divulga\u00e7\u00e3o da propaganda e o benefici\u00e1rio, quando comprovado o seu pr\u00e9vio conhecimento, \u00e0 multa no valor de R$ 5.000,00 a R$ 25.000,00.<\/p>\n<p align=\"JUSTIFY\">Por derradeiro, cabe frisar que o pluralismo pol\u00edtico e a cidadania s\u00e3o fundamentos da Rep\u00fablica Federativa do Brasil e que a Constitui\u00e7\u00e3o Federal garante a manifesta\u00e7\u00e3o do pensamento e a liberdade de express\u00e3o a todos os cidad\u00e3os, vedando qualquer tipo de censura pr\u00e9via de natureza pol\u00edtica, ideol\u00f3gica e art\u00edstica.<\/p>\n","protected":false},"excerpt":{"rendered":"<p>A prop\u00f3sito do tema deste artigo, a primeira observa\u00e7\u00e3o diz respeito \u00e0 nova reda\u00e7\u00e3o do caput do artigo 36-A da [&hellip;]<\/p>\n","protected":false},"author":8,"featured_media":0,"comment_status":"open","ping_status":"open","sticky":false,"template":"","format":"standard","meta":{"site-sidebar-layout":"default","site-content-layout":"","ast-site-content-layout":"default","site-content-style":"default","site-sidebar-style":"default","ast-global-header-display":"","ast-banner-title-visibility":"","ast-main-header-display":"","ast-hfb-above-header-display":"","ast-hfb-below-header-display":"","ast-hfb-mobile-header-display":"","site-post-title":"","ast-breadcrumbs-content":"","ast-featured-img":"","footer-sml-layout":"","ast-disable-related-posts":"","theme-transparent-header-meta":"","adv-header-id-meta":"","stick-header-meta":"","header-above-stick-meta":"","header-main-stick-meta":"","header-below-stick-meta":"","astra-migrate-meta-layouts":"default","ast-page-background-enabled":"default","ast-page-background-meta":{"desktop":{"background-color":"var(--ast-global-color-5)","background-image":"","background-repeat":"repeat","background-position":"center center","background-size":"auto","background-attachment":"scroll","background-type":"","background-media":"","overlay-type":"","overlay-color":"","overlay-opacity":"","overlay-gradient":""},"tablet":{"background-color":"","background-image":"","background-repeat":"repeat","background-position":"center center","background-size":"auto","background-attachment":"scroll","background-type":"","background-media":"","overlay-type":"","overlay-color":"","overlay-opacity":"","overlay-gradient":""},"mobile":{"background-color":"","background-image":"","background-repeat":"repeat","background-position":"center center","background-size":"auto","background-attachment":"scroll","background-type":"","background-media":"","overlay-type":"","overlay-color":"","overlay-opacity":"","overlay-gradient":""}},"ast-content-background-meta":{"desktop":{"background-color":"var(--ast-global-color-4)","background-image":"","background-repeat":"repeat","background-position":"center center","background-size":"auto","background-attachment":"scroll","background-type":"","background-media":"","overlay-type":"","overlay-color":"","overlay-opacity":"","overlay-gradient":""},"tablet":{"background-color":"var(--ast-global-color-4)","background-image":"","background-repeat":"repeat","background-position":"center center","background-size":"auto","background-attachment":"scroll","background-type":"","background-media":"","overlay-type":"","overlay-color":"","overlay-opacity":"","overlay-gradient":""},"mobile":{"background-color":"var(--ast-global-color-4)","background-image":"","background-repeat":"repeat","background-position":"center center","background-size":"auto","background-attachment":"scroll","background-type":"","background-media":"","overlay-type":"","overlay-color":"","overlay-opacity":"","overlay-gradient":""}},"footnotes":""},"categories":[1],"tags":[],"class_list":["post-2824","post","type-post","status-publish","format-standard","hentry","category-sem-categoria"],"yoast_head":"<!-- This site is optimized with the Yoast SEO plugin v26.6 - https:\/\/yoast.com\/wordpress\/plugins\/seo\/ -->\n<title>Carnaval e a propaganda eleitoral antecipada - Fl\u00e1vio Braga<\/title>\n<meta name=\"robots\" content=\"index, follow, max-snippet:-1, max-image-preview:large, max-video-preview:-1\" \/>\n<link rel=\"canonical\" href=\"https:\/\/www.blogsoestado.com\/flaviobraga\/carnaval-e-a-propaganda-eleitoral-antecipada\/\" \/>\n<meta property=\"og:locale\" content=\"pt_BR\" \/>\n<meta property=\"og:type\" content=\"article\" \/>\n<meta property=\"og:title\" content=\"Carnaval e a propaganda eleitoral antecipada - Fl\u00e1vio Braga\" \/>\n<meta property=\"og:description\" content=\"A prop\u00f3sito do tema deste artigo, a primeira observa\u00e7\u00e3o diz respeito \u00e0 nova reda\u00e7\u00e3o do caput do artigo 36-A da [&hellip;]\" \/>\n<meta property=\"og:url\" content=\"https:\/\/www.blogsoestado.com\/flaviobraga\/carnaval-e-a-propaganda-eleitoral-antecipada\/\" \/>\n<meta property=\"og:site_name\" content=\"Fl\u00e1vio Braga\" \/>\n<meta property=\"article:published_time\" content=\"2016-02-18T14:36:23+00:00\" \/>\n<meta property=\"og:image\" content=\"https:\/\/www.blogsoestado.com\/flaviobraga\/wp-content\/uploads\/sites\/7\/2016\/02\/ZZZZZZZZZZZZZZZZZZZZZZZZZZZZZZZZZZZZZZZZ-1.jpg\" \/>\n<meta name=\"author\" content=\"Flavio Braga\" \/>\n<meta name=\"twitter:card\" content=\"summary_large_image\" \/>\n<meta name=\"twitter:label1\" content=\"Escrito por\" \/>\n\t<meta name=\"twitter:data1\" content=\"Flavio Braga\" \/>\n\t<meta name=\"twitter:label2\" content=\"Est. tempo de leitura\" \/>\n\t<meta name=\"twitter:data2\" content=\"2 minutos\" \/>\n<script type=\"application\/ld+json\" class=\"yoast-schema-graph\">{\"@context\":\"https:\/\/schema.org\",\"@graph\":[{\"@type\":\"WebPage\",\"@id\":\"https:\/\/www.blogsoestado.com\/flaviobraga\/carnaval-e-a-propaganda-eleitoral-antecipada\/\",\"url\":\"https:\/\/www.blogsoestado.com\/flaviobraga\/carnaval-e-a-propaganda-eleitoral-antecipada\/\",\"name\":\"Carnaval e a propaganda eleitoral antecipada - Fl\u00e1vio Braga\",\"isPartOf\":{\"@id\":\"https:\/\/www.blogsoestado.com\/flaviobraga\/#website\"},\"primaryImageOfPage\":{\"@id\":\"https:\/\/www.blogsoestado.com\/flaviobraga\/carnaval-e-a-propaganda-eleitoral-antecipada\/#primaryimage\"},\"image\":{\"@id\":\"https:\/\/www.blogsoestado.com\/flaviobraga\/carnaval-e-a-propaganda-eleitoral-antecipada\/#primaryimage\"},\"thumbnailUrl\":\"https:\/\/www.blogsoestado.com\/flaviobraga\/wp-content\/uploads\/sites\/7\/2016\/02\/ZZZZZZZZZZZZZZZZZZZZZZZZZZZZZZZZZZZZZZZZ-1.jpg\",\"datePublished\":\"2016-02-18T14:36:23+00:00\",\"author\":{\"@id\":\"https:\/\/www.blogsoestado.com\/flaviobraga\/#\/schema\/person\/6c6c778331775c757a82d15206bd8733\"},\"breadcrumb\":{\"@id\":\"https:\/\/www.blogsoestado.com\/flaviobraga\/carnaval-e-a-propaganda-eleitoral-antecipada\/#breadcrumb\"},\"inLanguage\":\"pt-BR\",\"potentialAction\":[{\"@type\":\"ReadAction\",\"target\":[\"https:\/\/www.blogsoestado.com\/flaviobraga\/carnaval-e-a-propaganda-eleitoral-antecipada\/\"]}]},{\"@type\":\"ImageObject\",\"inLanguage\":\"pt-BR\",\"@id\":\"https:\/\/www.blogsoestado.com\/flaviobraga\/carnaval-e-a-propaganda-eleitoral-antecipada\/#primaryimage\",\"url\":\"https:\/\/www.blogsoestado.com\/flaviobraga\/wp-content\/uploads\/sites\/7\/2016\/02\/ZZZZZZZZZZZZZZZZZZZZZZZZZZZZZZZZZZZZZZZZ-1.jpg\",\"contentUrl\":\"https:\/\/www.blogsoestado.com\/flaviobraga\/wp-content\/uploads\/sites\/7\/2016\/02\/ZZZZZZZZZZZZZZZZZZZZZZZZZZZZZZZZZZZZZZZZ-1.jpg\",\"width\":300,\"height\":166},{\"@type\":\"BreadcrumbList\",\"@id\":\"https:\/\/www.blogsoestado.com\/flaviobraga\/carnaval-e-a-propaganda-eleitoral-antecipada\/#breadcrumb\",\"itemListElement\":[{\"@type\":\"ListItem\",\"position\":1,\"name\":\"In\u00edcio\",\"item\":\"https:\/\/www.blogsoestado.com\/flaviobraga\/\"},{\"@type\":\"ListItem\",\"position\":2,\"name\":\"Carnaval e a propaganda eleitoral antecipada\"}]},{\"@type\":\"WebSite\",\"@id\":\"https:\/\/www.blogsoestado.com\/flaviobraga\/#website\",\"url\":\"https:\/\/www.blogsoestado.com\/flaviobraga\/\",\"name\":\"Fl\u00e1vio Braga\",\"description\":\"\",\"potentialAction\":[{\"@type\":\"SearchAction\",\"target\":{\"@type\":\"EntryPoint\",\"urlTemplate\":\"https:\/\/www.blogsoestado.com\/flaviobraga\/?s={search_term_string}\"},\"query-input\":{\"@type\":\"PropertyValueSpecification\",\"valueRequired\":true,\"valueName\":\"search_term_string\"}}],\"inLanguage\":\"pt-BR\"},{\"@type\":\"Person\",\"@id\":\"https:\/\/www.blogsoestado.com\/flaviobraga\/#\/schema\/person\/6c6c778331775c757a82d15206bd8733\",\"name\":\"Flavio Braga\",\"image\":{\"@type\":\"ImageObject\",\"inLanguage\":\"pt-BR\",\"@id\":\"https:\/\/www.blogsoestado.com\/flaviobraga\/#\/schema\/person\/image\/\",\"url\":\"https:\/\/secure.gravatar.com\/avatar\/ab173937dad8d78195c87778be8a0285d069ede375ce0ae24aac1cf8e58ccb2c?s=96&d=mm&r=g\",\"contentUrl\":\"https:\/\/secure.gravatar.com\/avatar\/ab173937dad8d78195c87778be8a0285d069ede375ce0ae24aac1cf8e58ccb2c?s=96&d=mm&r=g\",\"caption\":\"Flavio Braga\"},\"url\":\"https:\/\/www.blogsoestado.com\/flaviobraga\/author\/flaviobraga\/\"}]}<\/script>\n<!-- \/ Yoast SEO plugin. -->","yoast_head_json":{"title":"Carnaval e a propaganda eleitoral antecipada - Fl\u00e1vio Braga","robots":{"index":"index","follow":"follow","max-snippet":"max-snippet:-1","max-image-preview":"max-image-preview:large","max-video-preview":"max-video-preview:-1"},"canonical":"https:\/\/www.blogsoestado.com\/flaviobraga\/carnaval-e-a-propaganda-eleitoral-antecipada\/","og_locale":"pt_BR","og_type":"article","og_title":"Carnaval e a propaganda eleitoral antecipada - Fl\u00e1vio Braga","og_description":"A prop\u00f3sito do tema deste artigo, a primeira observa\u00e7\u00e3o diz respeito \u00e0 nova reda\u00e7\u00e3o do caput do artigo 36-A da [&hellip;]","og_url":"https:\/\/www.blogsoestado.com\/flaviobraga\/carnaval-e-a-propaganda-eleitoral-antecipada\/","og_site_name":"Fl\u00e1vio Braga","article_published_time":"2016-02-18T14:36:23+00:00","og_image":[{"url":"https:\/\/www.blogsoestado.com\/flaviobraga\/wp-content\/uploads\/sites\/7\/2016\/02\/ZZZZZZZZZZZZZZZZZZZZZZZZZZZZZZZZZZZZZZZZ-1.jpg","type":"","width":"","height":""}],"author":"Flavio Braga","twitter_card":"summary_large_image","twitter_misc":{"Escrito por":"Flavio Braga","Est. tempo de leitura":"2 minutos"},"schema":{"@context":"https:\/\/schema.org","@graph":[{"@type":"WebPage","@id":"https:\/\/www.blogsoestado.com\/flaviobraga\/carnaval-e-a-propaganda-eleitoral-antecipada\/","url":"https:\/\/www.blogsoestado.com\/flaviobraga\/carnaval-e-a-propaganda-eleitoral-antecipada\/","name":"Carnaval e a propaganda eleitoral antecipada - Fl\u00e1vio Braga","isPartOf":{"@id":"https:\/\/www.blogsoestado.com\/flaviobraga\/#website"},"primaryImageOfPage":{"@id":"https:\/\/www.blogsoestado.com\/flaviobraga\/carnaval-e-a-propaganda-eleitoral-antecipada\/#primaryimage"},"image":{"@id":"https:\/\/www.blogsoestado.com\/flaviobraga\/carnaval-e-a-propaganda-eleitoral-antecipada\/#primaryimage"},"thumbnailUrl":"https:\/\/www.blogsoestado.com\/flaviobraga\/wp-content\/uploads\/sites\/7\/2016\/02\/ZZZZZZZZZZZZZZZZZZZZZZZZZZZZZZZZZZZZZZZZ-1.jpg","datePublished":"2016-02-18T14:36:23+00:00","author":{"@id":"https:\/\/www.blogsoestado.com\/flaviobraga\/#\/schema\/person\/6c6c778331775c757a82d15206bd8733"},"breadcrumb":{"@id":"https:\/\/www.blogsoestado.com\/flaviobraga\/carnaval-e-a-propaganda-eleitoral-antecipada\/#breadcrumb"},"inLanguage":"pt-BR","potentialAction":[{"@type":"ReadAction","target":["https:\/\/www.blogsoestado.com\/flaviobraga\/carnaval-e-a-propaganda-eleitoral-antecipada\/"]}]},{"@type":"ImageObject","inLanguage":"pt-BR","@id":"https:\/\/www.blogsoestado.com\/flaviobraga\/carnaval-e-a-propaganda-eleitoral-antecipada\/#primaryimage","url":"https:\/\/www.blogsoestado.com\/flaviobraga\/wp-content\/uploads\/sites\/7\/2016\/02\/ZZZZZZZZZZZZZZZZZZZZZZZZZZZZZZZZZZZZZZZZ-1.jpg","contentUrl":"https:\/\/www.blogsoestado.com\/flaviobraga\/wp-content\/uploads\/sites\/7\/2016\/02\/ZZZZZZZZZZZZZZZZZZZZZZZZZZZZZZZZZZZZZZZZ-1.jpg","width":300,"height":166},{"@type":"BreadcrumbList","@id":"https:\/\/www.blogsoestado.com\/flaviobraga\/carnaval-e-a-propaganda-eleitoral-antecipada\/#breadcrumb","itemListElement":[{"@type":"ListItem","position":1,"name":"In\u00edcio","item":"https:\/\/www.blogsoestado.com\/flaviobraga\/"},{"@type":"ListItem","position":2,"name":"Carnaval e a propaganda eleitoral antecipada"}]},{"@type":"WebSite","@id":"https:\/\/www.blogsoestado.com\/flaviobraga\/#website","url":"https:\/\/www.blogsoestado.com\/flaviobraga\/","name":"Fl\u00e1vio Braga","description":"","potentialAction":[{"@type":"SearchAction","target":{"@type":"EntryPoint","urlTemplate":"https:\/\/www.blogsoestado.com\/flaviobraga\/?s={search_term_string}"},"query-input":{"@type":"PropertyValueSpecification","valueRequired":true,"valueName":"search_term_string"}}],"inLanguage":"pt-BR"},{"@type":"Person","@id":"https:\/\/www.blogsoestado.com\/flaviobraga\/#\/schema\/person\/6c6c778331775c757a82d15206bd8733","name":"Flavio Braga","image":{"@type":"ImageObject","inLanguage":"pt-BR","@id":"https:\/\/www.blogsoestado.com\/flaviobraga\/#\/schema\/person\/image\/","url":"https:\/\/secure.gravatar.com\/avatar\/ab173937dad8d78195c87778be8a0285d069ede375ce0ae24aac1cf8e58ccb2c?s=96&d=mm&r=g","contentUrl":"https:\/\/secure.gravatar.com\/avatar\/ab173937dad8d78195c87778be8a0285d069ede375ce0ae24aac1cf8e58ccb2c?s=96&d=mm&r=g","caption":"Flavio Braga"},"url":"https:\/\/www.blogsoestado.com\/flaviobraga\/author\/flaviobraga\/"}]}},"jetpack_featured_media_url":"","_links":{"self":[{"href":"https:\/\/www.blogsoestado.com\/flaviobraga\/wp-json\/wp\/v2\/posts\/2824","targetHints":{"allow":["GET"]}}],"collection":[{"href":"https:\/\/www.blogsoestado.com\/flaviobraga\/wp-json\/wp\/v2\/posts"}],"about":[{"href":"https:\/\/www.blogsoestado.com\/flaviobraga\/wp-json\/wp\/v2\/types\/post"}],"author":[{"embeddable":true,"href":"https:\/\/www.blogsoestado.com\/flaviobraga\/wp-json\/wp\/v2\/users\/8"}],"replies":[{"embeddable":true,"href":"https:\/\/www.blogsoestado.com\/flaviobraga\/wp-json\/wp\/v2\/comments?post=2824"}],"version-history":[{"count":0,"href":"https:\/\/www.blogsoestado.com\/flaviobraga\/wp-json\/wp\/v2\/posts\/2824\/revisions"}],"wp:attachment":[{"href":"https:\/\/www.blogsoestado.com\/flaviobraga\/wp-json\/wp\/v2\/media?parent=2824"}],"wp:term":[{"taxonomy":"category","embeddable":true,"href":"https:\/\/www.blogsoestado.com\/flaviobraga\/wp-json\/wp\/v2\/categories?post=2824"},{"taxonomy":"post_tag","embeddable":true,"href":"https:\/\/www.blogsoestado.com\/flaviobraga\/wp-json\/wp\/v2\/tags?post=2824"}],"curies":[{"name":"wp","href":"https:\/\/api.w.org\/{rel}","templated":true}]}}