{"id":2843,"date":"2016-06-24T12:19:07","date_gmt":"2016-06-24T15:19:07","guid":{"rendered":"https:\/\/www.blogsoestado.com\/flaviobraga\/?p=2843"},"modified":"2016-06-24T12:19:07","modified_gmt":"2016-06-24T15:19:07","slug":"parabens-ao-povo-de-bequimao-81-anos-de-emancipacao-politica","status":"publish","type":"post","link":"https:\/\/www.blogsoestado.com\/flaviobraga\/parabens-ao-povo-de-bequimao-81-anos-de-emancipacao-politica\/","title":{"rendered":"Parab\u00e9ns ao povo de Bequim\u00e3o: 81 anos de emancipa\u00e7\u00e3o pol\u00edtica"},"content":{"rendered":"<p class=\"western\" align=\"JUSTIFY\"><span style=\"font-size: medium;\">Neste domingo, o munic\u00edpio de Bequim\u00e3o comemora 81 anos de emancipa\u00e7\u00e3o pol\u00edtica. Como acontece desde 2013, a Prefeitura Municipal preparou uma vasta programa\u00e7\u00e3o para a comunidade festejar essa data especial, com a realiza\u00e7\u00e3o de torneios, atos religiosos, queima de fogos, desfiles, partilha de bolo, cavalgada, maratona, corrida cicl\u00edstica, gincana, dan\u00e7as juninas etc.<\/span><\/p>\n<p class=\"western\" align=\"JUSTIFY\"><span style=\"font-size: medium;\">Da obra \u201cTapuitininga\u201d, do bequim\u00e3oense Domingos Pereira, colhe-que que o territ\u00f3rio do mun\u00edcipio de Bequim\u00e3o foi definido no periodo colonial com a cria\u00e7\u00e3o da freguesia de Santo<\/span><span style=\"font-family: Times New Roman,serif;\"><span style=\"font-size: medium;\"> Ant\u00f4nio e Almas, em 7 de novembro de 1805, desmembrada da freguesia do Ap\u00f3stolo S\u00e3o Matias (Alc\u00e2ntara). No terrrit\u00f3rio da aldeia Tapuitininga, os portugueses construiram uma capela e a consagraram a Santo Ant\u00f4nio, tornando-o padroeiro do lugar como homenagem ao h\u00f4monimo padroeiro de Lisboa, em Portugal.<\/span><\/span><\/p>\n<p class=\"western\" align=\"JUSTIFY\"><span style=\"font-family: Times New Roman,serif;\"><span style=\"font-size: medium;\">O povoado de cabeceira (Bequim\u00e3o), ap\u00f3s a cria\u00e7\u00e3o do munic\u00edpio, no per\u00edodo de sete anos, teve tr\u00eas nomes diferentes: Santo Ant\u00f4nio e Almas at\u00e9 1923; Em 1924, passou a ser chamado de Godofredo Viana, em homenagem ao ent\u00e3o governador do estado; em 1930, por decreto, denominou-se Bequim\u00e3o. Durante 17 anos ganhou e perdeu sua autonomia tr\u00eas vezes, recuperando-a definitivamente em 19 de junho de 1935.<\/span><\/span><\/p>\n<p class=\"western\" align=\"JUSTIFY\"><span style=\"font-family: Times New Roman,serif;\"><span style=\"font-size: medium;\">Hodiernamente, a popula\u00e7\u00e3o tem muitos motivos para comemorar o anivers\u00e1rio do seu munic\u00edpio, visto que a administra\u00e7\u00e3o do prefeito Z\u00e9 Martins proporcionou avan\u00e7os nunca antes alcan\u00e7ados em Bequim\u00e3o. Com efeito, a Baixada se orgulha de contar com um dos melhores prefeitos do Maranh\u00e3o.<\/span><\/span><\/p>\n<p class=\"western\" align=\"JUSTIFY\"><span style=\"font-family: Times New Roman,serif;\"><span style=\"font-size: medium;\">\u00c0 guisa de ilustra\u00e7\u00e3o, ressalte-se o caso do <\/span><\/span><span style=\"font-family: Times New Roman,serif;\"><span style=\"font-size: medium;\"><span lang=\"pt-BR\">Hospital L\u00eddia Martins, que, mesmo sem o pagamento da \u201cprodu\u00e7\u00e3o\u201d por parte do governo estadual, funciona plenamente com a marca de mais de 80 mil atendimentos, incluindo consultas, procedimentos de urg\u00eancia e emerg\u00eancia, pequenas cirurgias, partos, interna\u00e7\u00f5es, exames laboratoriais e de raio X.<\/span><\/span><\/span><\/p>\n<p class=\"western\" lang=\"pt-BR\" align=\"JUSTIFY\"><span style=\"font-family: Times New Roman,serif;\"><span style=\"font-size: medium;\">As onze equipes da Estrat\u00e9gia Sa\u00fade da Fam\u00edlia fazem milhares de atendimentos por ano. E atuam com uma melhor estrutura, j\u00e1 que as Unidades B\u00e1sicas de Sa\u00fade do Areal, Jacioca, Santana, Moj\u00f3 e Quind\u00edua foram ampliadas. Al\u00e9m disso, todas as campanhas de vacina\u00e7\u00e3o passaram a ser realizadas em Bequim\u00e3o. Foram adquiridas duas novas ambul\u00e2ncias e mais de 800 consultas e cirurgias nos mutir\u00f5es de catarata e glaucoma.<\/span><\/span><\/p>\n<p class=\"western\" lang=\"pt-BR\" align=\"JUSTIFY\"><span style=\"font-family: Times New Roman,serif;\"><span style=\"font-size: medium;\">Destaque-se , ainda, a recupera\u00e7\u00e3o de todas as estradas vicinais do munic\u00edpio, o cal\u00e7amento e asfaltamento de ruas e avenidas, a constru\u00e7\u00e3o e recupera\u00e7\u00e3o de escolas, a inaugura\u00e7\u00e3o da sala do empreendedor, a reforma completa da Pra\u00e7a da Matriz, a cria\u00e7\u00e3o do Cintur\u00e3o Verde, a renova\u00e7\u00e3o do mobili\u00e1rio de todas as escolas, a valoriza\u00e7\u00e3o dos servidores p\u00fablicos e das comunidades quilombolas, a escava\u00e7\u00e3o de a\u00e7udes e a recupera\u00e7\u00e3o da Barragem Maria Rita, dentre muitas realiza\u00e7\u00f5es de grande alcance social.<\/span><\/span><\/p>\n","protected":false},"excerpt":{"rendered":"<p>Neste domingo, o munic\u00edpio de Bequim\u00e3o comemora 81 anos de emancipa\u00e7\u00e3o pol\u00edtica. Como acontece desde 2013, a Prefeitura Municipal preparou [&hellip;]<\/p>\n","protected":false},"author":8,"featured_media":0,"comment_status":"open","ping_status":"open","sticky":false,"template":"","format":"standard","meta":{"site-sidebar-layout":"default","site-content-layout":"","ast-site-content-layout":"default","site-content-style":"default","site-sidebar-style":"default","ast-global-header-display":"","ast-banner-title-visibility":"","ast-main-header-display":"","ast-hfb-above-header-display":"","ast-hfb-below-header-display":"","ast-hfb-mobile-header-display":"","site-post-title":"","ast-breadcrumbs-content":"","ast-featured-img":"","footer-sml-layout":"","ast-disable-related-posts":"","theme-transparent-header-meta":"","adv-header-id-meta":"","stick-header-meta":"","header-above-stick-meta":"","header-main-stick-meta":"","header-below-stick-meta":"","astra-migrate-meta-layouts":"default","ast-page-background-enabled":"default","ast-page-background-meta":{"desktop":{"background-color":"var(--ast-global-color-5)","background-image":"","background-repeat":"repeat","background-position":"center center","background-size":"auto","background-attachment":"scroll","background-type":"","background-media":"","overlay-type":"","overlay-color":"","overlay-opacity":"","overlay-gradient":""},"tablet":{"background-color":"","background-image":"","background-repeat":"repeat","background-position":"center center","background-size":"auto","background-attachment":"scroll","background-type":"","background-media":"","overlay-type":"","overlay-color":"","overlay-opacity":"","overlay-gradient":""},"mobile":{"background-color":"","background-image":"","background-repeat":"repeat","background-position":"center center","background-size":"auto","background-attachment":"scroll","background-type":"","background-media":"","overlay-type":"","overlay-color":"","overlay-opacity":"","overlay-gradient":""}},"ast-content-background-meta":{"desktop":{"background-color":"var(--ast-global-color-4)","background-image":"","background-repeat":"repeat","background-position":"center center","background-size":"auto","background-attachment":"scroll","background-type":"","background-media":"","overlay-type":"","overlay-color":"","overlay-opacity":"","overlay-gradient":""},"tablet":{"background-color":"var(--ast-global-color-4)","background-image":"","background-repeat":"repeat","background-position":"center center","background-size":"auto","background-attachment":"scroll","background-type":"","background-media":"","overlay-type":"","overlay-color":"","overlay-opacity":"","overlay-gradient":""},"mobile":{"background-color":"var(--ast-global-color-4)","background-image":"","background-repeat":"repeat","background-position":"center center","background-size":"auto","background-attachment":"scroll","background-type":"","background-media":"","overlay-type":"","overlay-color":"","overlay-opacity":"","overlay-gradient":""}},"footnotes":""},"categories":[1],"tags":[],"class_list":["post-2843","post","type-post","status-publish","format-standard","hentry","category-sem-categoria"],"yoast_head":"<!-- This site is optimized with the Yoast SEO plugin v26.6 - https:\/\/yoast.com\/wordpress\/plugins\/seo\/ -->\n<title>Parab\u00e9ns ao povo de Bequim\u00e3o: 81 anos de emancipa\u00e7\u00e3o pol\u00edtica - Fl\u00e1vio Braga<\/title>\n<meta name=\"robots\" content=\"index, follow, max-snippet:-1, max-image-preview:large, max-video-preview:-1\" \/>\n<link rel=\"canonical\" href=\"https:\/\/www.blogsoestado.com\/flaviobraga\/parabens-ao-povo-de-bequimao-81-anos-de-emancipacao-politica\/\" \/>\n<meta property=\"og:locale\" content=\"pt_BR\" \/>\n<meta property=\"og:type\" content=\"article\" \/>\n<meta property=\"og:title\" content=\"Parab\u00e9ns ao povo de Bequim\u00e3o: 81 anos de emancipa\u00e7\u00e3o pol\u00edtica - Fl\u00e1vio Braga\" \/>\n<meta property=\"og:description\" content=\"Neste domingo, o munic\u00edpio de Bequim\u00e3o comemora 81 anos de emancipa\u00e7\u00e3o pol\u00edtica. Como acontece desde 2013, a Prefeitura Municipal preparou [&hellip;]\" \/>\n<meta property=\"og:url\" content=\"https:\/\/www.blogsoestado.com\/flaviobraga\/parabens-ao-povo-de-bequimao-81-anos-de-emancipacao-politica\/\" \/>\n<meta property=\"og:site_name\" content=\"Fl\u00e1vio Braga\" \/>\n<meta property=\"article:published_time\" content=\"2016-06-24T15:19:07+00:00\" \/>\n<meta name=\"author\" content=\"Flavio Braga\" \/>\n<meta name=\"twitter:card\" content=\"summary_large_image\" \/>\n<meta name=\"twitter:label1\" content=\"Escrito por\" \/>\n\t<meta name=\"twitter:data1\" content=\"Flavio Braga\" \/>\n\t<meta name=\"twitter:label2\" content=\"Est. tempo de leitura\" \/>\n\t<meta name=\"twitter:data2\" content=\"2 minutos\" \/>\n<script type=\"application\/ld+json\" class=\"yoast-schema-graph\">{\"@context\":\"https:\/\/schema.org\",\"@graph\":[{\"@type\":\"WebPage\",\"@id\":\"https:\/\/www.blogsoestado.com\/flaviobraga\/parabens-ao-povo-de-bequimao-81-anos-de-emancipacao-politica\/\",\"url\":\"https:\/\/www.blogsoestado.com\/flaviobraga\/parabens-ao-povo-de-bequimao-81-anos-de-emancipacao-politica\/\",\"name\":\"Parab\u00e9ns ao povo de Bequim\u00e3o: 81 anos de emancipa\u00e7\u00e3o pol\u00edtica - Fl\u00e1vio Braga\",\"isPartOf\":{\"@id\":\"https:\/\/www.blogsoestado.com\/flaviobraga\/#website\"},\"datePublished\":\"2016-06-24T15:19:07+00:00\",\"author\":{\"@id\":\"https:\/\/www.blogsoestado.com\/flaviobraga\/#\/schema\/person\/6c6c778331775c757a82d15206bd8733\"},\"breadcrumb\":{\"@id\":\"https:\/\/www.blogsoestado.com\/flaviobraga\/parabens-ao-povo-de-bequimao-81-anos-de-emancipacao-politica\/#breadcrumb\"},\"inLanguage\":\"pt-BR\",\"potentialAction\":[{\"@type\":\"ReadAction\",\"target\":[\"https:\/\/www.blogsoestado.com\/flaviobraga\/parabens-ao-povo-de-bequimao-81-anos-de-emancipacao-politica\/\"]}]},{\"@type\":\"BreadcrumbList\",\"@id\":\"https:\/\/www.blogsoestado.com\/flaviobraga\/parabens-ao-povo-de-bequimao-81-anos-de-emancipacao-politica\/#breadcrumb\",\"itemListElement\":[{\"@type\":\"ListItem\",\"position\":1,\"name\":\"In\u00edcio\",\"item\":\"https:\/\/www.blogsoestado.com\/flaviobraga\/\"},{\"@type\":\"ListItem\",\"position\":2,\"name\":\"Parab\u00e9ns ao povo de Bequim\u00e3o: 81 anos de emancipa\u00e7\u00e3o pol\u00edtica\"}]},{\"@type\":\"WebSite\",\"@id\":\"https:\/\/www.blogsoestado.com\/flaviobraga\/#website\",\"url\":\"https:\/\/www.blogsoestado.com\/flaviobraga\/\",\"name\":\"Fl\u00e1vio Braga\",\"description\":\"\",\"potentialAction\":[{\"@type\":\"SearchAction\",\"target\":{\"@type\":\"EntryPoint\",\"urlTemplate\":\"https:\/\/www.blogsoestado.com\/flaviobraga\/?s={search_term_string}\"},\"query-input\":{\"@type\":\"PropertyValueSpecification\",\"valueRequired\":true,\"valueName\":\"search_term_string\"}}],\"inLanguage\":\"pt-BR\"},{\"@type\":\"Person\",\"@id\":\"https:\/\/www.blogsoestado.com\/flaviobraga\/#\/schema\/person\/6c6c778331775c757a82d15206bd8733\",\"name\":\"Flavio Braga\",\"image\":{\"@type\":\"ImageObject\",\"inLanguage\":\"pt-BR\",\"@id\":\"https:\/\/www.blogsoestado.com\/flaviobraga\/#\/schema\/person\/image\/\",\"url\":\"https:\/\/secure.gravatar.com\/avatar\/ab173937dad8d78195c87778be8a0285d069ede375ce0ae24aac1cf8e58ccb2c?s=96&d=mm&r=g\",\"contentUrl\":\"https:\/\/secure.gravatar.com\/avatar\/ab173937dad8d78195c87778be8a0285d069ede375ce0ae24aac1cf8e58ccb2c?s=96&d=mm&r=g\",\"caption\":\"Flavio Braga\"},\"url\":\"https:\/\/www.blogsoestado.com\/flaviobraga\/author\/flaviobraga\/\"}]}<\/script>\n<!-- \/ Yoast SEO plugin. -->","yoast_head_json":{"title":"Parab\u00e9ns ao povo de Bequim\u00e3o: 81 anos de emancipa\u00e7\u00e3o pol\u00edtica - Fl\u00e1vio Braga","robots":{"index":"index","follow":"follow","max-snippet":"max-snippet:-1","max-image-preview":"max-image-preview:large","max-video-preview":"max-video-preview:-1"},"canonical":"https:\/\/www.blogsoestado.com\/flaviobraga\/parabens-ao-povo-de-bequimao-81-anos-de-emancipacao-politica\/","og_locale":"pt_BR","og_type":"article","og_title":"Parab\u00e9ns ao povo de Bequim\u00e3o: 81 anos de emancipa\u00e7\u00e3o pol\u00edtica - Fl\u00e1vio Braga","og_description":"Neste domingo, o munic\u00edpio de Bequim\u00e3o comemora 81 anos de emancipa\u00e7\u00e3o pol\u00edtica. Como acontece desde 2013, a Prefeitura Municipal preparou [&hellip;]","og_url":"https:\/\/www.blogsoestado.com\/flaviobraga\/parabens-ao-povo-de-bequimao-81-anos-de-emancipacao-politica\/","og_site_name":"Fl\u00e1vio Braga","article_published_time":"2016-06-24T15:19:07+00:00","author":"Flavio Braga","twitter_card":"summary_large_image","twitter_misc":{"Escrito por":"Flavio Braga","Est. tempo de leitura":"2 minutos"},"schema":{"@context":"https:\/\/schema.org","@graph":[{"@type":"WebPage","@id":"https:\/\/www.blogsoestado.com\/flaviobraga\/parabens-ao-povo-de-bequimao-81-anos-de-emancipacao-politica\/","url":"https:\/\/www.blogsoestado.com\/flaviobraga\/parabens-ao-povo-de-bequimao-81-anos-de-emancipacao-politica\/","name":"Parab\u00e9ns ao povo de Bequim\u00e3o: 81 anos de emancipa\u00e7\u00e3o pol\u00edtica - Fl\u00e1vio Braga","isPartOf":{"@id":"https:\/\/www.blogsoestado.com\/flaviobraga\/#website"},"datePublished":"2016-06-24T15:19:07+00:00","author":{"@id":"https:\/\/www.blogsoestado.com\/flaviobraga\/#\/schema\/person\/6c6c778331775c757a82d15206bd8733"},"breadcrumb":{"@id":"https:\/\/www.blogsoestado.com\/flaviobraga\/parabens-ao-povo-de-bequimao-81-anos-de-emancipacao-politica\/#breadcrumb"},"inLanguage":"pt-BR","potentialAction":[{"@type":"ReadAction","target":["https:\/\/www.blogsoestado.com\/flaviobraga\/parabens-ao-povo-de-bequimao-81-anos-de-emancipacao-politica\/"]}]},{"@type":"BreadcrumbList","@id":"https:\/\/www.blogsoestado.com\/flaviobraga\/parabens-ao-povo-de-bequimao-81-anos-de-emancipacao-politica\/#breadcrumb","itemListElement":[{"@type":"ListItem","position":1,"name":"In\u00edcio","item":"https:\/\/www.blogsoestado.com\/flaviobraga\/"},{"@type":"ListItem","position":2,"name":"Parab\u00e9ns ao povo de Bequim\u00e3o: 81 anos de emancipa\u00e7\u00e3o pol\u00edtica"}]},{"@type":"WebSite","@id":"https:\/\/www.blogsoestado.com\/flaviobraga\/#website","url":"https:\/\/www.blogsoestado.com\/flaviobraga\/","name":"Fl\u00e1vio Braga","description":"","potentialAction":[{"@type":"SearchAction","target":{"@type":"EntryPoint","urlTemplate":"https:\/\/www.blogsoestado.com\/flaviobraga\/?s={search_term_string}"},"query-input":{"@type":"PropertyValueSpecification","valueRequired":true,"valueName":"search_term_string"}}],"inLanguage":"pt-BR"},{"@type":"Person","@id":"https:\/\/www.blogsoestado.com\/flaviobraga\/#\/schema\/person\/6c6c778331775c757a82d15206bd8733","name":"Flavio Braga","image":{"@type":"ImageObject","inLanguage":"pt-BR","@id":"https:\/\/www.blogsoestado.com\/flaviobraga\/#\/schema\/person\/image\/","url":"https:\/\/secure.gravatar.com\/avatar\/ab173937dad8d78195c87778be8a0285d069ede375ce0ae24aac1cf8e58ccb2c?s=96&d=mm&r=g","contentUrl":"https:\/\/secure.gravatar.com\/avatar\/ab173937dad8d78195c87778be8a0285d069ede375ce0ae24aac1cf8e58ccb2c?s=96&d=mm&r=g","caption":"Flavio Braga"},"url":"https:\/\/www.blogsoestado.com\/flaviobraga\/author\/flaviobraga\/"}]}},"jetpack_featured_media_url":"","_links":{"self":[{"href":"https:\/\/www.blogsoestado.com\/flaviobraga\/wp-json\/wp\/v2\/posts\/2843","targetHints":{"allow":["GET"]}}],"collection":[{"href":"https:\/\/www.blogsoestado.com\/flaviobraga\/wp-json\/wp\/v2\/posts"}],"about":[{"href":"https:\/\/www.blogsoestado.com\/flaviobraga\/wp-json\/wp\/v2\/types\/post"}],"author":[{"embeddable":true,"href":"https:\/\/www.blogsoestado.com\/flaviobraga\/wp-json\/wp\/v2\/users\/8"}],"replies":[{"embeddable":true,"href":"https:\/\/www.blogsoestado.com\/flaviobraga\/wp-json\/wp\/v2\/comments?post=2843"}],"version-history":[{"count":0,"href":"https:\/\/www.blogsoestado.com\/flaviobraga\/wp-json\/wp\/v2\/posts\/2843\/revisions"}],"wp:attachment":[{"href":"https:\/\/www.blogsoestado.com\/flaviobraga\/wp-json\/wp\/v2\/media?parent=2843"}],"wp:term":[{"taxonomy":"category","embeddable":true,"href":"https:\/\/www.blogsoestado.com\/flaviobraga\/wp-json\/wp\/v2\/categories?post=2843"},{"taxonomy":"post_tag","embeddable":true,"href":"https:\/\/www.blogsoestado.com\/flaviobraga\/wp-json\/wp\/v2\/tags?post=2843"}],"curies":[{"name":"wp","href":"https:\/\/api.w.org\/{rel}","templated":true}]}}