{"id":2845,"date":"2016-06-24T12:22:10","date_gmt":"2016-06-24T15:22:10","guid":{"rendered":"https:\/\/www.blogsoestado.com\/flaviobraga\/?p=2845"},"modified":"2016-06-24T12:22:10","modified_gmt":"2016-06-24T15:22:10","slug":"a-controvertida-lista-de-inelegiveis","status":"publish","type":"post","link":"https:\/\/www.blogsoestado.com\/flaviobraga\/a-controvertida-lista-de-inelegiveis\/","title":{"rendered":"A controvertida \u201clista de ineleg\u00edveis\u201d"},"content":{"rendered":"<p align=\"JUSTIFY\"><a href=\"https:\/\/www.blogsoestado.com\/flaviobraga\/2016\/06\/24\/a-controvertida-lista-de-inelegiveis\/zzzzzzzzzzzzzzzzzzzzzzzzzzzzzzzzzzzzzzzzzzzzzzzzzzzzzzzzzzzzzzzzzzzzzzzzzzzzzzzzyy\/\" rel=\"attachment wp-att-2846\"><img fetchpriority=\"high\" decoding=\"async\" class=\"aligncenter  wp-image-2846\" src=\"https:\/\/www.blogsoestado.com\/flaviobraga\/wp-content\/uploads\/sites\/7\/2016\/06\/zzzzzzzzzzzzzzzzzzzzzzzzzzzzzzzzzzzzzzzzzzzzzzzzzzzzzzzzzzzzzzzzzzzzzzzzzzzzzzzzyy-1.jpg\" alt=\"zzzzzzzzzzzzzzzzzzzzzzzzzzzzzzzzzzzzzzzzzzzzzzzzzzzzzzzzzzzzzzzzzzzzzzzzzzzzzzzzyy\" width=\"491\" height=\"327\" srcset=\"https:\/\/www.blogsoestado.com\/flaviobraga\/wp-content\/uploads\/sites\/7\/2016\/06\/zzzzzzzzzzzzzzzzzzzzzzzzzzzzzzzzzzzzzzzzzzzzzzzzzzzzzzzzzzzzzzzzzzzzzzzzzzzzzzzzyy-1.jpg 600w, https:\/\/www.blogsoestado.com\/flaviobraga\/wp-content\/uploads\/sites\/7\/2016\/06\/zzzzzzzzzzzzzzzzzzzzzzzzzzzzzzzzzzzzzzzzzzzzzzzzzzzzzzzzzzzzzzzzzzzzzzzzzzzzzzzzyy-1-300x200.jpg 300w\" sizes=\"(max-width: 491px) 100vw, 491px\" \/><\/a><\/p>\n<p align=\"JUSTIFY\"><span style=\"font-size: medium;\">O artigo 11, \u00a7 5\u00ba da Lei das Elei\u00e7\u00f5es disp\u00f5e que at\u00e9 o dia <span style=\"color: #000000;\">15 de agosto<\/span>, os tribunais de contas devem tornar dispon\u00edveis \u00e0 Justi\u00e7a Eleitoral rela\u00e7\u00e3o dos que tiveram suas contas relativas ao exerc\u00edcio de cargos ou fun\u00e7\u00f5es p\u00fablicas rejeitadas por irregularidade insan\u00e1vel e por decis\u00e3o irrecorr\u00edvel do \u00f3rg\u00e3o competente, <span style=\"color: #000000;\">ressalvados os casos em que a quest\u00e3o estiver sendo submetida \u00e0 aprecia\u00e7\u00e3o do Poder Judici\u00e1rio, ou que haja senten\u00e7a judicial favor\u00e1vel ao interessado.<\/span><\/span><\/p>\n<p align=\"JUSTIFY\"><span style=\"font-size: medium;\">De acordo com a nova reda\u00e7\u00e3o do artigo 1\u00ba, inciso I, al\u00ednea g, da Lei Complementar n\u00ba 64\/90 (Lei das Inelegibilidades), n\u00e3o basta que a quest\u00e3o esteja submetida \u00e0 aprecia\u00e7\u00e3o do Poder Judici\u00e1rio, devendo, sim, estar suspensa ou anulada por decis\u00e3o judicial.<\/span><\/p>\n<p align=\"JUSTIFY\"><span style=\"font-size: medium;\">Devem constar nessa rela\u00e7\u00e3o os nomes dos gestores e respons\u00e1veis cujas contas houverem sido julgadas irregulares ou desaprovadas nos 8 anos imediatamente anteriores \u00e0 realiza\u00e7\u00e3o de cada elei\u00e7\u00e3o. <\/span><\/p>\n<p align=\"JUSTIFY\"><span style=\"color: #000000;\"><span style=\"font-size: medium;\">Advirta-se que a reda\u00e7\u00e3o atual do artigo 1\u00ba, inciso I, al\u00ednea g, da Lei das Inelegibilidades, exige expressamente que as contas tenham sido rejeitadas por <b>irregularidade insan\u00e1vel que configure ato doloso de improbidade administrativa<\/b>, ou seja, \u00e9 indispens\u00e1vel que a \u201cdecis\u00e3o condenat\u00f3ria\u201d evidencie, nos autos da presta\u00e7\u00e3o de contas, a ocorr\u00eancia de dano ao er\u00e1rio para a caracteriza\u00e7\u00e3o da referida causa de inelegibilidade.<\/span><\/span><\/p>\n<p align=\"JUSTIFY\"><span style=\"color: #000000;\"><span style=\"font-size: medium;\">Por exemplo, se a decis\u00e3o do tribunal de contas impuser ao gestor apenas o pagamento de multa (sem imputa\u00e7\u00e3o de d\u00e9bito e consequente ressarcimento ao er\u00e1rio), ele n\u00e3o estar\u00e1 incurso na causa de inelegibilidade em tela. Portanto, ele estar\u00e1 plenamente eleg\u00edvel, embora o seu nome conste na \u201clista de ineleg\u00edveis\u201d. <\/span><\/span><\/p>\n<p align=\"JUSTIFY\"><span style=\"font-size: medium;\">Na verdade, no mundo jur\u00eddico n\u00e3o existe essa tal \u201clista de ineleg\u00edveis\u201d, porquanto a simples inclus\u00e3o do nome do agente p\u00fablico nesse rol n\u00e3o acarreta a sua inelegibilidade, por se tratar de procedimento meramente informativo. A boa hermen\u00eautica recomenda que se analise caso a caso.<\/span><\/p>\n<p align=\"JUSTIFY\"><span style=\"font-size: medium;\">Com efeito, somente a Justi\u00e7a Eleitoral possui compet\u00eancia para decretar a inelegibilidade de algu\u00e9m. Assim, pelo fato de constar na famigerada lista n\u00e3o significa que o indiv\u00edduo j\u00e1 possa ser considerado ineleg\u00edvel por rejei\u00e7\u00e3o de contas p\u00fablicas.<\/span><\/p>\n<p align=\"JUSTIFY\"><span style=\"font-size: medium;\">Com fundamento nessa listagem e nos documentos comprobat\u00f3rios da pr\u00e1tica de irregularidade insan\u00e1vel que configuere ato doloso de improbidade administrativa, o Minist\u00e9rio P\u00fablico Eleitoral e os demais legitimados (partidos pol\u00edticos, coliga\u00e7\u00f5es e candidatos) podem propor a A\u00e7\u00e3o de Impugna\u00e7\u00e3o de Registro de Candidatura (AIRC). <\/span><\/p>\n<p align=\"JUSTIFY\"><span style=\"font-size: medium;\">O ajuizamento da a\u00e7\u00e3o impugnat\u00f3ria com esteio na rejei\u00e7\u00e3o de contas p\u00fablicas faz parte da disputa pol\u00edtica e da necessidade de depura\u00e7\u00e3o do rol de candidaturas. A pr\u00e1tica eleitoral tem-nos mostrado que a rejei\u00e7\u00e3o de contas p\u00fablicas \u00e9 a causa de inelegibilidade argu\u00edda com maior frequ\u00eancia nos ju\u00edzos e tribunais eleitorais e que tem provocado os embates jur\u00eddicos mais acalorados nas \u00faltimas elei\u00e7\u00f5es. <\/span><\/p>\n","protected":false},"excerpt":{"rendered":"<p>O artigo 11, \u00a7 5\u00ba da Lei das Elei\u00e7\u00f5es disp\u00f5e que at\u00e9 o dia 15 de agosto, os tribunais de [&hellip;]<\/p>\n","protected":false},"author":8,"featured_media":0,"comment_status":"open","ping_status":"open","sticky":false,"template":"","format":"standard","meta":{"site-sidebar-layout":"default","site-content-layout":"","ast-site-content-layout":"default","site-content-style":"default","site-sidebar-style":"default","ast-global-header-display":"","ast-banner-title-visibility":"","ast-main-header-display":"","ast-hfb-above-header-display":"","ast-hfb-below-header-display":"","ast-hfb-mobile-header-display":"","site-post-title":"","ast-breadcrumbs-content":"","ast-featured-img":"","footer-sml-layout":"","ast-disable-related-posts":"","theme-transparent-header-meta":"","adv-header-id-meta":"","stick-header-meta":"","header-above-stick-meta":"","header-main-stick-meta":"","header-below-stick-meta":"","astra-migrate-meta-layouts":"default","ast-page-background-enabled":"default","ast-page-background-meta":{"desktop":{"background-color":"var(--ast-global-color-5)","background-image":"","background-repeat":"repeat","background-position":"center center","background-size":"auto","background-attachment":"scroll","background-type":"","background-media":"","overlay-type":"","overlay-color":"","overlay-opacity":"","overlay-gradient":""},"tablet":{"background-color":"","background-image":"","background-repeat":"repeat","background-position":"center center","background-size":"auto","background-attachment":"scroll","background-type":"","background-media":"","overlay-type":"","overlay-color":"","overlay-opacity":"","overlay-gradient":""},"mobile":{"background-color":"","background-image":"","background-repeat":"repeat","background-position":"center center","background-size":"auto","background-attachment":"scroll","background-type":"","background-media":"","overlay-type":"","overlay-color":"","overlay-opacity":"","overlay-gradient":""}},"ast-content-background-meta":{"desktop":{"background-color":"var(--ast-global-color-4)","background-image":"","background-repeat":"repeat","background-position":"center center","background-size":"auto","background-attachment":"scroll","background-type":"","background-media":"","overlay-type":"","overlay-color":"","overlay-opacity":"","overlay-gradient":""},"tablet":{"background-color":"var(--ast-global-color-4)","background-image":"","background-repeat":"repeat","background-position":"center center","background-size":"auto","background-attachment":"scroll","background-type":"","background-media":"","overlay-type":"","overlay-color":"","overlay-opacity":"","overlay-gradient":""},"mobile":{"background-color":"var(--ast-global-color-4)","background-image":"","background-repeat":"repeat","background-position":"center center","background-size":"auto","background-attachment":"scroll","background-type":"","background-media":"","overlay-type":"","overlay-color":"","overlay-opacity":"","overlay-gradient":""}},"footnotes":""},"categories":[1],"tags":[],"class_list":["post-2845","post","type-post","status-publish","format-standard","hentry","category-sem-categoria"],"yoast_head":"<!-- This site is optimized with the Yoast SEO plugin v26.6 - https:\/\/yoast.com\/wordpress\/plugins\/seo\/ -->\n<title>A controvertida \u201clista de ineleg\u00edveis\u201d - Fl\u00e1vio Braga<\/title>\n<meta name=\"robots\" content=\"index, follow, max-snippet:-1, max-image-preview:large, max-video-preview:-1\" \/>\n<link rel=\"canonical\" href=\"https:\/\/www.blogsoestado.com\/flaviobraga\/a-controvertida-lista-de-inelegiveis\/\" \/>\n<meta property=\"og:locale\" content=\"pt_BR\" \/>\n<meta property=\"og:type\" content=\"article\" \/>\n<meta property=\"og:title\" content=\"A controvertida \u201clista de ineleg\u00edveis\u201d - Fl\u00e1vio Braga\" \/>\n<meta property=\"og:description\" content=\"O artigo 11, \u00a7 5\u00ba da Lei das Elei\u00e7\u00f5es disp\u00f5e que at\u00e9 o dia 15 de agosto, os tribunais de [&hellip;]\" \/>\n<meta property=\"og:url\" content=\"https:\/\/www.blogsoestado.com\/flaviobraga\/a-controvertida-lista-de-inelegiveis\/\" \/>\n<meta property=\"og:site_name\" content=\"Fl\u00e1vio Braga\" \/>\n<meta property=\"article:published_time\" content=\"2016-06-24T15:22:10+00:00\" \/>\n<meta property=\"og:image\" content=\"https:\/\/www.blogsoestado.com\/flaviobraga\/wp-content\/uploads\/sites\/7\/2016\/06\/zzzzzzzzzzzzzzzzzzzzzzzzzzzzzzzzzzzzzzzzzzzzzzzzzzzzzzzzzzzzzzzzzzzzzzzzzzzzzzzzyy-1.jpg\" \/>\n<meta name=\"author\" content=\"Flavio Braga\" \/>\n<meta name=\"twitter:card\" content=\"summary_large_image\" \/>\n<meta name=\"twitter:label1\" content=\"Escrito por\" \/>\n\t<meta name=\"twitter:data1\" content=\"Flavio Braga\" \/>\n\t<meta name=\"twitter:label2\" content=\"Est. tempo de leitura\" \/>\n\t<meta name=\"twitter:data2\" content=\"3 minutos\" \/>\n<script type=\"application\/ld+json\" class=\"yoast-schema-graph\">{\"@context\":\"https:\/\/schema.org\",\"@graph\":[{\"@type\":\"WebPage\",\"@id\":\"https:\/\/www.blogsoestado.com\/flaviobraga\/a-controvertida-lista-de-inelegiveis\/\",\"url\":\"https:\/\/www.blogsoestado.com\/flaviobraga\/a-controvertida-lista-de-inelegiveis\/\",\"name\":\"A controvertida \u201clista de ineleg\u00edveis\u201d - Fl\u00e1vio Braga\",\"isPartOf\":{\"@id\":\"https:\/\/www.blogsoestado.com\/flaviobraga\/#website\"},\"primaryImageOfPage\":{\"@id\":\"https:\/\/www.blogsoestado.com\/flaviobraga\/a-controvertida-lista-de-inelegiveis\/#primaryimage\"},\"image\":{\"@id\":\"https:\/\/www.blogsoestado.com\/flaviobraga\/a-controvertida-lista-de-inelegiveis\/#primaryimage\"},\"thumbnailUrl\":\"https:\/\/www.blogsoestado.com\/flaviobraga\/wp-content\/uploads\/sites\/7\/2016\/06\/zzzzzzzzzzzzzzzzzzzzzzzzzzzzzzzzzzzzzzzzzzzzzzzzzzzzzzzzzzzzzzzzzzzzzzzzzzzzzzzzyy-1.jpg\",\"datePublished\":\"2016-06-24T15:22:10+00:00\",\"author\":{\"@id\":\"https:\/\/www.blogsoestado.com\/flaviobraga\/#\/schema\/person\/6c6c778331775c757a82d15206bd8733\"},\"breadcrumb\":{\"@id\":\"https:\/\/www.blogsoestado.com\/flaviobraga\/a-controvertida-lista-de-inelegiveis\/#breadcrumb\"},\"inLanguage\":\"pt-BR\",\"potentialAction\":[{\"@type\":\"ReadAction\",\"target\":[\"https:\/\/www.blogsoestado.com\/flaviobraga\/a-controvertida-lista-de-inelegiveis\/\"]}]},{\"@type\":\"ImageObject\",\"inLanguage\":\"pt-BR\",\"@id\":\"https:\/\/www.blogsoestado.com\/flaviobraga\/a-controvertida-lista-de-inelegiveis\/#primaryimage\",\"url\":\"https:\/\/www.blogsoestado.com\/flaviobraga\/wp-content\/uploads\/sites\/7\/2016\/06\/zzzzzzzzzzzzzzzzzzzzzzzzzzzzzzzzzzzzzzzzzzzzzzzzzzzzzzzzzzzzzzzzzzzzzzzzzzzzzzzzyy-1.jpg\",\"contentUrl\":\"https:\/\/www.blogsoestado.com\/flaviobraga\/wp-content\/uploads\/sites\/7\/2016\/06\/zzzzzzzzzzzzzzzzzzzzzzzzzzzzzzzzzzzzzzzzzzzzzzzzzzzzzzzzzzzzzzzzzzzzzzzzzzzzzzzzyy-1.jpg\",\"width\":600,\"height\":400},{\"@type\":\"BreadcrumbList\",\"@id\":\"https:\/\/www.blogsoestado.com\/flaviobraga\/a-controvertida-lista-de-inelegiveis\/#breadcrumb\",\"itemListElement\":[{\"@type\":\"ListItem\",\"position\":1,\"name\":\"In\u00edcio\",\"item\":\"https:\/\/www.blogsoestado.com\/flaviobraga\/\"},{\"@type\":\"ListItem\",\"position\":2,\"name\":\"A controvertida \u201clista de ineleg\u00edveis\u201d\"}]},{\"@type\":\"WebSite\",\"@id\":\"https:\/\/www.blogsoestado.com\/flaviobraga\/#website\",\"url\":\"https:\/\/www.blogsoestado.com\/flaviobraga\/\",\"name\":\"Fl\u00e1vio Braga\",\"description\":\"\",\"potentialAction\":[{\"@type\":\"SearchAction\",\"target\":{\"@type\":\"EntryPoint\",\"urlTemplate\":\"https:\/\/www.blogsoestado.com\/flaviobraga\/?s={search_term_string}\"},\"query-input\":{\"@type\":\"PropertyValueSpecification\",\"valueRequired\":true,\"valueName\":\"search_term_string\"}}],\"inLanguage\":\"pt-BR\"},{\"@type\":\"Person\",\"@id\":\"https:\/\/www.blogsoestado.com\/flaviobraga\/#\/schema\/person\/6c6c778331775c757a82d15206bd8733\",\"name\":\"Flavio Braga\",\"image\":{\"@type\":\"ImageObject\",\"inLanguage\":\"pt-BR\",\"@id\":\"https:\/\/www.blogsoestado.com\/flaviobraga\/#\/schema\/person\/image\/\",\"url\":\"https:\/\/secure.gravatar.com\/avatar\/ab173937dad8d78195c87778be8a0285d069ede375ce0ae24aac1cf8e58ccb2c?s=96&d=mm&r=g\",\"contentUrl\":\"https:\/\/secure.gravatar.com\/avatar\/ab173937dad8d78195c87778be8a0285d069ede375ce0ae24aac1cf8e58ccb2c?s=96&d=mm&r=g\",\"caption\":\"Flavio Braga\"},\"url\":\"https:\/\/www.blogsoestado.com\/flaviobraga\/author\/flaviobraga\/\"}]}<\/script>\n<!-- \/ Yoast SEO plugin. -->","yoast_head_json":{"title":"A controvertida \u201clista de ineleg\u00edveis\u201d - Fl\u00e1vio Braga","robots":{"index":"index","follow":"follow","max-snippet":"max-snippet:-1","max-image-preview":"max-image-preview:large","max-video-preview":"max-video-preview:-1"},"canonical":"https:\/\/www.blogsoestado.com\/flaviobraga\/a-controvertida-lista-de-inelegiveis\/","og_locale":"pt_BR","og_type":"article","og_title":"A controvertida \u201clista de ineleg\u00edveis\u201d - Fl\u00e1vio Braga","og_description":"O artigo 11, \u00a7 5\u00ba da Lei das Elei\u00e7\u00f5es disp\u00f5e que at\u00e9 o dia 15 de agosto, os tribunais de [&hellip;]","og_url":"https:\/\/www.blogsoestado.com\/flaviobraga\/a-controvertida-lista-de-inelegiveis\/","og_site_name":"Fl\u00e1vio Braga","article_published_time":"2016-06-24T15:22:10+00:00","og_image":[{"url":"https:\/\/www.blogsoestado.com\/flaviobraga\/wp-content\/uploads\/sites\/7\/2016\/06\/zzzzzzzzzzzzzzzzzzzzzzzzzzzzzzzzzzzzzzzzzzzzzzzzzzzzzzzzzzzzzzzzzzzzzzzzzzzzzzzzyy-1.jpg","type":"","width":"","height":""}],"author":"Flavio Braga","twitter_card":"summary_large_image","twitter_misc":{"Escrito por":"Flavio Braga","Est. tempo de leitura":"3 minutos"},"schema":{"@context":"https:\/\/schema.org","@graph":[{"@type":"WebPage","@id":"https:\/\/www.blogsoestado.com\/flaviobraga\/a-controvertida-lista-de-inelegiveis\/","url":"https:\/\/www.blogsoestado.com\/flaviobraga\/a-controvertida-lista-de-inelegiveis\/","name":"A controvertida \u201clista de ineleg\u00edveis\u201d - Fl\u00e1vio Braga","isPartOf":{"@id":"https:\/\/www.blogsoestado.com\/flaviobraga\/#website"},"primaryImageOfPage":{"@id":"https:\/\/www.blogsoestado.com\/flaviobraga\/a-controvertida-lista-de-inelegiveis\/#primaryimage"},"image":{"@id":"https:\/\/www.blogsoestado.com\/flaviobraga\/a-controvertida-lista-de-inelegiveis\/#primaryimage"},"thumbnailUrl":"https:\/\/www.blogsoestado.com\/flaviobraga\/wp-content\/uploads\/sites\/7\/2016\/06\/zzzzzzzzzzzzzzzzzzzzzzzzzzzzzzzzzzzzzzzzzzzzzzzzzzzzzzzzzzzzzzzzzzzzzzzzzzzzzzzzyy-1.jpg","datePublished":"2016-06-24T15:22:10+00:00","author":{"@id":"https:\/\/www.blogsoestado.com\/flaviobraga\/#\/schema\/person\/6c6c778331775c757a82d15206bd8733"},"breadcrumb":{"@id":"https:\/\/www.blogsoestado.com\/flaviobraga\/a-controvertida-lista-de-inelegiveis\/#breadcrumb"},"inLanguage":"pt-BR","potentialAction":[{"@type":"ReadAction","target":["https:\/\/www.blogsoestado.com\/flaviobraga\/a-controvertida-lista-de-inelegiveis\/"]}]},{"@type":"ImageObject","inLanguage":"pt-BR","@id":"https:\/\/www.blogsoestado.com\/flaviobraga\/a-controvertida-lista-de-inelegiveis\/#primaryimage","url":"https:\/\/www.blogsoestado.com\/flaviobraga\/wp-content\/uploads\/sites\/7\/2016\/06\/zzzzzzzzzzzzzzzzzzzzzzzzzzzzzzzzzzzzzzzzzzzzzzzzzzzzzzzzzzzzzzzzzzzzzzzzzzzzzzzzyy-1.jpg","contentUrl":"https:\/\/www.blogsoestado.com\/flaviobraga\/wp-content\/uploads\/sites\/7\/2016\/06\/zzzzzzzzzzzzzzzzzzzzzzzzzzzzzzzzzzzzzzzzzzzzzzzzzzzzzzzzzzzzzzzzzzzzzzzzzzzzzzzzyy-1.jpg","width":600,"height":400},{"@type":"BreadcrumbList","@id":"https:\/\/www.blogsoestado.com\/flaviobraga\/a-controvertida-lista-de-inelegiveis\/#breadcrumb","itemListElement":[{"@type":"ListItem","position":1,"name":"In\u00edcio","item":"https:\/\/www.blogsoestado.com\/flaviobraga\/"},{"@type":"ListItem","position":2,"name":"A controvertida \u201clista de ineleg\u00edveis\u201d"}]},{"@type":"WebSite","@id":"https:\/\/www.blogsoestado.com\/flaviobraga\/#website","url":"https:\/\/www.blogsoestado.com\/flaviobraga\/","name":"Fl\u00e1vio Braga","description":"","potentialAction":[{"@type":"SearchAction","target":{"@type":"EntryPoint","urlTemplate":"https:\/\/www.blogsoestado.com\/flaviobraga\/?s={search_term_string}"},"query-input":{"@type":"PropertyValueSpecification","valueRequired":true,"valueName":"search_term_string"}}],"inLanguage":"pt-BR"},{"@type":"Person","@id":"https:\/\/www.blogsoestado.com\/flaviobraga\/#\/schema\/person\/6c6c778331775c757a82d15206bd8733","name":"Flavio Braga","image":{"@type":"ImageObject","inLanguage":"pt-BR","@id":"https:\/\/www.blogsoestado.com\/flaviobraga\/#\/schema\/person\/image\/","url":"https:\/\/secure.gravatar.com\/avatar\/ab173937dad8d78195c87778be8a0285d069ede375ce0ae24aac1cf8e58ccb2c?s=96&d=mm&r=g","contentUrl":"https:\/\/secure.gravatar.com\/avatar\/ab173937dad8d78195c87778be8a0285d069ede375ce0ae24aac1cf8e58ccb2c?s=96&d=mm&r=g","caption":"Flavio Braga"},"url":"https:\/\/www.blogsoestado.com\/flaviobraga\/author\/flaviobraga\/"}]}},"jetpack_featured_media_url":"","_links":{"self":[{"href":"https:\/\/www.blogsoestado.com\/flaviobraga\/wp-json\/wp\/v2\/posts\/2845","targetHints":{"allow":["GET"]}}],"collection":[{"href":"https:\/\/www.blogsoestado.com\/flaviobraga\/wp-json\/wp\/v2\/posts"}],"about":[{"href":"https:\/\/www.blogsoestado.com\/flaviobraga\/wp-json\/wp\/v2\/types\/post"}],"author":[{"embeddable":true,"href":"https:\/\/www.blogsoestado.com\/flaviobraga\/wp-json\/wp\/v2\/users\/8"}],"replies":[{"embeddable":true,"href":"https:\/\/www.blogsoestado.com\/flaviobraga\/wp-json\/wp\/v2\/comments?post=2845"}],"version-history":[{"count":0,"href":"https:\/\/www.blogsoestado.com\/flaviobraga\/wp-json\/wp\/v2\/posts\/2845\/revisions"}],"wp:attachment":[{"href":"https:\/\/www.blogsoestado.com\/flaviobraga\/wp-json\/wp\/v2\/media?parent=2845"}],"wp:term":[{"taxonomy":"category","embeddable":true,"href":"https:\/\/www.blogsoestado.com\/flaviobraga\/wp-json\/wp\/v2\/categories?post=2845"},{"taxonomy":"post_tag","embeddable":true,"href":"https:\/\/www.blogsoestado.com\/flaviobraga\/wp-json\/wp\/v2\/tags?post=2845"}],"curies":[{"name":"wp","href":"https:\/\/api.w.org\/{rel}","templated":true}]}}