{"id":2927,"date":"2017-02-01T12:43:51","date_gmt":"2017-02-01T15:43:51","guid":{"rendered":"https:\/\/www.blogsoestado.com\/flaviobraga\/?p=2927"},"modified":"2017-02-01T12:43:51","modified_gmt":"2017-02-01T15:43:51","slug":"tire-suas-duvidas-sobre-o-projeto-diques-da-baixada","status":"publish","type":"post","link":"https:\/\/www.blogsoestado.com\/flaviobraga\/tire-suas-duvidas-sobre-o-projeto-diques-da-baixada\/","title":{"rendered":"Tire suas d\u00favidas sobre o Projeto Diques da Baixada"},"content":{"rendered":"<p><a href=\"https:\/\/www.blogsoestado.com\/flaviobraga\/2017\/01\/11\/luiz-figueiredo-mais-um-ano-sem-os-diques-da-baixada-maranhense\/diques-2\/\" rel=\"attachment wp-att-2919\"><img fetchpriority=\"high\" decoding=\"async\" class=\"aligncenter  wp-image-2919\" src=\"https:\/\/www.blogsoestado.com\/flaviobraga\/wp-content\/uploads\/sites\/7\/2017\/01\/Diques-2-1.jpg\" alt=\"\" width=\"417\" height=\"295\" srcset=\"https:\/\/www.blogsoestado.com\/flaviobraga\/wp-content\/uploads\/sites\/7\/2017\/01\/Diques-2-1.jpg 1600w, https:\/\/www.blogsoestado.com\/flaviobraga\/wp-content\/uploads\/sites\/7\/2017\/01\/Diques-2-1-300x212.jpg 300w, https:\/\/www.blogsoestado.com\/flaviobraga\/wp-content\/uploads\/sites\/7\/2017\/01\/Diques-2-1-1024x724.jpg 1024w, https:\/\/www.blogsoestado.com\/flaviobraga\/wp-content\/uploads\/sites\/7\/2017\/01\/Diques-2-1-768x543.jpg 768w, https:\/\/www.blogsoestado.com\/flaviobraga\/wp-content\/uploads\/sites\/7\/2017\/01\/Diques-2-1-1536x1087.jpg 1536w\" sizes=\"(max-width: 417px) 100vw, 417px\" \/><\/a><\/p>\n<p align=\"JUSTIFY\"><span style=\"font-size: medium;\">O projeto Diques da Baixada prev\u00ea a constru\u00e7\u00e3o de uma barreira (utilizando o barro do campo) margeando a Ba\u00eda de S\u00e3o Marcos, com uma extens\u00e3o total de 71km, beneficiando diretamente os munic\u00edpios de Viana, Matinha, S\u00e3o Jo\u00e3o Batista, S\u00e3o Vicente F\u00e9rrer, Cajapi\u00f3, S\u00e3o Bento e Bacurituba. Indiretamente toda a Baixada ser\u00e1 favorecida.<\/span><\/p>\n<p align=\"JUSTIFY\"><span style=\"font-size: medium;\">Os principais objetivos do projeto consistem em: proteger as \u00e1reas baixas do campo contra a invas\u00e3o da \u00e1gua salgada; armazenar a \u00e1gua doce proveniente da chuva, retardando o escoamento para o mar, sem alterar as cotas m\u00e1ximas de inunda\u00e7\u00e3o; aumentar a oferta de \u00e1gua doce para m\u00faltiplos usos no per\u00edodo cr\u00edtico da estiagem anual; aumentar a produ\u00e7\u00e3o de alimentos; contribuir para a redu\u00e7\u00e3o da pobreza rural e preservar o meio ambiente da Baixada Maranhense.<\/span><\/p>\n<p align=\"JUSTIFY\"><span style=\"font-size: medium;\">Os Diques da Baixada ter\u00e3o 19m de largura, em m\u00e9dia, sendo 13m de pista de rolamento e uma altura m\u00e9dia de 5m. Ao longo dos diques ser\u00e3o constru\u00eddos 22 vertedouros para controlar a altura da l\u00e2mina d&#8217;\u00e1gua e a velocidade de escoamento das \u00e1guas. <\/span><\/p>\n<p align=\"JUSTIFY\"><span style=\"font-size: medium;\">Ao lado dos diques, com a retirada do barro, ser\u00e1 aberto um canal com a largura m\u00e9dia de 30m e profundidade de 1,50, que permitir\u00e1 o tr\u00e1fego de pequenas embarca\u00e7\u00f5es entre Viana e Bacurituba durante todo ano.<\/span><\/p>\n<p align=\"JUSTIFY\"><span style=\"font-size: medium;\">\u00c9 importante esclarecer que n\u00e3o haver\u00e1 pereniza\u00e7\u00e3o das \u00e1guas dos campos da Baixada, ou seja, o ciclo natural ser\u00e1 mantido. Haver\u00e1 \u00e9poca de cheia e \u00e9poca de seca, apenas a \u00e9poca de cheia se prolongar\u00e1 por mais tempo. Tamb\u00e9m n\u00e3o haver\u00e1 alagamentos, pois a \u00e1gua s\u00f3 alcan\u00e7ar\u00e1 os mesmos locais que atinge atualmente na \u00e9poca das cheias. <\/span><\/p>\n<p align=\"JUSTIFY\"><span style=\"font-size: medium;\">O projeto \u00e9 de responsabilidade da Companhia de Desenvolvimento dos Vales do S\u00e3o Francisco e do Parna\u00edba (Codevasf) e j\u00e1 existem, no or\u00e7amento da Uni\u00e3o de 2017, recursos suficientes para os estudos e execu\u00e7\u00e3o das obras. Inequivocamente, a constru\u00e7\u00e3o dos Diques representar\u00e1 a reden\u00e7\u00e3o da Baixada Maranhense, com melhoria imediata nas condi\u00e7\u00f5es de vida da popula\u00e7\u00e3o rural beneficiada. Por essa raz\u00e3o, esse projeto \u00e9 a principal bandeira de luta do F\u00f3rum em Defesa da Baixada Maranhense.<\/span><\/p>\n","protected":false},"excerpt":{"rendered":"<p>O projeto Diques da Baixada prev\u00ea a constru\u00e7\u00e3o de uma barreira (utilizando o barro do campo) margeando a Ba\u00eda de [&hellip;]<\/p>\n","protected":false},"author":8,"featured_media":0,"comment_status":"open","ping_status":"open","sticky":false,"template":"","format":"standard","meta":{"site-sidebar-layout":"default","site-content-layout":"","ast-site-content-layout":"default","site-content-style":"default","site-sidebar-style":"default","ast-global-header-display":"","ast-banner-title-visibility":"","ast-main-header-display":"","ast-hfb-above-header-display":"","ast-hfb-below-header-display":"","ast-hfb-mobile-header-display":"","site-post-title":"","ast-breadcrumbs-content":"","ast-featured-img":"","footer-sml-layout":"","ast-disable-related-posts":"","theme-transparent-header-meta":"","adv-header-id-meta":"","stick-header-meta":"","header-above-stick-meta":"","header-main-stick-meta":"","header-below-stick-meta":"","astra-migrate-meta-layouts":"default","ast-page-background-enabled":"default","ast-page-background-meta":{"desktop":{"background-color":"var(--ast-global-color-5)","background-image":"","background-repeat":"repeat","background-position":"center center","background-size":"auto","background-attachment":"scroll","background-type":"","background-media":"","overlay-type":"","overlay-color":"","overlay-opacity":"","overlay-gradient":""},"tablet":{"background-color":"","background-image":"","background-repeat":"repeat","background-position":"center center","background-size":"auto","background-attachment":"scroll","background-type":"","background-media":"","overlay-type":"","overlay-color":"","overlay-opacity":"","overlay-gradient":""},"mobile":{"background-color":"","background-image":"","background-repeat":"repeat","background-position":"center center","background-size":"auto","background-attachment":"scroll","background-type":"","background-media":"","overlay-type":"","overlay-color":"","overlay-opacity":"","overlay-gradient":""}},"ast-content-background-meta":{"desktop":{"background-color":"var(--ast-global-color-4)","background-image":"","background-repeat":"repeat","background-position":"center center","background-size":"auto","background-attachment":"scroll","background-type":"","background-media":"","overlay-type":"","overlay-color":"","overlay-opacity":"","overlay-gradient":""},"tablet":{"background-color":"var(--ast-global-color-4)","background-image":"","background-repeat":"repeat","background-position":"center center","background-size":"auto","background-attachment":"scroll","background-type":"","background-media":"","overlay-type":"","overlay-color":"","overlay-opacity":"","overlay-gradient":""},"mobile":{"background-color":"var(--ast-global-color-4)","background-image":"","background-repeat":"repeat","background-position":"center center","background-size":"auto","background-attachment":"scroll","background-type":"","background-media":"","overlay-type":"","overlay-color":"","overlay-opacity":"","overlay-gradient":""}},"footnotes":""},"categories":[1],"tags":[],"class_list":["post-2927","post","type-post","status-publish","format-standard","hentry","category-sem-categoria"],"yoast_head":"<!-- This site is optimized with the Yoast SEO plugin v26.6 - https:\/\/yoast.com\/wordpress\/plugins\/seo\/ -->\n<title>Tire suas d\u00favidas sobre o Projeto Diques da Baixada - Fl\u00e1vio Braga<\/title>\n<meta name=\"robots\" content=\"index, follow, max-snippet:-1, max-image-preview:large, max-video-preview:-1\" \/>\n<link rel=\"canonical\" href=\"https:\/\/www.blogsoestado.com\/flaviobraga\/tire-suas-duvidas-sobre-o-projeto-diques-da-baixada\/\" \/>\n<meta property=\"og:locale\" content=\"pt_BR\" \/>\n<meta property=\"og:type\" content=\"article\" \/>\n<meta property=\"og:title\" content=\"Tire suas d\u00favidas sobre o Projeto Diques da Baixada - Fl\u00e1vio Braga\" \/>\n<meta property=\"og:description\" content=\"O projeto Diques da Baixada prev\u00ea a constru\u00e7\u00e3o de uma barreira (utilizando o barro do campo) margeando a Ba\u00eda de [&hellip;]\" \/>\n<meta property=\"og:url\" content=\"https:\/\/www.blogsoestado.com\/flaviobraga\/tire-suas-duvidas-sobre-o-projeto-diques-da-baixada\/\" \/>\n<meta property=\"og:site_name\" content=\"Fl\u00e1vio Braga\" \/>\n<meta property=\"article:published_time\" content=\"2017-02-01T15:43:51+00:00\" \/>\n<meta property=\"og:image\" content=\"https:\/\/www.blogsoestado.com\/flaviobraga\/wp-content\/uploads\/sites\/7\/2017\/01\/Diques-2-1.jpg\" \/>\n<meta name=\"author\" content=\"Flavio Braga\" \/>\n<meta name=\"twitter:card\" content=\"summary_large_image\" \/>\n<meta name=\"twitter:label1\" content=\"Escrito por\" \/>\n\t<meta name=\"twitter:data1\" content=\"Flavio Braga\" \/>\n\t<meta name=\"twitter:label2\" content=\"Est. tempo de leitura\" \/>\n\t<meta name=\"twitter:data2\" content=\"2 minutos\" \/>\n<script type=\"application\/ld+json\" class=\"yoast-schema-graph\">{\"@context\":\"https:\/\/schema.org\",\"@graph\":[{\"@type\":\"WebPage\",\"@id\":\"https:\/\/www.blogsoestado.com\/flaviobraga\/tire-suas-duvidas-sobre-o-projeto-diques-da-baixada\/\",\"url\":\"https:\/\/www.blogsoestado.com\/flaviobraga\/tire-suas-duvidas-sobre-o-projeto-diques-da-baixada\/\",\"name\":\"Tire suas d\u00favidas sobre o Projeto Diques da Baixada - Fl\u00e1vio Braga\",\"isPartOf\":{\"@id\":\"https:\/\/www.blogsoestado.com\/flaviobraga\/#website\"},\"primaryImageOfPage\":{\"@id\":\"https:\/\/www.blogsoestado.com\/flaviobraga\/tire-suas-duvidas-sobre-o-projeto-diques-da-baixada\/#primaryimage\"},\"image\":{\"@id\":\"https:\/\/www.blogsoestado.com\/flaviobraga\/tire-suas-duvidas-sobre-o-projeto-diques-da-baixada\/#primaryimage\"},\"thumbnailUrl\":\"https:\/\/www.blogsoestado.com\/flaviobraga\/wp-content\/uploads\/sites\/7\/2017\/01\/Diques-2-1.jpg\",\"datePublished\":\"2017-02-01T15:43:51+00:00\",\"author\":{\"@id\":\"https:\/\/www.blogsoestado.com\/flaviobraga\/#\/schema\/person\/6c6c778331775c757a82d15206bd8733\"},\"breadcrumb\":{\"@id\":\"https:\/\/www.blogsoestado.com\/flaviobraga\/tire-suas-duvidas-sobre-o-projeto-diques-da-baixada\/#breadcrumb\"},\"inLanguage\":\"pt-BR\",\"potentialAction\":[{\"@type\":\"ReadAction\",\"target\":[\"https:\/\/www.blogsoestado.com\/flaviobraga\/tire-suas-duvidas-sobre-o-projeto-diques-da-baixada\/\"]}]},{\"@type\":\"ImageObject\",\"inLanguage\":\"pt-BR\",\"@id\":\"https:\/\/www.blogsoestado.com\/flaviobraga\/tire-suas-duvidas-sobre-o-projeto-diques-da-baixada\/#primaryimage\",\"url\":\"https:\/\/www.blogsoestado.com\/flaviobraga\/wp-content\/uploads\/sites\/7\/2017\/01\/Diques-2-1.jpg\",\"contentUrl\":\"https:\/\/www.blogsoestado.com\/flaviobraga\/wp-content\/uploads\/sites\/7\/2017\/01\/Diques-2-1.jpg\",\"width\":1600,\"height\":1132},{\"@type\":\"BreadcrumbList\",\"@id\":\"https:\/\/www.blogsoestado.com\/flaviobraga\/tire-suas-duvidas-sobre-o-projeto-diques-da-baixada\/#breadcrumb\",\"itemListElement\":[{\"@type\":\"ListItem\",\"position\":1,\"name\":\"In\u00edcio\",\"item\":\"https:\/\/www.blogsoestado.com\/flaviobraga\/\"},{\"@type\":\"ListItem\",\"position\":2,\"name\":\"Tire suas d\u00favidas sobre o Projeto Diques da Baixada\"}]},{\"@type\":\"WebSite\",\"@id\":\"https:\/\/www.blogsoestado.com\/flaviobraga\/#website\",\"url\":\"https:\/\/www.blogsoestado.com\/flaviobraga\/\",\"name\":\"Fl\u00e1vio Braga\",\"description\":\"\",\"potentialAction\":[{\"@type\":\"SearchAction\",\"target\":{\"@type\":\"EntryPoint\",\"urlTemplate\":\"https:\/\/www.blogsoestado.com\/flaviobraga\/?s={search_term_string}\"},\"query-input\":{\"@type\":\"PropertyValueSpecification\",\"valueRequired\":true,\"valueName\":\"search_term_string\"}}],\"inLanguage\":\"pt-BR\"},{\"@type\":\"Person\",\"@id\":\"https:\/\/www.blogsoestado.com\/flaviobraga\/#\/schema\/person\/6c6c778331775c757a82d15206bd8733\",\"name\":\"Flavio Braga\",\"image\":{\"@type\":\"ImageObject\",\"inLanguage\":\"pt-BR\",\"@id\":\"https:\/\/www.blogsoestado.com\/flaviobraga\/#\/schema\/person\/image\/\",\"url\":\"https:\/\/secure.gravatar.com\/avatar\/ab173937dad8d78195c87778be8a0285d069ede375ce0ae24aac1cf8e58ccb2c?s=96&d=mm&r=g\",\"contentUrl\":\"https:\/\/secure.gravatar.com\/avatar\/ab173937dad8d78195c87778be8a0285d069ede375ce0ae24aac1cf8e58ccb2c?s=96&d=mm&r=g\",\"caption\":\"Flavio Braga\"},\"url\":\"https:\/\/www.blogsoestado.com\/flaviobraga\/author\/flaviobraga\/\"}]}<\/script>\n<!-- \/ Yoast SEO plugin. -->","yoast_head_json":{"title":"Tire suas d\u00favidas sobre o Projeto Diques da Baixada - Fl\u00e1vio Braga","robots":{"index":"index","follow":"follow","max-snippet":"max-snippet:-1","max-image-preview":"max-image-preview:large","max-video-preview":"max-video-preview:-1"},"canonical":"https:\/\/www.blogsoestado.com\/flaviobraga\/tire-suas-duvidas-sobre-o-projeto-diques-da-baixada\/","og_locale":"pt_BR","og_type":"article","og_title":"Tire suas d\u00favidas sobre o Projeto Diques da Baixada - Fl\u00e1vio Braga","og_description":"O projeto Diques da Baixada prev\u00ea a constru\u00e7\u00e3o de uma barreira (utilizando o barro do campo) margeando a Ba\u00eda de [&hellip;]","og_url":"https:\/\/www.blogsoestado.com\/flaviobraga\/tire-suas-duvidas-sobre-o-projeto-diques-da-baixada\/","og_site_name":"Fl\u00e1vio Braga","article_published_time":"2017-02-01T15:43:51+00:00","og_image":[{"url":"https:\/\/www.blogsoestado.com\/flaviobraga\/wp-content\/uploads\/sites\/7\/2017\/01\/Diques-2-1.jpg","type":"","width":"","height":""}],"author":"Flavio Braga","twitter_card":"summary_large_image","twitter_misc":{"Escrito por":"Flavio Braga","Est. tempo de leitura":"2 minutos"},"schema":{"@context":"https:\/\/schema.org","@graph":[{"@type":"WebPage","@id":"https:\/\/www.blogsoestado.com\/flaviobraga\/tire-suas-duvidas-sobre-o-projeto-diques-da-baixada\/","url":"https:\/\/www.blogsoestado.com\/flaviobraga\/tire-suas-duvidas-sobre-o-projeto-diques-da-baixada\/","name":"Tire suas d\u00favidas sobre o Projeto Diques da Baixada - Fl\u00e1vio Braga","isPartOf":{"@id":"https:\/\/www.blogsoestado.com\/flaviobraga\/#website"},"primaryImageOfPage":{"@id":"https:\/\/www.blogsoestado.com\/flaviobraga\/tire-suas-duvidas-sobre-o-projeto-diques-da-baixada\/#primaryimage"},"image":{"@id":"https:\/\/www.blogsoestado.com\/flaviobraga\/tire-suas-duvidas-sobre-o-projeto-diques-da-baixada\/#primaryimage"},"thumbnailUrl":"https:\/\/www.blogsoestado.com\/flaviobraga\/wp-content\/uploads\/sites\/7\/2017\/01\/Diques-2-1.jpg","datePublished":"2017-02-01T15:43:51+00:00","author":{"@id":"https:\/\/www.blogsoestado.com\/flaviobraga\/#\/schema\/person\/6c6c778331775c757a82d15206bd8733"},"breadcrumb":{"@id":"https:\/\/www.blogsoestado.com\/flaviobraga\/tire-suas-duvidas-sobre-o-projeto-diques-da-baixada\/#breadcrumb"},"inLanguage":"pt-BR","potentialAction":[{"@type":"ReadAction","target":["https:\/\/www.blogsoestado.com\/flaviobraga\/tire-suas-duvidas-sobre-o-projeto-diques-da-baixada\/"]}]},{"@type":"ImageObject","inLanguage":"pt-BR","@id":"https:\/\/www.blogsoestado.com\/flaviobraga\/tire-suas-duvidas-sobre-o-projeto-diques-da-baixada\/#primaryimage","url":"https:\/\/www.blogsoestado.com\/flaviobraga\/wp-content\/uploads\/sites\/7\/2017\/01\/Diques-2-1.jpg","contentUrl":"https:\/\/www.blogsoestado.com\/flaviobraga\/wp-content\/uploads\/sites\/7\/2017\/01\/Diques-2-1.jpg","width":1600,"height":1132},{"@type":"BreadcrumbList","@id":"https:\/\/www.blogsoestado.com\/flaviobraga\/tire-suas-duvidas-sobre-o-projeto-diques-da-baixada\/#breadcrumb","itemListElement":[{"@type":"ListItem","position":1,"name":"In\u00edcio","item":"https:\/\/www.blogsoestado.com\/flaviobraga\/"},{"@type":"ListItem","position":2,"name":"Tire suas d\u00favidas sobre o Projeto Diques da Baixada"}]},{"@type":"WebSite","@id":"https:\/\/www.blogsoestado.com\/flaviobraga\/#website","url":"https:\/\/www.blogsoestado.com\/flaviobraga\/","name":"Fl\u00e1vio Braga","description":"","potentialAction":[{"@type":"SearchAction","target":{"@type":"EntryPoint","urlTemplate":"https:\/\/www.blogsoestado.com\/flaviobraga\/?s={search_term_string}"},"query-input":{"@type":"PropertyValueSpecification","valueRequired":true,"valueName":"search_term_string"}}],"inLanguage":"pt-BR"},{"@type":"Person","@id":"https:\/\/www.blogsoestado.com\/flaviobraga\/#\/schema\/person\/6c6c778331775c757a82d15206bd8733","name":"Flavio Braga","image":{"@type":"ImageObject","inLanguage":"pt-BR","@id":"https:\/\/www.blogsoestado.com\/flaviobraga\/#\/schema\/person\/image\/","url":"https:\/\/secure.gravatar.com\/avatar\/ab173937dad8d78195c87778be8a0285d069ede375ce0ae24aac1cf8e58ccb2c?s=96&d=mm&r=g","contentUrl":"https:\/\/secure.gravatar.com\/avatar\/ab173937dad8d78195c87778be8a0285d069ede375ce0ae24aac1cf8e58ccb2c?s=96&d=mm&r=g","caption":"Flavio Braga"},"url":"https:\/\/www.blogsoestado.com\/flaviobraga\/author\/flaviobraga\/"}]}},"jetpack_featured_media_url":"","_links":{"self":[{"href":"https:\/\/www.blogsoestado.com\/flaviobraga\/wp-json\/wp\/v2\/posts\/2927","targetHints":{"allow":["GET"]}}],"collection":[{"href":"https:\/\/www.blogsoestado.com\/flaviobraga\/wp-json\/wp\/v2\/posts"}],"about":[{"href":"https:\/\/www.blogsoestado.com\/flaviobraga\/wp-json\/wp\/v2\/types\/post"}],"author":[{"embeddable":true,"href":"https:\/\/www.blogsoestado.com\/flaviobraga\/wp-json\/wp\/v2\/users\/8"}],"replies":[{"embeddable":true,"href":"https:\/\/www.blogsoestado.com\/flaviobraga\/wp-json\/wp\/v2\/comments?post=2927"}],"version-history":[{"count":0,"href":"https:\/\/www.blogsoestado.com\/flaviobraga\/wp-json\/wp\/v2\/posts\/2927\/revisions"}],"wp:attachment":[{"href":"https:\/\/www.blogsoestado.com\/flaviobraga\/wp-json\/wp\/v2\/media?parent=2927"}],"wp:term":[{"taxonomy":"category","embeddable":true,"href":"https:\/\/www.blogsoestado.com\/flaviobraga\/wp-json\/wp\/v2\/categories?post=2927"},{"taxonomy":"post_tag","embeddable":true,"href":"https:\/\/www.blogsoestado.com\/flaviobraga\/wp-json\/wp\/v2\/tags?post=2927"}],"curies":[{"name":"wp","href":"https:\/\/api.w.org\/{rel}","templated":true}]}}