{"id":2955,"date":"2017-04-20T13:04:54","date_gmt":"2017-04-20T16:04:54","guid":{"rendered":"https:\/\/www.blogsoestado.com\/flaviobraga\/?p=2955"},"modified":"2017-04-20T13:04:54","modified_gmt":"2017-04-20T16:04:54","slug":"tarcisio-vieira-de-carvalho-neto-e-nomeado-ministro-titular-do-tse","status":"publish","type":"post","link":"https:\/\/www.blogsoestado.com\/flaviobraga\/tarcisio-vieira-de-carvalho-neto-e-nomeado-ministro-titular-do-tse\/","title":{"rendered":"Tarcisio Vieira de Carvalho Neto \u00e9 nomeado ministro titular do TSE"},"content":{"rendered":"<style type=\"text\/css\">\n\t<!--\n\t\t@page { margin: 2cm }\n\t\tP { margin-bottom: 0.21cm }\n\t-->\n\t<\/style>\n<p align=\"JUSTIFY\"><span style=\"font-size: medium;\">O presidente da Rep\u00fablica, Michel Temer, nomeou o jurista Tarcisio Vieira de Carvalho Neto para o cargo de ministro titular do Tribunal Superior Eleitoral (TSE) na classe dos advogados. A nomea\u00e7\u00e3o foi publicada no Di\u00e1rio Oficial da Uni\u00e3o (DOU) desta quinta-feira (20).<\/span><\/p>\n<p align=\"JUSTIFY\"><span style=\"font-size: medium;\">Tarcisio Vieira ocupar\u00e1 a vaga que ser\u00e1 deixada pela ministra Luciana L\u00f3ssio, que termina o seu segundo bi\u00eanio como titular da Corte em 5 de maio. Tarcisio \u00e9 ministro substituto do TSE desde 25 de fevereiro de 2014, tendo sido reconduzido uma vez ao cargo em 26 de fevereiro de 2016.<\/span><\/p>\n<p align=\"JUSTIFY\"><span style=\"font-size: medium;\">Ele foi escolhido dentre os nomes que figuravam na lista tr\u00edplice enviada pelo Supremo Tribunal Federal (STF) \u00e0 Presid\u00eancia da Rep\u00fablica. Na lista, tamb\u00e9m constavam os nomes dos advogados S\u00e9rgio Silveira Banhos e Carlos Bastide Horbach.<\/span><\/p>\n<p align=\"JUSTIFY\"><span style=\"font-size: medium;\"><b>Perfil <\/b><\/span><\/p>\n<p align=\"JUSTIFY\"><span style=\"font-size: medium;\">Natural do Rio de Janeiro (RJ), Tarcisio Vieira \u00e9 graduado em Direito pela Universidade de Bras\u00edlia (UnB), mestre e doutor em Direito do Estado pela Universidade de S\u00e3o Paulo (USP). \u00c9 subprocurador-geral do Distrito Federal, professor adjunto da Faculdade de Direito da UnB e especialista em Direito Eleitoral. Ele tamb\u00e9m \u00e9 membro da Comiss\u00e3o Especial de Direito Eleitoral, do Conselho Federal da Ordem dos Advogados do Brasil (OAB). Tarcisio Vieira de Carvalho Neto \u00e9 autor de diversos artigos e obras bibliogr\u00e1ficas, dentre eles o livro \u201cO princ\u00edpio da impessoalidade nas decis\u00f5es administrativas\u201d.<\/span><\/p>\n","protected":false},"excerpt":{"rendered":"<p>O presidente da Rep\u00fablica, Michel Temer, nomeou o jurista Tarcisio Vieira de Carvalho Neto para o cargo de ministro titular [&hellip;]<\/p>\n","protected":false},"author":8,"featured_media":0,"comment_status":"open","ping_status":"open","sticky":false,"template":"","format":"standard","meta":{"site-sidebar-layout":"default","site-content-layout":"","ast-site-content-layout":"default","site-content-style":"default","site-sidebar-style":"default","ast-global-header-display":"","ast-banner-title-visibility":"","ast-main-header-display":"","ast-hfb-above-header-display":"","ast-hfb-below-header-display":"","ast-hfb-mobile-header-display":"","site-post-title":"","ast-breadcrumbs-content":"","ast-featured-img":"","footer-sml-layout":"","ast-disable-related-posts":"","theme-transparent-header-meta":"","adv-header-id-meta":"","stick-header-meta":"","header-above-stick-meta":"","header-main-stick-meta":"","header-below-stick-meta":"","astra-migrate-meta-layouts":"default","ast-page-background-enabled":"default","ast-page-background-meta":{"desktop":{"background-color":"var(--ast-global-color-5)","background-image":"","background-repeat":"repeat","background-position":"center center","background-size":"auto","background-attachment":"scroll","background-type":"","background-media":"","overlay-type":"","overlay-color":"","overlay-opacity":"","overlay-gradient":""},"tablet":{"background-color":"","background-image":"","background-repeat":"repeat","background-position":"center center","background-size":"auto","background-attachment":"scroll","background-type":"","background-media":"","overlay-type":"","overlay-color":"","overlay-opacity":"","overlay-gradient":""},"mobile":{"background-color":"","background-image":"","background-repeat":"repeat","background-position":"center center","background-size":"auto","background-attachment":"scroll","background-type":"","background-media":"","overlay-type":"","overlay-color":"","overlay-opacity":"","overlay-gradient":""}},"ast-content-background-meta":{"desktop":{"background-color":"var(--ast-global-color-4)","background-image":"","background-repeat":"repeat","background-position":"center center","background-size":"auto","background-attachment":"scroll","background-type":"","background-media":"","overlay-type":"","overlay-color":"","overlay-opacity":"","overlay-gradient":""},"tablet":{"background-color":"var(--ast-global-color-4)","background-image":"","background-repeat":"repeat","background-position":"center center","background-size":"auto","background-attachment":"scroll","background-type":"","background-media":"","overlay-type":"","overlay-color":"","overlay-opacity":"","overlay-gradient":""},"mobile":{"background-color":"var(--ast-global-color-4)","background-image":"","background-repeat":"repeat","background-position":"center center","background-size":"auto","background-attachment":"scroll","background-type":"","background-media":"","overlay-type":"","overlay-color":"","overlay-opacity":"","overlay-gradient":""}},"footnotes":""},"categories":[1],"tags":[],"class_list":["post-2955","post","type-post","status-publish","format-standard","hentry","category-sem-categoria"],"yoast_head":"<!-- This site is optimized with the Yoast SEO plugin v26.6 - https:\/\/yoast.com\/wordpress\/plugins\/seo\/ -->\n<title>Tarcisio Vieira de Carvalho Neto \u00e9 nomeado ministro titular do TSE - Fl\u00e1vio Braga<\/title>\n<meta name=\"robots\" content=\"index, follow, max-snippet:-1, max-image-preview:large, max-video-preview:-1\" \/>\n<link rel=\"canonical\" href=\"https:\/\/www.blogsoestado.com\/flaviobraga\/tarcisio-vieira-de-carvalho-neto-e-nomeado-ministro-titular-do-tse\/\" \/>\n<meta property=\"og:locale\" content=\"pt_BR\" \/>\n<meta property=\"og:type\" content=\"article\" \/>\n<meta property=\"og:title\" content=\"Tarcisio Vieira de Carvalho Neto \u00e9 nomeado ministro titular do TSE - Fl\u00e1vio Braga\" \/>\n<meta property=\"og:description\" content=\"O presidente da Rep\u00fablica, Michel Temer, nomeou o jurista Tarcisio Vieira de Carvalho Neto para o cargo de ministro titular [&hellip;]\" \/>\n<meta property=\"og:url\" content=\"https:\/\/www.blogsoestado.com\/flaviobraga\/tarcisio-vieira-de-carvalho-neto-e-nomeado-ministro-titular-do-tse\/\" \/>\n<meta property=\"og:site_name\" content=\"Fl\u00e1vio Braga\" \/>\n<meta property=\"article:published_time\" content=\"2017-04-20T16:04:54+00:00\" \/>\n<meta name=\"author\" content=\"Flavio Braga\" \/>\n<meta name=\"twitter:card\" content=\"summary_large_image\" \/>\n<meta name=\"twitter:label1\" content=\"Escrito por\" \/>\n\t<meta name=\"twitter:data1\" content=\"Flavio Braga\" \/>\n\t<meta name=\"twitter:label2\" content=\"Est. tempo de leitura\" \/>\n\t<meta name=\"twitter:data2\" content=\"1 minuto\" \/>\n<script type=\"application\/ld+json\" class=\"yoast-schema-graph\">{\"@context\":\"https:\/\/schema.org\",\"@graph\":[{\"@type\":\"WebPage\",\"@id\":\"https:\/\/www.blogsoestado.com\/flaviobraga\/tarcisio-vieira-de-carvalho-neto-e-nomeado-ministro-titular-do-tse\/\",\"url\":\"https:\/\/www.blogsoestado.com\/flaviobraga\/tarcisio-vieira-de-carvalho-neto-e-nomeado-ministro-titular-do-tse\/\",\"name\":\"Tarcisio Vieira de Carvalho Neto \u00e9 nomeado ministro titular do TSE - Fl\u00e1vio Braga\",\"isPartOf\":{\"@id\":\"https:\/\/www.blogsoestado.com\/flaviobraga\/#website\"},\"datePublished\":\"2017-04-20T16:04:54+00:00\",\"author\":{\"@id\":\"https:\/\/www.blogsoestado.com\/flaviobraga\/#\/schema\/person\/6c6c778331775c757a82d15206bd8733\"},\"breadcrumb\":{\"@id\":\"https:\/\/www.blogsoestado.com\/flaviobraga\/tarcisio-vieira-de-carvalho-neto-e-nomeado-ministro-titular-do-tse\/#breadcrumb\"},\"inLanguage\":\"pt-BR\",\"potentialAction\":[{\"@type\":\"ReadAction\",\"target\":[\"https:\/\/www.blogsoestado.com\/flaviobraga\/tarcisio-vieira-de-carvalho-neto-e-nomeado-ministro-titular-do-tse\/\"]}]},{\"@type\":\"BreadcrumbList\",\"@id\":\"https:\/\/www.blogsoestado.com\/flaviobraga\/tarcisio-vieira-de-carvalho-neto-e-nomeado-ministro-titular-do-tse\/#breadcrumb\",\"itemListElement\":[{\"@type\":\"ListItem\",\"position\":1,\"name\":\"In\u00edcio\",\"item\":\"https:\/\/www.blogsoestado.com\/flaviobraga\/\"},{\"@type\":\"ListItem\",\"position\":2,\"name\":\"Tarcisio Vieira de Carvalho Neto \u00e9 nomeado ministro titular do TSE\"}]},{\"@type\":\"WebSite\",\"@id\":\"https:\/\/www.blogsoestado.com\/flaviobraga\/#website\",\"url\":\"https:\/\/www.blogsoestado.com\/flaviobraga\/\",\"name\":\"Fl\u00e1vio Braga\",\"description\":\"\",\"potentialAction\":[{\"@type\":\"SearchAction\",\"target\":{\"@type\":\"EntryPoint\",\"urlTemplate\":\"https:\/\/www.blogsoestado.com\/flaviobraga\/?s={search_term_string}\"},\"query-input\":{\"@type\":\"PropertyValueSpecification\",\"valueRequired\":true,\"valueName\":\"search_term_string\"}}],\"inLanguage\":\"pt-BR\"},{\"@type\":\"Person\",\"@id\":\"https:\/\/www.blogsoestado.com\/flaviobraga\/#\/schema\/person\/6c6c778331775c757a82d15206bd8733\",\"name\":\"Flavio Braga\",\"image\":{\"@type\":\"ImageObject\",\"inLanguage\":\"pt-BR\",\"@id\":\"https:\/\/www.blogsoestado.com\/flaviobraga\/#\/schema\/person\/image\/\",\"url\":\"https:\/\/secure.gravatar.com\/avatar\/ab173937dad8d78195c87778be8a0285d069ede375ce0ae24aac1cf8e58ccb2c?s=96&d=mm&r=g\",\"contentUrl\":\"https:\/\/secure.gravatar.com\/avatar\/ab173937dad8d78195c87778be8a0285d069ede375ce0ae24aac1cf8e58ccb2c?s=96&d=mm&r=g\",\"caption\":\"Flavio Braga\"},\"url\":\"https:\/\/www.blogsoestado.com\/flaviobraga\/author\/flaviobraga\/\"}]}<\/script>\n<!-- \/ Yoast SEO plugin. -->","yoast_head_json":{"title":"Tarcisio Vieira de Carvalho Neto \u00e9 nomeado ministro titular do TSE - Fl\u00e1vio Braga","robots":{"index":"index","follow":"follow","max-snippet":"max-snippet:-1","max-image-preview":"max-image-preview:large","max-video-preview":"max-video-preview:-1"},"canonical":"https:\/\/www.blogsoestado.com\/flaviobraga\/tarcisio-vieira-de-carvalho-neto-e-nomeado-ministro-titular-do-tse\/","og_locale":"pt_BR","og_type":"article","og_title":"Tarcisio Vieira de Carvalho Neto \u00e9 nomeado ministro titular do TSE - Fl\u00e1vio Braga","og_description":"O presidente da Rep\u00fablica, Michel Temer, nomeou o jurista Tarcisio Vieira de Carvalho Neto para o cargo de ministro titular [&hellip;]","og_url":"https:\/\/www.blogsoestado.com\/flaviobraga\/tarcisio-vieira-de-carvalho-neto-e-nomeado-ministro-titular-do-tse\/","og_site_name":"Fl\u00e1vio Braga","article_published_time":"2017-04-20T16:04:54+00:00","author":"Flavio Braga","twitter_card":"summary_large_image","twitter_misc":{"Escrito por":"Flavio Braga","Est. tempo de leitura":"1 minuto"},"schema":{"@context":"https:\/\/schema.org","@graph":[{"@type":"WebPage","@id":"https:\/\/www.blogsoestado.com\/flaviobraga\/tarcisio-vieira-de-carvalho-neto-e-nomeado-ministro-titular-do-tse\/","url":"https:\/\/www.blogsoestado.com\/flaviobraga\/tarcisio-vieira-de-carvalho-neto-e-nomeado-ministro-titular-do-tse\/","name":"Tarcisio Vieira de Carvalho Neto \u00e9 nomeado ministro titular do TSE - Fl\u00e1vio Braga","isPartOf":{"@id":"https:\/\/www.blogsoestado.com\/flaviobraga\/#website"},"datePublished":"2017-04-20T16:04:54+00:00","author":{"@id":"https:\/\/www.blogsoestado.com\/flaviobraga\/#\/schema\/person\/6c6c778331775c757a82d15206bd8733"},"breadcrumb":{"@id":"https:\/\/www.blogsoestado.com\/flaviobraga\/tarcisio-vieira-de-carvalho-neto-e-nomeado-ministro-titular-do-tse\/#breadcrumb"},"inLanguage":"pt-BR","potentialAction":[{"@type":"ReadAction","target":["https:\/\/www.blogsoestado.com\/flaviobraga\/tarcisio-vieira-de-carvalho-neto-e-nomeado-ministro-titular-do-tse\/"]}]},{"@type":"BreadcrumbList","@id":"https:\/\/www.blogsoestado.com\/flaviobraga\/tarcisio-vieira-de-carvalho-neto-e-nomeado-ministro-titular-do-tse\/#breadcrumb","itemListElement":[{"@type":"ListItem","position":1,"name":"In\u00edcio","item":"https:\/\/www.blogsoestado.com\/flaviobraga\/"},{"@type":"ListItem","position":2,"name":"Tarcisio Vieira de Carvalho Neto \u00e9 nomeado ministro titular do TSE"}]},{"@type":"WebSite","@id":"https:\/\/www.blogsoestado.com\/flaviobraga\/#website","url":"https:\/\/www.blogsoestado.com\/flaviobraga\/","name":"Fl\u00e1vio Braga","description":"","potentialAction":[{"@type":"SearchAction","target":{"@type":"EntryPoint","urlTemplate":"https:\/\/www.blogsoestado.com\/flaviobraga\/?s={search_term_string}"},"query-input":{"@type":"PropertyValueSpecification","valueRequired":true,"valueName":"search_term_string"}}],"inLanguage":"pt-BR"},{"@type":"Person","@id":"https:\/\/www.blogsoestado.com\/flaviobraga\/#\/schema\/person\/6c6c778331775c757a82d15206bd8733","name":"Flavio Braga","image":{"@type":"ImageObject","inLanguage":"pt-BR","@id":"https:\/\/www.blogsoestado.com\/flaviobraga\/#\/schema\/person\/image\/","url":"https:\/\/secure.gravatar.com\/avatar\/ab173937dad8d78195c87778be8a0285d069ede375ce0ae24aac1cf8e58ccb2c?s=96&d=mm&r=g","contentUrl":"https:\/\/secure.gravatar.com\/avatar\/ab173937dad8d78195c87778be8a0285d069ede375ce0ae24aac1cf8e58ccb2c?s=96&d=mm&r=g","caption":"Flavio Braga"},"url":"https:\/\/www.blogsoestado.com\/flaviobraga\/author\/flaviobraga\/"}]}},"jetpack_featured_media_url":"","_links":{"self":[{"href":"https:\/\/www.blogsoestado.com\/flaviobraga\/wp-json\/wp\/v2\/posts\/2955","targetHints":{"allow":["GET"]}}],"collection":[{"href":"https:\/\/www.blogsoestado.com\/flaviobraga\/wp-json\/wp\/v2\/posts"}],"about":[{"href":"https:\/\/www.blogsoestado.com\/flaviobraga\/wp-json\/wp\/v2\/types\/post"}],"author":[{"embeddable":true,"href":"https:\/\/www.blogsoestado.com\/flaviobraga\/wp-json\/wp\/v2\/users\/8"}],"replies":[{"embeddable":true,"href":"https:\/\/www.blogsoestado.com\/flaviobraga\/wp-json\/wp\/v2\/comments?post=2955"}],"version-history":[{"count":0,"href":"https:\/\/www.blogsoestado.com\/flaviobraga\/wp-json\/wp\/v2\/posts\/2955\/revisions"}],"wp:attachment":[{"href":"https:\/\/www.blogsoestado.com\/flaviobraga\/wp-json\/wp\/v2\/media?parent=2955"}],"wp:term":[{"taxonomy":"category","embeddable":true,"href":"https:\/\/www.blogsoestado.com\/flaviobraga\/wp-json\/wp\/v2\/categories?post=2955"},{"taxonomy":"post_tag","embeddable":true,"href":"https:\/\/www.blogsoestado.com\/flaviobraga\/wp-json\/wp\/v2\/tags?post=2955"}],"curies":[{"name":"wp","href":"https:\/\/api.w.org\/{rel}","templated":true}]}}