{"id":2967,"date":"2017-06-02T11:22:47","date_gmt":"2017-06-02T14:22:47","guid":{"rendered":"https:\/\/www.blogsoestado.com\/flaviobraga\/?p=2967"},"modified":"2017-06-02T11:22:47","modified_gmt":"2017-06-02T14:22:47","slug":"regime-juridico-das-inelegibilidades","status":"publish","type":"post","link":"https:\/\/www.blogsoestado.com\/flaviobraga\/regime-juridico-das-inelegibilidades\/","title":{"rendered":"Regime jur\u00eddico das inelegibilidades"},"content":{"rendered":"<p><a href=\"https:\/\/www.blogsoestado.com\/flaviobraga\/2017\/06\/02\/regime-juridico-das-inelegibilidades\/zzzzzzzzzzzzzzzzzzzzzz-candidato-inelegivel\/\" rel=\"attachment wp-att-2968\"><img fetchpriority=\"high\" decoding=\"async\" class=\"aligncenter  wp-image-2968\" src=\"https:\/\/www.blogsoestado.com\/flaviobraga\/wp-content\/uploads\/sites\/7\/2017\/06\/zzzzzzzzzzzzzzzzzzzzzz-candidato-inelegivel-1.jpg\" alt=\"\" width=\"527\" height=\"352\" srcset=\"https:\/\/www.blogsoestado.com\/flaviobraga\/wp-content\/uploads\/sites\/7\/2017\/06\/zzzzzzzzzzzzzzzzzzzzzz-candidato-inelegivel-1.jpg 754w, https:\/\/www.blogsoestado.com\/flaviobraga\/wp-content\/uploads\/sites\/7\/2017\/06\/zzzzzzzzzzzzzzzzzzzzzz-candidato-inelegivel-1-300x201.jpg 300w\" sizes=\"(max-width: 527px) 100vw, 527px\" \/><\/a><\/p>\n<p class=\"western\" align=\"JUSTIFY\"><span style=\"font-size: medium;\">O instituto jur\u00eddico da elegibilidade consiste na aptid\u00e3o do eleitor para concorrer em um pleito eleitoral sem qualquer impedimento. Capacidade eleitoral ativa \u00e9 o direito de votar e capacidade eleitoral passiva \u00e9 o direito de ser votado.<\/span><\/p>\n<p class=\"western\"><span style=\"font-size: medium;\">Fixadas essas premissas, tem-se que o fen\u00f4meno da inelegibilidade significa a impossibilidade, tempor\u00e1ria ou definitiva, de uma pessoa concorrer para um ou mais cargos eletivos. Ou seja, inelegibilidade \u00e9 a aus\u00eancia de capacidade eleitoral passiva do cidad\u00e3o. No plano normativo, cabe destacar que somente a Constitui\u00e7\u00e3o Federal e a Lei Complementar t\u00eam compet\u00eancia para estabelecer os casos de inelegibilidade. <\/span><\/p>\n<p class=\"western\"><span style=\"font-size: medium;\">\u00c0 guisa de ilustra\u00e7\u00e3o, s\u00e3o ineleg\u00edveis os analfabetos; os condenados criminalmente com senten\u00e7a transitada em julgado ou proferida por \u00f3rg\u00e3o judicial colegiado; os que forem condenados por abuso de poder econ\u00f4mico ou pol\u00edtico; os que tiverem seus mandatos eletivos cassados; os gestores p\u00fablicos que tiverem suas contas julgadas irregulares etc.<\/span><\/p>\n<p class=\"western\" align=\"JUSTIFY\"><span style=\"font-size: medium;\">A doutrina eleitoral p\u00e1tria costuma dividir as inelegibilidades em absolutas e relativas.<\/span><\/p>\n<p class=\"western\" align=\"JUSTIFY\"><span style=\"font-size: medium;\"><span style=\"color: #000000;\">As <\/span><span style=\"color: #000000;\"><b>inelegibilidades absolutas<\/b><\/span><span style=\"color: #000000;\"> s\u00e3o cl\u00e1usulas gerais que obstam a candidatura <\/span><span style=\"color: #000000;\">para qualquer cargo<\/span><span style=\"color: #000000;\"> eletivo. Por exemplo, o militar conscrito e o estrangeiro s\u00e3o inalist\u00e1veis e, em consequ\u00eancia, absolutamente ineleg\u00edveis.<\/span><\/span><\/p>\n<p class=\"western\" align=\"JUSTIFY\"><span style=\"font-size: medium;\">Da mesma maneira, os membros do Congresso Nacional que hajam perdido os respectivos mandatos por conduta incompat\u00edvel com o decoro parlamentar ficam ineleg\u00edveis, para qualquer cargo, nas elei\u00e7\u00f5es que se realizarem durante o per\u00edodo remanescente do mandato para o qual foram eleitos e nos oito anos subsequentes ao t\u00e9rmino da legislatura. Ap\u00f3s esse lapso temporal, readquirem a capacidade eleitoral passiva.<\/span><\/p>\n<p class=\"western\" align=\"JUSTIFY\"><span style=\"font-size: medium;\"><span style=\"color: #000000;\">J\u00e1 as <\/span><span style=\"color: #000000;\"><b>inelegibilidades relativas<\/b><\/span><span style=\"color: #000000;\"> s\u00e3o impedimentos para cargos eletivos espec\u00edficos, n\u00e3o atingindo outros sobre os quais n\u00e3o recaiam. Desse modo, um jovem eleitor de 19 anos de idade \u00e9 absolutamente ineleg\u00edvel para o cargo de prefeito, mas \u00e9 plenamente eleg\u00edvel para o cargo de vereador. <\/span><\/span><\/p>\n<p class=\"western\"><span style=\"font-size: medium;\">Noutro prisma, conv\u00e9m assinalar que a m\u00e1cula de inelegibilidade n\u00e3o alcan\u00e7a os demais direitos pol\u00edticos do cidad\u00e3o, como o ato de votar, manter filia\u00e7\u00e3o partid\u00e1ria e integrar \u00f3rg\u00e3os de dire\u00e7\u00e3o das agremia\u00e7\u00f5es pol\u00edticas.<\/span><\/p>\n<p class=\"western\" align=\"JUSTIFY\"><span style=\"font-size: medium;\">Os inalist\u00e1veis e os analfabetos ser\u00e3o sempre ineleg\u00edveis. Por\u00e9m, um gestor com contas p\u00fablicas rejeitadas pelo \u00f3rg\u00e3o competente ficar\u00e1 ineleg\u00edvel apenas por 8 anos, ap\u00f3s o tr\u00e2nsito em julgado da decis\u00e3o condenat\u00f3ria.<\/span><\/p>\n<p class=\"western\" align=\"JUSTIFY\"><span style=\"font-size: medium;\">Na seara constitucional, o regime jur\u00eddico das inelegibilidades tem o escopo de tutelar a <span style=\"color: #000000;\">probidade administrativa, a moralidade para o exerc\u00edcio de mandato, a normalidade e a legitimidade das elei\u00e7\u00f5es<\/span>, conforme a norma protetiva inserta no artigo 14, \u00a7 9\u00ba, da Carta Magna.<\/span><\/p>\n","protected":false},"excerpt":{"rendered":"<p>O instituto jur\u00eddico da elegibilidade consiste na aptid\u00e3o do eleitor para concorrer em um pleito eleitoral sem qualquer impedimento. Capacidade [&hellip;]<\/p>\n","protected":false},"author":8,"featured_media":0,"comment_status":"open","ping_status":"open","sticky":false,"template":"","format":"standard","meta":{"site-sidebar-layout":"default","site-content-layout":"","ast-site-content-layout":"default","site-content-style":"default","site-sidebar-style":"default","ast-global-header-display":"","ast-banner-title-visibility":"","ast-main-header-display":"","ast-hfb-above-header-display":"","ast-hfb-below-header-display":"","ast-hfb-mobile-header-display":"","site-post-title":"","ast-breadcrumbs-content":"","ast-featured-img":"","footer-sml-layout":"","ast-disable-related-posts":"","theme-transparent-header-meta":"","adv-header-id-meta":"","stick-header-meta":"","header-above-stick-meta":"","header-main-stick-meta":"","header-below-stick-meta":"","astra-migrate-meta-layouts":"default","ast-page-background-enabled":"default","ast-page-background-meta":{"desktop":{"background-color":"var(--ast-global-color-5)","background-image":"","background-repeat":"repeat","background-position":"center center","background-size":"auto","background-attachment":"scroll","background-type":"","background-media":"","overlay-type":"","overlay-color":"","overlay-opacity":"","overlay-gradient":""},"tablet":{"background-color":"","background-image":"","background-repeat":"repeat","background-position":"center center","background-size":"auto","background-attachment":"scroll","background-type":"","background-media":"","overlay-type":"","overlay-color":"","overlay-opacity":"","overlay-gradient":""},"mobile":{"background-color":"","background-image":"","background-repeat":"repeat","background-position":"center center","background-size":"auto","background-attachment":"scroll","background-type":"","background-media":"","overlay-type":"","overlay-color":"","overlay-opacity":"","overlay-gradient":""}},"ast-content-background-meta":{"desktop":{"background-color":"var(--ast-global-color-4)","background-image":"","background-repeat":"repeat","background-position":"center center","background-size":"auto","background-attachment":"scroll","background-type":"","background-media":"","overlay-type":"","overlay-color":"","overlay-opacity":"","overlay-gradient":""},"tablet":{"background-color":"var(--ast-global-color-4)","background-image":"","background-repeat":"repeat","background-position":"center center","background-size":"auto","background-attachment":"scroll","background-type":"","background-media":"","overlay-type":"","overlay-color":"","overlay-opacity":"","overlay-gradient":""},"mobile":{"background-color":"var(--ast-global-color-4)","background-image":"","background-repeat":"repeat","background-position":"center center","background-size":"auto","background-attachment":"scroll","background-type":"","background-media":"","overlay-type":"","overlay-color":"","overlay-opacity":"","overlay-gradient":""}},"footnotes":""},"categories":[1],"tags":[],"class_list":["post-2967","post","type-post","status-publish","format-standard","hentry","category-sem-categoria"],"yoast_head":"<!-- This site is optimized with the Yoast SEO plugin v26.6 - https:\/\/yoast.com\/wordpress\/plugins\/seo\/ -->\n<title>Regime jur\u00eddico das inelegibilidades - Fl\u00e1vio Braga<\/title>\n<meta name=\"robots\" content=\"index, follow, max-snippet:-1, max-image-preview:large, max-video-preview:-1\" \/>\n<link rel=\"canonical\" href=\"https:\/\/www.blogsoestado.com\/flaviobraga\/regime-juridico-das-inelegibilidades\/\" \/>\n<meta property=\"og:locale\" content=\"pt_BR\" \/>\n<meta property=\"og:type\" content=\"article\" \/>\n<meta property=\"og:title\" content=\"Regime jur\u00eddico das inelegibilidades - Fl\u00e1vio Braga\" \/>\n<meta property=\"og:description\" content=\"O instituto jur\u00eddico da elegibilidade consiste na aptid\u00e3o do eleitor para concorrer em um pleito eleitoral sem qualquer impedimento. Capacidade [&hellip;]\" \/>\n<meta property=\"og:url\" content=\"https:\/\/www.blogsoestado.com\/flaviobraga\/regime-juridico-das-inelegibilidades\/\" \/>\n<meta property=\"og:site_name\" content=\"Fl\u00e1vio Braga\" \/>\n<meta property=\"article:published_time\" content=\"2017-06-02T14:22:47+00:00\" \/>\n<meta property=\"og:image\" content=\"https:\/\/www.blogsoestado.com\/flaviobraga\/wp-content\/uploads\/sites\/7\/2017\/06\/zzzzzzzzzzzzzzzzzzzzzz-candidato-inelegivel-1.jpg\" \/>\n<meta name=\"author\" content=\"Flavio Braga\" \/>\n<meta name=\"twitter:card\" content=\"summary_large_image\" \/>\n<meta name=\"twitter:label1\" content=\"Escrito por\" \/>\n\t<meta name=\"twitter:data1\" content=\"Flavio Braga\" \/>\n\t<meta name=\"twitter:label2\" content=\"Est. tempo de leitura\" \/>\n\t<meta name=\"twitter:data2\" content=\"2 minutos\" \/>\n<script type=\"application\/ld+json\" class=\"yoast-schema-graph\">{\"@context\":\"https:\/\/schema.org\",\"@graph\":[{\"@type\":\"WebPage\",\"@id\":\"https:\/\/www.blogsoestado.com\/flaviobraga\/regime-juridico-das-inelegibilidades\/\",\"url\":\"https:\/\/www.blogsoestado.com\/flaviobraga\/regime-juridico-das-inelegibilidades\/\",\"name\":\"Regime jur\u00eddico das inelegibilidades - Fl\u00e1vio Braga\",\"isPartOf\":{\"@id\":\"https:\/\/www.blogsoestado.com\/flaviobraga\/#website\"},\"primaryImageOfPage\":{\"@id\":\"https:\/\/www.blogsoestado.com\/flaviobraga\/regime-juridico-das-inelegibilidades\/#primaryimage\"},\"image\":{\"@id\":\"https:\/\/www.blogsoestado.com\/flaviobraga\/regime-juridico-das-inelegibilidades\/#primaryimage\"},\"thumbnailUrl\":\"https:\/\/www.blogsoestado.com\/flaviobraga\/wp-content\/uploads\/sites\/7\/2017\/06\/zzzzzzzzzzzzzzzzzzzzzz-candidato-inelegivel-1.jpg\",\"datePublished\":\"2017-06-02T14:22:47+00:00\",\"author\":{\"@id\":\"https:\/\/www.blogsoestado.com\/flaviobraga\/#\/schema\/person\/6c6c778331775c757a82d15206bd8733\"},\"breadcrumb\":{\"@id\":\"https:\/\/www.blogsoestado.com\/flaviobraga\/regime-juridico-das-inelegibilidades\/#breadcrumb\"},\"inLanguage\":\"pt-BR\",\"potentialAction\":[{\"@type\":\"ReadAction\",\"target\":[\"https:\/\/www.blogsoestado.com\/flaviobraga\/regime-juridico-das-inelegibilidades\/\"]}]},{\"@type\":\"ImageObject\",\"inLanguage\":\"pt-BR\",\"@id\":\"https:\/\/www.blogsoestado.com\/flaviobraga\/regime-juridico-das-inelegibilidades\/#primaryimage\",\"url\":\"https:\/\/www.blogsoestado.com\/flaviobraga\/wp-content\/uploads\/sites\/7\/2017\/06\/zzzzzzzzzzzzzzzzzzzzzz-candidato-inelegivel-1.jpg\",\"contentUrl\":\"https:\/\/www.blogsoestado.com\/flaviobraga\/wp-content\/uploads\/sites\/7\/2017\/06\/zzzzzzzzzzzzzzzzzzzzzz-candidato-inelegivel-1.jpg\",\"width\":754,\"height\":504},{\"@type\":\"BreadcrumbList\",\"@id\":\"https:\/\/www.blogsoestado.com\/flaviobraga\/regime-juridico-das-inelegibilidades\/#breadcrumb\",\"itemListElement\":[{\"@type\":\"ListItem\",\"position\":1,\"name\":\"In\u00edcio\",\"item\":\"https:\/\/www.blogsoestado.com\/flaviobraga\/\"},{\"@type\":\"ListItem\",\"position\":2,\"name\":\"Regime jur\u00eddico das inelegibilidades\"}]},{\"@type\":\"WebSite\",\"@id\":\"https:\/\/www.blogsoestado.com\/flaviobraga\/#website\",\"url\":\"https:\/\/www.blogsoestado.com\/flaviobraga\/\",\"name\":\"Fl\u00e1vio Braga\",\"description\":\"\",\"potentialAction\":[{\"@type\":\"SearchAction\",\"target\":{\"@type\":\"EntryPoint\",\"urlTemplate\":\"https:\/\/www.blogsoestado.com\/flaviobraga\/?s={search_term_string}\"},\"query-input\":{\"@type\":\"PropertyValueSpecification\",\"valueRequired\":true,\"valueName\":\"search_term_string\"}}],\"inLanguage\":\"pt-BR\"},{\"@type\":\"Person\",\"@id\":\"https:\/\/www.blogsoestado.com\/flaviobraga\/#\/schema\/person\/6c6c778331775c757a82d15206bd8733\",\"name\":\"Flavio Braga\",\"image\":{\"@type\":\"ImageObject\",\"inLanguage\":\"pt-BR\",\"@id\":\"https:\/\/www.blogsoestado.com\/flaviobraga\/#\/schema\/person\/image\/\",\"url\":\"https:\/\/secure.gravatar.com\/avatar\/ab173937dad8d78195c87778be8a0285d069ede375ce0ae24aac1cf8e58ccb2c?s=96&d=mm&r=g\",\"contentUrl\":\"https:\/\/secure.gravatar.com\/avatar\/ab173937dad8d78195c87778be8a0285d069ede375ce0ae24aac1cf8e58ccb2c?s=96&d=mm&r=g\",\"caption\":\"Flavio Braga\"},\"url\":\"https:\/\/www.blogsoestado.com\/flaviobraga\/author\/flaviobraga\/\"}]}<\/script>\n<!-- \/ Yoast SEO plugin. -->","yoast_head_json":{"title":"Regime jur\u00eddico das inelegibilidades - Fl\u00e1vio Braga","robots":{"index":"index","follow":"follow","max-snippet":"max-snippet:-1","max-image-preview":"max-image-preview:large","max-video-preview":"max-video-preview:-1"},"canonical":"https:\/\/www.blogsoestado.com\/flaviobraga\/regime-juridico-das-inelegibilidades\/","og_locale":"pt_BR","og_type":"article","og_title":"Regime jur\u00eddico das inelegibilidades - Fl\u00e1vio Braga","og_description":"O instituto jur\u00eddico da elegibilidade consiste na aptid\u00e3o do eleitor para concorrer em um pleito eleitoral sem qualquer impedimento. Capacidade [&hellip;]","og_url":"https:\/\/www.blogsoestado.com\/flaviobraga\/regime-juridico-das-inelegibilidades\/","og_site_name":"Fl\u00e1vio Braga","article_published_time":"2017-06-02T14:22:47+00:00","og_image":[{"url":"https:\/\/www.blogsoestado.com\/flaviobraga\/wp-content\/uploads\/sites\/7\/2017\/06\/zzzzzzzzzzzzzzzzzzzzzz-candidato-inelegivel-1.jpg","type":"","width":"","height":""}],"author":"Flavio Braga","twitter_card":"summary_large_image","twitter_misc":{"Escrito por":"Flavio Braga","Est. tempo de leitura":"2 minutos"},"schema":{"@context":"https:\/\/schema.org","@graph":[{"@type":"WebPage","@id":"https:\/\/www.blogsoestado.com\/flaviobraga\/regime-juridico-das-inelegibilidades\/","url":"https:\/\/www.blogsoestado.com\/flaviobraga\/regime-juridico-das-inelegibilidades\/","name":"Regime jur\u00eddico das inelegibilidades - Fl\u00e1vio Braga","isPartOf":{"@id":"https:\/\/www.blogsoestado.com\/flaviobraga\/#website"},"primaryImageOfPage":{"@id":"https:\/\/www.blogsoestado.com\/flaviobraga\/regime-juridico-das-inelegibilidades\/#primaryimage"},"image":{"@id":"https:\/\/www.blogsoestado.com\/flaviobraga\/regime-juridico-das-inelegibilidades\/#primaryimage"},"thumbnailUrl":"https:\/\/www.blogsoestado.com\/flaviobraga\/wp-content\/uploads\/sites\/7\/2017\/06\/zzzzzzzzzzzzzzzzzzzzzz-candidato-inelegivel-1.jpg","datePublished":"2017-06-02T14:22:47+00:00","author":{"@id":"https:\/\/www.blogsoestado.com\/flaviobraga\/#\/schema\/person\/6c6c778331775c757a82d15206bd8733"},"breadcrumb":{"@id":"https:\/\/www.blogsoestado.com\/flaviobraga\/regime-juridico-das-inelegibilidades\/#breadcrumb"},"inLanguage":"pt-BR","potentialAction":[{"@type":"ReadAction","target":["https:\/\/www.blogsoestado.com\/flaviobraga\/regime-juridico-das-inelegibilidades\/"]}]},{"@type":"ImageObject","inLanguage":"pt-BR","@id":"https:\/\/www.blogsoestado.com\/flaviobraga\/regime-juridico-das-inelegibilidades\/#primaryimage","url":"https:\/\/www.blogsoestado.com\/flaviobraga\/wp-content\/uploads\/sites\/7\/2017\/06\/zzzzzzzzzzzzzzzzzzzzzz-candidato-inelegivel-1.jpg","contentUrl":"https:\/\/www.blogsoestado.com\/flaviobraga\/wp-content\/uploads\/sites\/7\/2017\/06\/zzzzzzzzzzzzzzzzzzzzzz-candidato-inelegivel-1.jpg","width":754,"height":504},{"@type":"BreadcrumbList","@id":"https:\/\/www.blogsoestado.com\/flaviobraga\/regime-juridico-das-inelegibilidades\/#breadcrumb","itemListElement":[{"@type":"ListItem","position":1,"name":"In\u00edcio","item":"https:\/\/www.blogsoestado.com\/flaviobraga\/"},{"@type":"ListItem","position":2,"name":"Regime jur\u00eddico das inelegibilidades"}]},{"@type":"WebSite","@id":"https:\/\/www.blogsoestado.com\/flaviobraga\/#website","url":"https:\/\/www.blogsoestado.com\/flaviobraga\/","name":"Fl\u00e1vio Braga","description":"","potentialAction":[{"@type":"SearchAction","target":{"@type":"EntryPoint","urlTemplate":"https:\/\/www.blogsoestado.com\/flaviobraga\/?s={search_term_string}"},"query-input":{"@type":"PropertyValueSpecification","valueRequired":true,"valueName":"search_term_string"}}],"inLanguage":"pt-BR"},{"@type":"Person","@id":"https:\/\/www.blogsoestado.com\/flaviobraga\/#\/schema\/person\/6c6c778331775c757a82d15206bd8733","name":"Flavio Braga","image":{"@type":"ImageObject","inLanguage":"pt-BR","@id":"https:\/\/www.blogsoestado.com\/flaviobraga\/#\/schema\/person\/image\/","url":"https:\/\/secure.gravatar.com\/avatar\/ab173937dad8d78195c87778be8a0285d069ede375ce0ae24aac1cf8e58ccb2c?s=96&d=mm&r=g","contentUrl":"https:\/\/secure.gravatar.com\/avatar\/ab173937dad8d78195c87778be8a0285d069ede375ce0ae24aac1cf8e58ccb2c?s=96&d=mm&r=g","caption":"Flavio Braga"},"url":"https:\/\/www.blogsoestado.com\/flaviobraga\/author\/flaviobraga\/"}]}},"jetpack_featured_media_url":"","_links":{"self":[{"href":"https:\/\/www.blogsoestado.com\/flaviobraga\/wp-json\/wp\/v2\/posts\/2967","targetHints":{"allow":["GET"]}}],"collection":[{"href":"https:\/\/www.blogsoestado.com\/flaviobraga\/wp-json\/wp\/v2\/posts"}],"about":[{"href":"https:\/\/www.blogsoestado.com\/flaviobraga\/wp-json\/wp\/v2\/types\/post"}],"author":[{"embeddable":true,"href":"https:\/\/www.blogsoestado.com\/flaviobraga\/wp-json\/wp\/v2\/users\/8"}],"replies":[{"embeddable":true,"href":"https:\/\/www.blogsoestado.com\/flaviobraga\/wp-json\/wp\/v2\/comments?post=2967"}],"version-history":[{"count":0,"href":"https:\/\/www.blogsoestado.com\/flaviobraga\/wp-json\/wp\/v2\/posts\/2967\/revisions"}],"wp:attachment":[{"href":"https:\/\/www.blogsoestado.com\/flaviobraga\/wp-json\/wp\/v2\/media?parent=2967"}],"wp:term":[{"taxonomy":"category","embeddable":true,"href":"https:\/\/www.blogsoestado.com\/flaviobraga\/wp-json\/wp\/v2\/categories?post=2967"},{"taxonomy":"post_tag","embeddable":true,"href":"https:\/\/www.blogsoestado.com\/flaviobraga\/wp-json\/wp\/v2\/tags?post=2967"}],"curies":[{"name":"wp","href":"https:\/\/api.w.org\/{rel}","templated":true}]}}