{"id":2978,"date":"2017-06-30T10:59:32","date_gmt":"2017-06-30T13:59:32","guid":{"rendered":"https:\/\/www.blogsoestado.com\/flaviobraga\/?p=2978"},"modified":"2017-06-30T10:59:32","modified_gmt":"2017-06-30T13:59:32","slug":"o-dinamismo-do-processo-eleitoral","status":"publish","type":"post","link":"https:\/\/www.blogsoestado.com\/flaviobraga\/o-dinamismo-do-processo-eleitoral\/","title":{"rendered":"O dinamismo do processo eleitoral"},"content":{"rendered":"<p align=\"JUSTIFY\"><a href=\"https:\/\/www.blogsoestado.com\/flaviobraga\/2017\/06\/30\/o-dinamismo-do-processo-eleitoral\/processo-eleitoral\/\" rel=\"attachment wp-att-2979\"><img fetchpriority=\"high\" decoding=\"async\" class=\"aligncenter  wp-image-2979\" src=\"https:\/\/www.blogsoestado.com\/flaviobraga\/wp-content\/uploads\/sites\/7\/2017\/06\/Processo-Eleitoral-1.jpg\" alt=\"\" width=\"415\" height=\"235\" \/><\/a><\/p>\n<p class=\"western\" align=\"JUSTIFY\"><span style=\"font-size: medium;\">O processo eleitoral \u00e9 um fen\u00f4meno dial\u00e9tico, um todo sist\u00eamico, uno, sequenciado, c\u00edclico, que nunca sofre interrup\u00e7\u00e3o. Ele se desenvolve mediante fases administrativas e jurisdicionais bem demarcadas. Quando uma se exaure, imediatamente \u00e9 deflagrada a fase subsequente. Quando uma elei\u00e7\u00e3o termina, a pr\u00f3xima j\u00e1 come\u00e7a a ser preparada, em um ritual de etapas sucessivas, interpostas e circunstanciadas.<\/span><\/p>\n<p class=\"western\" align=\"JUSTIFY\"><span style=\"font-size: medium;\">Por conseguinte, n\u00e3o \u00e9 poss\u00edvel avan\u00e7ar nas fases do processo eleitoral sem que se cumpram satisfatoriamente cada um dos est\u00e1gios antecedentes. Nessa perspectiva, as principais fases do processo eleitoral est\u00e3o assim ordenadas: <\/span><\/p>\n<p class=\"western\" align=\"JUSTIFY\"><span style=\"font-size: medium;\">a) Alistamento e transfer\u00eancia de domic\u00edlio eleitoral;<\/span><\/p>\n<p class=\"western\" align=\"JUSTIFY\"><span style=\"font-size: medium;\">b) Atos preparat\u00f3rios da elei\u00e7\u00e3o;<\/span><\/p>\n<p class=\"western\" align=\"JUSTIFY\"><span style=\"font-size: medium;\">c) Conven\u00e7\u00f5es para escolha de candidatos;<\/span><\/p>\n<p class=\"western\" align=\"JUSTIFY\"><span style=\"font-size: medium;\">d) Registro de candidaturas;<\/span><\/p>\n<p class=\"western\" align=\"JUSTIFY\"><span style=\"font-size: medium;\">e) Propaganda eleitoral; <\/span><\/p>\n<p class=\"western\" align=\"JUSTIFY\"><span style=\"font-size: medium;\">f) Vota\u00e7\u00e3o, apura\u00e7\u00e3o e totaliza\u00e7\u00e3o;<\/span><\/p>\n<p class=\"western\" align=\"JUSTIFY\"><span style=\"font-size: medium;\">g) Proclama\u00e7\u00e3o dos resultados;<\/span><\/p>\n<p class=\"western\" align=\"JUSTIFY\"><span style=\"font-size: medium;\">h) Presta\u00e7\u00e3o de contas da campanha eleitoral;<\/span><\/p>\n<p class=\"western\" align=\"JUSTIFY\"><span style=\"font-size: medium;\">i) Diploma\u00e7\u00e3o. <\/span><\/p>\n<p class=\"western\" align=\"JUSTIFY\"><span style=\"font-size: medium;\">Por conveni\u00eancia did\u00e1tica, a doutrina denomina de microprocesso eleitoral ou processo eleitoral em sentido estrito o per\u00edodo que se estende da fase das conven\u00e7\u00f5es partid\u00e1rias at\u00e9 a fase da diploma\u00e7\u00e3o. <\/span><\/p>\n<p class=\"western\" align=\"JUSTIFY\"><span style=\"font-size: medium;\">O alistamento de eleitores constitui a fase atual do processo eleitoral. O alistamento eleitoral \u00e9 o procedimento administrativo pelo qual o interessado demonstra a sua aptid\u00e3o para se tornar eleitor, requerendo a sua aceita\u00e7\u00e3o no corpo eleitoral. <\/span><\/p>\n<p class=\"western\"><span style=\"font-size: medium;\">Conforme o artigo 42 do C\u00f3digo Eleitoral, o alistamento se faz mediante a qualifica\u00e7\u00e3o e inscri\u00e7\u00e3o do eleitor.<\/span> <span style=\"font-size: medium;\">Qualifica\u00e7\u00e3o \u00e9 a comprova\u00e7\u00e3o de que o requerente satisfaz as exig\u00eancias legais para ser inscrito. Inscri\u00e7\u00e3o \u00e9 o ato do Juiz Eleitoral que determina a inclus\u00e3o do indiv\u00edduo, previamente qualificado, no cadastro geral de eleitores (o maior banco de dados do Pa\u00eds, administrado pelo TSE).<\/span><\/p>\n<p class=\"western\"><span style=\"font-size: medium;\">Para inscrever-se, o alistando deve comparecer ao Cart\u00f3rio Eleitoral de seu domic\u00edlio e preencher o Requerimento de Alistamento Eleitoral (RAE). Deferido o pedido de alistamento, o seu nome ser\u00e1 lan\u00e7ado no sistema. A fase do alistamento (e transfer\u00eancia de domic\u00edlio) \u00e9 suspensa quando faltar 151 dias para a realiza\u00e7\u00e3o do pleito eleitoral.<\/span><\/p>\n<p class=\"western\"><span style=\"font-size: medium;\">De resto, ao contr\u00e1rio do que \u00e9 ensinado em muitas obras jur\u00eddicas, o direito de voto ao analfabeto n\u00e3o foi conferido pela \u201cConstitui\u00e7\u00e3o Cidad\u00e3\u201d de 1988, mas pela Emenda Constitucional n\u00ba 25\/1985, que alterou dispositivos da Constitui\u00e7\u00e3o Federal de 1969.<\/span><\/p>\n","protected":false},"excerpt":{"rendered":"<p>O processo eleitoral \u00e9 um fen\u00f4meno dial\u00e9tico, um todo sist\u00eamico, uno, sequenciado, c\u00edclico, que nunca sofre interrup\u00e7\u00e3o. Ele se desenvolve [&hellip;]<\/p>\n","protected":false},"author":8,"featured_media":0,"comment_status":"open","ping_status":"open","sticky":false,"template":"","format":"standard","meta":{"site-sidebar-layout":"default","site-content-layout":"","ast-site-content-layout":"default","site-content-style":"default","site-sidebar-style":"default","ast-global-header-display":"","ast-banner-title-visibility":"","ast-main-header-display":"","ast-hfb-above-header-display":"","ast-hfb-below-header-display":"","ast-hfb-mobile-header-display":"","site-post-title":"","ast-breadcrumbs-content":"","ast-featured-img":"","footer-sml-layout":"","ast-disable-related-posts":"","theme-transparent-header-meta":"","adv-header-id-meta":"","stick-header-meta":"","header-above-stick-meta":"","header-main-stick-meta":"","header-below-stick-meta":"","astra-migrate-meta-layouts":"default","ast-page-background-enabled":"default","ast-page-background-meta":{"desktop":{"background-color":"var(--ast-global-color-5)","background-image":"","background-repeat":"repeat","background-position":"center center","background-size":"auto","background-attachment":"scroll","background-type":"","background-media":"","overlay-type":"","overlay-color":"","overlay-opacity":"","overlay-gradient":""},"tablet":{"background-color":"","background-image":"","background-repeat":"repeat","background-position":"center center","background-size":"auto","background-attachment":"scroll","background-type":"","background-media":"","overlay-type":"","overlay-color":"","overlay-opacity":"","overlay-gradient":""},"mobile":{"background-color":"","background-image":"","background-repeat":"repeat","background-position":"center center","background-size":"auto","background-attachment":"scroll","background-type":"","background-media":"","overlay-type":"","overlay-color":"","overlay-opacity":"","overlay-gradient":""}},"ast-content-background-meta":{"desktop":{"background-color":"var(--ast-global-color-4)","background-image":"","background-repeat":"repeat","background-position":"center center","background-size":"auto","background-attachment":"scroll","background-type":"","background-media":"","overlay-type":"","overlay-color":"","overlay-opacity":"","overlay-gradient":""},"tablet":{"background-color":"var(--ast-global-color-4)","background-image":"","background-repeat":"repeat","background-position":"center center","background-size":"auto","background-attachment":"scroll","background-type":"","background-media":"","overlay-type":"","overlay-color":"","overlay-opacity":"","overlay-gradient":""},"mobile":{"background-color":"var(--ast-global-color-4)","background-image":"","background-repeat":"repeat","background-position":"center center","background-size":"auto","background-attachment":"scroll","background-type":"","background-media":"","overlay-type":"","overlay-color":"","overlay-opacity":"","overlay-gradient":""}},"footnotes":""},"categories":[1],"tags":[],"class_list":["post-2978","post","type-post","status-publish","format-standard","hentry","category-sem-categoria"],"yoast_head":"<!-- This site is optimized with the Yoast SEO plugin v26.6 - https:\/\/yoast.com\/wordpress\/plugins\/seo\/ -->\n<title>O dinamismo do processo eleitoral - Fl\u00e1vio Braga<\/title>\n<meta name=\"robots\" content=\"index, follow, max-snippet:-1, max-image-preview:large, max-video-preview:-1\" \/>\n<link rel=\"canonical\" href=\"https:\/\/www.blogsoestado.com\/flaviobraga\/o-dinamismo-do-processo-eleitoral\/\" \/>\n<meta property=\"og:locale\" content=\"pt_BR\" \/>\n<meta property=\"og:type\" content=\"article\" \/>\n<meta property=\"og:title\" content=\"O dinamismo do processo eleitoral - Fl\u00e1vio Braga\" \/>\n<meta property=\"og:description\" content=\"O processo eleitoral \u00e9 um fen\u00f4meno dial\u00e9tico, um todo sist\u00eamico, uno, sequenciado, c\u00edclico, que nunca sofre interrup\u00e7\u00e3o. Ele se desenvolve [&hellip;]\" \/>\n<meta property=\"og:url\" content=\"https:\/\/www.blogsoestado.com\/flaviobraga\/o-dinamismo-do-processo-eleitoral\/\" \/>\n<meta property=\"og:site_name\" content=\"Fl\u00e1vio Braga\" \/>\n<meta property=\"article:published_time\" content=\"2017-06-30T13:59:32+00:00\" \/>\n<meta property=\"og:image\" content=\"https:\/\/www.blogsoestado.com\/flaviobraga\/wp-content\/uploads\/sites\/7\/2017\/06\/Processo-Eleitoral-1.jpg\" \/>\n<meta name=\"author\" content=\"Flavio Braga\" \/>\n<meta name=\"twitter:card\" content=\"summary_large_image\" \/>\n<meta name=\"twitter:label1\" content=\"Escrito por\" \/>\n\t<meta name=\"twitter:data1\" content=\"Flavio Braga\" \/>\n\t<meta name=\"twitter:label2\" content=\"Est. tempo de leitura\" \/>\n\t<meta name=\"twitter:data2\" content=\"2 minutos\" \/>\n<script type=\"application\/ld+json\" class=\"yoast-schema-graph\">{\"@context\":\"https:\/\/schema.org\",\"@graph\":[{\"@type\":\"WebPage\",\"@id\":\"https:\/\/www.blogsoestado.com\/flaviobraga\/o-dinamismo-do-processo-eleitoral\/\",\"url\":\"https:\/\/www.blogsoestado.com\/flaviobraga\/o-dinamismo-do-processo-eleitoral\/\",\"name\":\"O dinamismo do processo eleitoral - Fl\u00e1vio Braga\",\"isPartOf\":{\"@id\":\"https:\/\/www.blogsoestado.com\/flaviobraga\/#website\"},\"primaryImageOfPage\":{\"@id\":\"https:\/\/www.blogsoestado.com\/flaviobraga\/o-dinamismo-do-processo-eleitoral\/#primaryimage\"},\"image\":{\"@id\":\"https:\/\/www.blogsoestado.com\/flaviobraga\/o-dinamismo-do-processo-eleitoral\/#primaryimage\"},\"thumbnailUrl\":\"https:\/\/www.blogsoestado.com\/flaviobraga\/wp-content\/uploads\/sites\/7\/2017\/06\/Processo-Eleitoral-1.jpg\",\"datePublished\":\"2017-06-30T13:59:32+00:00\",\"author\":{\"@id\":\"https:\/\/www.blogsoestado.com\/flaviobraga\/#\/schema\/person\/6c6c778331775c757a82d15206bd8733\"},\"breadcrumb\":{\"@id\":\"https:\/\/www.blogsoestado.com\/flaviobraga\/o-dinamismo-do-processo-eleitoral\/#breadcrumb\"},\"inLanguage\":\"pt-BR\",\"potentialAction\":[{\"@type\":\"ReadAction\",\"target\":[\"https:\/\/www.blogsoestado.com\/flaviobraga\/o-dinamismo-do-processo-eleitoral\/\"]}]},{\"@type\":\"ImageObject\",\"inLanguage\":\"pt-BR\",\"@id\":\"https:\/\/www.blogsoestado.com\/flaviobraga\/o-dinamismo-do-processo-eleitoral\/#primaryimage\",\"url\":\"https:\/\/www.blogsoestado.com\/flaviobraga\/wp-content\/uploads\/sites\/7\/2017\/06\/Processo-Eleitoral-1.jpg\",\"contentUrl\":\"https:\/\/www.blogsoestado.com\/flaviobraga\/wp-content\/uploads\/sites\/7\/2017\/06\/Processo-Eleitoral-1.jpg\",\"width\":298,\"height\":169},{\"@type\":\"BreadcrumbList\",\"@id\":\"https:\/\/www.blogsoestado.com\/flaviobraga\/o-dinamismo-do-processo-eleitoral\/#breadcrumb\",\"itemListElement\":[{\"@type\":\"ListItem\",\"position\":1,\"name\":\"In\u00edcio\",\"item\":\"https:\/\/www.blogsoestado.com\/flaviobraga\/\"},{\"@type\":\"ListItem\",\"position\":2,\"name\":\"O dinamismo do processo eleitoral\"}]},{\"@type\":\"WebSite\",\"@id\":\"https:\/\/www.blogsoestado.com\/flaviobraga\/#website\",\"url\":\"https:\/\/www.blogsoestado.com\/flaviobraga\/\",\"name\":\"Fl\u00e1vio Braga\",\"description\":\"\",\"potentialAction\":[{\"@type\":\"SearchAction\",\"target\":{\"@type\":\"EntryPoint\",\"urlTemplate\":\"https:\/\/www.blogsoestado.com\/flaviobraga\/?s={search_term_string}\"},\"query-input\":{\"@type\":\"PropertyValueSpecification\",\"valueRequired\":true,\"valueName\":\"search_term_string\"}}],\"inLanguage\":\"pt-BR\"},{\"@type\":\"Person\",\"@id\":\"https:\/\/www.blogsoestado.com\/flaviobraga\/#\/schema\/person\/6c6c778331775c757a82d15206bd8733\",\"name\":\"Flavio Braga\",\"image\":{\"@type\":\"ImageObject\",\"inLanguage\":\"pt-BR\",\"@id\":\"https:\/\/www.blogsoestado.com\/flaviobraga\/#\/schema\/person\/image\/\",\"url\":\"https:\/\/secure.gravatar.com\/avatar\/ab173937dad8d78195c87778be8a0285d069ede375ce0ae24aac1cf8e58ccb2c?s=96&d=mm&r=g\",\"contentUrl\":\"https:\/\/secure.gravatar.com\/avatar\/ab173937dad8d78195c87778be8a0285d069ede375ce0ae24aac1cf8e58ccb2c?s=96&d=mm&r=g\",\"caption\":\"Flavio Braga\"},\"url\":\"https:\/\/www.blogsoestado.com\/flaviobraga\/author\/flaviobraga\/\"}]}<\/script>\n<!-- \/ Yoast SEO plugin. -->","yoast_head_json":{"title":"O dinamismo do processo eleitoral - Fl\u00e1vio Braga","robots":{"index":"index","follow":"follow","max-snippet":"max-snippet:-1","max-image-preview":"max-image-preview:large","max-video-preview":"max-video-preview:-1"},"canonical":"https:\/\/www.blogsoestado.com\/flaviobraga\/o-dinamismo-do-processo-eleitoral\/","og_locale":"pt_BR","og_type":"article","og_title":"O dinamismo do processo eleitoral - Fl\u00e1vio Braga","og_description":"O processo eleitoral \u00e9 um fen\u00f4meno dial\u00e9tico, um todo sist\u00eamico, uno, sequenciado, c\u00edclico, que nunca sofre interrup\u00e7\u00e3o. Ele se desenvolve [&hellip;]","og_url":"https:\/\/www.blogsoestado.com\/flaviobraga\/o-dinamismo-do-processo-eleitoral\/","og_site_name":"Fl\u00e1vio Braga","article_published_time":"2017-06-30T13:59:32+00:00","og_image":[{"url":"https:\/\/www.blogsoestado.com\/flaviobraga\/wp-content\/uploads\/sites\/7\/2017\/06\/Processo-Eleitoral-1.jpg","type":"","width":"","height":""}],"author":"Flavio Braga","twitter_card":"summary_large_image","twitter_misc":{"Escrito por":"Flavio Braga","Est. tempo de leitura":"2 minutos"},"schema":{"@context":"https:\/\/schema.org","@graph":[{"@type":"WebPage","@id":"https:\/\/www.blogsoestado.com\/flaviobraga\/o-dinamismo-do-processo-eleitoral\/","url":"https:\/\/www.blogsoestado.com\/flaviobraga\/o-dinamismo-do-processo-eleitoral\/","name":"O dinamismo do processo eleitoral - Fl\u00e1vio Braga","isPartOf":{"@id":"https:\/\/www.blogsoestado.com\/flaviobraga\/#website"},"primaryImageOfPage":{"@id":"https:\/\/www.blogsoestado.com\/flaviobraga\/o-dinamismo-do-processo-eleitoral\/#primaryimage"},"image":{"@id":"https:\/\/www.blogsoestado.com\/flaviobraga\/o-dinamismo-do-processo-eleitoral\/#primaryimage"},"thumbnailUrl":"https:\/\/www.blogsoestado.com\/flaviobraga\/wp-content\/uploads\/sites\/7\/2017\/06\/Processo-Eleitoral-1.jpg","datePublished":"2017-06-30T13:59:32+00:00","author":{"@id":"https:\/\/www.blogsoestado.com\/flaviobraga\/#\/schema\/person\/6c6c778331775c757a82d15206bd8733"},"breadcrumb":{"@id":"https:\/\/www.blogsoestado.com\/flaviobraga\/o-dinamismo-do-processo-eleitoral\/#breadcrumb"},"inLanguage":"pt-BR","potentialAction":[{"@type":"ReadAction","target":["https:\/\/www.blogsoestado.com\/flaviobraga\/o-dinamismo-do-processo-eleitoral\/"]}]},{"@type":"ImageObject","inLanguage":"pt-BR","@id":"https:\/\/www.blogsoestado.com\/flaviobraga\/o-dinamismo-do-processo-eleitoral\/#primaryimage","url":"https:\/\/www.blogsoestado.com\/flaviobraga\/wp-content\/uploads\/sites\/7\/2017\/06\/Processo-Eleitoral-1.jpg","contentUrl":"https:\/\/www.blogsoestado.com\/flaviobraga\/wp-content\/uploads\/sites\/7\/2017\/06\/Processo-Eleitoral-1.jpg","width":298,"height":169},{"@type":"BreadcrumbList","@id":"https:\/\/www.blogsoestado.com\/flaviobraga\/o-dinamismo-do-processo-eleitoral\/#breadcrumb","itemListElement":[{"@type":"ListItem","position":1,"name":"In\u00edcio","item":"https:\/\/www.blogsoestado.com\/flaviobraga\/"},{"@type":"ListItem","position":2,"name":"O dinamismo do processo eleitoral"}]},{"@type":"WebSite","@id":"https:\/\/www.blogsoestado.com\/flaviobraga\/#website","url":"https:\/\/www.blogsoestado.com\/flaviobraga\/","name":"Fl\u00e1vio Braga","description":"","potentialAction":[{"@type":"SearchAction","target":{"@type":"EntryPoint","urlTemplate":"https:\/\/www.blogsoestado.com\/flaviobraga\/?s={search_term_string}"},"query-input":{"@type":"PropertyValueSpecification","valueRequired":true,"valueName":"search_term_string"}}],"inLanguage":"pt-BR"},{"@type":"Person","@id":"https:\/\/www.blogsoestado.com\/flaviobraga\/#\/schema\/person\/6c6c778331775c757a82d15206bd8733","name":"Flavio Braga","image":{"@type":"ImageObject","inLanguage":"pt-BR","@id":"https:\/\/www.blogsoestado.com\/flaviobraga\/#\/schema\/person\/image\/","url":"https:\/\/secure.gravatar.com\/avatar\/ab173937dad8d78195c87778be8a0285d069ede375ce0ae24aac1cf8e58ccb2c?s=96&d=mm&r=g","contentUrl":"https:\/\/secure.gravatar.com\/avatar\/ab173937dad8d78195c87778be8a0285d069ede375ce0ae24aac1cf8e58ccb2c?s=96&d=mm&r=g","caption":"Flavio Braga"},"url":"https:\/\/www.blogsoestado.com\/flaviobraga\/author\/flaviobraga\/"}]}},"jetpack_featured_media_url":"","_links":{"self":[{"href":"https:\/\/www.blogsoestado.com\/flaviobraga\/wp-json\/wp\/v2\/posts\/2978","targetHints":{"allow":["GET"]}}],"collection":[{"href":"https:\/\/www.blogsoestado.com\/flaviobraga\/wp-json\/wp\/v2\/posts"}],"about":[{"href":"https:\/\/www.blogsoestado.com\/flaviobraga\/wp-json\/wp\/v2\/types\/post"}],"author":[{"embeddable":true,"href":"https:\/\/www.blogsoestado.com\/flaviobraga\/wp-json\/wp\/v2\/users\/8"}],"replies":[{"embeddable":true,"href":"https:\/\/www.blogsoestado.com\/flaviobraga\/wp-json\/wp\/v2\/comments?post=2978"}],"version-history":[{"count":0,"href":"https:\/\/www.blogsoestado.com\/flaviobraga\/wp-json\/wp\/v2\/posts\/2978\/revisions"}],"wp:attachment":[{"href":"https:\/\/www.blogsoestado.com\/flaviobraga\/wp-json\/wp\/v2\/media?parent=2978"}],"wp:term":[{"taxonomy":"category","embeddable":true,"href":"https:\/\/www.blogsoestado.com\/flaviobraga\/wp-json\/wp\/v2\/categories?post=2978"},{"taxonomy":"post_tag","embeddable":true,"href":"https:\/\/www.blogsoestado.com\/flaviobraga\/wp-json\/wp\/v2\/tags?post=2978"}],"curies":[{"name":"wp","href":"https:\/\/api.w.org\/{rel}","templated":true}]}}