{"id":2993,"date":"2017-08-04T09:37:04","date_gmt":"2017-08-04T12:37:04","guid":{"rendered":"https:\/\/www.blogsoestado.com\/flaviobraga\/?p=2993"},"modified":"2017-08-04T09:37:04","modified_gmt":"2017-08-04T12:37:04","slug":"o-pioneirismo-administrativo-de-isaac-dias","status":"publish","type":"post","link":"https:\/\/www.blogsoestado.com\/flaviobraga\/o-pioneirismo-administrativo-de-isaac-dias\/","title":{"rendered":"O pioneirismo administrativo de Isaac Dias"},"content":{"rendered":"<p lang=\"pt-BR\" align=\"JUSTIFY\"><a href=\"https:\/\/www.blogsoestado.com\/flaviobraga\/2017\/08\/04\/o-pioneirismo-administrativo-de-isaac-dias\/01-capa-original-aprovada\/\" rel=\"attachment wp-att-2994\"><img fetchpriority=\"high\" decoding=\"async\" class=\"aligncenter  wp-image-2994\" src=\"https:\/\/www.blogsoestado.com\/flaviobraga\/wp-content\/uploads\/sites\/7\/2017\/08\/01-CAPA-ORIGINAL-Aprovada-1.jpg\" alt=\"\" width=\"410\" height=\"577\" srcset=\"https:\/\/www.blogsoestado.com\/flaviobraga\/wp-content\/uploads\/sites\/7\/2017\/08\/01-CAPA-ORIGINAL-Aprovada-1.jpg 915w, https:\/\/www.blogsoestado.com\/flaviobraga\/wp-content\/uploads\/sites\/7\/2017\/08\/01-CAPA-ORIGINAL-Aprovada-1-213x300.jpg 213w, https:\/\/www.blogsoestado.com\/flaviobraga\/wp-content\/uploads\/sites\/7\/2017\/08\/01-CAPA-ORIGINAL-Aprovada-1-729x1024.jpg 729w, https:\/\/www.blogsoestado.com\/flaviobraga\/wp-content\/uploads\/sites\/7\/2017\/08\/01-CAPA-ORIGINAL-Aprovada-1-768x1079.jpg 768w\" sizes=\"(max-width: 410px) 100vw, 410px\" \/><\/a><\/p>\n<p class=\"western\" lang=\"pt-BR\" align=\"JUSTIFY\"><span style=\"font-family: Times New Roman,serif;\"><span style=\"font-size: medium;\">No dia 2 de agosto de 2017, Isaac Rubens Britto Dias completou 80 anos de lutas e conquistas. O veterano combatente \u00e9 o l\u00edder mais expressivo e influente da hist\u00f3ria pol\u00edtica de S\u00e3o Bento. Nestas linhas, rendemos homenagem a esse c\u00e9lebre maranhense, com esteio na obra \u201cIsaac Dias: a saga de um sonhador\u201d, biografia escrita em 2014 por Bitinha Dias, sua consorte h\u00e1 61 anos. <\/span><\/span><\/p>\n<p class=\"western\" lang=\"pt-BR\" align=\"JUSTIFY\"><span style=\"font-family: Times New Roman,serif;\"><span style=\"font-size: medium;\">Filho do vereador Antonio Martinho Dias e Dona Joana Britto, Isaac nasceu em 2 de agosto de 1937, na Rua Coronel Carneiro de Freitas, em S\u00e3o Bento. Casou-se com Benedita do Socorro Rodrigues Dias (Bitinha Dias) em 1956 e formou uma aben\u00e7oada descend\u00eancia de 11 filhos, 14 netos e 3 bisnetos.<\/span><\/span><\/p>\n<p class=\"western\" align=\"JUSTIFY\"><span style=\"color: #000000;\"><span style=\"font-family: Times New Roman,serif;\"><span style=\"font-size: medium;\"><span lang=\"pt-BR\">Em sua vitoriosa carreira pol\u00edtica, exerceu quatro mandatos de deputado estadual <\/span><\/span><\/span><\/span><span style=\"font-family: Times New Roman,serif;\"><span style=\"font-size: medium;\"><span lang=\"pt-BR\">(eleito em 1966, 1970, 1974 e 1990) e dois de prefeito municipal (eleito em 1982 e 2000). Marcou \u00e9poca ao lado dos deputados estaduais Jos\u00e9 Dominici e Chiquitinho Figueiredo, ambos de S\u00e3o Jo\u00e3o Batista. Na minha inf\u00e2ncia em Peri-Mirim, j\u00e1 ouvia dizer que, na regi\u00e3o da Baixada, Isaac era o basti\u00e3o da resist\u00eancia patri\u00f3tica do Movimento Democr\u00e1tico Brasileiro (MDB) contra o partido da ditadura militar, a Alian\u00e7a Renovadora Nacional (ARENA), legenda majorit\u00e1ria no restante do Maranh\u00e3o.<\/span><\/span><\/span><\/p>\n<p class=\"western\" align=\"JUSTIFY\"><span style=\"font-family: Times New Roman,serif;\"><span style=\"font-size: medium;\"><span lang=\"pt-BR\">Isaac desempenhou ainda os cargos de secret\u00e1rio municipal de governo (aos 19 anos de idade), escriv\u00e3o e coletor da exatoria federal em S\u00e3o Bento e auditor fiscal da Receita Federal, no qual se aposentou em <\/span><\/span><\/span><span style=\"font-family: Times New Roman,serif;\"><span style=\"font-size: medium;\"><span lang=\"pt-BR\">1995. Bitinha Dias tamb\u00e9m exerceu a chefia do poder executivo municipal, sendo eleita a primeira prefeita da hist\u00f3ria de S\u00e3o Bento em 1992.<\/span><\/span><\/span><\/p>\n<p class=\"western\" lang=\"pt-BR\" align=\"JUSTIFY\"><span style=\"font-family: Times New Roman,serif;\"><span style=\"font-size: medium;\">Como gestor p\u00fablico, Isaac Dias notabilizou-se pelo seu estilo ousado, destemido, arrojado e futurista. Dentre as suas maiores realiza\u00e7\u00f5es administrativas destacam-se o est\u00e1dio municipal Newton Bello, Avenida do Aeroporto, Hospital S\u00e3o Bento, estradas vicinais, postos telef\u00f4nicos na zona rural, Escola T\u00e9cnica de S\u00e3o Bento, terminal rodovi\u00e1rio, postos de sa\u00fade, conjunto habitacional Mutir\u00e3o, pra\u00e7a de eventos, unidade m\u00f3vel de sa\u00fade, centro tecnol\u00f3gico, centro comunit\u00e1rio, clube recreativo com piscina e gin\u00e1sio poliesportivo, feira municipal, Pra\u00e7a do Aeroporto, centro de ensino profissionalizante, pavimenta\u00e7\u00e3o da Rua Grande, asfaltamento e urbaniza\u00e7\u00e3o de muitas outras etc. <\/span><\/span><\/p>\n<p class=\"western\" lang=\"pt-BR\" align=\"JUSTIFY\"><span style=\"font-family: Times New Roman,serif;\"><span style=\"font-size: medium;\">Na gest\u00e3o de Bitinha Dias (1993-1996) foi realizado o servi\u00e7o de dragagem dos campos de S\u00e3o Bento, considerada a maior obra de combate \u00e0 estiagem e \u00e0 fome na regi\u00e3o da Baixada. Foram mais de 18 quil\u00f4metros de canal dragado, com profundidade m\u00e9dia de 6 metros, e intercalado por lagos com di\u00e2metros de mil metros quadrados.<\/span><\/span><\/p>\n<p class=\"western\" lang=\"pt-BR\" align=\"JUSTIFY\"><span style=\"font-family: Times New Roman,serif;\"><span style=\"font-size: medium;\">Isaac distinguiu a sua milit\u00e2ncia pol\u00edtica pela extrema lealdade ao povo sambentuense e aos seus correligion\u00e1rios. Nunca se afastou do grupo pol\u00edtico do governador Newton Bello, demonstrando fidelidade ao l\u00edder, amigo e conterr\u00e2neo. Sempre foi coerente com seus princ\u00edpios e ideais. Pessoa honrada, amigo aut\u00eantico, parlamentar atuante e prefeito empreendedor. A sua trajet\u00f3ria pessoal e pol\u00edtica o faz merecedor do nosso respeito, estima, rever\u00eancia e admira\u00e7\u00e3o. Sa\u00fade e vida longa, Isaac Dias.<\/span><\/span><\/p>\n","protected":false},"excerpt":{"rendered":"<p>No dia 2 de agosto de 2017, Isaac Rubens Britto Dias completou 80 anos de lutas e conquistas. O veterano [&hellip;]<\/p>\n","protected":false},"author":8,"featured_media":0,"comment_status":"open","ping_status":"open","sticky":false,"template":"","format":"standard","meta":{"site-sidebar-layout":"default","site-content-layout":"","ast-site-content-layout":"default","site-content-style":"default","site-sidebar-style":"default","ast-global-header-display":"","ast-banner-title-visibility":"","ast-main-header-display":"","ast-hfb-above-header-display":"","ast-hfb-below-header-display":"","ast-hfb-mobile-header-display":"","site-post-title":"","ast-breadcrumbs-content":"","ast-featured-img":"","footer-sml-layout":"","ast-disable-related-posts":"","theme-transparent-header-meta":"","adv-header-id-meta":"","stick-header-meta":"","header-above-stick-meta":"","header-main-stick-meta":"","header-below-stick-meta":"","astra-migrate-meta-layouts":"default","ast-page-background-enabled":"default","ast-page-background-meta":{"desktop":{"background-color":"var(--ast-global-color-5)","background-image":"","background-repeat":"repeat","background-position":"center center","background-size":"auto","background-attachment":"scroll","background-type":"","background-media":"","overlay-type":"","overlay-color":"","overlay-opacity":"","overlay-gradient":""},"tablet":{"background-color":"","background-image":"","background-repeat":"repeat","background-position":"center center","background-size":"auto","background-attachment":"scroll","background-type":"","background-media":"","overlay-type":"","overlay-color":"","overlay-opacity":"","overlay-gradient":""},"mobile":{"background-color":"","background-image":"","background-repeat":"repeat","background-position":"center center","background-size":"auto","background-attachment":"scroll","background-type":"","background-media":"","overlay-type":"","overlay-color":"","overlay-opacity":"","overlay-gradient":""}},"ast-content-background-meta":{"desktop":{"background-color":"var(--ast-global-color-4)","background-image":"","background-repeat":"repeat","background-position":"center center","background-size":"auto","background-attachment":"scroll","background-type":"","background-media":"","overlay-type":"","overlay-color":"","overlay-opacity":"","overlay-gradient":""},"tablet":{"background-color":"var(--ast-global-color-4)","background-image":"","background-repeat":"repeat","background-position":"center center","background-size":"auto","background-attachment":"scroll","background-type":"","background-media":"","overlay-type":"","overlay-color":"","overlay-opacity":"","overlay-gradient":""},"mobile":{"background-color":"var(--ast-global-color-4)","background-image":"","background-repeat":"repeat","background-position":"center center","background-size":"auto","background-attachment":"scroll","background-type":"","background-media":"","overlay-type":"","overlay-color":"","overlay-opacity":"","overlay-gradient":""}},"footnotes":""},"categories":[1],"tags":[],"class_list":["post-2993","post","type-post","status-publish","format-standard","hentry","category-sem-categoria"],"yoast_head":"<!-- This site is optimized with the Yoast SEO plugin v26.6 - https:\/\/yoast.com\/wordpress\/plugins\/seo\/ -->\n<title>O pioneirismo administrativo de Isaac Dias - Fl\u00e1vio Braga<\/title>\n<meta name=\"robots\" content=\"index, follow, max-snippet:-1, max-image-preview:large, max-video-preview:-1\" \/>\n<link rel=\"canonical\" href=\"https:\/\/www.blogsoestado.com\/flaviobraga\/o-pioneirismo-administrativo-de-isaac-dias\/\" \/>\n<meta property=\"og:locale\" content=\"pt_BR\" \/>\n<meta property=\"og:type\" content=\"article\" \/>\n<meta property=\"og:title\" content=\"O pioneirismo administrativo de Isaac Dias - Fl\u00e1vio Braga\" \/>\n<meta property=\"og:description\" content=\"No dia 2 de agosto de 2017, Isaac Rubens Britto Dias completou 80 anos de lutas e conquistas. O veterano [&hellip;]\" \/>\n<meta property=\"og:url\" content=\"https:\/\/www.blogsoestado.com\/flaviobraga\/o-pioneirismo-administrativo-de-isaac-dias\/\" \/>\n<meta property=\"og:site_name\" content=\"Fl\u00e1vio Braga\" \/>\n<meta property=\"article:published_time\" content=\"2017-08-04T12:37:04+00:00\" \/>\n<meta property=\"og:image\" content=\"https:\/\/www.blogsoestado.com\/flaviobraga\/wp-content\/uploads\/sites\/7\/2017\/08\/01-CAPA-ORIGINAL-Aprovada-1.jpg\" \/>\n<meta name=\"author\" content=\"Flavio Braga\" \/>\n<meta name=\"twitter:card\" content=\"summary_large_image\" \/>\n<meta name=\"twitter:label1\" content=\"Escrito por\" \/>\n\t<meta name=\"twitter:data1\" content=\"Flavio Braga\" \/>\n\t<meta name=\"twitter:label2\" content=\"Est. tempo de leitura\" \/>\n\t<meta name=\"twitter:data2\" content=\"3 minutos\" \/>\n<script type=\"application\/ld+json\" class=\"yoast-schema-graph\">{\"@context\":\"https:\/\/schema.org\",\"@graph\":[{\"@type\":\"WebPage\",\"@id\":\"https:\/\/www.blogsoestado.com\/flaviobraga\/o-pioneirismo-administrativo-de-isaac-dias\/\",\"url\":\"https:\/\/www.blogsoestado.com\/flaviobraga\/o-pioneirismo-administrativo-de-isaac-dias\/\",\"name\":\"O pioneirismo administrativo de Isaac Dias - Fl\u00e1vio Braga\",\"isPartOf\":{\"@id\":\"https:\/\/www.blogsoestado.com\/flaviobraga\/#website\"},\"primaryImageOfPage\":{\"@id\":\"https:\/\/www.blogsoestado.com\/flaviobraga\/o-pioneirismo-administrativo-de-isaac-dias\/#primaryimage\"},\"image\":{\"@id\":\"https:\/\/www.blogsoestado.com\/flaviobraga\/o-pioneirismo-administrativo-de-isaac-dias\/#primaryimage\"},\"thumbnailUrl\":\"https:\/\/www.blogsoestado.com\/flaviobraga\/wp-content\/uploads\/sites\/7\/2017\/08\/01-CAPA-ORIGINAL-Aprovada-1.jpg\",\"datePublished\":\"2017-08-04T12:37:04+00:00\",\"author\":{\"@id\":\"https:\/\/www.blogsoestado.com\/flaviobraga\/#\/schema\/person\/6c6c778331775c757a82d15206bd8733\"},\"breadcrumb\":{\"@id\":\"https:\/\/www.blogsoestado.com\/flaviobraga\/o-pioneirismo-administrativo-de-isaac-dias\/#breadcrumb\"},\"inLanguage\":\"pt-BR\",\"potentialAction\":[{\"@type\":\"ReadAction\",\"target\":[\"https:\/\/www.blogsoestado.com\/flaviobraga\/o-pioneirismo-administrativo-de-isaac-dias\/\"]}]},{\"@type\":\"ImageObject\",\"inLanguage\":\"pt-BR\",\"@id\":\"https:\/\/www.blogsoestado.com\/flaviobraga\/o-pioneirismo-administrativo-de-isaac-dias\/#primaryimage\",\"url\":\"https:\/\/www.blogsoestado.com\/flaviobraga\/wp-content\/uploads\/sites\/7\/2017\/08\/01-CAPA-ORIGINAL-Aprovada-1.jpg\",\"contentUrl\":\"https:\/\/www.blogsoestado.com\/flaviobraga\/wp-content\/uploads\/sites\/7\/2017\/08\/01-CAPA-ORIGINAL-Aprovada-1.jpg\",\"width\":915,\"height\":1286},{\"@type\":\"BreadcrumbList\",\"@id\":\"https:\/\/www.blogsoestado.com\/flaviobraga\/o-pioneirismo-administrativo-de-isaac-dias\/#breadcrumb\",\"itemListElement\":[{\"@type\":\"ListItem\",\"position\":1,\"name\":\"In\u00edcio\",\"item\":\"https:\/\/www.blogsoestado.com\/flaviobraga\/\"},{\"@type\":\"ListItem\",\"position\":2,\"name\":\"O pioneirismo administrativo de Isaac Dias\"}]},{\"@type\":\"WebSite\",\"@id\":\"https:\/\/www.blogsoestado.com\/flaviobraga\/#website\",\"url\":\"https:\/\/www.blogsoestado.com\/flaviobraga\/\",\"name\":\"Fl\u00e1vio Braga\",\"description\":\"\",\"potentialAction\":[{\"@type\":\"SearchAction\",\"target\":{\"@type\":\"EntryPoint\",\"urlTemplate\":\"https:\/\/www.blogsoestado.com\/flaviobraga\/?s={search_term_string}\"},\"query-input\":{\"@type\":\"PropertyValueSpecification\",\"valueRequired\":true,\"valueName\":\"search_term_string\"}}],\"inLanguage\":\"pt-BR\"},{\"@type\":\"Person\",\"@id\":\"https:\/\/www.blogsoestado.com\/flaviobraga\/#\/schema\/person\/6c6c778331775c757a82d15206bd8733\",\"name\":\"Flavio Braga\",\"image\":{\"@type\":\"ImageObject\",\"inLanguage\":\"pt-BR\",\"@id\":\"https:\/\/www.blogsoestado.com\/flaviobraga\/#\/schema\/person\/image\/\",\"url\":\"https:\/\/secure.gravatar.com\/avatar\/ab173937dad8d78195c87778be8a0285d069ede375ce0ae24aac1cf8e58ccb2c?s=96&d=mm&r=g\",\"contentUrl\":\"https:\/\/secure.gravatar.com\/avatar\/ab173937dad8d78195c87778be8a0285d069ede375ce0ae24aac1cf8e58ccb2c?s=96&d=mm&r=g\",\"caption\":\"Flavio Braga\"},\"url\":\"https:\/\/www.blogsoestado.com\/flaviobraga\/author\/flaviobraga\/\"}]}<\/script>\n<!-- \/ Yoast SEO plugin. -->","yoast_head_json":{"title":"O pioneirismo administrativo de Isaac Dias - Fl\u00e1vio Braga","robots":{"index":"index","follow":"follow","max-snippet":"max-snippet:-1","max-image-preview":"max-image-preview:large","max-video-preview":"max-video-preview:-1"},"canonical":"https:\/\/www.blogsoestado.com\/flaviobraga\/o-pioneirismo-administrativo-de-isaac-dias\/","og_locale":"pt_BR","og_type":"article","og_title":"O pioneirismo administrativo de Isaac Dias - Fl\u00e1vio Braga","og_description":"No dia 2 de agosto de 2017, Isaac Rubens Britto Dias completou 80 anos de lutas e conquistas. O veterano [&hellip;]","og_url":"https:\/\/www.blogsoestado.com\/flaviobraga\/o-pioneirismo-administrativo-de-isaac-dias\/","og_site_name":"Fl\u00e1vio Braga","article_published_time":"2017-08-04T12:37:04+00:00","og_image":[{"url":"https:\/\/www.blogsoestado.com\/flaviobraga\/wp-content\/uploads\/sites\/7\/2017\/08\/01-CAPA-ORIGINAL-Aprovada-1.jpg","type":"","width":"","height":""}],"author":"Flavio Braga","twitter_card":"summary_large_image","twitter_misc":{"Escrito por":"Flavio Braga","Est. tempo de leitura":"3 minutos"},"schema":{"@context":"https:\/\/schema.org","@graph":[{"@type":"WebPage","@id":"https:\/\/www.blogsoestado.com\/flaviobraga\/o-pioneirismo-administrativo-de-isaac-dias\/","url":"https:\/\/www.blogsoestado.com\/flaviobraga\/o-pioneirismo-administrativo-de-isaac-dias\/","name":"O pioneirismo administrativo de Isaac Dias - Fl\u00e1vio Braga","isPartOf":{"@id":"https:\/\/www.blogsoestado.com\/flaviobraga\/#website"},"primaryImageOfPage":{"@id":"https:\/\/www.blogsoestado.com\/flaviobraga\/o-pioneirismo-administrativo-de-isaac-dias\/#primaryimage"},"image":{"@id":"https:\/\/www.blogsoestado.com\/flaviobraga\/o-pioneirismo-administrativo-de-isaac-dias\/#primaryimage"},"thumbnailUrl":"https:\/\/www.blogsoestado.com\/flaviobraga\/wp-content\/uploads\/sites\/7\/2017\/08\/01-CAPA-ORIGINAL-Aprovada-1.jpg","datePublished":"2017-08-04T12:37:04+00:00","author":{"@id":"https:\/\/www.blogsoestado.com\/flaviobraga\/#\/schema\/person\/6c6c778331775c757a82d15206bd8733"},"breadcrumb":{"@id":"https:\/\/www.blogsoestado.com\/flaviobraga\/o-pioneirismo-administrativo-de-isaac-dias\/#breadcrumb"},"inLanguage":"pt-BR","potentialAction":[{"@type":"ReadAction","target":["https:\/\/www.blogsoestado.com\/flaviobraga\/o-pioneirismo-administrativo-de-isaac-dias\/"]}]},{"@type":"ImageObject","inLanguage":"pt-BR","@id":"https:\/\/www.blogsoestado.com\/flaviobraga\/o-pioneirismo-administrativo-de-isaac-dias\/#primaryimage","url":"https:\/\/www.blogsoestado.com\/flaviobraga\/wp-content\/uploads\/sites\/7\/2017\/08\/01-CAPA-ORIGINAL-Aprovada-1.jpg","contentUrl":"https:\/\/www.blogsoestado.com\/flaviobraga\/wp-content\/uploads\/sites\/7\/2017\/08\/01-CAPA-ORIGINAL-Aprovada-1.jpg","width":915,"height":1286},{"@type":"BreadcrumbList","@id":"https:\/\/www.blogsoestado.com\/flaviobraga\/o-pioneirismo-administrativo-de-isaac-dias\/#breadcrumb","itemListElement":[{"@type":"ListItem","position":1,"name":"In\u00edcio","item":"https:\/\/www.blogsoestado.com\/flaviobraga\/"},{"@type":"ListItem","position":2,"name":"O pioneirismo administrativo de Isaac Dias"}]},{"@type":"WebSite","@id":"https:\/\/www.blogsoestado.com\/flaviobraga\/#website","url":"https:\/\/www.blogsoestado.com\/flaviobraga\/","name":"Fl\u00e1vio Braga","description":"","potentialAction":[{"@type":"SearchAction","target":{"@type":"EntryPoint","urlTemplate":"https:\/\/www.blogsoestado.com\/flaviobraga\/?s={search_term_string}"},"query-input":{"@type":"PropertyValueSpecification","valueRequired":true,"valueName":"search_term_string"}}],"inLanguage":"pt-BR"},{"@type":"Person","@id":"https:\/\/www.blogsoestado.com\/flaviobraga\/#\/schema\/person\/6c6c778331775c757a82d15206bd8733","name":"Flavio Braga","image":{"@type":"ImageObject","inLanguage":"pt-BR","@id":"https:\/\/www.blogsoestado.com\/flaviobraga\/#\/schema\/person\/image\/","url":"https:\/\/secure.gravatar.com\/avatar\/ab173937dad8d78195c87778be8a0285d069ede375ce0ae24aac1cf8e58ccb2c?s=96&d=mm&r=g","contentUrl":"https:\/\/secure.gravatar.com\/avatar\/ab173937dad8d78195c87778be8a0285d069ede375ce0ae24aac1cf8e58ccb2c?s=96&d=mm&r=g","caption":"Flavio Braga"},"url":"https:\/\/www.blogsoestado.com\/flaviobraga\/author\/flaviobraga\/"}]}},"jetpack_featured_media_url":"","_links":{"self":[{"href":"https:\/\/www.blogsoestado.com\/flaviobraga\/wp-json\/wp\/v2\/posts\/2993","targetHints":{"allow":["GET"]}}],"collection":[{"href":"https:\/\/www.blogsoestado.com\/flaviobraga\/wp-json\/wp\/v2\/posts"}],"about":[{"href":"https:\/\/www.blogsoestado.com\/flaviobraga\/wp-json\/wp\/v2\/types\/post"}],"author":[{"embeddable":true,"href":"https:\/\/www.blogsoestado.com\/flaviobraga\/wp-json\/wp\/v2\/users\/8"}],"replies":[{"embeddable":true,"href":"https:\/\/www.blogsoestado.com\/flaviobraga\/wp-json\/wp\/v2\/comments?post=2993"}],"version-history":[{"count":0,"href":"https:\/\/www.blogsoestado.com\/flaviobraga\/wp-json\/wp\/v2\/posts\/2993\/revisions"}],"wp:attachment":[{"href":"https:\/\/www.blogsoestado.com\/flaviobraga\/wp-json\/wp\/v2\/media?parent=2993"}],"wp:term":[{"taxonomy":"category","embeddable":true,"href":"https:\/\/www.blogsoestado.com\/flaviobraga\/wp-json\/wp\/v2\/categories?post=2993"},{"taxonomy":"post_tag","embeddable":true,"href":"https:\/\/www.blogsoestado.com\/flaviobraga\/wp-json\/wp\/v2\/tags?post=2993"}],"curies":[{"name":"wp","href":"https:\/\/api.w.org\/{rel}","templated":true}]}}