{"id":3004,"date":"2017-08-18T10:54:59","date_gmt":"2017-08-18T13:54:59","guid":{"rendered":"https:\/\/www.blogsoestado.com\/flaviobraga\/?p=3004"},"modified":"2017-08-18T10:54:59","modified_gmt":"2017-08-18T13:54:59","slug":"memorias-radiofonicas","status":"publish","type":"post","link":"https:\/\/www.blogsoestado.com\/flaviobraga\/memorias-radiofonicas\/","title":{"rendered":"MEM\u00d3RIAS RADIOF\u00d4NICAS"},"content":{"rendered":"<p align=\"JUSTIFY\"><span style=\"color: #0000ff;\"><strong><span style=\"font-family: Times New Roman,serif;\"><span style=\"font-size: large;\"><span lang=\"pt-BR\">Por <\/span><\/span><\/span><span style=\"font-family: Times New Roman,serif;\"><span style=\"font-size: large;\"><span lang=\"pt-BR\">Luiz Pedro<\/span><\/span><\/span><\/strong><\/span><span style=\"font-family: Times New Roman,serif;\"><span style=\"font-size: large;\"><span lang=\"pt-BR\"><span style=\"color: #0000ff;\"><strong>*<\/strong><\/span> <a href=\"https:\/\/www.blogsoestado.com\/flaviobraga\/2017\/08\/18\/memorias-radiofonicas\/luizpedro-2\/\" rel=\"attachment wp-att-3007\"><img fetchpriority=\"high\" decoding=\"async\" class=\"wp-image-3007 alignleft\" src=\"https:\/\/www.blogsoestado.com\/flaviobraga\/wp-content\/uploads\/sites\/7\/2017\/08\/luizpedro-1-1.png\" alt=\"\" width=\"226\" height=\"226\" srcset=\"https:\/\/www.blogsoestado.com\/flaviobraga\/wp-content\/uploads\/sites\/7\/2017\/08\/luizpedro-1-1.png 720w, https:\/\/www.blogsoestado.com\/flaviobraga\/wp-content\/uploads\/sites\/7\/2017\/08\/luizpedro-1-1-300x300.png 300w, https:\/\/www.blogsoestado.com\/flaviobraga\/wp-content\/uploads\/sites\/7\/2017\/08\/luizpedro-1-1-150x150.png 150w\" sizes=\"(max-width: 226px) 100vw, 226px\" \/><\/a><br \/>\n<\/span><\/span><\/span><\/p>\n<p align=\"JUSTIFY\"><span style=\"font-family: Times New Roman,serif;\"><span style=\"font-size: medium;\"><span lang=\"pt-BR\">O r\u00e1dio ainda \u00e9 o meio de comunica\u00e7\u00e3o de massas mais presente na vida das pessoas, seja pelo imediatismo seja pela facilidade de acesso a ele, presente nos lares, nos carros e, mais recentemente, nos celulares.<\/span><\/span><\/span><\/p>\n<p align=\"JUSTIFY\"><span style=\"font-family: Times New Roman,serif;\"><span style=\"font-size: medium;\"><span lang=\"pt-BR\">Se isso acontece nos dias atuais, imagine em \u00e9pocas passadas, como as d\u00e9cadas de 50, 60 e 70 do s\u00e9culo passado. O Maranh\u00e3o, at\u00e9 os anos 50, n\u00e3o possu\u00eda rodovias. O movimento de pessoas e cargas era feito por <\/span><\/span><\/span><span style=\"font-family: Times New Roman,serif;\"><span style=\"font-size: medium;\"><span lang=\"pt-BR\">embarca\u00e7\u00f5es <\/span><\/span><\/span><span style=\"font-family: Times New Roman,serif;\"><span style=\"font-size: medium;\"><span lang=\"pt-BR\">e pelos trens da S\u00e3o Lu\u00eds-Teresina. Os avi\u00f5es eram utilizados por pessoas de posses ou em alguns casos emergenciais.<\/span><\/span><\/span><\/p>\n<p align=\"JUSTIFY\"><span style=\"font-family: Times New Roman,serif;\"><span style=\"font-size: medium;\"><span lang=\"pt-BR\">J\u00e1 as comunica\u00e7\u00f5es eram extremamente escassas. As cartas demoravam semanas para chegar ao destino e mesmo os telegramas s\u00f3 chegavam a poucos pontos em determinadas cidades do interior. Liga\u00e7\u00f5es telef\u00f4nicas eram dif\u00edceis, os telefones, raros e os enlaces interurbanos demoravam horas para se completar, quando se completavam.<\/span><\/span><\/span><\/p>\n<p align=\"JUSTIFY\"><span style=\"font-family: Times New Roman,serif;\"><span style=\"font-size: medium;\"><span lang=\"pt-BR\">Nesse ambiente, o r\u00e1dio tinha import\u00e2ncia fundamental. Atrav\u00e9s dele, informa\u00e7\u00e3o, entretenimento e servi\u00e7os chegavam ao mais distante povoado do interior, ainda mais depois do r\u00e1dio transistorizado, que utilizava pilha ou bateria, uma vez que energia el\u00e9trica era pouqu\u00edssimo difundida.<\/span><\/span><\/span><\/p>\n<p align=\"JUSTIFY\"><span style=\"font-family: Times New Roman,serif;\"><span style=\"font-size: medium;\"><span lang=\"pt-BR\">A radiofonia maranhense existia desde 1941, com a funda\u00e7\u00e3o da hoje R\u00e1dio Timbira. Mas \u00e9 com a cria\u00e7\u00e3o das r\u00e1dios Ribamar (hoje Cidade) e Difusora que os programas radiof\u00f4nicos ganham o gosto das multid\u00f5es e lan\u00e7am nomes de locutores que eram t\u00e3o prestigiados quanto os atores globais da atualidade.<\/span><\/span><\/span><\/p>\n<p align=\"JUSTIFY\"><span style=\"font-family: Times New Roman,serif;\"><span style=\"font-size: medium;\"><span lang=\"pt-BR\">Foi na o final da d\u00e9cada de 50 que surgiu um programa que veio a fazer hist\u00f3ria no r\u00e1dio maranhense: o Correio do Interior. A f\u00f3rmula era simples: pessoas que queriam se comunicar com parentes ou amigos no interior, especialmente nos munic\u00edpios da Baixada, redigiam avisos que eram lidos pelo locutor do programa. <\/span><\/span><\/span><\/p>\n<p align=\"JUSTIFY\"><span style=\"font-family: Times New Roman,serif;\"><span style=\"font-size: medium;\"><span lang=\"pt-BR\">Z\u00e9 Leite, Fernando Cutrim, Ricardo Rodrigues, C\u00e9sar Roberto Maciel, Fernando Sousa e Almeida Filho emprestaram a sua voz para os avisos de viagens, de acidentes, de mortes, de nascimento de filhos e netos e de coisas prosaicas como preparar uma montaria para esperar um viajante que subia os rios da Baixada. O programa ia ao ar \u00e0s 8 da noite, ap\u00f3s a Voz do Brasil.<\/span><\/span><\/span><\/p>\n<p align=\"JUSTIFY\"><span style=\"font-family: Times New Roman,serif;\"><span style=\"font-size: medium;\"><span lang=\"pt-BR\">O sucesso era tanto que os avisos invadiam outros programas da Difusora, como o Correio Musical Eucalol, de 8 \u00e0s 10 horas, e de 16 \u00e0s 17 horas, e o Quem Manda \u00e9 Voc\u00ea, comandado por Z\u00e9 Branco, nas manh\u00e3s de segunda a sexta. Nem os domingos escapavam: os avisos apareciam no Domingo \u00e9 nosso, que teve Lima J\u00fanior, Don Ivan e Leonor Filho como apresentadores.<\/span><\/span><\/span><\/p>\n<p align=\"JUSTIFY\"><span style=\"font-family: Times New Roman,serif;\"><span style=\"font-size: medium;\"><span lang=\"pt-BR\">A f\u00f3rmula foi copiada sem o mesmo sucesso por emissoras como a Ribamar e a Educadora. Esta, ali\u00e1s, mant\u00e9m avisos em sua programa\u00e7\u00e3o at\u00e9 hoje, mas as comunica\u00e7\u00f5es f\u00e1ceis fizeram a f\u00f3rmula murchar.<\/span><\/span><\/span><\/p>\n<p align=\"JUSTIFY\"><span style=\"font-family: Times New Roman,serif;\"><span style=\"font-size: medium;\"><span lang=\"pt-BR\">Meu amigo Gojoba, o jornalista e radialista Jos\u00e9 Ribamar Gomes, durante um curto per\u00edodo recebia os avisos a serem divulgados e cobrava pela transmiss\u00e3o das notas, tudo devidamente contabilizado num bloco de recibos que, ao final do dia, era eventualmente arrecadado por Magno Bacelar, um dos donos da emissora.<\/span><\/span><\/span><\/p>\n<p align=\"JUSTIFY\"><a href=\"https:\/\/www.blogsoestado.com\/flaviobraga\/2017\/08\/18\/memorias-radiofonicas\/radio\/\" rel=\"attachment wp-att-3005\"><img decoding=\"async\" class=\"aligncenter  wp-image-3005\" src=\"https:\/\/www.blogsoestado.com\/flaviobraga\/wp-content\/uploads\/sites\/7\/2017\/08\/Radio-1.jpg\" alt=\"\" width=\"400\" height=\"300\" srcset=\"https:\/\/www.blogsoestado.com\/flaviobraga\/wp-content\/uploads\/sites\/7\/2017\/08\/Radio-1.jpg 480w, https:\/\/www.blogsoestado.com\/flaviobraga\/wp-content\/uploads\/sites\/7\/2017\/08\/Radio-1-300x225.jpg 300w\" sizes=\"(max-width: 400px) 100vw, 400px\" \/><\/a><\/p>\n<p align=\"JUSTIFY\"><span style=\"font-family: Times New Roman,serif;\"><span style=\"font-size: medium;\"><span lang=\"pt-BR\">O sucesso do programa era tamanho que os Correios entraram com uma a\u00e7\u00e3o tentando proibir a divulga\u00e7\u00e3o dos avisos por concorr\u00eancia ilegal. O caso n\u00e3o prosperou porque os Bacelar conseguiram na Assembleia Legislativa aprovar para o programa um t\u00edtulo de utilidade p\u00fablica e, assim, tudo continuou como dantes.<\/span><\/span><\/span><\/p>\n<p align=\"JUSTIFY\"><span style=\"font-family: Times New Roman,serif;\"><span style=\"font-size: medium;\"><span lang=\"pt-BR\">Registre-se que, nessa \u00e9poca, a Difusora operava em ondas curtas e ondas tropicais, al\u00e9m das ondas m\u00e9dias at\u00e9 hoje existentes. As ondas tropicais e curtas chegavam aos recantos mais long\u00ednquos, dentro e fora do Brasil.<\/span><\/span><\/span><\/p>\n<p align=\"JUSTIFY\"><span style=\"font-family: Times New Roman,serif;\"><span style=\"font-size: medium;\"><span lang=\"pt-BR\">O Correio do Interior era uma fonte importante de recursos para a Difusora. Gojoba calcula que, a pre\u00e7os de hoje, a emissora faturava cerca de 150 mil reais mensais com os avisos, dinheiro providencial para pagar os \u201cvales\u201d que os trabalhadores da casa pediam.<\/span><\/span><\/span><\/p>\n<p align=\"JUSTIFY\"><span style=\"font-family: Times New Roman,serif;\"><span style=\"font-size: medium;\"><span lang=\"pt-BR\">A maior renda do programa, deveu-se a uma trag\u00e9dia. O naufr\u00e1gio da Lancha Prote\u00e7\u00e3o de S\u00e3o Jos\u00e9, ocorrido no dia 27 de outubro de 1965, que deixou centenas de v\u00edtimas. O n\u00famero exato de mortos e desaparecidos n\u00e3o se sabe, pois n\u00e3o havia o controle de passageiros \u00e0 \u00e9poca.<\/span><\/span><\/span><\/p>\n<p align=\"JUSTIFY\"><span style=\"font-family: Times New Roman,serif;\"><span style=\"font-size: medium;\"><span lang=\"pt-BR\">A lancha que partira do porto da Raposa, em S\u00e3o Jo\u00e3o Batista, afundou \u00e0 noite ap\u00f3s se chocar com recifes, j\u00e1 pr\u00f3ximo \u00e0 costa de S\u00e3o Lu\u00eds. Entre os sobreviventes, que permanece vivo at\u00e9 os dias atuais, est\u00e1 o comerciante Juarez Diniz Cutrim, dono de um bar tradicional na Belira. <\/span><\/span><\/span><\/p>\n<p align=\"JUSTIFY\"><span style=\"font-family: Times New Roman,serif;\"><span style=\"font-size: medium;\"><span lang=\"pt-BR\">Nessa noite, sobreviventes faziam fila diante dos microfones da Difusora para, com suas vozes, tranquilizarem os familiares no interior.<\/span><\/span><\/span><\/p>\n<p align=\"JUSTIFY\"><i><span style=\"font-family: Times New Roman,serif;\"><span style=\"font-size: medium;\"><span lang=\"pt-BR\">*<\/span><\/span><\/span><span style=\"font-family: Times New Roman,serif;\"><span style=\"font-size: medium;\"><span lang=\"pt-BR\">Jornalista e ex-deputado estadual.<\/span><\/span><\/span><\/i><\/p>\n","protected":false},"excerpt":{"rendered":"<p>Por Luiz Pedro* O r\u00e1dio ainda \u00e9 o meio de comunica\u00e7\u00e3o de massas mais presente na vida das pessoas, seja [&hellip;]<\/p>\n","protected":false},"author":8,"featured_media":0,"comment_status":"open","ping_status":"open","sticky":false,"template":"","format":"standard","meta":{"site-sidebar-layout":"default","site-content-layout":"","ast-site-content-layout":"default","site-content-style":"default","site-sidebar-style":"default","ast-global-header-display":"","ast-banner-title-visibility":"","ast-main-header-display":"","ast-hfb-above-header-display":"","ast-hfb-below-header-display":"","ast-hfb-mobile-header-display":"","site-post-title":"","ast-breadcrumbs-content":"","ast-featured-img":"","footer-sml-layout":"","ast-disable-related-posts":"","theme-transparent-header-meta":"","adv-header-id-meta":"","stick-header-meta":"","header-above-stick-meta":"","header-main-stick-meta":"","header-below-stick-meta":"","astra-migrate-meta-layouts":"default","ast-page-background-enabled":"default","ast-page-background-meta":{"desktop":{"background-color":"var(--ast-global-color-5)","background-image":"","background-repeat":"repeat","background-position":"center center","background-size":"auto","background-attachment":"scroll","background-type":"","background-media":"","overlay-type":"","overlay-color":"","overlay-opacity":"","overlay-gradient":""},"tablet":{"background-color":"","background-image":"","background-repeat":"repeat","background-position":"center center","background-size":"auto","background-attachment":"scroll","background-type":"","background-media":"","overlay-type":"","overlay-color":"","overlay-opacity":"","overlay-gradient":""},"mobile":{"background-color":"","background-image":"","background-repeat":"repeat","background-position":"center center","background-size":"auto","background-attachment":"scroll","background-type":"","background-media":"","overlay-type":"","overlay-color":"","overlay-opacity":"","overlay-gradient":""}},"ast-content-background-meta":{"desktop":{"background-color":"var(--ast-global-color-4)","background-image":"","background-repeat":"repeat","background-position":"center center","background-size":"auto","background-attachment":"scroll","background-type":"","background-media":"","overlay-type":"","overlay-color":"","overlay-opacity":"","overlay-gradient":""},"tablet":{"background-color":"var(--ast-global-color-4)","background-image":"","background-repeat":"repeat","background-position":"center center","background-size":"auto","background-attachment":"scroll","background-type":"","background-media":"","overlay-type":"","overlay-color":"","overlay-opacity":"","overlay-gradient":""},"mobile":{"background-color":"var(--ast-global-color-4)","background-image":"","background-repeat":"repeat","background-position":"center center","background-size":"auto","background-attachment":"scroll","background-type":"","background-media":"","overlay-type":"","overlay-color":"","overlay-opacity":"","overlay-gradient":""}},"footnotes":""},"categories":[1],"tags":[],"class_list":["post-3004","post","type-post","status-publish","format-standard","hentry","category-sem-categoria"],"yoast_head":"<!-- This site is optimized with the Yoast SEO plugin v26.6 - https:\/\/yoast.com\/wordpress\/plugins\/seo\/ -->\n<title>MEM\u00d3RIAS RADIOF\u00d4NICAS - Fl\u00e1vio Braga<\/title>\n<meta name=\"robots\" content=\"index, follow, max-snippet:-1, max-image-preview:large, max-video-preview:-1\" \/>\n<link rel=\"canonical\" href=\"https:\/\/www.blogsoestado.com\/flaviobraga\/memorias-radiofonicas\/\" \/>\n<meta property=\"og:locale\" content=\"pt_BR\" \/>\n<meta property=\"og:type\" content=\"article\" \/>\n<meta property=\"og:title\" content=\"MEM\u00d3RIAS RADIOF\u00d4NICAS - Fl\u00e1vio Braga\" \/>\n<meta property=\"og:description\" content=\"Por Luiz Pedro* O r\u00e1dio ainda \u00e9 o meio de comunica\u00e7\u00e3o de massas mais presente na vida das pessoas, seja [&hellip;]\" \/>\n<meta property=\"og:url\" content=\"https:\/\/www.blogsoestado.com\/flaviobraga\/memorias-radiofonicas\/\" \/>\n<meta property=\"og:site_name\" content=\"Fl\u00e1vio Braga\" \/>\n<meta property=\"article:published_time\" content=\"2017-08-18T13:54:59+00:00\" \/>\n<meta property=\"og:image\" content=\"https:\/\/www.blogsoestado.com\/flaviobraga\/wp-content\/uploads\/sites\/7\/2017\/08\/luizpedro-1-1.png\" \/>\n<meta name=\"author\" content=\"Flavio Braga\" \/>\n<meta name=\"twitter:card\" content=\"summary_large_image\" \/>\n<meta name=\"twitter:label1\" content=\"Escrito por\" \/>\n\t<meta name=\"twitter:data1\" content=\"Flavio Braga\" \/>\n\t<meta name=\"twitter:label2\" content=\"Est. tempo de leitura\" \/>\n\t<meta name=\"twitter:data2\" content=\"4 minutos\" \/>\n<script type=\"application\/ld+json\" class=\"yoast-schema-graph\">{\"@context\":\"https:\/\/schema.org\",\"@graph\":[{\"@type\":\"WebPage\",\"@id\":\"https:\/\/www.blogsoestado.com\/flaviobraga\/memorias-radiofonicas\/\",\"url\":\"https:\/\/www.blogsoestado.com\/flaviobraga\/memorias-radiofonicas\/\",\"name\":\"MEM\u00d3RIAS RADIOF\u00d4NICAS - Fl\u00e1vio Braga\",\"isPartOf\":{\"@id\":\"https:\/\/www.blogsoestado.com\/flaviobraga\/#website\"},\"primaryImageOfPage\":{\"@id\":\"https:\/\/www.blogsoestado.com\/flaviobraga\/memorias-radiofonicas\/#primaryimage\"},\"image\":{\"@id\":\"https:\/\/www.blogsoestado.com\/flaviobraga\/memorias-radiofonicas\/#primaryimage\"},\"thumbnailUrl\":\"https:\/\/www.blogsoestado.com\/flaviobraga\/wp-content\/uploads\/sites\/7\/2017\/08\/luizpedro-1-1.png\",\"datePublished\":\"2017-08-18T13:54:59+00:00\",\"author\":{\"@id\":\"https:\/\/www.blogsoestado.com\/flaviobraga\/#\/schema\/person\/6c6c778331775c757a82d15206bd8733\"},\"breadcrumb\":{\"@id\":\"https:\/\/www.blogsoestado.com\/flaviobraga\/memorias-radiofonicas\/#breadcrumb\"},\"inLanguage\":\"pt-BR\",\"potentialAction\":[{\"@type\":\"ReadAction\",\"target\":[\"https:\/\/www.blogsoestado.com\/flaviobraga\/memorias-radiofonicas\/\"]}]},{\"@type\":\"ImageObject\",\"inLanguage\":\"pt-BR\",\"@id\":\"https:\/\/www.blogsoestado.com\/flaviobraga\/memorias-radiofonicas\/#primaryimage\",\"url\":\"https:\/\/www.blogsoestado.com\/flaviobraga\/wp-content\/uploads\/sites\/7\/2017\/08\/luizpedro-1-1.png\",\"contentUrl\":\"https:\/\/www.blogsoestado.com\/flaviobraga\/wp-content\/uploads\/sites\/7\/2017\/08\/luizpedro-1-1.png\",\"width\":720,\"height\":720},{\"@type\":\"BreadcrumbList\",\"@id\":\"https:\/\/www.blogsoestado.com\/flaviobraga\/memorias-radiofonicas\/#breadcrumb\",\"itemListElement\":[{\"@type\":\"ListItem\",\"position\":1,\"name\":\"In\u00edcio\",\"item\":\"https:\/\/www.blogsoestado.com\/flaviobraga\/\"},{\"@type\":\"ListItem\",\"position\":2,\"name\":\"MEM\u00d3RIAS RADIOF\u00d4NICAS\"}]},{\"@type\":\"WebSite\",\"@id\":\"https:\/\/www.blogsoestado.com\/flaviobraga\/#website\",\"url\":\"https:\/\/www.blogsoestado.com\/flaviobraga\/\",\"name\":\"Fl\u00e1vio Braga\",\"description\":\"\",\"potentialAction\":[{\"@type\":\"SearchAction\",\"target\":{\"@type\":\"EntryPoint\",\"urlTemplate\":\"https:\/\/www.blogsoestado.com\/flaviobraga\/?s={search_term_string}\"},\"query-input\":{\"@type\":\"PropertyValueSpecification\",\"valueRequired\":true,\"valueName\":\"search_term_string\"}}],\"inLanguage\":\"pt-BR\"},{\"@type\":\"Person\",\"@id\":\"https:\/\/www.blogsoestado.com\/flaviobraga\/#\/schema\/person\/6c6c778331775c757a82d15206bd8733\",\"name\":\"Flavio Braga\",\"image\":{\"@type\":\"ImageObject\",\"inLanguage\":\"pt-BR\",\"@id\":\"https:\/\/www.blogsoestado.com\/flaviobraga\/#\/schema\/person\/image\/\",\"url\":\"https:\/\/secure.gravatar.com\/avatar\/ab173937dad8d78195c87778be8a0285d069ede375ce0ae24aac1cf8e58ccb2c?s=96&d=mm&r=g\",\"contentUrl\":\"https:\/\/secure.gravatar.com\/avatar\/ab173937dad8d78195c87778be8a0285d069ede375ce0ae24aac1cf8e58ccb2c?s=96&d=mm&r=g\",\"caption\":\"Flavio Braga\"},\"url\":\"https:\/\/www.blogsoestado.com\/flaviobraga\/author\/flaviobraga\/\"}]}<\/script>\n<!-- \/ Yoast SEO plugin. -->","yoast_head_json":{"title":"MEM\u00d3RIAS RADIOF\u00d4NICAS - Fl\u00e1vio Braga","robots":{"index":"index","follow":"follow","max-snippet":"max-snippet:-1","max-image-preview":"max-image-preview:large","max-video-preview":"max-video-preview:-1"},"canonical":"https:\/\/www.blogsoestado.com\/flaviobraga\/memorias-radiofonicas\/","og_locale":"pt_BR","og_type":"article","og_title":"MEM\u00d3RIAS RADIOF\u00d4NICAS - Fl\u00e1vio Braga","og_description":"Por Luiz Pedro* O r\u00e1dio ainda \u00e9 o meio de comunica\u00e7\u00e3o de massas mais presente na vida das pessoas, seja [&hellip;]","og_url":"https:\/\/www.blogsoestado.com\/flaviobraga\/memorias-radiofonicas\/","og_site_name":"Fl\u00e1vio Braga","article_published_time":"2017-08-18T13:54:59+00:00","og_image":[{"url":"https:\/\/www.blogsoestado.com\/flaviobraga\/wp-content\/uploads\/sites\/7\/2017\/08\/luizpedro-1-1.png","type":"","width":"","height":""}],"author":"Flavio Braga","twitter_card":"summary_large_image","twitter_misc":{"Escrito por":"Flavio Braga","Est. tempo de leitura":"4 minutos"},"schema":{"@context":"https:\/\/schema.org","@graph":[{"@type":"WebPage","@id":"https:\/\/www.blogsoestado.com\/flaviobraga\/memorias-radiofonicas\/","url":"https:\/\/www.blogsoestado.com\/flaviobraga\/memorias-radiofonicas\/","name":"MEM\u00d3RIAS RADIOF\u00d4NICAS - Fl\u00e1vio Braga","isPartOf":{"@id":"https:\/\/www.blogsoestado.com\/flaviobraga\/#website"},"primaryImageOfPage":{"@id":"https:\/\/www.blogsoestado.com\/flaviobraga\/memorias-radiofonicas\/#primaryimage"},"image":{"@id":"https:\/\/www.blogsoestado.com\/flaviobraga\/memorias-radiofonicas\/#primaryimage"},"thumbnailUrl":"https:\/\/www.blogsoestado.com\/flaviobraga\/wp-content\/uploads\/sites\/7\/2017\/08\/luizpedro-1-1.png","datePublished":"2017-08-18T13:54:59+00:00","author":{"@id":"https:\/\/www.blogsoestado.com\/flaviobraga\/#\/schema\/person\/6c6c778331775c757a82d15206bd8733"},"breadcrumb":{"@id":"https:\/\/www.blogsoestado.com\/flaviobraga\/memorias-radiofonicas\/#breadcrumb"},"inLanguage":"pt-BR","potentialAction":[{"@type":"ReadAction","target":["https:\/\/www.blogsoestado.com\/flaviobraga\/memorias-radiofonicas\/"]}]},{"@type":"ImageObject","inLanguage":"pt-BR","@id":"https:\/\/www.blogsoestado.com\/flaviobraga\/memorias-radiofonicas\/#primaryimage","url":"https:\/\/www.blogsoestado.com\/flaviobraga\/wp-content\/uploads\/sites\/7\/2017\/08\/luizpedro-1-1.png","contentUrl":"https:\/\/www.blogsoestado.com\/flaviobraga\/wp-content\/uploads\/sites\/7\/2017\/08\/luizpedro-1-1.png","width":720,"height":720},{"@type":"BreadcrumbList","@id":"https:\/\/www.blogsoestado.com\/flaviobraga\/memorias-radiofonicas\/#breadcrumb","itemListElement":[{"@type":"ListItem","position":1,"name":"In\u00edcio","item":"https:\/\/www.blogsoestado.com\/flaviobraga\/"},{"@type":"ListItem","position":2,"name":"MEM\u00d3RIAS RADIOF\u00d4NICAS"}]},{"@type":"WebSite","@id":"https:\/\/www.blogsoestado.com\/flaviobraga\/#website","url":"https:\/\/www.blogsoestado.com\/flaviobraga\/","name":"Fl\u00e1vio Braga","description":"","potentialAction":[{"@type":"SearchAction","target":{"@type":"EntryPoint","urlTemplate":"https:\/\/www.blogsoestado.com\/flaviobraga\/?s={search_term_string}"},"query-input":{"@type":"PropertyValueSpecification","valueRequired":true,"valueName":"search_term_string"}}],"inLanguage":"pt-BR"},{"@type":"Person","@id":"https:\/\/www.blogsoestado.com\/flaviobraga\/#\/schema\/person\/6c6c778331775c757a82d15206bd8733","name":"Flavio Braga","image":{"@type":"ImageObject","inLanguage":"pt-BR","@id":"https:\/\/www.blogsoestado.com\/flaviobraga\/#\/schema\/person\/image\/","url":"https:\/\/secure.gravatar.com\/avatar\/ab173937dad8d78195c87778be8a0285d069ede375ce0ae24aac1cf8e58ccb2c?s=96&d=mm&r=g","contentUrl":"https:\/\/secure.gravatar.com\/avatar\/ab173937dad8d78195c87778be8a0285d069ede375ce0ae24aac1cf8e58ccb2c?s=96&d=mm&r=g","caption":"Flavio Braga"},"url":"https:\/\/www.blogsoestado.com\/flaviobraga\/author\/flaviobraga\/"}]}},"jetpack_featured_media_url":"","_links":{"self":[{"href":"https:\/\/www.blogsoestado.com\/flaviobraga\/wp-json\/wp\/v2\/posts\/3004","targetHints":{"allow":["GET"]}}],"collection":[{"href":"https:\/\/www.blogsoestado.com\/flaviobraga\/wp-json\/wp\/v2\/posts"}],"about":[{"href":"https:\/\/www.blogsoestado.com\/flaviobraga\/wp-json\/wp\/v2\/types\/post"}],"author":[{"embeddable":true,"href":"https:\/\/www.blogsoestado.com\/flaviobraga\/wp-json\/wp\/v2\/users\/8"}],"replies":[{"embeddable":true,"href":"https:\/\/www.blogsoestado.com\/flaviobraga\/wp-json\/wp\/v2\/comments?post=3004"}],"version-history":[{"count":0,"href":"https:\/\/www.blogsoestado.com\/flaviobraga\/wp-json\/wp\/v2\/posts\/3004\/revisions"}],"wp:attachment":[{"href":"https:\/\/www.blogsoestado.com\/flaviobraga\/wp-json\/wp\/v2\/media?parent=3004"}],"wp:term":[{"taxonomy":"category","embeddable":true,"href":"https:\/\/www.blogsoestado.com\/flaviobraga\/wp-json\/wp\/v2\/categories?post=3004"},{"taxonomy":"post_tag","embeddable":true,"href":"https:\/\/www.blogsoestado.com\/flaviobraga\/wp-json\/wp\/v2\/tags?post=3004"}],"curies":[{"name":"wp","href":"https:\/\/api.w.org\/{rel}","templated":true}]}}