{"id":3051,"date":"2018-01-31T10:06:31","date_gmt":"2018-01-31T13:06:31","guid":{"rendered":"https:\/\/www.blogsoestado.com\/flaviobraga\/?p=3051"},"modified":"2018-01-31T10:06:31","modified_gmt":"2018-01-31T13:06:31","slug":"90-anos-de-maria-jose-braga","status":"publish","type":"post","link":"https:\/\/www.blogsoestado.com\/flaviobraga\/90-anos-de-maria-jose-braga\/","title":{"rendered":"90 anos de Maria Jos\u00e9 Braga"},"content":{"rendered":"<p style=\"text-align: justify;\">Nesta edi\u00e7\u00e3o, rendemos uma homenagem ao anivers\u00e1rio de 90 anos de Maria Jos\u00e9 Braga, admir\u00e1vel matriarca da fam\u00edlia Braga do Munic\u00edpio de Peri Mirim, na Baixada Maranhense..<\/p>\n<p style=\"text-align: justify;\">Maria Jos\u00e9 Andrade Braga nasceu no povoado Mei\u00e3o, no dia 3 de janeiro de 1928, em uma bela madrugada de s\u00e1bado, sob o canto de uma legi\u00e3o de p\u00e1ssaros, que pareciam regojizar-se com o advento daquela criaturinha aben\u00e7oada por Deus.<\/p>\n<p style=\"text-align: justify;\">Na sua inf\u00e2ncia foi muito obediente, respeitadora e muito unida com a sua m\u00e3e. Ainda menina, aprendeu o of\u00edcio do corte e costura, atividade que lhe conferiu a patente de mo\u00e7a prendada. Exerceu a sua profiss\u00e3o com virtude e extremo rigor, mormente nos per\u00edodos de festejos populares, quando passava noites a fio fazendo ser\u00e3o, para n\u00e3o decepcionar as suas freguesas.<\/p>\n<p style=\"text-align: justify;\">Sua adolesc\u00eancia foi ef\u00eamera, porque aos 16 anos convolou n\u00fapcias com o nosso patriarca, Walter da Silva Braga, homem a quem ela reverenciou como marido, pai, professor e amigo insepar\u00e1vel. Fruto dessa uni\u00e3o de 45 anos nasceu uma prole de 13 filhos.<\/p>\n<p style=\"text-align: justify;\">Na sua juventude manteve um comportamento admir\u00e1vel, zelando sempre pela sua boa reputa\u00e7\u00e3o. Essa postura, para uma mo\u00e7a pobre do interior, era um requisito essencial para encontrar um bom casamento.<\/p>\n<p style=\"text-align: justify;\">No \u00e2mbito religioso, a dedica\u00e7\u00e3o a Jesus Cristo sempre foi o seu sustent\u00e1culo moral e espiritual, a sua fortaleza maior. Com f\u00e9 inabal\u00e1vel, sempre enfrentou com determina\u00e7\u00e3o e coragem os percal\u00e7os e adversidades que a vida campesina lhe imp\u00f4s. \u00c9 devota de Nossa Senhora Aparecida, Nossa Senhora das Gra\u00e7as, S\u00e3o Jos\u00e9 de Ribamar e do Divino Pai Eterno. Enquanto a mobilidade permitiu, exerceu as fun\u00e7\u00f5es de legion\u00e1ria e de ministra extraordin\u00e1ria da eucaristia.<\/p>\n<p style=\"text-align: justify;\">Todo o bem que ele semeou ao longo da sua trajet\u00f3ria estende-se \u00e0 sua descend\u00eancia, por meio de seus conselhos, sua sabedoria \u00edmpar, seus valores morais, sua austeridade, seu sorriso, sua voz, seu exemplo de crist\u00e3 aut\u00eantica. Rogamos a Deus que o seu exemplo de vida possa ser seguido por filhos, netos e demais familiares.<a href=\"https:\/\/www.blogsoestado.com\/flaviobraga\/2018\/01\/31\/90-anos-de-maria-jose-braga\/attachment\/001\/\" rel=\"attachment wp-att-3052\"><img fetchpriority=\"high\" decoding=\"async\" class=\"aligncenter size-full wp-image-3052\" src=\"https:\/\/www.blogsoestado.com\/flaviobraga\/wp-content\/uploads\/sites\/7\/2018\/01\/001-1.jpg\" alt=\"\" width=\"425\" height=\"637\" srcset=\"https:\/\/www.blogsoestado.com\/flaviobraga\/wp-content\/uploads\/sites\/7\/2018\/01\/001-1.jpg 425w, https:\/\/www.blogsoestado.com\/flaviobraga\/wp-content\/uploads\/sites\/7\/2018\/01\/001-1-200x300.jpg 200w\" sizes=\"(max-width: 425px) 100vw, 425px\" \/><\/a><\/p>\n","protected":false},"excerpt":{"rendered":"<p>Nesta edi\u00e7\u00e3o, rendemos uma homenagem ao anivers\u00e1rio de 90 anos de Maria Jos\u00e9 Braga, admir\u00e1vel matriarca da fam\u00edlia Braga do [&hellip;]<\/p>\n","protected":false},"author":8,"featured_media":0,"comment_status":"open","ping_status":"open","sticky":false,"template":"","format":"standard","meta":{"site-sidebar-layout":"default","site-content-layout":"","ast-site-content-layout":"default","site-content-style":"default","site-sidebar-style":"default","ast-global-header-display":"","ast-banner-title-visibility":"","ast-main-header-display":"","ast-hfb-above-header-display":"","ast-hfb-below-header-display":"","ast-hfb-mobile-header-display":"","site-post-title":"","ast-breadcrumbs-content":"","ast-featured-img":"","footer-sml-layout":"","ast-disable-related-posts":"","theme-transparent-header-meta":"","adv-header-id-meta":"","stick-header-meta":"","header-above-stick-meta":"","header-main-stick-meta":"","header-below-stick-meta":"","astra-migrate-meta-layouts":"default","ast-page-background-enabled":"default","ast-page-background-meta":{"desktop":{"background-color":"var(--ast-global-color-5)","background-image":"","background-repeat":"repeat","background-position":"center center","background-size":"auto","background-attachment":"scroll","background-type":"","background-media":"","overlay-type":"","overlay-color":"","overlay-opacity":"","overlay-gradient":""},"tablet":{"background-color":"","background-image":"","background-repeat":"repeat","background-position":"center center","background-size":"auto","background-attachment":"scroll","background-type":"","background-media":"","overlay-type":"","overlay-color":"","overlay-opacity":"","overlay-gradient":""},"mobile":{"background-color":"","background-image":"","background-repeat":"repeat","background-position":"center center","background-size":"auto","background-attachment":"scroll","background-type":"","background-media":"","overlay-type":"","overlay-color":"","overlay-opacity":"","overlay-gradient":""}},"ast-content-background-meta":{"desktop":{"background-color":"var(--ast-global-color-4)","background-image":"","background-repeat":"repeat","background-position":"center center","background-size":"auto","background-attachment":"scroll","background-type":"","background-media":"","overlay-type":"","overlay-color":"","overlay-opacity":"","overlay-gradient":""},"tablet":{"background-color":"var(--ast-global-color-4)","background-image":"","background-repeat":"repeat","background-position":"center center","background-size":"auto","background-attachment":"scroll","background-type":"","background-media":"","overlay-type":"","overlay-color":"","overlay-opacity":"","overlay-gradient":""},"mobile":{"background-color":"var(--ast-global-color-4)","background-image":"","background-repeat":"repeat","background-position":"center center","background-size":"auto","background-attachment":"scroll","background-type":"","background-media":"","overlay-type":"","overlay-color":"","overlay-opacity":"","overlay-gradient":""}},"footnotes":""},"categories":[1],"tags":[],"class_list":["post-3051","post","type-post","status-publish","format-standard","hentry","category-sem-categoria"],"yoast_head":"<!-- This site is optimized with the Yoast SEO plugin v26.6 - https:\/\/yoast.com\/wordpress\/plugins\/seo\/ -->\n<title>90 anos de Maria Jos\u00e9 Braga - Fl\u00e1vio Braga<\/title>\n<meta name=\"robots\" content=\"index, follow, max-snippet:-1, max-image-preview:large, max-video-preview:-1\" \/>\n<link rel=\"canonical\" href=\"https:\/\/www.blogsoestado.com\/flaviobraga\/90-anos-de-maria-jose-braga\/\" \/>\n<meta property=\"og:locale\" content=\"pt_BR\" \/>\n<meta property=\"og:type\" content=\"article\" \/>\n<meta property=\"og:title\" content=\"90 anos de Maria Jos\u00e9 Braga - Fl\u00e1vio Braga\" \/>\n<meta property=\"og:description\" content=\"Nesta edi\u00e7\u00e3o, rendemos uma homenagem ao anivers\u00e1rio de 90 anos de Maria Jos\u00e9 Braga, admir\u00e1vel matriarca da fam\u00edlia Braga do [&hellip;]\" \/>\n<meta property=\"og:url\" content=\"https:\/\/www.blogsoestado.com\/flaviobraga\/90-anos-de-maria-jose-braga\/\" \/>\n<meta property=\"og:site_name\" content=\"Fl\u00e1vio Braga\" \/>\n<meta property=\"article:published_time\" content=\"2018-01-31T13:06:31+00:00\" \/>\n<meta property=\"og:image\" content=\"https:\/\/www.blogsoestado.com\/flaviobraga\/wp-content\/uploads\/sites\/7\/2018\/01\/001-1.jpg\" \/>\n<meta name=\"author\" content=\"Flavio Braga\" \/>\n<meta name=\"twitter:card\" content=\"summary_large_image\" \/>\n<meta name=\"twitter:label1\" content=\"Escrito por\" \/>\n\t<meta name=\"twitter:data1\" content=\"Flavio Braga\" \/>\n\t<meta name=\"twitter:label2\" content=\"Est. tempo de leitura\" \/>\n\t<meta name=\"twitter:data2\" content=\"2 minutos\" \/>\n<script type=\"application\/ld+json\" class=\"yoast-schema-graph\">{\"@context\":\"https:\/\/schema.org\",\"@graph\":[{\"@type\":\"WebPage\",\"@id\":\"https:\/\/www.blogsoestado.com\/flaviobraga\/90-anos-de-maria-jose-braga\/\",\"url\":\"https:\/\/www.blogsoestado.com\/flaviobraga\/90-anos-de-maria-jose-braga\/\",\"name\":\"90 anos de Maria Jos\u00e9 Braga - Fl\u00e1vio Braga\",\"isPartOf\":{\"@id\":\"https:\/\/www.blogsoestado.com\/flaviobraga\/#website\"},\"primaryImageOfPage\":{\"@id\":\"https:\/\/www.blogsoestado.com\/flaviobraga\/90-anos-de-maria-jose-braga\/#primaryimage\"},\"image\":{\"@id\":\"https:\/\/www.blogsoestado.com\/flaviobraga\/90-anos-de-maria-jose-braga\/#primaryimage\"},\"thumbnailUrl\":\"https:\/\/www.blogsoestado.com\/flaviobraga\/wp-content\/uploads\/sites\/7\/2018\/01\/001-1.jpg\",\"datePublished\":\"2018-01-31T13:06:31+00:00\",\"author\":{\"@id\":\"https:\/\/www.blogsoestado.com\/flaviobraga\/#\/schema\/person\/6c6c778331775c757a82d15206bd8733\"},\"breadcrumb\":{\"@id\":\"https:\/\/www.blogsoestado.com\/flaviobraga\/90-anos-de-maria-jose-braga\/#breadcrumb\"},\"inLanguage\":\"pt-BR\",\"potentialAction\":[{\"@type\":\"ReadAction\",\"target\":[\"https:\/\/www.blogsoestado.com\/flaviobraga\/90-anos-de-maria-jose-braga\/\"]}]},{\"@type\":\"ImageObject\",\"inLanguage\":\"pt-BR\",\"@id\":\"https:\/\/www.blogsoestado.com\/flaviobraga\/90-anos-de-maria-jose-braga\/#primaryimage\",\"url\":\"https:\/\/www.blogsoestado.com\/flaviobraga\/wp-content\/uploads\/sites\/7\/2018\/01\/001-1.jpg\",\"contentUrl\":\"https:\/\/www.blogsoestado.com\/flaviobraga\/wp-content\/uploads\/sites\/7\/2018\/01\/001-1.jpg\",\"width\":425,\"height\":637},{\"@type\":\"BreadcrumbList\",\"@id\":\"https:\/\/www.blogsoestado.com\/flaviobraga\/90-anos-de-maria-jose-braga\/#breadcrumb\",\"itemListElement\":[{\"@type\":\"ListItem\",\"position\":1,\"name\":\"In\u00edcio\",\"item\":\"https:\/\/www.blogsoestado.com\/flaviobraga\/\"},{\"@type\":\"ListItem\",\"position\":2,\"name\":\"90 anos de Maria Jos\u00e9 Braga\"}]},{\"@type\":\"WebSite\",\"@id\":\"https:\/\/www.blogsoestado.com\/flaviobraga\/#website\",\"url\":\"https:\/\/www.blogsoestado.com\/flaviobraga\/\",\"name\":\"Fl\u00e1vio Braga\",\"description\":\"\",\"potentialAction\":[{\"@type\":\"SearchAction\",\"target\":{\"@type\":\"EntryPoint\",\"urlTemplate\":\"https:\/\/www.blogsoestado.com\/flaviobraga\/?s={search_term_string}\"},\"query-input\":{\"@type\":\"PropertyValueSpecification\",\"valueRequired\":true,\"valueName\":\"search_term_string\"}}],\"inLanguage\":\"pt-BR\"},{\"@type\":\"Person\",\"@id\":\"https:\/\/www.blogsoestado.com\/flaviobraga\/#\/schema\/person\/6c6c778331775c757a82d15206bd8733\",\"name\":\"Flavio Braga\",\"image\":{\"@type\":\"ImageObject\",\"inLanguage\":\"pt-BR\",\"@id\":\"https:\/\/www.blogsoestado.com\/flaviobraga\/#\/schema\/person\/image\/\",\"url\":\"https:\/\/secure.gravatar.com\/avatar\/ab173937dad8d78195c87778be8a0285d069ede375ce0ae24aac1cf8e58ccb2c?s=96&d=mm&r=g\",\"contentUrl\":\"https:\/\/secure.gravatar.com\/avatar\/ab173937dad8d78195c87778be8a0285d069ede375ce0ae24aac1cf8e58ccb2c?s=96&d=mm&r=g\",\"caption\":\"Flavio Braga\"},\"url\":\"https:\/\/www.blogsoestado.com\/flaviobraga\/author\/flaviobraga\/\"}]}<\/script>\n<!-- \/ Yoast SEO plugin. -->","yoast_head_json":{"title":"90 anos de Maria Jos\u00e9 Braga - Fl\u00e1vio Braga","robots":{"index":"index","follow":"follow","max-snippet":"max-snippet:-1","max-image-preview":"max-image-preview:large","max-video-preview":"max-video-preview:-1"},"canonical":"https:\/\/www.blogsoestado.com\/flaviobraga\/90-anos-de-maria-jose-braga\/","og_locale":"pt_BR","og_type":"article","og_title":"90 anos de Maria Jos\u00e9 Braga - Fl\u00e1vio Braga","og_description":"Nesta edi\u00e7\u00e3o, rendemos uma homenagem ao anivers\u00e1rio de 90 anos de Maria Jos\u00e9 Braga, admir\u00e1vel matriarca da fam\u00edlia Braga do [&hellip;]","og_url":"https:\/\/www.blogsoestado.com\/flaviobraga\/90-anos-de-maria-jose-braga\/","og_site_name":"Fl\u00e1vio Braga","article_published_time":"2018-01-31T13:06:31+00:00","og_image":[{"url":"https:\/\/www.blogsoestado.com\/flaviobraga\/wp-content\/uploads\/sites\/7\/2018\/01\/001-1.jpg","type":"","width":"","height":""}],"author":"Flavio Braga","twitter_card":"summary_large_image","twitter_misc":{"Escrito por":"Flavio Braga","Est. tempo de leitura":"2 minutos"},"schema":{"@context":"https:\/\/schema.org","@graph":[{"@type":"WebPage","@id":"https:\/\/www.blogsoestado.com\/flaviobraga\/90-anos-de-maria-jose-braga\/","url":"https:\/\/www.blogsoestado.com\/flaviobraga\/90-anos-de-maria-jose-braga\/","name":"90 anos de Maria Jos\u00e9 Braga - Fl\u00e1vio Braga","isPartOf":{"@id":"https:\/\/www.blogsoestado.com\/flaviobraga\/#website"},"primaryImageOfPage":{"@id":"https:\/\/www.blogsoestado.com\/flaviobraga\/90-anos-de-maria-jose-braga\/#primaryimage"},"image":{"@id":"https:\/\/www.blogsoestado.com\/flaviobraga\/90-anos-de-maria-jose-braga\/#primaryimage"},"thumbnailUrl":"https:\/\/www.blogsoestado.com\/flaviobraga\/wp-content\/uploads\/sites\/7\/2018\/01\/001-1.jpg","datePublished":"2018-01-31T13:06:31+00:00","author":{"@id":"https:\/\/www.blogsoestado.com\/flaviobraga\/#\/schema\/person\/6c6c778331775c757a82d15206bd8733"},"breadcrumb":{"@id":"https:\/\/www.blogsoestado.com\/flaviobraga\/90-anos-de-maria-jose-braga\/#breadcrumb"},"inLanguage":"pt-BR","potentialAction":[{"@type":"ReadAction","target":["https:\/\/www.blogsoestado.com\/flaviobraga\/90-anos-de-maria-jose-braga\/"]}]},{"@type":"ImageObject","inLanguage":"pt-BR","@id":"https:\/\/www.blogsoestado.com\/flaviobraga\/90-anos-de-maria-jose-braga\/#primaryimage","url":"https:\/\/www.blogsoestado.com\/flaviobraga\/wp-content\/uploads\/sites\/7\/2018\/01\/001-1.jpg","contentUrl":"https:\/\/www.blogsoestado.com\/flaviobraga\/wp-content\/uploads\/sites\/7\/2018\/01\/001-1.jpg","width":425,"height":637},{"@type":"BreadcrumbList","@id":"https:\/\/www.blogsoestado.com\/flaviobraga\/90-anos-de-maria-jose-braga\/#breadcrumb","itemListElement":[{"@type":"ListItem","position":1,"name":"In\u00edcio","item":"https:\/\/www.blogsoestado.com\/flaviobraga\/"},{"@type":"ListItem","position":2,"name":"90 anos de Maria Jos\u00e9 Braga"}]},{"@type":"WebSite","@id":"https:\/\/www.blogsoestado.com\/flaviobraga\/#website","url":"https:\/\/www.blogsoestado.com\/flaviobraga\/","name":"Fl\u00e1vio Braga","description":"","potentialAction":[{"@type":"SearchAction","target":{"@type":"EntryPoint","urlTemplate":"https:\/\/www.blogsoestado.com\/flaviobraga\/?s={search_term_string}"},"query-input":{"@type":"PropertyValueSpecification","valueRequired":true,"valueName":"search_term_string"}}],"inLanguage":"pt-BR"},{"@type":"Person","@id":"https:\/\/www.blogsoestado.com\/flaviobraga\/#\/schema\/person\/6c6c778331775c757a82d15206bd8733","name":"Flavio Braga","image":{"@type":"ImageObject","inLanguage":"pt-BR","@id":"https:\/\/www.blogsoestado.com\/flaviobraga\/#\/schema\/person\/image\/","url":"https:\/\/secure.gravatar.com\/avatar\/ab173937dad8d78195c87778be8a0285d069ede375ce0ae24aac1cf8e58ccb2c?s=96&d=mm&r=g","contentUrl":"https:\/\/secure.gravatar.com\/avatar\/ab173937dad8d78195c87778be8a0285d069ede375ce0ae24aac1cf8e58ccb2c?s=96&d=mm&r=g","caption":"Flavio Braga"},"url":"https:\/\/www.blogsoestado.com\/flaviobraga\/author\/flaviobraga\/"}]}},"jetpack_featured_media_url":"","_links":{"self":[{"href":"https:\/\/www.blogsoestado.com\/flaviobraga\/wp-json\/wp\/v2\/posts\/3051","targetHints":{"allow":["GET"]}}],"collection":[{"href":"https:\/\/www.blogsoestado.com\/flaviobraga\/wp-json\/wp\/v2\/posts"}],"about":[{"href":"https:\/\/www.blogsoestado.com\/flaviobraga\/wp-json\/wp\/v2\/types\/post"}],"author":[{"embeddable":true,"href":"https:\/\/www.blogsoestado.com\/flaviobraga\/wp-json\/wp\/v2\/users\/8"}],"replies":[{"embeddable":true,"href":"https:\/\/www.blogsoestado.com\/flaviobraga\/wp-json\/wp\/v2\/comments?post=3051"}],"version-history":[{"count":0,"href":"https:\/\/www.blogsoestado.com\/flaviobraga\/wp-json\/wp\/v2\/posts\/3051\/revisions"}],"wp:attachment":[{"href":"https:\/\/www.blogsoestado.com\/flaviobraga\/wp-json\/wp\/v2\/media?parent=3051"}],"wp:term":[{"taxonomy":"category","embeddable":true,"href":"https:\/\/www.blogsoestado.com\/flaviobraga\/wp-json\/wp\/v2\/categories?post=3051"},{"taxonomy":"post_tag","embeddable":true,"href":"https:\/\/www.blogsoestado.com\/flaviobraga\/wp-json\/wp\/v2\/tags?post=3051"}],"curies":[{"name":"wp","href":"https:\/\/api.w.org\/{rel}","templated":true}]}}