{"id":3090,"date":"2018-04-09T11:02:11","date_gmt":"2018-04-09T14:02:11","guid":{"rendered":"https:\/\/www.blogsoestado.com\/flaviobraga\/?p=3090"},"modified":"2018-04-09T11:02:11","modified_gmt":"2018-04-09T14:02:11","slug":"o-pacote-de-abril-de-1977","status":"publish","type":"post","link":"https:\/\/www.blogsoestado.com\/flaviobraga\/o-pacote-de-abril-de-1977\/","title":{"rendered":"O Pacote de Abril de 1977"},"content":{"rendered":"<p><a href=\"https:\/\/www.blogsoestado.com\/flaviobraga\/2018\/04\/09\/o-pacote-de-abril-de-1977\/pacote\/\" rel=\"attachment wp-att-3091\"><img fetchpriority=\"high\" decoding=\"async\" class=\"aligncenter size-full wp-image-3091\" src=\"https:\/\/www.blogsoestado.com\/flaviobraga\/wp-content\/uploads\/sites\/7\/2018\/04\/Pacote-1.jpg\" alt=\"\" width=\"443\" height=\"332\" srcset=\"https:\/\/www.blogsoestado.com\/flaviobraga\/wp-content\/uploads\/sites\/7\/2018\/04\/Pacote-1.jpg 443w, https:\/\/www.blogsoestado.com\/flaviobraga\/wp-content\/uploads\/sites\/7\/2018\/04\/Pacote-1-300x225.jpg 300w\" sizes=\"(max-width: 443px) 100vw, 443px\" \/><\/a><\/p>\n<p>O Pacote de Abril de 1977 foi a designa\u00e7\u00e3o conferida pela imprensa nacional a um conjunto de medidas legislativas (uma emenda constitucional e seis decretos-leis) impostas de forma autorit\u00e1ria pelo presidente Ernesto Geisel em abril de 1977. A edi\u00e7\u00e3o dessas normas representou um retrocesso no processo de distens\u00e3o pol\u00edtica institu\u00eddo pelo pr\u00f3prio Geisel e celebrizado pela express\u00e3o \u201cabertura lenta, gradual e segura\u201d.<\/p>\n<p>O decreto-lei era uma esp\u00e9cie normativa que emanava do Poder Executivo com for\u00e7a de lei. No Brasil, o decreto-lei foi empregado abusivamente no Estado Novo e no Regime Militar. Com o advento da Constitui\u00e7\u00e3o de 1988, essa figura jur\u00eddica foi abolida do \u00e2mbito do processo legislativo p\u00e1trio. Na pr\u00e1tica, foi substitu\u00eddo pela medida provis\u00f3ria, embora os dois institutos ostentem diferen\u00e7as substanciais.<\/p>\n<p>O Pacote de Abril imp\u00f4s modifica\u00e7\u00f5es expressivas ao processo eleitoral de 1978. O Pa\u00eds vivia sob a \u00e9gide do bipartidarismo, sistema antidemocr\u00e1tico institu\u00eddo em 1965, por meio do Ato Institucional n\u00ba 2 e que s\u00f3 admitia a exist\u00eancia de dois partidos pol\u00edticos: o partido governista (ARENA) e o partido oposicionista (MDB). O pluripartidarismo s\u00f3 foi restabelecido em nosso ordenamento jur\u00eddico em 20 de dezembro de 1979, mediante a edi\u00e7\u00e3o da Lei n\u00ba 6.767\/1979.<\/p>\n<p>O governo militar temia sair completamente desidratado do pleito de 1978, visto que sofrera fragorosa derrota nas elei\u00e7\u00f5es legislativas de 1974 (na qual o MDB conquistou 16 das 22 cadeiras para senador) e nas elei\u00e7\u00f5es municipais de 1976.<\/p>\n<p>Nessa esteira, o pacote de Abril introduziu as seguintes reformas: fechamento do Congresso Nacional, conforme permitia o AI-5; extens\u00e3o do mandato presidencial de cinco para seis anos; manuten\u00e7\u00e3o das elei\u00e7\u00f5es indiretas para os governos estaduais em 1978; aumento da representa\u00e7\u00e3o dos estados menos populosos na C\u00e2mara dos Deputados, sobretudo no Norte e Nordeste, regi\u00f5es em que a ARENA predominava; o qu\u00f3rum para aprova\u00e7\u00e3o de emendas constitucionais passou de 2\/3 para maioria absoluta e a cria\u00e7\u00e3o do senador bi\u00f4nico, ou seja, um ter\u00e7o dos senadores passaria a ser escolhido de forma indireta por um col\u00e9gio eleitoral (assembl\u00e9ias legislativas) ap\u00f3s a indica\u00e7\u00e3o da Presid\u00eancia da Rep\u00fablica<\/p>\n<p>Dentre os senadores escolhidos indiretamente em 1978 destacam-se: Arnon de Melo (AL), Jutahy Magalh\u00e3es (BA), C\u00e9sar Cals (CE), Dinarte Mariz (RN), Alexandre Costa (MA), Murilo Badar\u00f3 (MG) e Amaral Peixoto (RJ).\u00a0 Na elei\u00e7\u00e3o de 1978, seriam eleitos dois senadores por estado, e a tend\u00eancia era o MDB obter a maioria definitiva das cadeiras do Senado. Por\u00e9m, a manobra eleitoral surtiu efeito e a bancada da ARENA manteve-se hegem\u00f4nica na C\u00e2mara Alta. A figura bizarra do senador bi\u00f4nico foi extinta em 1985, ap\u00f3s a redemocratiza\u00e7\u00e3o.<\/p>\n","protected":false},"excerpt":{"rendered":"<p>O Pacote de Abril de 1977 foi a designa\u00e7\u00e3o conferida pela imprensa nacional a um conjunto de medidas legislativas (uma [&hellip;]<\/p>\n","protected":false},"author":8,"featured_media":0,"comment_status":"open","ping_status":"open","sticky":false,"template":"","format":"standard","meta":{"site-sidebar-layout":"default","site-content-layout":"","ast-site-content-layout":"default","site-content-style":"default","site-sidebar-style":"default","ast-global-header-display":"","ast-banner-title-visibility":"","ast-main-header-display":"","ast-hfb-above-header-display":"","ast-hfb-below-header-display":"","ast-hfb-mobile-header-display":"","site-post-title":"","ast-breadcrumbs-content":"","ast-featured-img":"","footer-sml-layout":"","ast-disable-related-posts":"","theme-transparent-header-meta":"","adv-header-id-meta":"","stick-header-meta":"","header-above-stick-meta":"","header-main-stick-meta":"","header-below-stick-meta":"","astra-migrate-meta-layouts":"default","ast-page-background-enabled":"default","ast-page-background-meta":{"desktop":{"background-color":"var(--ast-global-color-5)","background-image":"","background-repeat":"repeat","background-position":"center center","background-size":"auto","background-attachment":"scroll","background-type":"","background-media":"","overlay-type":"","overlay-color":"","overlay-opacity":"","overlay-gradient":""},"tablet":{"background-color":"","background-image":"","background-repeat":"repeat","background-position":"center center","background-size":"auto","background-attachment":"scroll","background-type":"","background-media":"","overlay-type":"","overlay-color":"","overlay-opacity":"","overlay-gradient":""},"mobile":{"background-color":"","background-image":"","background-repeat":"repeat","background-position":"center center","background-size":"auto","background-attachment":"scroll","background-type":"","background-media":"","overlay-type":"","overlay-color":"","overlay-opacity":"","overlay-gradient":""}},"ast-content-background-meta":{"desktop":{"background-color":"var(--ast-global-color-4)","background-image":"","background-repeat":"repeat","background-position":"center center","background-size":"auto","background-attachment":"scroll","background-type":"","background-media":"","overlay-type":"","overlay-color":"","overlay-opacity":"","overlay-gradient":""},"tablet":{"background-color":"var(--ast-global-color-4)","background-image":"","background-repeat":"repeat","background-position":"center center","background-size":"auto","background-attachment":"scroll","background-type":"","background-media":"","overlay-type":"","overlay-color":"","overlay-opacity":"","overlay-gradient":""},"mobile":{"background-color":"var(--ast-global-color-4)","background-image":"","background-repeat":"repeat","background-position":"center center","background-size":"auto","background-attachment":"scroll","background-type":"","background-media":"","overlay-type":"","overlay-color":"","overlay-opacity":"","overlay-gradient":""}},"footnotes":""},"categories":[1],"tags":[],"class_list":["post-3090","post","type-post","status-publish","format-standard","hentry","category-sem-categoria"],"yoast_head":"<!-- This site is optimized with the Yoast SEO plugin v26.6 - https:\/\/yoast.com\/wordpress\/plugins\/seo\/ -->\n<title>O Pacote de Abril de 1977 - Fl\u00e1vio Braga<\/title>\n<meta name=\"robots\" content=\"index, follow, max-snippet:-1, max-image-preview:large, max-video-preview:-1\" \/>\n<link rel=\"canonical\" href=\"https:\/\/www.blogsoestado.com\/flaviobraga\/o-pacote-de-abril-de-1977\/\" \/>\n<meta property=\"og:locale\" content=\"pt_BR\" \/>\n<meta property=\"og:type\" content=\"article\" \/>\n<meta property=\"og:title\" content=\"O Pacote de Abril de 1977 - Fl\u00e1vio Braga\" \/>\n<meta property=\"og:description\" content=\"O Pacote de Abril de 1977 foi a designa\u00e7\u00e3o conferida pela imprensa nacional a um conjunto de medidas legislativas (uma [&hellip;]\" \/>\n<meta property=\"og:url\" content=\"https:\/\/www.blogsoestado.com\/flaviobraga\/o-pacote-de-abril-de-1977\/\" \/>\n<meta property=\"og:site_name\" content=\"Fl\u00e1vio Braga\" \/>\n<meta property=\"article:published_time\" content=\"2018-04-09T14:02:11+00:00\" \/>\n<meta property=\"og:image\" content=\"https:\/\/www.blogsoestado.com\/flaviobraga\/wp-content\/uploads\/sites\/7\/2018\/04\/Pacote-1.jpg\" \/>\n<meta name=\"author\" content=\"Flavio Braga\" \/>\n<meta name=\"twitter:card\" content=\"summary_large_image\" \/>\n<meta name=\"twitter:label1\" content=\"Escrito por\" \/>\n\t<meta name=\"twitter:data1\" content=\"Flavio Braga\" \/>\n\t<meta name=\"twitter:label2\" content=\"Est. tempo de leitura\" \/>\n\t<meta name=\"twitter:data2\" content=\"2 minutos\" \/>\n<script type=\"application\/ld+json\" class=\"yoast-schema-graph\">{\"@context\":\"https:\/\/schema.org\",\"@graph\":[{\"@type\":\"WebPage\",\"@id\":\"https:\/\/www.blogsoestado.com\/flaviobraga\/o-pacote-de-abril-de-1977\/\",\"url\":\"https:\/\/www.blogsoestado.com\/flaviobraga\/o-pacote-de-abril-de-1977\/\",\"name\":\"O Pacote de Abril de 1977 - Fl\u00e1vio Braga\",\"isPartOf\":{\"@id\":\"https:\/\/www.blogsoestado.com\/flaviobraga\/#website\"},\"primaryImageOfPage\":{\"@id\":\"https:\/\/www.blogsoestado.com\/flaviobraga\/o-pacote-de-abril-de-1977\/#primaryimage\"},\"image\":{\"@id\":\"https:\/\/www.blogsoestado.com\/flaviobraga\/o-pacote-de-abril-de-1977\/#primaryimage\"},\"thumbnailUrl\":\"https:\/\/www.blogsoestado.com\/flaviobraga\/wp-content\/uploads\/sites\/7\/2018\/04\/Pacote-1.jpg\",\"datePublished\":\"2018-04-09T14:02:11+00:00\",\"author\":{\"@id\":\"https:\/\/www.blogsoestado.com\/flaviobraga\/#\/schema\/person\/6c6c778331775c757a82d15206bd8733\"},\"breadcrumb\":{\"@id\":\"https:\/\/www.blogsoestado.com\/flaviobraga\/o-pacote-de-abril-de-1977\/#breadcrumb\"},\"inLanguage\":\"pt-BR\",\"potentialAction\":[{\"@type\":\"ReadAction\",\"target\":[\"https:\/\/www.blogsoestado.com\/flaviobraga\/o-pacote-de-abril-de-1977\/\"]}]},{\"@type\":\"ImageObject\",\"inLanguage\":\"pt-BR\",\"@id\":\"https:\/\/www.blogsoestado.com\/flaviobraga\/o-pacote-de-abril-de-1977\/#primaryimage\",\"url\":\"https:\/\/www.blogsoestado.com\/flaviobraga\/wp-content\/uploads\/sites\/7\/2018\/04\/Pacote-1.jpg\",\"contentUrl\":\"https:\/\/www.blogsoestado.com\/flaviobraga\/wp-content\/uploads\/sites\/7\/2018\/04\/Pacote-1.jpg\",\"width\":443,\"height\":332},{\"@type\":\"BreadcrumbList\",\"@id\":\"https:\/\/www.blogsoestado.com\/flaviobraga\/o-pacote-de-abril-de-1977\/#breadcrumb\",\"itemListElement\":[{\"@type\":\"ListItem\",\"position\":1,\"name\":\"In\u00edcio\",\"item\":\"https:\/\/www.blogsoestado.com\/flaviobraga\/\"},{\"@type\":\"ListItem\",\"position\":2,\"name\":\"O Pacote de Abril de 1977\"}]},{\"@type\":\"WebSite\",\"@id\":\"https:\/\/www.blogsoestado.com\/flaviobraga\/#website\",\"url\":\"https:\/\/www.blogsoestado.com\/flaviobraga\/\",\"name\":\"Fl\u00e1vio Braga\",\"description\":\"\",\"potentialAction\":[{\"@type\":\"SearchAction\",\"target\":{\"@type\":\"EntryPoint\",\"urlTemplate\":\"https:\/\/www.blogsoestado.com\/flaviobraga\/?s={search_term_string}\"},\"query-input\":{\"@type\":\"PropertyValueSpecification\",\"valueRequired\":true,\"valueName\":\"search_term_string\"}}],\"inLanguage\":\"pt-BR\"},{\"@type\":\"Person\",\"@id\":\"https:\/\/www.blogsoestado.com\/flaviobraga\/#\/schema\/person\/6c6c778331775c757a82d15206bd8733\",\"name\":\"Flavio Braga\",\"image\":{\"@type\":\"ImageObject\",\"inLanguage\":\"pt-BR\",\"@id\":\"https:\/\/www.blogsoestado.com\/flaviobraga\/#\/schema\/person\/image\/\",\"url\":\"https:\/\/secure.gravatar.com\/avatar\/ab173937dad8d78195c87778be8a0285d069ede375ce0ae24aac1cf8e58ccb2c?s=96&d=mm&r=g\",\"contentUrl\":\"https:\/\/secure.gravatar.com\/avatar\/ab173937dad8d78195c87778be8a0285d069ede375ce0ae24aac1cf8e58ccb2c?s=96&d=mm&r=g\",\"caption\":\"Flavio Braga\"},\"url\":\"https:\/\/www.blogsoestado.com\/flaviobraga\/author\/flaviobraga\/\"}]}<\/script>\n<!-- \/ Yoast SEO plugin. -->","yoast_head_json":{"title":"O Pacote de Abril de 1977 - Fl\u00e1vio Braga","robots":{"index":"index","follow":"follow","max-snippet":"max-snippet:-1","max-image-preview":"max-image-preview:large","max-video-preview":"max-video-preview:-1"},"canonical":"https:\/\/www.blogsoestado.com\/flaviobraga\/o-pacote-de-abril-de-1977\/","og_locale":"pt_BR","og_type":"article","og_title":"O Pacote de Abril de 1977 - Fl\u00e1vio Braga","og_description":"O Pacote de Abril de 1977 foi a designa\u00e7\u00e3o conferida pela imprensa nacional a um conjunto de medidas legislativas (uma [&hellip;]","og_url":"https:\/\/www.blogsoestado.com\/flaviobraga\/o-pacote-de-abril-de-1977\/","og_site_name":"Fl\u00e1vio Braga","article_published_time":"2018-04-09T14:02:11+00:00","og_image":[{"url":"https:\/\/www.blogsoestado.com\/flaviobraga\/wp-content\/uploads\/sites\/7\/2018\/04\/Pacote-1.jpg","type":"","width":"","height":""}],"author":"Flavio Braga","twitter_card":"summary_large_image","twitter_misc":{"Escrito por":"Flavio Braga","Est. tempo de leitura":"2 minutos"},"schema":{"@context":"https:\/\/schema.org","@graph":[{"@type":"WebPage","@id":"https:\/\/www.blogsoestado.com\/flaviobraga\/o-pacote-de-abril-de-1977\/","url":"https:\/\/www.blogsoestado.com\/flaviobraga\/o-pacote-de-abril-de-1977\/","name":"O Pacote de Abril de 1977 - Fl\u00e1vio Braga","isPartOf":{"@id":"https:\/\/www.blogsoestado.com\/flaviobraga\/#website"},"primaryImageOfPage":{"@id":"https:\/\/www.blogsoestado.com\/flaviobraga\/o-pacote-de-abril-de-1977\/#primaryimage"},"image":{"@id":"https:\/\/www.blogsoestado.com\/flaviobraga\/o-pacote-de-abril-de-1977\/#primaryimage"},"thumbnailUrl":"https:\/\/www.blogsoestado.com\/flaviobraga\/wp-content\/uploads\/sites\/7\/2018\/04\/Pacote-1.jpg","datePublished":"2018-04-09T14:02:11+00:00","author":{"@id":"https:\/\/www.blogsoestado.com\/flaviobraga\/#\/schema\/person\/6c6c778331775c757a82d15206bd8733"},"breadcrumb":{"@id":"https:\/\/www.blogsoestado.com\/flaviobraga\/o-pacote-de-abril-de-1977\/#breadcrumb"},"inLanguage":"pt-BR","potentialAction":[{"@type":"ReadAction","target":["https:\/\/www.blogsoestado.com\/flaviobraga\/o-pacote-de-abril-de-1977\/"]}]},{"@type":"ImageObject","inLanguage":"pt-BR","@id":"https:\/\/www.blogsoestado.com\/flaviobraga\/o-pacote-de-abril-de-1977\/#primaryimage","url":"https:\/\/www.blogsoestado.com\/flaviobraga\/wp-content\/uploads\/sites\/7\/2018\/04\/Pacote-1.jpg","contentUrl":"https:\/\/www.blogsoestado.com\/flaviobraga\/wp-content\/uploads\/sites\/7\/2018\/04\/Pacote-1.jpg","width":443,"height":332},{"@type":"BreadcrumbList","@id":"https:\/\/www.blogsoestado.com\/flaviobraga\/o-pacote-de-abril-de-1977\/#breadcrumb","itemListElement":[{"@type":"ListItem","position":1,"name":"In\u00edcio","item":"https:\/\/www.blogsoestado.com\/flaviobraga\/"},{"@type":"ListItem","position":2,"name":"O Pacote de Abril de 1977"}]},{"@type":"WebSite","@id":"https:\/\/www.blogsoestado.com\/flaviobraga\/#website","url":"https:\/\/www.blogsoestado.com\/flaviobraga\/","name":"Fl\u00e1vio Braga","description":"","potentialAction":[{"@type":"SearchAction","target":{"@type":"EntryPoint","urlTemplate":"https:\/\/www.blogsoestado.com\/flaviobraga\/?s={search_term_string}"},"query-input":{"@type":"PropertyValueSpecification","valueRequired":true,"valueName":"search_term_string"}}],"inLanguage":"pt-BR"},{"@type":"Person","@id":"https:\/\/www.blogsoestado.com\/flaviobraga\/#\/schema\/person\/6c6c778331775c757a82d15206bd8733","name":"Flavio Braga","image":{"@type":"ImageObject","inLanguage":"pt-BR","@id":"https:\/\/www.blogsoestado.com\/flaviobraga\/#\/schema\/person\/image\/","url":"https:\/\/secure.gravatar.com\/avatar\/ab173937dad8d78195c87778be8a0285d069ede375ce0ae24aac1cf8e58ccb2c?s=96&d=mm&r=g","contentUrl":"https:\/\/secure.gravatar.com\/avatar\/ab173937dad8d78195c87778be8a0285d069ede375ce0ae24aac1cf8e58ccb2c?s=96&d=mm&r=g","caption":"Flavio Braga"},"url":"https:\/\/www.blogsoestado.com\/flaviobraga\/author\/flaviobraga\/"}]}},"jetpack_featured_media_url":"","_links":{"self":[{"href":"https:\/\/www.blogsoestado.com\/flaviobraga\/wp-json\/wp\/v2\/posts\/3090","targetHints":{"allow":["GET"]}}],"collection":[{"href":"https:\/\/www.blogsoestado.com\/flaviobraga\/wp-json\/wp\/v2\/posts"}],"about":[{"href":"https:\/\/www.blogsoestado.com\/flaviobraga\/wp-json\/wp\/v2\/types\/post"}],"author":[{"embeddable":true,"href":"https:\/\/www.blogsoestado.com\/flaviobraga\/wp-json\/wp\/v2\/users\/8"}],"replies":[{"embeddable":true,"href":"https:\/\/www.blogsoestado.com\/flaviobraga\/wp-json\/wp\/v2\/comments?post=3090"}],"version-history":[{"count":0,"href":"https:\/\/www.blogsoestado.com\/flaviobraga\/wp-json\/wp\/v2\/posts\/3090\/revisions"}],"wp:attachment":[{"href":"https:\/\/www.blogsoestado.com\/flaviobraga\/wp-json\/wp\/v2\/media?parent=3090"}],"wp:term":[{"taxonomy":"category","embeddable":true,"href":"https:\/\/www.blogsoestado.com\/flaviobraga\/wp-json\/wp\/v2\/categories?post=3090"},{"taxonomy":"post_tag","embeddable":true,"href":"https:\/\/www.blogsoestado.com\/flaviobraga\/wp-json\/wp\/v2\/tags?post=3090"}],"curies":[{"name":"wp","href":"https:\/\/api.w.org\/{rel}","templated":true}]}}