{"id":3095,"date":"2018-04-19T13:35:54","date_gmt":"2018-04-19T16:35:54","guid":{"rendered":"https:\/\/www.blogsoestado.com\/flaviobraga\/?p=3095"},"modified":"2018-04-19T13:35:54","modified_gmt":"2018-04-19T16:35:54","slug":"os-pros-e-contras-do-instituto-da-reeleicao","status":"publish","type":"post","link":"https:\/\/www.blogsoestado.com\/flaviobraga\/os-pros-e-contras-do-instituto-da-reeleicao\/","title":{"rendered":"Os pr\u00f3s e contras do instituto da reelei\u00e7\u00e3o"},"content":{"rendered":"<p align=\"justify\"><a href=\"https:\/\/www.blogsoestado.com\/flaviobraga\/2018\/04\/19\/os-pros-e-contras-do-instituto-da-reeleicao\/reeleicao\/\" rel=\"attachment wp-att-3096\"><img fetchpriority=\"high\" decoding=\"async\" class=\"aligncenter wp-image-3096\" src=\"https:\/\/www.blogsoestado.com\/flaviobraga\/wp-content\/uploads\/sites\/7\/2018\/04\/REELEICAO.jpg\" alt=\"\" width=\"490\" height=\"325\" srcset=\"https:\/\/www.blogsoestado.com\/flaviobraga\/wp-content\/uploads\/sites\/7\/2018\/04\/REELEICAO.jpg 736w, https:\/\/www.blogsoestado.com\/flaviobraga\/wp-content\/uploads\/sites\/7\/2018\/04\/REELEICAO-300x199.jpg 300w\" sizes=\"(max-width: 490px) 100vw, 490px\" \/><\/a><\/p>\n<p align=\"justify\"><span style=\"color: #0000ff;\"><strong>A possibilidade de reelei\u00e7\u00e3o dos titulares do Poder Executivo foi introduzida no ordenamento jur\u00eddico p\u00e1trio por meio da Emenda Constitucional n\u00ba 16\/97. Referida inova\u00e7\u00e3o legislativa rompeu a tradi\u00e7\u00e3o constitucional republicana de proibir a reelegibilidade de presidente, governador e prefeito.<\/strong><\/span><\/p>\n<p align=\"justify\"><span style=\"color: #0000ff;\"><strong>O dogma constitucional da n\u00e3o-reelei\u00e7\u00e3o veiculava o desiderato de obstar a perpetua\u00e7\u00e3o dos governantes, por meios de sucessivos mandatos, e impedir a utiliza\u00e7\u00e3o da m\u00e1quina administrativa (abuso do poder pol\u00edtico) nas elei\u00e7\u00f5es em que o mandat\u00e1rio buscasse a sua recondu\u00e7\u00e3o \u00e0 chefia do governo.<\/strong><\/span><\/p>\n<p align=\"justify\"><span style=\"color: #0000ff;\"><strong>Observe-se que o chefe do Poder Executivo n\u00e3o pode ser candidato a um terceiro mandato sucessivo. Assim, ap\u00f3s o exerc\u00edcio de duas gest\u00f5es consecutivas, imp\u00f5e-se a obrigatoriedade do intervalo de, pelo menos, um per\u00edodo governamental para que possa pleitear nova candidatura ao mesmo cargo.<\/strong><\/span><\/p>\n<p align=\"justify\"><span style=\"color: #0000ff;\"><strong>O modelo institu\u00eddo em nosso processo eleitoral n\u00e3o adotou a f\u00f3rmula norte-americana sobre o regime da reelei\u00e7\u00e3o. Com efeito, a Constitui\u00e7\u00e3o dos EUA estabelece a limita\u00e7\u00e3o do direito \u00e0 reelei\u00e7\u00e3o em \u00fanica vez, preceituando que ningu\u00e9m poder\u00e1 ser eleito para o cargo de presidente mais de duas vezes.<\/strong><\/span><\/p>\n<p align=\"justify\"><span style=\"color: #0000ff;\"><strong>As principais vantagens elencadas pelos pr\u00f3ceres da reelei\u00e7\u00e3o s\u00e3o: a pr\u00e1tica \u00e9 adotada na maioria dos pa\u00edses democr\u00e1ticos; a soberania popular \u00e9 prestigiada ao conferir ao eleitorado a oportunidade de um duplo julgamento do gestor p\u00fablico; o per\u00edodo de quatro anos \u00e9 insuficiente para um programa de governo consistente; o controle da m\u00e1quina p\u00fablica n\u00e3o \u00e9 garantia de perman\u00eancia no poder; muitos candidatos \u00e0 reelei\u00e7\u00e3o sequer passam para o segundo turno; efetividade do princ\u00edpio da continuidade administrativa; juridicamente, n\u00e3o se pode presumir a m\u00e1-f\u00e9 do recandidato; manuten\u00e7\u00e3o de uma administra\u00e7\u00e3o bem-sucedida e maior efici\u00eancia da gest\u00e3o p\u00fablica.<\/strong><\/span><\/p>\n<p align=\"justify\"><span style=\"color: #0000ff;\"><strong>De sua vez, os advers\u00e1rios da regra da reelei\u00e7\u00e3o apontam as seguintes distor\u00e7\u00f5es: continu\u00edsmo pol\u00edtico-administrativo em afronta ao princ\u00edpio republicano, fundado nos postulados da eletividade, altern\u00e2ncia e temporariedade dos mandatos; inexig\u00eancia de afastamento do governante para concorrer a um segundo mandato; quebra do princ\u00edpio da isonomia e desequil\u00edbrio entre candidatos e recandidatos; o postulante \u00e0 reelei\u00e7\u00e3o tem imensa vantagem de exposi\u00e7\u00e3o na m\u00eddia; inevit\u00e1vel abuso da m\u00e1quina administrativa e desvirtuamento da publicidade institucional para instrumento de proselitismo pol\u00edtico do candidato reeleg\u00edvel.<\/strong><\/span><\/p>\n<p align=\"justify\"><span style=\"color: #0000ff;\"><strong>A meu ver, a reelei\u00e7\u00e3o \u00e9 um excelente mecanismo para se evitar a descontinuidade administrativa, possibilitando o reconhecimento popular ao trabalho dos bons gestores. Ao contr\u00e1rio do que afirmam os seus opositores, o instituto da reelei\u00e7\u00e3o encerra um \u00f4nus e um b\u00f4nus. Ao mesmo tempo em que permite a recandidatura sem necessidade de desincompatibiliza\u00e7\u00e3o, o recandidato enfrenta um natural desgaste popular em raz\u00e3o da escassez de recursos p\u00fablicos, compromissos n\u00e3o cumpridos, anseios da coletividade n\u00e3o contemplados, greves, insatisfa\u00e7\u00e3o de servidores, fornecedores etc. Todavia, \u00e9 necess\u00e1rio se aperfei\u00e7oar, em car\u00e1ter permanente, os instrumentos de controle do uso indevido da m\u00e1quina administrativa.<\/strong><\/span><\/p>\n","protected":false},"excerpt":{"rendered":"<p>A possibilidade de reelei\u00e7\u00e3o dos titulares do Poder Executivo foi introduzida no ordenamento jur\u00eddico p\u00e1trio por meio da Emenda Constitucional [&hellip;]<\/p>\n","protected":false},"author":8,"featured_media":0,"comment_status":"open","ping_status":"open","sticky":false,"template":"","format":"standard","meta":{"site-sidebar-layout":"default","site-content-layout":"","ast-site-content-layout":"default","site-content-style":"default","site-sidebar-style":"default","ast-global-header-display":"","ast-banner-title-visibility":"","ast-main-header-display":"","ast-hfb-above-header-display":"","ast-hfb-below-header-display":"","ast-hfb-mobile-header-display":"","site-post-title":"","ast-breadcrumbs-content":"","ast-featured-img":"","footer-sml-layout":"","ast-disable-related-posts":"","theme-transparent-header-meta":"","adv-header-id-meta":"","stick-header-meta":"","header-above-stick-meta":"","header-main-stick-meta":"","header-below-stick-meta":"","astra-migrate-meta-layouts":"default","ast-page-background-enabled":"default","ast-page-background-meta":{"desktop":{"background-color":"var(--ast-global-color-5)","background-image":"","background-repeat":"repeat","background-position":"center center","background-size":"auto","background-attachment":"scroll","background-type":"","background-media":"","overlay-type":"","overlay-color":"","overlay-opacity":"","overlay-gradient":""},"tablet":{"background-color":"","background-image":"","background-repeat":"repeat","background-position":"center center","background-size":"auto","background-attachment":"scroll","background-type":"","background-media":"","overlay-type":"","overlay-color":"","overlay-opacity":"","overlay-gradient":""},"mobile":{"background-color":"","background-image":"","background-repeat":"repeat","background-position":"center center","background-size":"auto","background-attachment":"scroll","background-type":"","background-media":"","overlay-type":"","overlay-color":"","overlay-opacity":"","overlay-gradient":""}},"ast-content-background-meta":{"desktop":{"background-color":"var(--ast-global-color-4)","background-image":"","background-repeat":"repeat","background-position":"center center","background-size":"auto","background-attachment":"scroll","background-type":"","background-media":"","overlay-type":"","overlay-color":"","overlay-opacity":"","overlay-gradient":""},"tablet":{"background-color":"var(--ast-global-color-4)","background-image":"","background-repeat":"repeat","background-position":"center center","background-size":"auto","background-attachment":"scroll","background-type":"","background-media":"","overlay-type":"","overlay-color":"","overlay-opacity":"","overlay-gradient":""},"mobile":{"background-color":"var(--ast-global-color-4)","background-image":"","background-repeat":"repeat","background-position":"center center","background-size":"auto","background-attachment":"scroll","background-type":"","background-media":"","overlay-type":"","overlay-color":"","overlay-opacity":"","overlay-gradient":""}},"footnotes":""},"categories":[1],"tags":[],"class_list":["post-3095","post","type-post","status-publish","format-standard","hentry","category-sem-categoria"],"yoast_head":"<!-- This site is optimized with the Yoast SEO plugin v26.6 - https:\/\/yoast.com\/wordpress\/plugins\/seo\/ -->\n<title>Os pr\u00f3s e contras do instituto da reelei\u00e7\u00e3o - Fl\u00e1vio Braga<\/title>\n<meta name=\"robots\" content=\"index, follow, max-snippet:-1, max-image-preview:large, max-video-preview:-1\" \/>\n<link rel=\"canonical\" href=\"https:\/\/www.blogsoestado.com\/flaviobraga\/os-pros-e-contras-do-instituto-da-reeleicao\/\" \/>\n<meta property=\"og:locale\" content=\"pt_BR\" \/>\n<meta property=\"og:type\" content=\"article\" \/>\n<meta property=\"og:title\" content=\"Os pr\u00f3s e contras do instituto da reelei\u00e7\u00e3o - Fl\u00e1vio Braga\" \/>\n<meta property=\"og:description\" content=\"A possibilidade de reelei\u00e7\u00e3o dos titulares do Poder Executivo foi introduzida no ordenamento jur\u00eddico p\u00e1trio por meio da Emenda Constitucional [&hellip;]\" \/>\n<meta property=\"og:url\" content=\"https:\/\/www.blogsoestado.com\/flaviobraga\/os-pros-e-contras-do-instituto-da-reeleicao\/\" \/>\n<meta property=\"og:site_name\" content=\"Fl\u00e1vio Braga\" \/>\n<meta property=\"article:published_time\" content=\"2018-04-19T16:35:54+00:00\" \/>\n<meta property=\"og:image\" content=\"https:\/\/www.blogsoestado.com\/flaviobraga\/wp-content\/uploads\/sites\/7\/2018\/04\/REELEICAO.jpg\" \/>\n<meta name=\"author\" content=\"Flavio Braga\" \/>\n<meta name=\"twitter:card\" content=\"summary_large_image\" \/>\n<meta name=\"twitter:label1\" content=\"Escrito por\" \/>\n\t<meta name=\"twitter:data1\" content=\"Flavio Braga\" \/>\n\t<meta name=\"twitter:label2\" content=\"Est. tempo de leitura\" \/>\n\t<meta name=\"twitter:data2\" content=\"3 minutos\" \/>\n<script type=\"application\/ld+json\" class=\"yoast-schema-graph\">{\"@context\":\"https:\/\/schema.org\",\"@graph\":[{\"@type\":\"WebPage\",\"@id\":\"https:\/\/www.blogsoestado.com\/flaviobraga\/os-pros-e-contras-do-instituto-da-reeleicao\/\",\"url\":\"https:\/\/www.blogsoestado.com\/flaviobraga\/os-pros-e-contras-do-instituto-da-reeleicao\/\",\"name\":\"Os pr\u00f3s e contras do instituto da reelei\u00e7\u00e3o - Fl\u00e1vio Braga\",\"isPartOf\":{\"@id\":\"https:\/\/www.blogsoestado.com\/flaviobraga\/#website\"},\"primaryImageOfPage\":{\"@id\":\"https:\/\/www.blogsoestado.com\/flaviobraga\/os-pros-e-contras-do-instituto-da-reeleicao\/#primaryimage\"},\"image\":{\"@id\":\"https:\/\/www.blogsoestado.com\/flaviobraga\/os-pros-e-contras-do-instituto-da-reeleicao\/#primaryimage\"},\"thumbnailUrl\":\"https:\/\/www.blogsoestado.com\/flaviobraga\/wp-content\/uploads\/sites\/7\/2018\/04\/REELEICAO.jpg\",\"datePublished\":\"2018-04-19T16:35:54+00:00\",\"author\":{\"@id\":\"https:\/\/www.blogsoestado.com\/flaviobraga\/#\/schema\/person\/6c6c778331775c757a82d15206bd8733\"},\"breadcrumb\":{\"@id\":\"https:\/\/www.blogsoestado.com\/flaviobraga\/os-pros-e-contras-do-instituto-da-reeleicao\/#breadcrumb\"},\"inLanguage\":\"pt-BR\",\"potentialAction\":[{\"@type\":\"ReadAction\",\"target\":[\"https:\/\/www.blogsoestado.com\/flaviobraga\/os-pros-e-contras-do-instituto-da-reeleicao\/\"]}]},{\"@type\":\"ImageObject\",\"inLanguage\":\"pt-BR\",\"@id\":\"https:\/\/www.blogsoestado.com\/flaviobraga\/os-pros-e-contras-do-instituto-da-reeleicao\/#primaryimage\",\"url\":\"https:\/\/www.blogsoestado.com\/flaviobraga\/wp-content\/uploads\/sites\/7\/2018\/04\/REELEICAO.jpg\",\"contentUrl\":\"https:\/\/www.blogsoestado.com\/flaviobraga\/wp-content\/uploads\/sites\/7\/2018\/04\/REELEICAO.jpg\",\"width\":736,\"height\":488},{\"@type\":\"BreadcrumbList\",\"@id\":\"https:\/\/www.blogsoestado.com\/flaviobraga\/os-pros-e-contras-do-instituto-da-reeleicao\/#breadcrumb\",\"itemListElement\":[{\"@type\":\"ListItem\",\"position\":1,\"name\":\"In\u00edcio\",\"item\":\"https:\/\/www.blogsoestado.com\/flaviobraga\/\"},{\"@type\":\"ListItem\",\"position\":2,\"name\":\"Os pr\u00f3s e contras do instituto da reelei\u00e7\u00e3o\"}]},{\"@type\":\"WebSite\",\"@id\":\"https:\/\/www.blogsoestado.com\/flaviobraga\/#website\",\"url\":\"https:\/\/www.blogsoestado.com\/flaviobraga\/\",\"name\":\"Fl\u00e1vio Braga\",\"description\":\"\",\"potentialAction\":[{\"@type\":\"SearchAction\",\"target\":{\"@type\":\"EntryPoint\",\"urlTemplate\":\"https:\/\/www.blogsoestado.com\/flaviobraga\/?s={search_term_string}\"},\"query-input\":{\"@type\":\"PropertyValueSpecification\",\"valueRequired\":true,\"valueName\":\"search_term_string\"}}],\"inLanguage\":\"pt-BR\"},{\"@type\":\"Person\",\"@id\":\"https:\/\/www.blogsoestado.com\/flaviobraga\/#\/schema\/person\/6c6c778331775c757a82d15206bd8733\",\"name\":\"Flavio Braga\",\"image\":{\"@type\":\"ImageObject\",\"inLanguage\":\"pt-BR\",\"@id\":\"https:\/\/www.blogsoestado.com\/flaviobraga\/#\/schema\/person\/image\/\",\"url\":\"https:\/\/secure.gravatar.com\/avatar\/ab173937dad8d78195c87778be8a0285d069ede375ce0ae24aac1cf8e58ccb2c?s=96&d=mm&r=g\",\"contentUrl\":\"https:\/\/secure.gravatar.com\/avatar\/ab173937dad8d78195c87778be8a0285d069ede375ce0ae24aac1cf8e58ccb2c?s=96&d=mm&r=g\",\"caption\":\"Flavio Braga\"},\"url\":\"https:\/\/www.blogsoestado.com\/flaviobraga\/author\/flaviobraga\/\"}]}<\/script>\n<!-- \/ Yoast SEO plugin. -->","yoast_head_json":{"title":"Os pr\u00f3s e contras do instituto da reelei\u00e7\u00e3o - Fl\u00e1vio Braga","robots":{"index":"index","follow":"follow","max-snippet":"max-snippet:-1","max-image-preview":"max-image-preview:large","max-video-preview":"max-video-preview:-1"},"canonical":"https:\/\/www.blogsoestado.com\/flaviobraga\/os-pros-e-contras-do-instituto-da-reeleicao\/","og_locale":"pt_BR","og_type":"article","og_title":"Os pr\u00f3s e contras do instituto da reelei\u00e7\u00e3o - Fl\u00e1vio Braga","og_description":"A possibilidade de reelei\u00e7\u00e3o dos titulares do Poder Executivo foi introduzida no ordenamento jur\u00eddico p\u00e1trio por meio da Emenda Constitucional [&hellip;]","og_url":"https:\/\/www.blogsoestado.com\/flaviobraga\/os-pros-e-contras-do-instituto-da-reeleicao\/","og_site_name":"Fl\u00e1vio Braga","article_published_time":"2018-04-19T16:35:54+00:00","og_image":[{"url":"https:\/\/www.blogsoestado.com\/flaviobraga\/wp-content\/uploads\/sites\/7\/2018\/04\/REELEICAO.jpg","type":"","width":"","height":""}],"author":"Flavio Braga","twitter_card":"summary_large_image","twitter_misc":{"Escrito por":"Flavio Braga","Est. tempo de leitura":"3 minutos"},"schema":{"@context":"https:\/\/schema.org","@graph":[{"@type":"WebPage","@id":"https:\/\/www.blogsoestado.com\/flaviobraga\/os-pros-e-contras-do-instituto-da-reeleicao\/","url":"https:\/\/www.blogsoestado.com\/flaviobraga\/os-pros-e-contras-do-instituto-da-reeleicao\/","name":"Os pr\u00f3s e contras do instituto da reelei\u00e7\u00e3o - Fl\u00e1vio Braga","isPartOf":{"@id":"https:\/\/www.blogsoestado.com\/flaviobraga\/#website"},"primaryImageOfPage":{"@id":"https:\/\/www.blogsoestado.com\/flaviobraga\/os-pros-e-contras-do-instituto-da-reeleicao\/#primaryimage"},"image":{"@id":"https:\/\/www.blogsoestado.com\/flaviobraga\/os-pros-e-contras-do-instituto-da-reeleicao\/#primaryimage"},"thumbnailUrl":"https:\/\/www.blogsoestado.com\/flaviobraga\/wp-content\/uploads\/sites\/7\/2018\/04\/REELEICAO.jpg","datePublished":"2018-04-19T16:35:54+00:00","author":{"@id":"https:\/\/www.blogsoestado.com\/flaviobraga\/#\/schema\/person\/6c6c778331775c757a82d15206bd8733"},"breadcrumb":{"@id":"https:\/\/www.blogsoestado.com\/flaviobraga\/os-pros-e-contras-do-instituto-da-reeleicao\/#breadcrumb"},"inLanguage":"pt-BR","potentialAction":[{"@type":"ReadAction","target":["https:\/\/www.blogsoestado.com\/flaviobraga\/os-pros-e-contras-do-instituto-da-reeleicao\/"]}]},{"@type":"ImageObject","inLanguage":"pt-BR","@id":"https:\/\/www.blogsoestado.com\/flaviobraga\/os-pros-e-contras-do-instituto-da-reeleicao\/#primaryimage","url":"https:\/\/www.blogsoestado.com\/flaviobraga\/wp-content\/uploads\/sites\/7\/2018\/04\/REELEICAO.jpg","contentUrl":"https:\/\/www.blogsoestado.com\/flaviobraga\/wp-content\/uploads\/sites\/7\/2018\/04\/REELEICAO.jpg","width":736,"height":488},{"@type":"BreadcrumbList","@id":"https:\/\/www.blogsoestado.com\/flaviobraga\/os-pros-e-contras-do-instituto-da-reeleicao\/#breadcrumb","itemListElement":[{"@type":"ListItem","position":1,"name":"In\u00edcio","item":"https:\/\/www.blogsoestado.com\/flaviobraga\/"},{"@type":"ListItem","position":2,"name":"Os pr\u00f3s e contras do instituto da reelei\u00e7\u00e3o"}]},{"@type":"WebSite","@id":"https:\/\/www.blogsoestado.com\/flaviobraga\/#website","url":"https:\/\/www.blogsoestado.com\/flaviobraga\/","name":"Fl\u00e1vio Braga","description":"","potentialAction":[{"@type":"SearchAction","target":{"@type":"EntryPoint","urlTemplate":"https:\/\/www.blogsoestado.com\/flaviobraga\/?s={search_term_string}"},"query-input":{"@type":"PropertyValueSpecification","valueRequired":true,"valueName":"search_term_string"}}],"inLanguage":"pt-BR"},{"@type":"Person","@id":"https:\/\/www.blogsoestado.com\/flaviobraga\/#\/schema\/person\/6c6c778331775c757a82d15206bd8733","name":"Flavio Braga","image":{"@type":"ImageObject","inLanguage":"pt-BR","@id":"https:\/\/www.blogsoestado.com\/flaviobraga\/#\/schema\/person\/image\/","url":"https:\/\/secure.gravatar.com\/avatar\/ab173937dad8d78195c87778be8a0285d069ede375ce0ae24aac1cf8e58ccb2c?s=96&d=mm&r=g","contentUrl":"https:\/\/secure.gravatar.com\/avatar\/ab173937dad8d78195c87778be8a0285d069ede375ce0ae24aac1cf8e58ccb2c?s=96&d=mm&r=g","caption":"Flavio Braga"},"url":"https:\/\/www.blogsoestado.com\/flaviobraga\/author\/flaviobraga\/"}]}},"jetpack_featured_media_url":"","_links":{"self":[{"href":"https:\/\/www.blogsoestado.com\/flaviobraga\/wp-json\/wp\/v2\/posts\/3095","targetHints":{"allow":["GET"]}}],"collection":[{"href":"https:\/\/www.blogsoestado.com\/flaviobraga\/wp-json\/wp\/v2\/posts"}],"about":[{"href":"https:\/\/www.blogsoestado.com\/flaviobraga\/wp-json\/wp\/v2\/types\/post"}],"author":[{"embeddable":true,"href":"https:\/\/www.blogsoestado.com\/flaviobraga\/wp-json\/wp\/v2\/users\/8"}],"replies":[{"embeddable":true,"href":"https:\/\/www.blogsoestado.com\/flaviobraga\/wp-json\/wp\/v2\/comments?post=3095"}],"version-history":[{"count":0,"href":"https:\/\/www.blogsoestado.com\/flaviobraga\/wp-json\/wp\/v2\/posts\/3095\/revisions"}],"wp:attachment":[{"href":"https:\/\/www.blogsoestado.com\/flaviobraga\/wp-json\/wp\/v2\/media?parent=3095"}],"wp:term":[{"taxonomy":"category","embeddable":true,"href":"https:\/\/www.blogsoestado.com\/flaviobraga\/wp-json\/wp\/v2\/categories?post=3095"},{"taxonomy":"post_tag","embeddable":true,"href":"https:\/\/www.blogsoestado.com\/flaviobraga\/wp-json\/wp\/v2\/tags?post=3095"}],"curies":[{"name":"wp","href":"https:\/\/api.w.org\/{rel}","templated":true}]}}