{"id":3140,"date":"2018-06-21T11:51:43","date_gmt":"2018-06-21T14:51:43","guid":{"rendered":"https:\/\/www.blogsoestado.com\/flaviobraga\/?p=3140"},"modified":"2018-06-21T11:51:43","modified_gmt":"2018-06-21T14:51:43","slug":"sao-joao-batista-60-anos-de-autonomia-politica","status":"publish","type":"post","link":"https:\/\/www.blogsoestado.com\/flaviobraga\/sao-joao-batista-60-anos-de-autonomia-politica\/","title":{"rendered":"S\u00e3o Jo\u00e3o Batista: 60 anos de autonomia pol\u00edtica"},"content":{"rendered":"<p><a href=\"https:\/\/www.blogsoestado.com\/flaviobraga\/2018\/06\/21\/sao-joao-batista-60-anos-de-autonomia-politica\/porto-da-raposa\/\" rel=\"attachment wp-att-3141\"><img fetchpriority=\"high\" decoding=\"async\" class=\"aligncenter  wp-image-3141\" src=\"https:\/\/www.blogsoestado.com\/flaviobraga\/wp-content\/uploads\/sites\/7\/2018\/06\/Porto-da-Raposa-1.jpg\" alt=\"\" width=\"513\" height=\"385\" srcset=\"https:\/\/www.blogsoestado.com\/flaviobraga\/wp-content\/uploads\/sites\/7\/2018\/06\/Porto-da-Raposa-1.jpg 640w, https:\/\/www.blogsoestado.com\/flaviobraga\/wp-content\/uploads\/sites\/7\/2018\/06\/Porto-da-Raposa-1-300x225.jpg 300w\" sizes=\"(max-width: 513px) 100vw, 513px\" \/><\/a><\/p>\n<p><span style=\"color: #0000ff;\"><strong>No dia 14 de junho de 1958, o distrito de S\u00e3o Jo\u00e3o Batista foi desmembrado do munic\u00edpio de S\u00e3o Vicente Ferrer e conquistou a sua emancipa\u00e7\u00e3o pol\u00edtico-administrativa. S\u00e3o Jo\u00e3o Batista teve origem numa gleba denominada Ponta, tendo como seu fundador o Sr. Raimundo Marques Figueiredo. Com a expans\u00e3o do povoado Ponta, foi edificada uma capela em devo\u00e7\u00e3o a S\u00e3o Jo\u00e3o Batista, circunst\u00e2ncia que ensejou a denomina\u00e7\u00e3o do munic\u00edpio. Para quem n\u00e3o conhece, o voc\u00e1bulo \u201cjoanino\u201d expressa o gent\u00edlico de quem nasce nessa briosa terra.<\/strong><\/span><\/p>\n<p><span style=\"color: #0000ff;\"><strong>Na \u00e9poca da emancipa\u00e7\u00e3o de S\u00e3o Jo\u00e3o Batista, subsistia uma disputa pol\u00edtica renhida entre Jos\u00e9 Maria de Ara\u00fajo e Francisco Figueiredo (Chiquitinho), sendo que ambos chegaram a ser prefeitos de S\u00e3o Vicente Ferrer. Com o advento da \u00a0emancipa\u00e7\u00e3o, a rivalidade pol\u00edtica foi deslocada para as raias do novel munic\u00edpio.<\/strong><\/span><\/p>\n<p><span style=\"color: #0000ff;\"><strong>Merval Marques Figueiredo (irm\u00e3o de Chiquitinho) foi o primeiro prefeito eleito em S\u00e3o Jo\u00e3o Batista. Os mandat\u00e1rios seguintes foram: Achiles dos Santos Jacinto, Luiz Figueiredo, Jorge Figueiredo, Aderson Soares Figueiredo, Francisco Figueiredo, Zequinha Soares (eleito tr\u00eas vezes), Tonho Figueiredo, Eduardo Dominici (eleito duas vezes), Surama Soares, Amarildo Pinheiro e Jo\u00e3o C\u00e2ndido Dominici.<\/strong><\/span><\/p>\n<p><span style=\"color: #0000ff;\"><strong>S\u00e3o Jo\u00e3o Batista concebeu diversas gera\u00e7\u00f5es de mun\u00edcipes que se destacaram no cen\u00e1rio pol\u00edtico estadual. Houve legislaturas em que esse pequeno munic\u00edpio contava com dois deputados estaduais: Francisco Figueiredo e Jos\u00e9 Dominici. No \u00e2mbito do Poder Executivo estadual j\u00e1 pontificaram os seguintes secret\u00e1rios: Raimundo Soares Cutrim (seguran\u00e7a p\u00fablica), Jo\u00e3o C\u00e2ndido Dominici (infraestrutura) e Osvaldo dos Santos \u00a0Jacinto (fazenda). Na composi\u00e7\u00e3o atual do Tribunal de Justi\u00e7a destacam-se os desembargadores Jos\u00e9 Joaquim Figueiredo dos Anjos (presidente) e Jos\u00e9 Jorge Figueiredo dos Anjos. No cargo de juiz de direito avultam Jos\u00e9 Eul\u00e1lio Figueiredo Almeida e Reinaldo Ara\u00fajo.<\/strong><\/span><\/p>\n<p><span style=\"color: #0000ff;\"><strong>Outros joaninos que obtiveram not\u00e1vel proje\u00e7\u00e3o pol\u00edtica e profissional: Elimar Figueiredo de Almeida e Silva, Fran Figueiredo, Suvamy Vivekananda Meireles, Arnaldo Dominici, Jos\u00e9 Antonio Figueiredo, Jo\u00e3o Evangelista, Augusto Serra, Ribamar Serra, Armando Costa, Eidimar Gomes, Jota Pinto e muitos outros.<\/strong><\/span><\/p>\n<p><span style=\"color: #0000ff;\"><strong>Por fim, transcrevo excerto da mensagem do desembargador Jos\u00e9 Joaquim Figueiredo dos Anjos parabenizando o natal\u00edcio da sua terra natal: \u201cS\u00e3o 60 anos que refletem a perseveran\u00e7a de um povo ordeiro e trabalhador, que luta para alcan\u00e7ar transforma\u00e7\u00f5es positivas na nossa cidade, com a expectativa de concretizar grandes vit\u00f3rias e elevar os valores s\u00f3lidos para preparar crian\u00e7as e jovens nesse processo cont\u00ednuo de transforma\u00e7\u00e3o, buscando no presente, o futuro.\u201d<\/strong><\/span><\/p>\n","protected":false},"excerpt":{"rendered":"<p>No dia 14 de junho de 1958, o distrito de S\u00e3o Jo\u00e3o Batista foi desmembrado do munic\u00edpio de S\u00e3o Vicente [&hellip;]<\/p>\n","protected":false},"author":8,"featured_media":0,"comment_status":"open","ping_status":"open","sticky":false,"template":"","format":"standard","meta":{"site-sidebar-layout":"default","site-content-layout":"","ast-site-content-layout":"default","site-content-style":"default","site-sidebar-style":"default","ast-global-header-display":"","ast-banner-title-visibility":"","ast-main-header-display":"","ast-hfb-above-header-display":"","ast-hfb-below-header-display":"","ast-hfb-mobile-header-display":"","site-post-title":"","ast-breadcrumbs-content":"","ast-featured-img":"","footer-sml-layout":"","ast-disable-related-posts":"","theme-transparent-header-meta":"","adv-header-id-meta":"","stick-header-meta":"","header-above-stick-meta":"","header-main-stick-meta":"","header-below-stick-meta":"","astra-migrate-meta-layouts":"default","ast-page-background-enabled":"default","ast-page-background-meta":{"desktop":{"background-color":"var(--ast-global-color-5)","background-image":"","background-repeat":"repeat","background-position":"center center","background-size":"auto","background-attachment":"scroll","background-type":"","background-media":"","overlay-type":"","overlay-color":"","overlay-opacity":"","overlay-gradient":""},"tablet":{"background-color":"","background-image":"","background-repeat":"repeat","background-position":"center center","background-size":"auto","background-attachment":"scroll","background-type":"","background-media":"","overlay-type":"","overlay-color":"","overlay-opacity":"","overlay-gradient":""},"mobile":{"background-color":"","background-image":"","background-repeat":"repeat","background-position":"center center","background-size":"auto","background-attachment":"scroll","background-type":"","background-media":"","overlay-type":"","overlay-color":"","overlay-opacity":"","overlay-gradient":""}},"ast-content-background-meta":{"desktop":{"background-color":"var(--ast-global-color-4)","background-image":"","background-repeat":"repeat","background-position":"center center","background-size":"auto","background-attachment":"scroll","background-type":"","background-media":"","overlay-type":"","overlay-color":"","overlay-opacity":"","overlay-gradient":""},"tablet":{"background-color":"var(--ast-global-color-4)","background-image":"","background-repeat":"repeat","background-position":"center center","background-size":"auto","background-attachment":"scroll","background-type":"","background-media":"","overlay-type":"","overlay-color":"","overlay-opacity":"","overlay-gradient":""},"mobile":{"background-color":"var(--ast-global-color-4)","background-image":"","background-repeat":"repeat","background-position":"center center","background-size":"auto","background-attachment":"scroll","background-type":"","background-media":"","overlay-type":"","overlay-color":"","overlay-opacity":"","overlay-gradient":""}},"footnotes":""},"categories":[1],"tags":[],"class_list":["post-3140","post","type-post","status-publish","format-standard","hentry","category-sem-categoria"],"yoast_head":"<!-- This site is optimized with the Yoast SEO plugin v26.6 - https:\/\/yoast.com\/wordpress\/plugins\/seo\/ -->\n<title>S\u00e3o Jo\u00e3o Batista: 60 anos de autonomia pol\u00edtica - Fl\u00e1vio Braga<\/title>\n<meta name=\"robots\" content=\"index, follow, max-snippet:-1, max-image-preview:large, max-video-preview:-1\" \/>\n<link rel=\"canonical\" href=\"https:\/\/www.blogsoestado.com\/flaviobraga\/sao-joao-batista-60-anos-de-autonomia-politica\/\" \/>\n<meta property=\"og:locale\" content=\"pt_BR\" \/>\n<meta property=\"og:type\" content=\"article\" \/>\n<meta property=\"og:title\" content=\"S\u00e3o Jo\u00e3o Batista: 60 anos de autonomia pol\u00edtica - Fl\u00e1vio Braga\" \/>\n<meta property=\"og:description\" content=\"No dia 14 de junho de 1958, o distrito de S\u00e3o Jo\u00e3o Batista foi desmembrado do munic\u00edpio de S\u00e3o Vicente [&hellip;]\" \/>\n<meta property=\"og:url\" content=\"https:\/\/www.blogsoestado.com\/flaviobraga\/sao-joao-batista-60-anos-de-autonomia-politica\/\" \/>\n<meta property=\"og:site_name\" content=\"Fl\u00e1vio Braga\" \/>\n<meta property=\"article:published_time\" content=\"2018-06-21T14:51:43+00:00\" \/>\n<meta property=\"og:image\" content=\"https:\/\/www.blogsoestado.com\/flaviobraga\/wp-content\/uploads\/sites\/7\/2018\/06\/Porto-da-Raposa-1.jpg\" \/>\n<meta name=\"author\" content=\"Flavio Braga\" \/>\n<meta name=\"twitter:card\" content=\"summary_large_image\" \/>\n<meta name=\"twitter:label1\" content=\"Escrito por\" \/>\n\t<meta name=\"twitter:data1\" content=\"Flavio Braga\" \/>\n\t<meta name=\"twitter:label2\" content=\"Est. tempo de leitura\" \/>\n\t<meta name=\"twitter:data2\" content=\"2 minutos\" \/>\n<script type=\"application\/ld+json\" class=\"yoast-schema-graph\">{\"@context\":\"https:\/\/schema.org\",\"@graph\":[{\"@type\":\"WebPage\",\"@id\":\"https:\/\/www.blogsoestado.com\/flaviobraga\/sao-joao-batista-60-anos-de-autonomia-politica\/\",\"url\":\"https:\/\/www.blogsoestado.com\/flaviobraga\/sao-joao-batista-60-anos-de-autonomia-politica\/\",\"name\":\"S\u00e3o Jo\u00e3o Batista: 60 anos de autonomia pol\u00edtica - Fl\u00e1vio Braga\",\"isPartOf\":{\"@id\":\"https:\/\/www.blogsoestado.com\/flaviobraga\/#website\"},\"primaryImageOfPage\":{\"@id\":\"https:\/\/www.blogsoestado.com\/flaviobraga\/sao-joao-batista-60-anos-de-autonomia-politica\/#primaryimage\"},\"image\":{\"@id\":\"https:\/\/www.blogsoestado.com\/flaviobraga\/sao-joao-batista-60-anos-de-autonomia-politica\/#primaryimage\"},\"thumbnailUrl\":\"https:\/\/www.blogsoestado.com\/flaviobraga\/wp-content\/uploads\/sites\/7\/2018\/06\/Porto-da-Raposa-1.jpg\",\"datePublished\":\"2018-06-21T14:51:43+00:00\",\"author\":{\"@id\":\"https:\/\/www.blogsoestado.com\/flaviobraga\/#\/schema\/person\/6c6c778331775c757a82d15206bd8733\"},\"breadcrumb\":{\"@id\":\"https:\/\/www.blogsoestado.com\/flaviobraga\/sao-joao-batista-60-anos-de-autonomia-politica\/#breadcrumb\"},\"inLanguage\":\"pt-BR\",\"potentialAction\":[{\"@type\":\"ReadAction\",\"target\":[\"https:\/\/www.blogsoestado.com\/flaviobraga\/sao-joao-batista-60-anos-de-autonomia-politica\/\"]}]},{\"@type\":\"ImageObject\",\"inLanguage\":\"pt-BR\",\"@id\":\"https:\/\/www.blogsoestado.com\/flaviobraga\/sao-joao-batista-60-anos-de-autonomia-politica\/#primaryimage\",\"url\":\"https:\/\/www.blogsoestado.com\/flaviobraga\/wp-content\/uploads\/sites\/7\/2018\/06\/Porto-da-Raposa-1.jpg\",\"contentUrl\":\"https:\/\/www.blogsoestado.com\/flaviobraga\/wp-content\/uploads\/sites\/7\/2018\/06\/Porto-da-Raposa-1.jpg\",\"width\":640,\"height\":480},{\"@type\":\"BreadcrumbList\",\"@id\":\"https:\/\/www.blogsoestado.com\/flaviobraga\/sao-joao-batista-60-anos-de-autonomia-politica\/#breadcrumb\",\"itemListElement\":[{\"@type\":\"ListItem\",\"position\":1,\"name\":\"In\u00edcio\",\"item\":\"https:\/\/www.blogsoestado.com\/flaviobraga\/\"},{\"@type\":\"ListItem\",\"position\":2,\"name\":\"S\u00e3o Jo\u00e3o Batista: 60 anos de autonomia pol\u00edtica\"}]},{\"@type\":\"WebSite\",\"@id\":\"https:\/\/www.blogsoestado.com\/flaviobraga\/#website\",\"url\":\"https:\/\/www.blogsoestado.com\/flaviobraga\/\",\"name\":\"Fl\u00e1vio Braga\",\"description\":\"\",\"potentialAction\":[{\"@type\":\"SearchAction\",\"target\":{\"@type\":\"EntryPoint\",\"urlTemplate\":\"https:\/\/www.blogsoestado.com\/flaviobraga\/?s={search_term_string}\"},\"query-input\":{\"@type\":\"PropertyValueSpecification\",\"valueRequired\":true,\"valueName\":\"search_term_string\"}}],\"inLanguage\":\"pt-BR\"},{\"@type\":\"Person\",\"@id\":\"https:\/\/www.blogsoestado.com\/flaviobraga\/#\/schema\/person\/6c6c778331775c757a82d15206bd8733\",\"name\":\"Flavio Braga\",\"image\":{\"@type\":\"ImageObject\",\"inLanguage\":\"pt-BR\",\"@id\":\"https:\/\/www.blogsoestado.com\/flaviobraga\/#\/schema\/person\/image\/\",\"url\":\"https:\/\/secure.gravatar.com\/avatar\/ab173937dad8d78195c87778be8a0285d069ede375ce0ae24aac1cf8e58ccb2c?s=96&d=mm&r=g\",\"contentUrl\":\"https:\/\/secure.gravatar.com\/avatar\/ab173937dad8d78195c87778be8a0285d069ede375ce0ae24aac1cf8e58ccb2c?s=96&d=mm&r=g\",\"caption\":\"Flavio Braga\"},\"url\":\"https:\/\/www.blogsoestado.com\/flaviobraga\/author\/flaviobraga\/\"}]}<\/script>\n<!-- \/ Yoast SEO plugin. -->","yoast_head_json":{"title":"S\u00e3o Jo\u00e3o Batista: 60 anos de autonomia pol\u00edtica - Fl\u00e1vio Braga","robots":{"index":"index","follow":"follow","max-snippet":"max-snippet:-1","max-image-preview":"max-image-preview:large","max-video-preview":"max-video-preview:-1"},"canonical":"https:\/\/www.blogsoestado.com\/flaviobraga\/sao-joao-batista-60-anos-de-autonomia-politica\/","og_locale":"pt_BR","og_type":"article","og_title":"S\u00e3o Jo\u00e3o Batista: 60 anos de autonomia pol\u00edtica - Fl\u00e1vio Braga","og_description":"No dia 14 de junho de 1958, o distrito de S\u00e3o Jo\u00e3o Batista foi desmembrado do munic\u00edpio de S\u00e3o Vicente [&hellip;]","og_url":"https:\/\/www.blogsoestado.com\/flaviobraga\/sao-joao-batista-60-anos-de-autonomia-politica\/","og_site_name":"Fl\u00e1vio Braga","article_published_time":"2018-06-21T14:51:43+00:00","og_image":[{"url":"https:\/\/www.blogsoestado.com\/flaviobraga\/wp-content\/uploads\/sites\/7\/2018\/06\/Porto-da-Raposa-1.jpg","type":"","width":"","height":""}],"author":"Flavio Braga","twitter_card":"summary_large_image","twitter_misc":{"Escrito por":"Flavio Braga","Est. tempo de leitura":"2 minutos"},"schema":{"@context":"https:\/\/schema.org","@graph":[{"@type":"WebPage","@id":"https:\/\/www.blogsoestado.com\/flaviobraga\/sao-joao-batista-60-anos-de-autonomia-politica\/","url":"https:\/\/www.blogsoestado.com\/flaviobraga\/sao-joao-batista-60-anos-de-autonomia-politica\/","name":"S\u00e3o Jo\u00e3o Batista: 60 anos de autonomia pol\u00edtica - Fl\u00e1vio Braga","isPartOf":{"@id":"https:\/\/www.blogsoestado.com\/flaviobraga\/#website"},"primaryImageOfPage":{"@id":"https:\/\/www.blogsoestado.com\/flaviobraga\/sao-joao-batista-60-anos-de-autonomia-politica\/#primaryimage"},"image":{"@id":"https:\/\/www.blogsoestado.com\/flaviobraga\/sao-joao-batista-60-anos-de-autonomia-politica\/#primaryimage"},"thumbnailUrl":"https:\/\/www.blogsoestado.com\/flaviobraga\/wp-content\/uploads\/sites\/7\/2018\/06\/Porto-da-Raposa-1.jpg","datePublished":"2018-06-21T14:51:43+00:00","author":{"@id":"https:\/\/www.blogsoestado.com\/flaviobraga\/#\/schema\/person\/6c6c778331775c757a82d15206bd8733"},"breadcrumb":{"@id":"https:\/\/www.blogsoestado.com\/flaviobraga\/sao-joao-batista-60-anos-de-autonomia-politica\/#breadcrumb"},"inLanguage":"pt-BR","potentialAction":[{"@type":"ReadAction","target":["https:\/\/www.blogsoestado.com\/flaviobraga\/sao-joao-batista-60-anos-de-autonomia-politica\/"]}]},{"@type":"ImageObject","inLanguage":"pt-BR","@id":"https:\/\/www.blogsoestado.com\/flaviobraga\/sao-joao-batista-60-anos-de-autonomia-politica\/#primaryimage","url":"https:\/\/www.blogsoestado.com\/flaviobraga\/wp-content\/uploads\/sites\/7\/2018\/06\/Porto-da-Raposa-1.jpg","contentUrl":"https:\/\/www.blogsoestado.com\/flaviobraga\/wp-content\/uploads\/sites\/7\/2018\/06\/Porto-da-Raposa-1.jpg","width":640,"height":480},{"@type":"BreadcrumbList","@id":"https:\/\/www.blogsoestado.com\/flaviobraga\/sao-joao-batista-60-anos-de-autonomia-politica\/#breadcrumb","itemListElement":[{"@type":"ListItem","position":1,"name":"In\u00edcio","item":"https:\/\/www.blogsoestado.com\/flaviobraga\/"},{"@type":"ListItem","position":2,"name":"S\u00e3o Jo\u00e3o Batista: 60 anos de autonomia pol\u00edtica"}]},{"@type":"WebSite","@id":"https:\/\/www.blogsoestado.com\/flaviobraga\/#website","url":"https:\/\/www.blogsoestado.com\/flaviobraga\/","name":"Fl\u00e1vio Braga","description":"","potentialAction":[{"@type":"SearchAction","target":{"@type":"EntryPoint","urlTemplate":"https:\/\/www.blogsoestado.com\/flaviobraga\/?s={search_term_string}"},"query-input":{"@type":"PropertyValueSpecification","valueRequired":true,"valueName":"search_term_string"}}],"inLanguage":"pt-BR"},{"@type":"Person","@id":"https:\/\/www.blogsoestado.com\/flaviobraga\/#\/schema\/person\/6c6c778331775c757a82d15206bd8733","name":"Flavio Braga","image":{"@type":"ImageObject","inLanguage":"pt-BR","@id":"https:\/\/www.blogsoestado.com\/flaviobraga\/#\/schema\/person\/image\/","url":"https:\/\/secure.gravatar.com\/avatar\/ab173937dad8d78195c87778be8a0285d069ede375ce0ae24aac1cf8e58ccb2c?s=96&d=mm&r=g","contentUrl":"https:\/\/secure.gravatar.com\/avatar\/ab173937dad8d78195c87778be8a0285d069ede375ce0ae24aac1cf8e58ccb2c?s=96&d=mm&r=g","caption":"Flavio Braga"},"url":"https:\/\/www.blogsoestado.com\/flaviobraga\/author\/flaviobraga\/"}]}},"jetpack_featured_media_url":"","_links":{"self":[{"href":"https:\/\/www.blogsoestado.com\/flaviobraga\/wp-json\/wp\/v2\/posts\/3140","targetHints":{"allow":["GET"]}}],"collection":[{"href":"https:\/\/www.blogsoestado.com\/flaviobraga\/wp-json\/wp\/v2\/posts"}],"about":[{"href":"https:\/\/www.blogsoestado.com\/flaviobraga\/wp-json\/wp\/v2\/types\/post"}],"author":[{"embeddable":true,"href":"https:\/\/www.blogsoestado.com\/flaviobraga\/wp-json\/wp\/v2\/users\/8"}],"replies":[{"embeddable":true,"href":"https:\/\/www.blogsoestado.com\/flaviobraga\/wp-json\/wp\/v2\/comments?post=3140"}],"version-history":[{"count":0,"href":"https:\/\/www.blogsoestado.com\/flaviobraga\/wp-json\/wp\/v2\/posts\/3140\/revisions"}],"wp:attachment":[{"href":"https:\/\/www.blogsoestado.com\/flaviobraga\/wp-json\/wp\/v2\/media?parent=3140"}],"wp:term":[{"taxonomy":"category","embeddable":true,"href":"https:\/\/www.blogsoestado.com\/flaviobraga\/wp-json\/wp\/v2\/categories?post=3140"},{"taxonomy":"post_tag","embeddable":true,"href":"https:\/\/www.blogsoestado.com\/flaviobraga\/wp-json\/wp\/v2\/tags?post=3140"}],"curies":[{"name":"wp","href":"https:\/\/api.w.org\/{rel}","templated":true}]}}