{"id":3154,"date":"2018-07-16T16:09:45","date_gmt":"2018-07-16T19:09:45","guid":{"rendered":"https:\/\/www.blogsoestado.com\/flaviobraga\/?p=3154"},"modified":"2018-07-16T16:09:45","modified_gmt":"2018-07-16T19:09:45","slug":"plebiscitos-e-referendos-3","status":"publish","type":"post","link":"https:\/\/www.blogsoestado.com\/flaviobraga\/plebiscitos-e-referendos-3\/","title":{"rendered":"Plebiscitos e referendos"},"content":{"rendered":"<p><a href=\"https:\/\/www.blogsoestado.com\/flaviobraga\/2018\/07\/16\/plebiscitos-e-referendos-3\/plebisicito\/\" rel=\"attachment wp-att-3155\"><img fetchpriority=\"high\" decoding=\"async\" class=\"aligncenter size-full wp-image-3155\" src=\"https:\/\/www.blogsoestado.com\/flaviobraga\/wp-content\/uploads\/sites\/7\/2018\/07\/plebisicito-1.jpg\" alt=\"\" width=\"450\" height=\"373\" srcset=\"https:\/\/www.blogsoestado.com\/flaviobraga\/wp-content\/uploads\/sites\/7\/2018\/07\/plebisicito-1.jpg 450w, https:\/\/www.blogsoestado.com\/flaviobraga\/wp-content\/uploads\/sites\/7\/2018\/07\/plebisicito-1-300x249.jpg 300w\" sizes=\"(max-width: 450px) 100vw, 450px\" \/><\/a><\/p>\n<p><span style=\"color: #3366ff;\"><strong>O artigo 14 da Constitui\u00e7\u00e3o Federal prev\u00ea expressamente duas formas peculiares de exerc\u00edcio da soberania popular por meio da realiza\u00e7\u00e3o direta de consultas populares, mediante plebiscitos e referendos.<\/strong><\/span><\/p>\n<p><span style=\"color: #3366ff;\"><strong>Plebiscito e referendo s\u00e3o consultas formuladas ao eleitorado para que delibere sobre mat\u00e9ria de acentuada relev\u00e2ncia, de natureza constitucional, legislativa ou administrativa. Por se tratar de exerc\u00edcio da soberania popular, somente os indiv\u00edduos que det\u00e9m capacidade eleitoral ativa podem participar das consultas. O resultado do plebiscito ou referendo \u00e9 aferido por maioria simples e homologado pela Justi\u00e7a Eleitoral. Hodiernamente, a Lei n\u00ba 9.709\/98 regulamenta a execu\u00e7\u00e3o dessas convoca\u00e7\u00f5es populares.<\/strong><\/span><\/p>\n<p><span style=\"color: #3366ff;\"><strong>A diferen\u00e7a conceitual entre os dois institutos relaciona-se com o momento de realiza\u00e7\u00e3o de cada um deles.<\/strong><\/span><\/p>\n<p><span style=\"color: #3366ff;\"><strong>O plebiscito (do latim <em>plebiscitum<\/em>: decreto da plebe) \u00e9 uma consulta pr\u00e9via que se faz aos cidad\u00e3os, ou seja, \u00e9 convocado com anterioridade \u00e0 edi\u00e7\u00e3o do ato legislativo ou administrativo, cabendo ao povo, pelo voto direto, aprovar ou denegar o que lhe tenha sido submetido. Exemplo: o plebiscito de 1993 sobre a forma (monarquia ou rep\u00fablica) e o sistema de governo (presidencialismo ou parlamentarismo).<\/strong><\/span><\/p>\n<p><span style=\"color: #3366ff;\"><strong>De outra face, o referendo (do latim <em>referendum<\/em>: aprova\u00e7\u00e3o) \u00e9 convocado com posterioridade ao ato legislativo ou administrativo, cumprindo \u00e0 popula\u00e7\u00e3o a respectiva ratifica\u00e7\u00e3o ou rejei\u00e7\u00e3o. Exemplo: o referendo de 1963 sobre a perman\u00eancia ou n\u00e3o do parlamentarismo no pa\u00eds e o referendo de 2005 sobre a proibi\u00e7\u00e3o do com\u00e9rcio de armas.<\/strong><\/span><\/p>\n<p><span style=\"color: #3366ff;\"><strong>Nas quest\u00f5es de relev\u00e2ncia nacional (como desarmamento, sistema e forma de governo etc), os plebiscitos e\u00a0 referendos s\u00e3o convocados mediante decreto legislativo, a partir da proposta de um ter\u00e7o, no m\u00ednimo, dos membros que comp\u00f5em qualquer das Casas do Congresso Nacional, nos termos do artigo 3\u00ba da Lei n\u00ba 9.709\/98.<\/strong><\/span><\/p>\n<p><span style=\"color: #3366ff;\"><strong>Nas consultas de \u00e2mbito nacional, uma vez aprovado o ato convocat\u00f3rio, o Presidente do Congresso Nacional dar\u00e1 ci\u00eancia ao Tribunal Superior eleitoral (TSE), a quem incumbir\u00e1 fixar a data da consulta popular, tornar p\u00fablica a c\u00e9dula eletr\u00f4nica respectiva e expedir instru\u00e7\u00f5es para disciplinar a realiza\u00e7\u00e3o do plebiscito ou referendo.<\/strong><\/span><\/p>\n<p><span style=\"color: #3366ff;\"><strong>Compete ao TSE, tamb\u00e9m, assegurar a gratuidade, nas emissoras de \u00a0r\u00e1dio e televis\u00e3o, aos partidos pol\u00edticos e \u00e0s frentes suprapartid\u00e1rias organizadas pela sociedade civil em torno da mat\u00e9ria em quest\u00e3o, para a divulga\u00e7\u00e3o da propaganda plebiscit\u00e1ria (postulados e teses) referente ao tema sob consulta, assegurada igualdade de tempo e paridade de hor\u00e1rios.<\/strong><\/span><\/p>\n","protected":false},"excerpt":{"rendered":"<p>O artigo 14 da Constitui\u00e7\u00e3o Federal prev\u00ea expressamente duas formas peculiares de exerc\u00edcio da soberania popular por meio da realiza\u00e7\u00e3o [&hellip;]<\/p>\n","protected":false},"author":8,"featured_media":0,"comment_status":"open","ping_status":"open","sticky":false,"template":"","format":"standard","meta":{"site-sidebar-layout":"default","site-content-layout":"","ast-site-content-layout":"default","site-content-style":"default","site-sidebar-style":"default","ast-global-header-display":"","ast-banner-title-visibility":"","ast-main-header-display":"","ast-hfb-above-header-display":"","ast-hfb-below-header-display":"","ast-hfb-mobile-header-display":"","site-post-title":"","ast-breadcrumbs-content":"","ast-featured-img":"","footer-sml-layout":"","ast-disable-related-posts":"","theme-transparent-header-meta":"","adv-header-id-meta":"","stick-header-meta":"","header-above-stick-meta":"","header-main-stick-meta":"","header-below-stick-meta":"","astra-migrate-meta-layouts":"default","ast-page-background-enabled":"default","ast-page-background-meta":{"desktop":{"background-color":"var(--ast-global-color-5)","background-image":"","background-repeat":"repeat","background-position":"center center","background-size":"auto","background-attachment":"scroll","background-type":"","background-media":"","overlay-type":"","overlay-color":"","overlay-opacity":"","overlay-gradient":""},"tablet":{"background-color":"","background-image":"","background-repeat":"repeat","background-position":"center center","background-size":"auto","background-attachment":"scroll","background-type":"","background-media":"","overlay-type":"","overlay-color":"","overlay-opacity":"","overlay-gradient":""},"mobile":{"background-color":"","background-image":"","background-repeat":"repeat","background-position":"center center","background-size":"auto","background-attachment":"scroll","background-type":"","background-media":"","overlay-type":"","overlay-color":"","overlay-opacity":"","overlay-gradient":""}},"ast-content-background-meta":{"desktop":{"background-color":"var(--ast-global-color-4)","background-image":"","background-repeat":"repeat","background-position":"center center","background-size":"auto","background-attachment":"scroll","background-type":"","background-media":"","overlay-type":"","overlay-color":"","overlay-opacity":"","overlay-gradient":""},"tablet":{"background-color":"var(--ast-global-color-4)","background-image":"","background-repeat":"repeat","background-position":"center center","background-size":"auto","background-attachment":"scroll","background-type":"","background-media":"","overlay-type":"","overlay-color":"","overlay-opacity":"","overlay-gradient":""},"mobile":{"background-color":"var(--ast-global-color-4)","background-image":"","background-repeat":"repeat","background-position":"center center","background-size":"auto","background-attachment":"scroll","background-type":"","background-media":"","overlay-type":"","overlay-color":"","overlay-opacity":"","overlay-gradient":""}},"footnotes":""},"categories":[1],"tags":[],"class_list":["post-3154","post","type-post","status-publish","format-standard","hentry","category-sem-categoria"],"yoast_head":"<!-- This site is optimized with the Yoast SEO plugin v26.6 - https:\/\/yoast.com\/wordpress\/plugins\/seo\/ -->\n<title>Plebiscitos e referendos - Fl\u00e1vio Braga<\/title>\n<meta name=\"robots\" content=\"index, follow, max-snippet:-1, max-image-preview:large, max-video-preview:-1\" \/>\n<link rel=\"canonical\" href=\"https:\/\/www.blogsoestado.com\/flaviobraga\/plebiscitos-e-referendos-3\/\" \/>\n<meta property=\"og:locale\" content=\"pt_BR\" \/>\n<meta property=\"og:type\" content=\"article\" \/>\n<meta property=\"og:title\" content=\"Plebiscitos e referendos - Fl\u00e1vio Braga\" \/>\n<meta property=\"og:description\" content=\"O artigo 14 da Constitui\u00e7\u00e3o Federal prev\u00ea expressamente duas formas peculiares de exerc\u00edcio da soberania popular por meio da realiza\u00e7\u00e3o [&hellip;]\" \/>\n<meta property=\"og:url\" content=\"https:\/\/www.blogsoestado.com\/flaviobraga\/plebiscitos-e-referendos-3\/\" \/>\n<meta property=\"og:site_name\" content=\"Fl\u00e1vio Braga\" \/>\n<meta property=\"article:published_time\" content=\"2018-07-16T19:09:45+00:00\" \/>\n<meta property=\"og:image\" content=\"https:\/\/www.blogsoestado.com\/flaviobraga\/wp-content\/uploads\/sites\/7\/2018\/07\/plebisicito-1.jpg\" \/>\n<meta name=\"author\" content=\"Flavio Braga\" \/>\n<meta name=\"twitter:card\" content=\"summary_large_image\" \/>\n<meta name=\"twitter:label1\" content=\"Escrito por\" \/>\n\t<meta name=\"twitter:data1\" content=\"Flavio Braga\" \/>\n\t<meta name=\"twitter:label2\" content=\"Est. tempo de leitura\" \/>\n\t<meta name=\"twitter:data2\" content=\"2 minutos\" \/>\n<script type=\"application\/ld+json\" class=\"yoast-schema-graph\">{\"@context\":\"https:\/\/schema.org\",\"@graph\":[{\"@type\":\"WebPage\",\"@id\":\"https:\/\/www.blogsoestado.com\/flaviobraga\/plebiscitos-e-referendos-3\/\",\"url\":\"https:\/\/www.blogsoestado.com\/flaviobraga\/plebiscitos-e-referendos-3\/\",\"name\":\"Plebiscitos e referendos - Fl\u00e1vio Braga\",\"isPartOf\":{\"@id\":\"https:\/\/www.blogsoestado.com\/flaviobraga\/#website\"},\"primaryImageOfPage\":{\"@id\":\"https:\/\/www.blogsoestado.com\/flaviobraga\/plebiscitos-e-referendos-3\/#primaryimage\"},\"image\":{\"@id\":\"https:\/\/www.blogsoestado.com\/flaviobraga\/plebiscitos-e-referendos-3\/#primaryimage\"},\"thumbnailUrl\":\"https:\/\/www.blogsoestado.com\/flaviobraga\/wp-content\/uploads\/sites\/7\/2018\/07\/plebisicito-1.jpg\",\"datePublished\":\"2018-07-16T19:09:45+00:00\",\"author\":{\"@id\":\"https:\/\/www.blogsoestado.com\/flaviobraga\/#\/schema\/person\/6c6c778331775c757a82d15206bd8733\"},\"breadcrumb\":{\"@id\":\"https:\/\/www.blogsoestado.com\/flaviobraga\/plebiscitos-e-referendos-3\/#breadcrumb\"},\"inLanguage\":\"pt-BR\",\"potentialAction\":[{\"@type\":\"ReadAction\",\"target\":[\"https:\/\/www.blogsoestado.com\/flaviobraga\/plebiscitos-e-referendos-3\/\"]}]},{\"@type\":\"ImageObject\",\"inLanguage\":\"pt-BR\",\"@id\":\"https:\/\/www.blogsoestado.com\/flaviobraga\/plebiscitos-e-referendos-3\/#primaryimage\",\"url\":\"https:\/\/www.blogsoestado.com\/flaviobraga\/wp-content\/uploads\/sites\/7\/2018\/07\/plebisicito-1.jpg\",\"contentUrl\":\"https:\/\/www.blogsoestado.com\/flaviobraga\/wp-content\/uploads\/sites\/7\/2018\/07\/plebisicito-1.jpg\",\"width\":450,\"height\":373},{\"@type\":\"BreadcrumbList\",\"@id\":\"https:\/\/www.blogsoestado.com\/flaviobraga\/plebiscitos-e-referendos-3\/#breadcrumb\",\"itemListElement\":[{\"@type\":\"ListItem\",\"position\":1,\"name\":\"In\u00edcio\",\"item\":\"https:\/\/www.blogsoestado.com\/flaviobraga\/\"},{\"@type\":\"ListItem\",\"position\":2,\"name\":\"Plebiscitos e referendos\"}]},{\"@type\":\"WebSite\",\"@id\":\"https:\/\/www.blogsoestado.com\/flaviobraga\/#website\",\"url\":\"https:\/\/www.blogsoestado.com\/flaviobraga\/\",\"name\":\"Fl\u00e1vio Braga\",\"description\":\"\",\"potentialAction\":[{\"@type\":\"SearchAction\",\"target\":{\"@type\":\"EntryPoint\",\"urlTemplate\":\"https:\/\/www.blogsoestado.com\/flaviobraga\/?s={search_term_string}\"},\"query-input\":{\"@type\":\"PropertyValueSpecification\",\"valueRequired\":true,\"valueName\":\"search_term_string\"}}],\"inLanguage\":\"pt-BR\"},{\"@type\":\"Person\",\"@id\":\"https:\/\/www.blogsoestado.com\/flaviobraga\/#\/schema\/person\/6c6c778331775c757a82d15206bd8733\",\"name\":\"Flavio Braga\",\"image\":{\"@type\":\"ImageObject\",\"inLanguage\":\"pt-BR\",\"@id\":\"https:\/\/www.blogsoestado.com\/flaviobraga\/#\/schema\/person\/image\/\",\"url\":\"https:\/\/secure.gravatar.com\/avatar\/ab173937dad8d78195c87778be8a0285d069ede375ce0ae24aac1cf8e58ccb2c?s=96&d=mm&r=g\",\"contentUrl\":\"https:\/\/secure.gravatar.com\/avatar\/ab173937dad8d78195c87778be8a0285d069ede375ce0ae24aac1cf8e58ccb2c?s=96&d=mm&r=g\",\"caption\":\"Flavio Braga\"},\"url\":\"https:\/\/www.blogsoestado.com\/flaviobraga\/author\/flaviobraga\/\"}]}<\/script>\n<!-- \/ Yoast SEO plugin. -->","yoast_head_json":{"title":"Plebiscitos e referendos - Fl\u00e1vio Braga","robots":{"index":"index","follow":"follow","max-snippet":"max-snippet:-1","max-image-preview":"max-image-preview:large","max-video-preview":"max-video-preview:-1"},"canonical":"https:\/\/www.blogsoestado.com\/flaviobraga\/plebiscitos-e-referendos-3\/","og_locale":"pt_BR","og_type":"article","og_title":"Plebiscitos e referendos - Fl\u00e1vio Braga","og_description":"O artigo 14 da Constitui\u00e7\u00e3o Federal prev\u00ea expressamente duas formas peculiares de exerc\u00edcio da soberania popular por meio da realiza\u00e7\u00e3o [&hellip;]","og_url":"https:\/\/www.blogsoestado.com\/flaviobraga\/plebiscitos-e-referendos-3\/","og_site_name":"Fl\u00e1vio Braga","article_published_time":"2018-07-16T19:09:45+00:00","og_image":[{"url":"https:\/\/www.blogsoestado.com\/flaviobraga\/wp-content\/uploads\/sites\/7\/2018\/07\/plebisicito-1.jpg","type":"","width":"","height":""}],"author":"Flavio Braga","twitter_card":"summary_large_image","twitter_misc":{"Escrito por":"Flavio Braga","Est. tempo de leitura":"2 minutos"},"schema":{"@context":"https:\/\/schema.org","@graph":[{"@type":"WebPage","@id":"https:\/\/www.blogsoestado.com\/flaviobraga\/plebiscitos-e-referendos-3\/","url":"https:\/\/www.blogsoestado.com\/flaviobraga\/plebiscitos-e-referendos-3\/","name":"Plebiscitos e referendos - Fl\u00e1vio Braga","isPartOf":{"@id":"https:\/\/www.blogsoestado.com\/flaviobraga\/#website"},"primaryImageOfPage":{"@id":"https:\/\/www.blogsoestado.com\/flaviobraga\/plebiscitos-e-referendos-3\/#primaryimage"},"image":{"@id":"https:\/\/www.blogsoestado.com\/flaviobraga\/plebiscitos-e-referendos-3\/#primaryimage"},"thumbnailUrl":"https:\/\/www.blogsoestado.com\/flaviobraga\/wp-content\/uploads\/sites\/7\/2018\/07\/plebisicito-1.jpg","datePublished":"2018-07-16T19:09:45+00:00","author":{"@id":"https:\/\/www.blogsoestado.com\/flaviobraga\/#\/schema\/person\/6c6c778331775c757a82d15206bd8733"},"breadcrumb":{"@id":"https:\/\/www.blogsoestado.com\/flaviobraga\/plebiscitos-e-referendos-3\/#breadcrumb"},"inLanguage":"pt-BR","potentialAction":[{"@type":"ReadAction","target":["https:\/\/www.blogsoestado.com\/flaviobraga\/plebiscitos-e-referendos-3\/"]}]},{"@type":"ImageObject","inLanguage":"pt-BR","@id":"https:\/\/www.blogsoestado.com\/flaviobraga\/plebiscitos-e-referendos-3\/#primaryimage","url":"https:\/\/www.blogsoestado.com\/flaviobraga\/wp-content\/uploads\/sites\/7\/2018\/07\/plebisicito-1.jpg","contentUrl":"https:\/\/www.blogsoestado.com\/flaviobraga\/wp-content\/uploads\/sites\/7\/2018\/07\/plebisicito-1.jpg","width":450,"height":373},{"@type":"BreadcrumbList","@id":"https:\/\/www.blogsoestado.com\/flaviobraga\/plebiscitos-e-referendos-3\/#breadcrumb","itemListElement":[{"@type":"ListItem","position":1,"name":"In\u00edcio","item":"https:\/\/www.blogsoestado.com\/flaviobraga\/"},{"@type":"ListItem","position":2,"name":"Plebiscitos e referendos"}]},{"@type":"WebSite","@id":"https:\/\/www.blogsoestado.com\/flaviobraga\/#website","url":"https:\/\/www.blogsoestado.com\/flaviobraga\/","name":"Fl\u00e1vio Braga","description":"","potentialAction":[{"@type":"SearchAction","target":{"@type":"EntryPoint","urlTemplate":"https:\/\/www.blogsoestado.com\/flaviobraga\/?s={search_term_string}"},"query-input":{"@type":"PropertyValueSpecification","valueRequired":true,"valueName":"search_term_string"}}],"inLanguage":"pt-BR"},{"@type":"Person","@id":"https:\/\/www.blogsoestado.com\/flaviobraga\/#\/schema\/person\/6c6c778331775c757a82d15206bd8733","name":"Flavio Braga","image":{"@type":"ImageObject","inLanguage":"pt-BR","@id":"https:\/\/www.blogsoestado.com\/flaviobraga\/#\/schema\/person\/image\/","url":"https:\/\/secure.gravatar.com\/avatar\/ab173937dad8d78195c87778be8a0285d069ede375ce0ae24aac1cf8e58ccb2c?s=96&d=mm&r=g","contentUrl":"https:\/\/secure.gravatar.com\/avatar\/ab173937dad8d78195c87778be8a0285d069ede375ce0ae24aac1cf8e58ccb2c?s=96&d=mm&r=g","caption":"Flavio Braga"},"url":"https:\/\/www.blogsoestado.com\/flaviobraga\/author\/flaviobraga\/"}]}},"jetpack_featured_media_url":"","_links":{"self":[{"href":"https:\/\/www.blogsoestado.com\/flaviobraga\/wp-json\/wp\/v2\/posts\/3154","targetHints":{"allow":["GET"]}}],"collection":[{"href":"https:\/\/www.blogsoestado.com\/flaviobraga\/wp-json\/wp\/v2\/posts"}],"about":[{"href":"https:\/\/www.blogsoestado.com\/flaviobraga\/wp-json\/wp\/v2\/types\/post"}],"author":[{"embeddable":true,"href":"https:\/\/www.blogsoestado.com\/flaviobraga\/wp-json\/wp\/v2\/users\/8"}],"replies":[{"embeddable":true,"href":"https:\/\/www.blogsoestado.com\/flaviobraga\/wp-json\/wp\/v2\/comments?post=3154"}],"version-history":[{"count":0,"href":"https:\/\/www.blogsoestado.com\/flaviobraga\/wp-json\/wp\/v2\/posts\/3154\/revisions"}],"wp:attachment":[{"href":"https:\/\/www.blogsoestado.com\/flaviobraga\/wp-json\/wp\/v2\/media?parent=3154"}],"wp:term":[{"taxonomy":"category","embeddable":true,"href":"https:\/\/www.blogsoestado.com\/flaviobraga\/wp-json\/wp\/v2\/categories?post=3154"},{"taxonomy":"post_tag","embeddable":true,"href":"https:\/\/www.blogsoestado.com\/flaviobraga\/wp-json\/wp\/v2\/tags?post=3154"}],"curies":[{"name":"wp","href":"https:\/\/api.w.org\/{rel}","templated":true}]}}