{"id":3158,"date":"2018-07-20T09:28:01","date_gmt":"2018-07-20T12:28:01","guid":{"rendered":"https:\/\/www.blogsoestado.com\/flaviobraga\/?p=3158"},"modified":"2018-07-20T09:28:01","modified_gmt":"2018-07-20T12:28:01","slug":"convencoes-partidarias-para-escolha-de-candidatos","status":"publish","type":"post","link":"https:\/\/www.blogsoestado.com\/flaviobraga\/convencoes-partidarias-para-escolha-de-candidatos\/","title":{"rendered":"Conven\u00e7\u00f5es partid\u00e1rias para escolha de candidatos"},"content":{"rendered":"<p><a href=\"https:\/\/www.blogsoestado.com\/flaviobraga\/2018\/07\/20\/convencoes-partidarias-para-escolha-de-candidatos\/imagem-a2d1b4a8b298c6ffdd5b35dba68c9a33-480x269-2\/\" rel=\"attachment wp-att-3160\"><img fetchpriority=\"high\" decoding=\"async\" class=\"aligncenter size-full wp-image-3160\" src=\"https:\/\/www.blogsoestado.com\/flaviobraga\/wp-content\/uploads\/sites\/7\/2018\/07\/Imagem-a2d1b4a8b298c6ffdd5b35dba68c9a33-480x269-1-1.jpg\" alt=\"\" width=\"480\" height=\"269\" srcset=\"https:\/\/www.blogsoestado.com\/flaviobraga\/wp-content\/uploads\/sites\/7\/2018\/07\/Imagem-a2d1b4a8b298c6ffdd5b35dba68c9a33-480x269-1-1.jpg 480w, https:\/\/www.blogsoestado.com\/flaviobraga\/wp-content\/uploads\/sites\/7\/2018\/07\/Imagem-a2d1b4a8b298c6ffdd5b35dba68c9a33-480x269-1-1-300x168.jpg 300w\" sizes=\"(max-width: 480px) 100vw, 480px\" \/><\/a><\/p>\n<p><span style=\"color: #0000ff;\"><strong>Conven\u00e7\u00e3o partid\u00e1ria \u00e9 a assembl\u00e9ia dos filiados de um determinado partido pol\u00edtico convocada para discuss\u00e3o e resolu\u00e7\u00e3o de assuntos de interesse da agremia\u00e7\u00e3o. Por exemplo, quando o evento abranger a esfera estadual, o corpo de convencionais \u00e9 constitu\u00eddo, em regra, pelo conjunto de eleitores filiados no \u00e2mbito do estado \u00a0respectivo.<\/strong><\/span><\/p>\n<p><span style=\"color: #0000ff;\"><strong>Por\u00e9m, nada impede que o estatuto partid\u00e1rio restrinja o universo dos convencionais com direito a voto a representantes previamente eleitos (denominados delegados), sobretudo na fase de escolha de candidatos. Partidos sem tradi\u00e7\u00e3o democr\u00e1tica limitam, ainda, o conjunto dos convencionais aos mandarins da agremia\u00e7\u00e3o (comiss\u00e3o executiva).<\/strong><\/span><\/p>\n<p><span style=\"color: #0000ff;\"><strong>O artigo 17, \u00a7 1\u00ba da Carta Pol\u00edtica de 1988 confere aos partidos pol\u00edticos autonomia pol\u00edtica para definir sua estrutura interna, organiza\u00e7\u00e3o e funcionamento e para adotar os crit\u00e9rios de escolha e o regime de suas coliga\u00e7\u00f5es eleitorais, sem obrigatoriedade de vincula\u00e7\u00e3o entre as candidaturas em \u00e2mbito nacional, estadual, distrital ou municipal.\u00a0 A partir do pleito de 2020, ser\u00e1 vedada a celebra\u00e7\u00e3o de coliga\u00e7\u00f5es nas elei\u00e7\u00f5es proporcionais.<\/strong><\/span><\/p>\n<p><span style=\"color: #0000ff;\"><strong>Por for\u00e7a do princ\u00edpio constitucional da autonomia partid\u00e1ria, o termo \u201cconven\u00e7\u00e3o\u201d n\u00e3o \u00e9 mais de uso obrigat\u00f3rio por todos os partidos registrados no TSE, vez que o conclave partid\u00e1rio receber\u00e1 a denomina\u00e7\u00e3o que o estatuto livremente designar: congresso, encontro, conven\u00e7\u00e3o, plen\u00e1ria, confer\u00eancia, reuni\u00e3o etc.\u00a0<\/strong><\/span><\/p>\n<p><span style=\"color: #0000ff;\"><strong>As conven\u00e7\u00f5es partid\u00e1rias de car\u00e1ter n\u00e3o-eleitoral podem ocorrer a qualquer tempo. Todavia, no processo eleitoral de 2018, as conven\u00e7\u00f5es destinadas a deliberar sobre a escolha de candidatos e a forma\u00e7\u00e3o de coliga\u00e7\u00f5es dever\u00e3o ser realizadas no per\u00edodo de 20 de julho a 5 de agosto. Esse lapso temporal tem car\u00e1ter perempt\u00f3rio, visto que a concess\u00e3o de prazo maior a determinada agremia\u00e7\u00e3o partid\u00e1ria para a escolha de candidatos violaria a isonomia entre os partidos e comprometeria a legitimidade da elei\u00e7\u00e3o.<\/strong><\/span><\/p>\n<p><span style=\"color: #0000ff;\"><strong>\u00c9 pressuposto para o pedido de registro de candidatura que os candidatos tenham sido escolhidos em conven\u00e7\u00e3o partid\u00e1ria. O nosso ordenamento constitucional n\u00e3o admite candidaturas avulsas (candidato sem filia\u00e7\u00e3o partid\u00e1ria). Fora do partido o cidad\u00e3o jamais poder\u00e1 concorrer a um cargo eletivo, tendo em vista que os gr\u00eamios pol\u00edticos det\u00eam o monop\u00f3lio das candidaturas nos dois sistemas de representa\u00e7\u00e3o eleitoral vigentes no Brasil: o majorit\u00e1rio e o proporcional de lista aberta.\u00a0<\/strong><\/span><\/p>\n<p>&nbsp;<\/p>\n","protected":false},"excerpt":{"rendered":"<p>Conven\u00e7\u00e3o partid\u00e1ria \u00e9 a assembl\u00e9ia dos filiados de um determinado partido pol\u00edtico convocada para discuss\u00e3o e resolu\u00e7\u00e3o de assuntos de [&hellip;]<\/p>\n","protected":false},"author":8,"featured_media":0,"comment_status":"open","ping_status":"open","sticky":false,"template":"","format":"standard","meta":{"site-sidebar-layout":"default","site-content-layout":"","ast-site-content-layout":"default","site-content-style":"default","site-sidebar-style":"default","ast-global-header-display":"","ast-banner-title-visibility":"","ast-main-header-display":"","ast-hfb-above-header-display":"","ast-hfb-below-header-display":"","ast-hfb-mobile-header-display":"","site-post-title":"","ast-breadcrumbs-content":"","ast-featured-img":"","footer-sml-layout":"","ast-disable-related-posts":"","theme-transparent-header-meta":"","adv-header-id-meta":"","stick-header-meta":"","header-above-stick-meta":"","header-main-stick-meta":"","header-below-stick-meta":"","astra-migrate-meta-layouts":"default","ast-page-background-enabled":"default","ast-page-background-meta":{"desktop":{"background-color":"var(--ast-global-color-5)","background-image":"","background-repeat":"repeat","background-position":"center center","background-size":"auto","background-attachment":"scroll","background-type":"","background-media":"","overlay-type":"","overlay-color":"","overlay-opacity":"","overlay-gradient":""},"tablet":{"background-color":"","background-image":"","background-repeat":"repeat","background-position":"center center","background-size":"auto","background-attachment":"scroll","background-type":"","background-media":"","overlay-type":"","overlay-color":"","overlay-opacity":"","overlay-gradient":""},"mobile":{"background-color":"","background-image":"","background-repeat":"repeat","background-position":"center center","background-size":"auto","background-attachment":"scroll","background-type":"","background-media":"","overlay-type":"","overlay-color":"","overlay-opacity":"","overlay-gradient":""}},"ast-content-background-meta":{"desktop":{"background-color":"var(--ast-global-color-4)","background-image":"","background-repeat":"repeat","background-position":"center center","background-size":"auto","background-attachment":"scroll","background-type":"","background-media":"","overlay-type":"","overlay-color":"","overlay-opacity":"","overlay-gradient":""},"tablet":{"background-color":"var(--ast-global-color-4)","background-image":"","background-repeat":"repeat","background-position":"center center","background-size":"auto","background-attachment":"scroll","background-type":"","background-media":"","overlay-type":"","overlay-color":"","overlay-opacity":"","overlay-gradient":""},"mobile":{"background-color":"var(--ast-global-color-4)","background-image":"","background-repeat":"repeat","background-position":"center center","background-size":"auto","background-attachment":"scroll","background-type":"","background-media":"","overlay-type":"","overlay-color":"","overlay-opacity":"","overlay-gradient":""}},"footnotes":""},"categories":[1],"tags":[],"class_list":["post-3158","post","type-post","status-publish","format-standard","hentry","category-sem-categoria"],"yoast_head":"<!-- This site is optimized with the Yoast SEO plugin v26.6 - https:\/\/yoast.com\/wordpress\/plugins\/seo\/ -->\n<title>Conven\u00e7\u00f5es partid\u00e1rias para escolha de candidatos - Fl\u00e1vio Braga<\/title>\n<meta name=\"robots\" content=\"index, follow, max-snippet:-1, max-image-preview:large, max-video-preview:-1\" \/>\n<link rel=\"canonical\" href=\"https:\/\/www.blogsoestado.com\/flaviobraga\/convencoes-partidarias-para-escolha-de-candidatos\/\" \/>\n<meta property=\"og:locale\" content=\"pt_BR\" \/>\n<meta property=\"og:type\" content=\"article\" \/>\n<meta property=\"og:title\" content=\"Conven\u00e7\u00f5es partid\u00e1rias para escolha de candidatos - Fl\u00e1vio Braga\" \/>\n<meta property=\"og:description\" content=\"Conven\u00e7\u00e3o partid\u00e1ria \u00e9 a assembl\u00e9ia dos filiados de um determinado partido pol\u00edtico convocada para discuss\u00e3o e resolu\u00e7\u00e3o de assuntos de [&hellip;]\" \/>\n<meta property=\"og:url\" content=\"https:\/\/www.blogsoestado.com\/flaviobraga\/convencoes-partidarias-para-escolha-de-candidatos\/\" \/>\n<meta property=\"og:site_name\" content=\"Fl\u00e1vio Braga\" \/>\n<meta property=\"article:published_time\" content=\"2018-07-20T12:28:01+00:00\" \/>\n<meta property=\"og:image\" content=\"https:\/\/www.blogsoestado.com\/flaviobraga\/wp-content\/uploads\/sites\/7\/2018\/07\/Imagem-a2d1b4a8b298c6ffdd5b35dba68c9a33-480x269-1-1.jpg\" \/>\n<meta name=\"author\" content=\"Flavio Braga\" \/>\n<meta name=\"twitter:card\" content=\"summary_large_image\" \/>\n<meta name=\"twitter:label1\" content=\"Escrito por\" \/>\n\t<meta name=\"twitter:data1\" content=\"Flavio Braga\" \/>\n\t<meta name=\"twitter:label2\" content=\"Est. tempo de leitura\" \/>\n\t<meta name=\"twitter:data2\" content=\"2 minutos\" \/>\n<script type=\"application\/ld+json\" class=\"yoast-schema-graph\">{\"@context\":\"https:\/\/schema.org\",\"@graph\":[{\"@type\":\"WebPage\",\"@id\":\"https:\/\/www.blogsoestado.com\/flaviobraga\/convencoes-partidarias-para-escolha-de-candidatos\/\",\"url\":\"https:\/\/www.blogsoestado.com\/flaviobraga\/convencoes-partidarias-para-escolha-de-candidatos\/\",\"name\":\"Conven\u00e7\u00f5es partid\u00e1rias para escolha de candidatos - Fl\u00e1vio Braga\",\"isPartOf\":{\"@id\":\"https:\/\/www.blogsoestado.com\/flaviobraga\/#website\"},\"primaryImageOfPage\":{\"@id\":\"https:\/\/www.blogsoestado.com\/flaviobraga\/convencoes-partidarias-para-escolha-de-candidatos\/#primaryimage\"},\"image\":{\"@id\":\"https:\/\/www.blogsoestado.com\/flaviobraga\/convencoes-partidarias-para-escolha-de-candidatos\/#primaryimage\"},\"thumbnailUrl\":\"https:\/\/www.blogsoestado.com\/flaviobraga\/wp-content\/uploads\/sites\/7\/2018\/07\/Imagem-a2d1b4a8b298c6ffdd5b35dba68c9a33-480x269-1-1.jpg\",\"datePublished\":\"2018-07-20T12:28:01+00:00\",\"author\":{\"@id\":\"https:\/\/www.blogsoestado.com\/flaviobraga\/#\/schema\/person\/6c6c778331775c757a82d15206bd8733\"},\"breadcrumb\":{\"@id\":\"https:\/\/www.blogsoestado.com\/flaviobraga\/convencoes-partidarias-para-escolha-de-candidatos\/#breadcrumb\"},\"inLanguage\":\"pt-BR\",\"potentialAction\":[{\"@type\":\"ReadAction\",\"target\":[\"https:\/\/www.blogsoestado.com\/flaviobraga\/convencoes-partidarias-para-escolha-de-candidatos\/\"]}]},{\"@type\":\"ImageObject\",\"inLanguage\":\"pt-BR\",\"@id\":\"https:\/\/www.blogsoestado.com\/flaviobraga\/convencoes-partidarias-para-escolha-de-candidatos\/#primaryimage\",\"url\":\"https:\/\/www.blogsoestado.com\/flaviobraga\/wp-content\/uploads\/sites\/7\/2018\/07\/Imagem-a2d1b4a8b298c6ffdd5b35dba68c9a33-480x269-1-1.jpg\",\"contentUrl\":\"https:\/\/www.blogsoestado.com\/flaviobraga\/wp-content\/uploads\/sites\/7\/2018\/07\/Imagem-a2d1b4a8b298c6ffdd5b35dba68c9a33-480x269-1-1.jpg\",\"width\":480,\"height\":269},{\"@type\":\"BreadcrumbList\",\"@id\":\"https:\/\/www.blogsoestado.com\/flaviobraga\/convencoes-partidarias-para-escolha-de-candidatos\/#breadcrumb\",\"itemListElement\":[{\"@type\":\"ListItem\",\"position\":1,\"name\":\"In\u00edcio\",\"item\":\"https:\/\/www.blogsoestado.com\/flaviobraga\/\"},{\"@type\":\"ListItem\",\"position\":2,\"name\":\"Conven\u00e7\u00f5es partid\u00e1rias para escolha de candidatos\"}]},{\"@type\":\"WebSite\",\"@id\":\"https:\/\/www.blogsoestado.com\/flaviobraga\/#website\",\"url\":\"https:\/\/www.blogsoestado.com\/flaviobraga\/\",\"name\":\"Fl\u00e1vio Braga\",\"description\":\"\",\"potentialAction\":[{\"@type\":\"SearchAction\",\"target\":{\"@type\":\"EntryPoint\",\"urlTemplate\":\"https:\/\/www.blogsoestado.com\/flaviobraga\/?s={search_term_string}\"},\"query-input\":{\"@type\":\"PropertyValueSpecification\",\"valueRequired\":true,\"valueName\":\"search_term_string\"}}],\"inLanguage\":\"pt-BR\"},{\"@type\":\"Person\",\"@id\":\"https:\/\/www.blogsoestado.com\/flaviobraga\/#\/schema\/person\/6c6c778331775c757a82d15206bd8733\",\"name\":\"Flavio Braga\",\"image\":{\"@type\":\"ImageObject\",\"inLanguage\":\"pt-BR\",\"@id\":\"https:\/\/www.blogsoestado.com\/flaviobraga\/#\/schema\/person\/image\/\",\"url\":\"https:\/\/secure.gravatar.com\/avatar\/ab173937dad8d78195c87778be8a0285d069ede375ce0ae24aac1cf8e58ccb2c?s=96&d=mm&r=g\",\"contentUrl\":\"https:\/\/secure.gravatar.com\/avatar\/ab173937dad8d78195c87778be8a0285d069ede375ce0ae24aac1cf8e58ccb2c?s=96&d=mm&r=g\",\"caption\":\"Flavio Braga\"},\"url\":\"https:\/\/www.blogsoestado.com\/flaviobraga\/author\/flaviobraga\/\"}]}<\/script>\n<!-- \/ Yoast SEO plugin. -->","yoast_head_json":{"title":"Conven\u00e7\u00f5es partid\u00e1rias para escolha de candidatos - Fl\u00e1vio Braga","robots":{"index":"index","follow":"follow","max-snippet":"max-snippet:-1","max-image-preview":"max-image-preview:large","max-video-preview":"max-video-preview:-1"},"canonical":"https:\/\/www.blogsoestado.com\/flaviobraga\/convencoes-partidarias-para-escolha-de-candidatos\/","og_locale":"pt_BR","og_type":"article","og_title":"Conven\u00e7\u00f5es partid\u00e1rias para escolha de candidatos - Fl\u00e1vio Braga","og_description":"Conven\u00e7\u00e3o partid\u00e1ria \u00e9 a assembl\u00e9ia dos filiados de um determinado partido pol\u00edtico convocada para discuss\u00e3o e resolu\u00e7\u00e3o de assuntos de [&hellip;]","og_url":"https:\/\/www.blogsoestado.com\/flaviobraga\/convencoes-partidarias-para-escolha-de-candidatos\/","og_site_name":"Fl\u00e1vio Braga","article_published_time":"2018-07-20T12:28:01+00:00","og_image":[{"url":"https:\/\/www.blogsoestado.com\/flaviobraga\/wp-content\/uploads\/sites\/7\/2018\/07\/Imagem-a2d1b4a8b298c6ffdd5b35dba68c9a33-480x269-1-1.jpg","type":"","width":"","height":""}],"author":"Flavio Braga","twitter_card":"summary_large_image","twitter_misc":{"Escrito por":"Flavio Braga","Est. tempo de leitura":"2 minutos"},"schema":{"@context":"https:\/\/schema.org","@graph":[{"@type":"WebPage","@id":"https:\/\/www.blogsoestado.com\/flaviobraga\/convencoes-partidarias-para-escolha-de-candidatos\/","url":"https:\/\/www.blogsoestado.com\/flaviobraga\/convencoes-partidarias-para-escolha-de-candidatos\/","name":"Conven\u00e7\u00f5es partid\u00e1rias para escolha de candidatos - Fl\u00e1vio Braga","isPartOf":{"@id":"https:\/\/www.blogsoestado.com\/flaviobraga\/#website"},"primaryImageOfPage":{"@id":"https:\/\/www.blogsoestado.com\/flaviobraga\/convencoes-partidarias-para-escolha-de-candidatos\/#primaryimage"},"image":{"@id":"https:\/\/www.blogsoestado.com\/flaviobraga\/convencoes-partidarias-para-escolha-de-candidatos\/#primaryimage"},"thumbnailUrl":"https:\/\/www.blogsoestado.com\/flaviobraga\/wp-content\/uploads\/sites\/7\/2018\/07\/Imagem-a2d1b4a8b298c6ffdd5b35dba68c9a33-480x269-1-1.jpg","datePublished":"2018-07-20T12:28:01+00:00","author":{"@id":"https:\/\/www.blogsoestado.com\/flaviobraga\/#\/schema\/person\/6c6c778331775c757a82d15206bd8733"},"breadcrumb":{"@id":"https:\/\/www.blogsoestado.com\/flaviobraga\/convencoes-partidarias-para-escolha-de-candidatos\/#breadcrumb"},"inLanguage":"pt-BR","potentialAction":[{"@type":"ReadAction","target":["https:\/\/www.blogsoestado.com\/flaviobraga\/convencoes-partidarias-para-escolha-de-candidatos\/"]}]},{"@type":"ImageObject","inLanguage":"pt-BR","@id":"https:\/\/www.blogsoestado.com\/flaviobraga\/convencoes-partidarias-para-escolha-de-candidatos\/#primaryimage","url":"https:\/\/www.blogsoestado.com\/flaviobraga\/wp-content\/uploads\/sites\/7\/2018\/07\/Imagem-a2d1b4a8b298c6ffdd5b35dba68c9a33-480x269-1-1.jpg","contentUrl":"https:\/\/www.blogsoestado.com\/flaviobraga\/wp-content\/uploads\/sites\/7\/2018\/07\/Imagem-a2d1b4a8b298c6ffdd5b35dba68c9a33-480x269-1-1.jpg","width":480,"height":269},{"@type":"BreadcrumbList","@id":"https:\/\/www.blogsoestado.com\/flaviobraga\/convencoes-partidarias-para-escolha-de-candidatos\/#breadcrumb","itemListElement":[{"@type":"ListItem","position":1,"name":"In\u00edcio","item":"https:\/\/www.blogsoestado.com\/flaviobraga\/"},{"@type":"ListItem","position":2,"name":"Conven\u00e7\u00f5es partid\u00e1rias para escolha de candidatos"}]},{"@type":"WebSite","@id":"https:\/\/www.blogsoestado.com\/flaviobraga\/#website","url":"https:\/\/www.blogsoestado.com\/flaviobraga\/","name":"Fl\u00e1vio Braga","description":"","potentialAction":[{"@type":"SearchAction","target":{"@type":"EntryPoint","urlTemplate":"https:\/\/www.blogsoestado.com\/flaviobraga\/?s={search_term_string}"},"query-input":{"@type":"PropertyValueSpecification","valueRequired":true,"valueName":"search_term_string"}}],"inLanguage":"pt-BR"},{"@type":"Person","@id":"https:\/\/www.blogsoestado.com\/flaviobraga\/#\/schema\/person\/6c6c778331775c757a82d15206bd8733","name":"Flavio Braga","image":{"@type":"ImageObject","inLanguage":"pt-BR","@id":"https:\/\/www.blogsoestado.com\/flaviobraga\/#\/schema\/person\/image\/","url":"https:\/\/secure.gravatar.com\/avatar\/ab173937dad8d78195c87778be8a0285d069ede375ce0ae24aac1cf8e58ccb2c?s=96&d=mm&r=g","contentUrl":"https:\/\/secure.gravatar.com\/avatar\/ab173937dad8d78195c87778be8a0285d069ede375ce0ae24aac1cf8e58ccb2c?s=96&d=mm&r=g","caption":"Flavio Braga"},"url":"https:\/\/www.blogsoestado.com\/flaviobraga\/author\/flaviobraga\/"}]}},"jetpack_featured_media_url":"","_links":{"self":[{"href":"https:\/\/www.blogsoestado.com\/flaviobraga\/wp-json\/wp\/v2\/posts\/3158","targetHints":{"allow":["GET"]}}],"collection":[{"href":"https:\/\/www.blogsoestado.com\/flaviobraga\/wp-json\/wp\/v2\/posts"}],"about":[{"href":"https:\/\/www.blogsoestado.com\/flaviobraga\/wp-json\/wp\/v2\/types\/post"}],"author":[{"embeddable":true,"href":"https:\/\/www.blogsoestado.com\/flaviobraga\/wp-json\/wp\/v2\/users\/8"}],"replies":[{"embeddable":true,"href":"https:\/\/www.blogsoestado.com\/flaviobraga\/wp-json\/wp\/v2\/comments?post=3158"}],"version-history":[{"count":0,"href":"https:\/\/www.blogsoestado.com\/flaviobraga\/wp-json\/wp\/v2\/posts\/3158\/revisions"}],"wp:attachment":[{"href":"https:\/\/www.blogsoestado.com\/flaviobraga\/wp-json\/wp\/v2\/media?parent=3158"}],"wp:term":[{"taxonomy":"category","embeddable":true,"href":"https:\/\/www.blogsoestado.com\/flaviobraga\/wp-json\/wp\/v2\/categories?post=3158"},{"taxonomy":"post_tag","embeddable":true,"href":"https:\/\/www.blogsoestado.com\/flaviobraga\/wp-json\/wp\/v2\/tags?post=3158"}],"curies":[{"name":"wp","href":"https:\/\/api.w.org\/{rel}","templated":true}]}}