{"id":3169,"date":"2018-08-07T11:06:03","date_gmt":"2018-08-07T14:06:03","guid":{"rendered":"https:\/\/www.blogsoestado.com\/flaviobraga\/?p=3169"},"modified":"2018-08-07T11:06:03","modified_gmt":"2018-08-07T14:06:03","slug":"a-controvertida-lista-de-inelegiveis-2","status":"publish","type":"post","link":"https:\/\/www.blogsoestado.com\/flaviobraga\/a-controvertida-lista-de-inelegiveis-2\/","title":{"rendered":"A controvertida \u201clista de ineleg\u00edveis\u201d"},"content":{"rendered":"<p><a href=\"https:\/\/www.blogsoestado.com\/flaviobraga\/2018\/08\/07\/a-controvertida-lista-de-inelegiveis-2\/big_9b7b91c39bdb1adcefb722e4b4538bcb\/\" rel=\"attachment wp-att-3170\"><img fetchpriority=\"high\" decoding=\"async\" class=\"aligncenter  wp-image-3170\" src=\"https:\/\/www.blogsoestado.com\/flaviobraga\/wp-content\/uploads\/sites\/7\/2018\/08\/big_9b7b91c39bdb1adcefb722e4b4538bcb-1.jpg\" alt=\"\" width=\"469\" height=\"352\" srcset=\"https:\/\/www.blogsoestado.com\/flaviobraga\/wp-content\/uploads\/sites\/7\/2018\/08\/big_9b7b91c39bdb1adcefb722e4b4538bcb-1.jpg 640w, https:\/\/www.blogsoestado.com\/flaviobraga\/wp-content\/uploads\/sites\/7\/2018\/08\/big_9b7b91c39bdb1adcefb722e4b4538bcb-1-300x225.jpg 300w\" sizes=\"(max-width: 469px) 100vw, 469px\" \/><\/a><\/p>\n<p><span style=\"color: #3366ff;\"><strong>O artigo 11, \u00a7 5\u00ba da Lei das Elei\u00e7\u00f5es disp\u00f5e que at\u00e9 o dia 15 de agosto, os tribunais de contas devem tornar dispon\u00edveis \u00e0 Justi\u00e7a Eleitoral rela\u00e7\u00e3o dos que tiveram suas contas relativas ao exerc\u00edcio de cargos ou fun\u00e7\u00f5es p\u00fablicas rejeitadas por irregularidade insan\u00e1vel e por decis\u00e3o irrecorr\u00edvel do \u00f3rg\u00e3o competente, ressalvados os casos em que a quest\u00e3o estiver sendo submetida \u00e0 aprecia\u00e7\u00e3o do Poder Judici\u00e1rio, ou que haja senten\u00e7a judicial favor\u00e1vel ao interessado.<\/strong><\/span><\/p>\n<p><span style=\"color: #3366ff;\"><strong>De acordo com a reda\u00e7\u00e3o atual do artigo 1\u00ba, inciso I, al\u00ednea g, da Lei Complementar n\u00ba 64\/90 (Lei das Inelegibilidades), n\u00e3o basta que a quest\u00e3o esteja submetida \u00e0 aprecia\u00e7\u00e3o do Poder Judici\u00e1rio, devendo, sim, estar suspensa ou anulada por decis\u00e3o judicial.<\/strong><\/span><\/p>\n<p><span style=\"color: #3366ff;\"><strong>Devem constar nessa rela\u00e7\u00e3o os nomes dos gestores e respons\u00e1veis cujas contas houverem sido julgadas irregulares (contas de gest\u00e3o) ou desaprovadas (contas de governo) nos 8 anos imediatamente anteriores \u00e0 realiza\u00e7\u00e3o de cada elei\u00e7\u00e3o.<\/strong><\/span><\/p>\n<p><span style=\"color: #3366ff;\"><strong>Advirta-se que a reda\u00e7\u00e3o atual do artigo 1\u00ba, inciso I, al\u00ednea g, da Lei das Inelegibilidades, exige expressamente que as contas tenham sido rejeitadas por irregularidade\u00a0 insan\u00e1vel que configure ato doloso de improbidade administrativa, ou seja, \u00e9 indispens\u00e1vel que a \u201cdecis\u00e3o condenat\u00f3ria\u201d evidencie, nos autos da presta\u00e7\u00e3o de contas, a ocorr\u00eancia de dano ao er\u00e1rio para a caracteriza\u00e7\u00e3o da referida causa de inelegibilidade.<\/strong><\/span><\/p>\n<p><span style=\"color: #3366ff;\"><strong>Por exemplo, se a decis\u00e3o do tribunal de contas impuser ao gestor apenas o pagamento de multa (sem imputa\u00e7\u00e3o de d\u00e9bito), ele n\u00e3o estar\u00e1 incurso na causa de inelegibilidade em tela. Portanto, ele estar\u00e1 plenamente eleg\u00edvel, embora o seu nome conste na \u201clista de ineleg\u00edveis\u201d.<\/strong><\/span><\/p>\n<p><span style=\"color: #3366ff;\"><strong>Na verdade, no mundo jur\u00eddico n\u00e3o existe essa tal \u201clista de ineleg\u00edveis\u201d, porquanto a simples inclus\u00e3o do nome do agente p\u00fablico nesse rol n\u00e3o acarreta a sua inelegibilidade, por se tratar de procedimento meramente informativo. A boa hermen\u00eautica recomenda que se analise caso a caso.<\/strong><\/span><\/p>\n<p><span style=\"color: #3366ff;\"><strong>Com efeito, somente a Justi\u00e7a Eleitoral possui compet\u00eancia para decretar a inelegibilidade de algu\u00e9m. Assim, pelo fato de constar na famigerada lista n\u00e3o significa que o indiv\u00edduo j\u00e1 possa ser considerado ineleg\u00edvel por rejei\u00e7\u00e3o de contas p\u00fablicas.<\/strong><\/span><\/p>\n<p><span style=\"color: #3366ff;\"><strong>Com fundamento nessa listagem e nos documentos comprobat\u00f3rios da rejei\u00e7\u00e3o das contas, o Minist\u00e9rio P\u00fablico Eleitoral e os demais legitimados (partidos pol\u00edticos, coliga\u00e7\u00f5es e candidatos) podem propor a A\u00e7\u00e3o de Impugna\u00e7\u00e3o de Registro de Candidatura (AIRC).<\/strong><\/span><\/p>\n<p><span style=\"color: #3366ff;\"><strong>O ajuizamento da a\u00e7\u00e3o impugnat\u00f3ria com esteio na rejei\u00e7\u00e3o de contas p\u00fablicas faz parte da disputa pol\u00edtica e da necessidade de depura\u00e7\u00e3o do rol de candidaturas. A pr\u00e1tica eleitoral tem-nos mostrado que a rejei\u00e7\u00e3o de contas p\u00fablicas \u00e9 a causa de inelegibilidade argu\u00edda com maior frequ\u00eancia nos ju\u00edzos e tribunais eleitorais e que tem provocado os embates jur\u00eddicos mais acalorados nas \u00faltimas elei\u00e7\u00f5es.<\/strong><\/span><\/p>\n","protected":false},"excerpt":{"rendered":"<p>O artigo 11, \u00a7 5\u00ba da Lei das Elei\u00e7\u00f5es disp\u00f5e que at\u00e9 o dia 15 de agosto, os tribunais de [&hellip;]<\/p>\n","protected":false},"author":8,"featured_media":0,"comment_status":"open","ping_status":"open","sticky":false,"template":"","format":"standard","meta":{"site-sidebar-layout":"default","site-content-layout":"","ast-site-content-layout":"default","site-content-style":"default","site-sidebar-style":"default","ast-global-header-display":"","ast-banner-title-visibility":"","ast-main-header-display":"","ast-hfb-above-header-display":"","ast-hfb-below-header-display":"","ast-hfb-mobile-header-display":"","site-post-title":"","ast-breadcrumbs-content":"","ast-featured-img":"","footer-sml-layout":"","ast-disable-related-posts":"","theme-transparent-header-meta":"","adv-header-id-meta":"","stick-header-meta":"","header-above-stick-meta":"","header-main-stick-meta":"","header-below-stick-meta":"","astra-migrate-meta-layouts":"default","ast-page-background-enabled":"default","ast-page-background-meta":{"desktop":{"background-color":"var(--ast-global-color-5)","background-image":"","background-repeat":"repeat","background-position":"center center","background-size":"auto","background-attachment":"scroll","background-type":"","background-media":"","overlay-type":"","overlay-color":"","overlay-opacity":"","overlay-gradient":""},"tablet":{"background-color":"","background-image":"","background-repeat":"repeat","background-position":"center center","background-size":"auto","background-attachment":"scroll","background-type":"","background-media":"","overlay-type":"","overlay-color":"","overlay-opacity":"","overlay-gradient":""},"mobile":{"background-color":"","background-image":"","background-repeat":"repeat","background-position":"center center","background-size":"auto","background-attachment":"scroll","background-type":"","background-media":"","overlay-type":"","overlay-color":"","overlay-opacity":"","overlay-gradient":""}},"ast-content-background-meta":{"desktop":{"background-color":"var(--ast-global-color-4)","background-image":"","background-repeat":"repeat","background-position":"center center","background-size":"auto","background-attachment":"scroll","background-type":"","background-media":"","overlay-type":"","overlay-color":"","overlay-opacity":"","overlay-gradient":""},"tablet":{"background-color":"var(--ast-global-color-4)","background-image":"","background-repeat":"repeat","background-position":"center center","background-size":"auto","background-attachment":"scroll","background-type":"","background-media":"","overlay-type":"","overlay-color":"","overlay-opacity":"","overlay-gradient":""},"mobile":{"background-color":"var(--ast-global-color-4)","background-image":"","background-repeat":"repeat","background-position":"center center","background-size":"auto","background-attachment":"scroll","background-type":"","background-media":"","overlay-type":"","overlay-color":"","overlay-opacity":"","overlay-gradient":""}},"footnotes":""},"categories":[1],"tags":[],"class_list":["post-3169","post","type-post","status-publish","format-standard","hentry","category-sem-categoria"],"yoast_head":"<!-- This site is optimized with the Yoast SEO plugin v26.6 - https:\/\/yoast.com\/wordpress\/plugins\/seo\/ -->\n<title>A controvertida \u201clista de ineleg\u00edveis\u201d - Fl\u00e1vio Braga<\/title>\n<meta name=\"robots\" content=\"index, follow, max-snippet:-1, max-image-preview:large, max-video-preview:-1\" \/>\n<link rel=\"canonical\" href=\"https:\/\/www.blogsoestado.com\/flaviobraga\/a-controvertida-lista-de-inelegiveis-2\/\" \/>\n<meta property=\"og:locale\" content=\"pt_BR\" \/>\n<meta property=\"og:type\" content=\"article\" \/>\n<meta property=\"og:title\" content=\"A controvertida \u201clista de ineleg\u00edveis\u201d - Fl\u00e1vio Braga\" \/>\n<meta property=\"og:description\" content=\"O artigo 11, \u00a7 5\u00ba da Lei das Elei\u00e7\u00f5es disp\u00f5e que at\u00e9 o dia 15 de agosto, os tribunais de [&hellip;]\" \/>\n<meta property=\"og:url\" content=\"https:\/\/www.blogsoestado.com\/flaviobraga\/a-controvertida-lista-de-inelegiveis-2\/\" \/>\n<meta property=\"og:site_name\" content=\"Fl\u00e1vio Braga\" \/>\n<meta property=\"article:published_time\" content=\"2018-08-07T14:06:03+00:00\" \/>\n<meta property=\"og:image\" content=\"https:\/\/www.blogsoestado.com\/flaviobraga\/wp-content\/uploads\/sites\/7\/2018\/08\/big_9b7b91c39bdb1adcefb722e4b4538bcb-1.jpg\" \/>\n<meta name=\"author\" content=\"Flavio Braga\" \/>\n<meta name=\"twitter:card\" content=\"summary_large_image\" \/>\n<meta name=\"twitter:label1\" content=\"Escrito por\" \/>\n\t<meta name=\"twitter:data1\" content=\"Flavio Braga\" \/>\n\t<meta name=\"twitter:label2\" content=\"Est. tempo de leitura\" \/>\n\t<meta name=\"twitter:data2\" content=\"3 minutos\" \/>\n<script type=\"application\/ld+json\" class=\"yoast-schema-graph\">{\"@context\":\"https:\/\/schema.org\",\"@graph\":[{\"@type\":\"WebPage\",\"@id\":\"https:\/\/www.blogsoestado.com\/flaviobraga\/a-controvertida-lista-de-inelegiveis-2\/\",\"url\":\"https:\/\/www.blogsoestado.com\/flaviobraga\/a-controvertida-lista-de-inelegiveis-2\/\",\"name\":\"A controvertida \u201clista de ineleg\u00edveis\u201d - Fl\u00e1vio Braga\",\"isPartOf\":{\"@id\":\"https:\/\/www.blogsoestado.com\/flaviobraga\/#website\"},\"primaryImageOfPage\":{\"@id\":\"https:\/\/www.blogsoestado.com\/flaviobraga\/a-controvertida-lista-de-inelegiveis-2\/#primaryimage\"},\"image\":{\"@id\":\"https:\/\/www.blogsoestado.com\/flaviobraga\/a-controvertida-lista-de-inelegiveis-2\/#primaryimage\"},\"thumbnailUrl\":\"https:\/\/www.blogsoestado.com\/flaviobraga\/wp-content\/uploads\/sites\/7\/2018\/08\/big_9b7b91c39bdb1adcefb722e4b4538bcb-1.jpg\",\"datePublished\":\"2018-08-07T14:06:03+00:00\",\"author\":{\"@id\":\"https:\/\/www.blogsoestado.com\/flaviobraga\/#\/schema\/person\/6c6c778331775c757a82d15206bd8733\"},\"breadcrumb\":{\"@id\":\"https:\/\/www.blogsoestado.com\/flaviobraga\/a-controvertida-lista-de-inelegiveis-2\/#breadcrumb\"},\"inLanguage\":\"pt-BR\",\"potentialAction\":[{\"@type\":\"ReadAction\",\"target\":[\"https:\/\/www.blogsoestado.com\/flaviobraga\/a-controvertida-lista-de-inelegiveis-2\/\"]}]},{\"@type\":\"ImageObject\",\"inLanguage\":\"pt-BR\",\"@id\":\"https:\/\/www.blogsoestado.com\/flaviobraga\/a-controvertida-lista-de-inelegiveis-2\/#primaryimage\",\"url\":\"https:\/\/www.blogsoestado.com\/flaviobraga\/wp-content\/uploads\/sites\/7\/2018\/08\/big_9b7b91c39bdb1adcefb722e4b4538bcb-1.jpg\",\"contentUrl\":\"https:\/\/www.blogsoestado.com\/flaviobraga\/wp-content\/uploads\/sites\/7\/2018\/08\/big_9b7b91c39bdb1adcefb722e4b4538bcb-1.jpg\",\"width\":640,\"height\":480},{\"@type\":\"BreadcrumbList\",\"@id\":\"https:\/\/www.blogsoestado.com\/flaviobraga\/a-controvertida-lista-de-inelegiveis-2\/#breadcrumb\",\"itemListElement\":[{\"@type\":\"ListItem\",\"position\":1,\"name\":\"In\u00edcio\",\"item\":\"https:\/\/www.blogsoestado.com\/flaviobraga\/\"},{\"@type\":\"ListItem\",\"position\":2,\"name\":\"A controvertida \u201clista de ineleg\u00edveis\u201d\"}]},{\"@type\":\"WebSite\",\"@id\":\"https:\/\/www.blogsoestado.com\/flaviobraga\/#website\",\"url\":\"https:\/\/www.blogsoestado.com\/flaviobraga\/\",\"name\":\"Fl\u00e1vio Braga\",\"description\":\"\",\"potentialAction\":[{\"@type\":\"SearchAction\",\"target\":{\"@type\":\"EntryPoint\",\"urlTemplate\":\"https:\/\/www.blogsoestado.com\/flaviobraga\/?s={search_term_string}\"},\"query-input\":{\"@type\":\"PropertyValueSpecification\",\"valueRequired\":true,\"valueName\":\"search_term_string\"}}],\"inLanguage\":\"pt-BR\"},{\"@type\":\"Person\",\"@id\":\"https:\/\/www.blogsoestado.com\/flaviobraga\/#\/schema\/person\/6c6c778331775c757a82d15206bd8733\",\"name\":\"Flavio Braga\",\"image\":{\"@type\":\"ImageObject\",\"inLanguage\":\"pt-BR\",\"@id\":\"https:\/\/www.blogsoestado.com\/flaviobraga\/#\/schema\/person\/image\/\",\"url\":\"https:\/\/secure.gravatar.com\/avatar\/ab173937dad8d78195c87778be8a0285d069ede375ce0ae24aac1cf8e58ccb2c?s=96&d=mm&r=g\",\"contentUrl\":\"https:\/\/secure.gravatar.com\/avatar\/ab173937dad8d78195c87778be8a0285d069ede375ce0ae24aac1cf8e58ccb2c?s=96&d=mm&r=g\",\"caption\":\"Flavio Braga\"},\"url\":\"https:\/\/www.blogsoestado.com\/flaviobraga\/author\/flaviobraga\/\"}]}<\/script>\n<!-- \/ Yoast SEO plugin. -->","yoast_head_json":{"title":"A controvertida \u201clista de ineleg\u00edveis\u201d - Fl\u00e1vio Braga","robots":{"index":"index","follow":"follow","max-snippet":"max-snippet:-1","max-image-preview":"max-image-preview:large","max-video-preview":"max-video-preview:-1"},"canonical":"https:\/\/www.blogsoestado.com\/flaviobraga\/a-controvertida-lista-de-inelegiveis-2\/","og_locale":"pt_BR","og_type":"article","og_title":"A controvertida \u201clista de ineleg\u00edveis\u201d - Fl\u00e1vio Braga","og_description":"O artigo 11, \u00a7 5\u00ba da Lei das Elei\u00e7\u00f5es disp\u00f5e que at\u00e9 o dia 15 de agosto, os tribunais de [&hellip;]","og_url":"https:\/\/www.blogsoestado.com\/flaviobraga\/a-controvertida-lista-de-inelegiveis-2\/","og_site_name":"Fl\u00e1vio Braga","article_published_time":"2018-08-07T14:06:03+00:00","og_image":[{"url":"https:\/\/www.blogsoestado.com\/flaviobraga\/wp-content\/uploads\/sites\/7\/2018\/08\/big_9b7b91c39bdb1adcefb722e4b4538bcb-1.jpg","type":"","width":"","height":""}],"author":"Flavio Braga","twitter_card":"summary_large_image","twitter_misc":{"Escrito por":"Flavio Braga","Est. tempo de leitura":"3 minutos"},"schema":{"@context":"https:\/\/schema.org","@graph":[{"@type":"WebPage","@id":"https:\/\/www.blogsoestado.com\/flaviobraga\/a-controvertida-lista-de-inelegiveis-2\/","url":"https:\/\/www.blogsoestado.com\/flaviobraga\/a-controvertida-lista-de-inelegiveis-2\/","name":"A controvertida \u201clista de ineleg\u00edveis\u201d - Fl\u00e1vio Braga","isPartOf":{"@id":"https:\/\/www.blogsoestado.com\/flaviobraga\/#website"},"primaryImageOfPage":{"@id":"https:\/\/www.blogsoestado.com\/flaviobraga\/a-controvertida-lista-de-inelegiveis-2\/#primaryimage"},"image":{"@id":"https:\/\/www.blogsoestado.com\/flaviobraga\/a-controvertida-lista-de-inelegiveis-2\/#primaryimage"},"thumbnailUrl":"https:\/\/www.blogsoestado.com\/flaviobraga\/wp-content\/uploads\/sites\/7\/2018\/08\/big_9b7b91c39bdb1adcefb722e4b4538bcb-1.jpg","datePublished":"2018-08-07T14:06:03+00:00","author":{"@id":"https:\/\/www.blogsoestado.com\/flaviobraga\/#\/schema\/person\/6c6c778331775c757a82d15206bd8733"},"breadcrumb":{"@id":"https:\/\/www.blogsoestado.com\/flaviobraga\/a-controvertida-lista-de-inelegiveis-2\/#breadcrumb"},"inLanguage":"pt-BR","potentialAction":[{"@type":"ReadAction","target":["https:\/\/www.blogsoestado.com\/flaviobraga\/a-controvertida-lista-de-inelegiveis-2\/"]}]},{"@type":"ImageObject","inLanguage":"pt-BR","@id":"https:\/\/www.blogsoestado.com\/flaviobraga\/a-controvertida-lista-de-inelegiveis-2\/#primaryimage","url":"https:\/\/www.blogsoestado.com\/flaviobraga\/wp-content\/uploads\/sites\/7\/2018\/08\/big_9b7b91c39bdb1adcefb722e4b4538bcb-1.jpg","contentUrl":"https:\/\/www.blogsoestado.com\/flaviobraga\/wp-content\/uploads\/sites\/7\/2018\/08\/big_9b7b91c39bdb1adcefb722e4b4538bcb-1.jpg","width":640,"height":480},{"@type":"BreadcrumbList","@id":"https:\/\/www.blogsoestado.com\/flaviobraga\/a-controvertida-lista-de-inelegiveis-2\/#breadcrumb","itemListElement":[{"@type":"ListItem","position":1,"name":"In\u00edcio","item":"https:\/\/www.blogsoestado.com\/flaviobraga\/"},{"@type":"ListItem","position":2,"name":"A controvertida \u201clista de ineleg\u00edveis\u201d"}]},{"@type":"WebSite","@id":"https:\/\/www.blogsoestado.com\/flaviobraga\/#website","url":"https:\/\/www.blogsoestado.com\/flaviobraga\/","name":"Fl\u00e1vio Braga","description":"","potentialAction":[{"@type":"SearchAction","target":{"@type":"EntryPoint","urlTemplate":"https:\/\/www.blogsoestado.com\/flaviobraga\/?s={search_term_string}"},"query-input":{"@type":"PropertyValueSpecification","valueRequired":true,"valueName":"search_term_string"}}],"inLanguage":"pt-BR"},{"@type":"Person","@id":"https:\/\/www.blogsoestado.com\/flaviobraga\/#\/schema\/person\/6c6c778331775c757a82d15206bd8733","name":"Flavio Braga","image":{"@type":"ImageObject","inLanguage":"pt-BR","@id":"https:\/\/www.blogsoestado.com\/flaviobraga\/#\/schema\/person\/image\/","url":"https:\/\/secure.gravatar.com\/avatar\/ab173937dad8d78195c87778be8a0285d069ede375ce0ae24aac1cf8e58ccb2c?s=96&d=mm&r=g","contentUrl":"https:\/\/secure.gravatar.com\/avatar\/ab173937dad8d78195c87778be8a0285d069ede375ce0ae24aac1cf8e58ccb2c?s=96&d=mm&r=g","caption":"Flavio Braga"},"url":"https:\/\/www.blogsoestado.com\/flaviobraga\/author\/flaviobraga\/"}]}},"jetpack_featured_media_url":"","_links":{"self":[{"href":"https:\/\/www.blogsoestado.com\/flaviobraga\/wp-json\/wp\/v2\/posts\/3169","targetHints":{"allow":["GET"]}}],"collection":[{"href":"https:\/\/www.blogsoestado.com\/flaviobraga\/wp-json\/wp\/v2\/posts"}],"about":[{"href":"https:\/\/www.blogsoestado.com\/flaviobraga\/wp-json\/wp\/v2\/types\/post"}],"author":[{"embeddable":true,"href":"https:\/\/www.blogsoestado.com\/flaviobraga\/wp-json\/wp\/v2\/users\/8"}],"replies":[{"embeddable":true,"href":"https:\/\/www.blogsoestado.com\/flaviobraga\/wp-json\/wp\/v2\/comments?post=3169"}],"version-history":[{"count":0,"href":"https:\/\/www.blogsoestado.com\/flaviobraga\/wp-json\/wp\/v2\/posts\/3169\/revisions"}],"wp:attachment":[{"href":"https:\/\/www.blogsoestado.com\/flaviobraga\/wp-json\/wp\/v2\/media?parent=3169"}],"wp:term":[{"taxonomy":"category","embeddable":true,"href":"https:\/\/www.blogsoestado.com\/flaviobraga\/wp-json\/wp\/v2\/categories?post=3169"},{"taxonomy":"post_tag","embeddable":true,"href":"https:\/\/www.blogsoestado.com\/flaviobraga\/wp-json\/wp\/v2\/tags?post=3169"}],"curies":[{"name":"wp","href":"https:\/\/api.w.org\/{rel}","templated":true}]}}