{"id":3183,"date":"2018-08-31T10:41:30","date_gmt":"2018-08-31T13:41:30","guid":{"rendered":"https:\/\/www.blogsoestado.com\/flaviobraga\/?p=3183"},"modified":"2018-08-31T10:41:30","modified_gmt":"2018-08-31T13:41:30","slug":"acao-de-impugnacao-de-registro-de-candidatura-2","status":"publish","type":"post","link":"https:\/\/www.blogsoestado.com\/flaviobraga\/acao-de-impugnacao-de-registro-de-candidatura-2\/","title":{"rendered":"A\u00e7\u00e3o de Impugna\u00e7\u00e3o de Registro de Candidatura"},"content":{"rendered":"<p><a href=\"https:\/\/www.blogsoestado.com\/flaviobraga\/2018\/08\/31\/acao-de-impugnacao-de-registro-de-candidatura-2\/ficha-limpa-972\/\" rel=\"attachment wp-att-3184\"><img fetchpriority=\"high\" decoding=\"async\" class=\"aligncenter  wp-image-3184\" src=\"https:\/\/www.blogsoestado.com\/flaviobraga\/wp-content\/uploads\/sites\/7\/2018\/08\/Ficha-limpa-972-1.jpg\" alt=\"\" width=\"557\" height=\"317\" srcset=\"https:\/\/www.blogsoestado.com\/flaviobraga\/wp-content\/uploads\/sites\/7\/2018\/08\/Ficha-limpa-972-1.jpg 850w, https:\/\/www.blogsoestado.com\/flaviobraga\/wp-content\/uploads\/sites\/7\/2018\/08\/Ficha-limpa-972-1-300x171.jpg 300w, https:\/\/www.blogsoestado.com\/flaviobraga\/wp-content\/uploads\/sites\/7\/2018\/08\/Ficha-limpa-972-1-768x437.jpg 768w\" sizes=\"(max-width: 557px) 100vw, 557px\" \/><\/a><\/p>\n<p>A A\u00e7\u00e3o de Impugna\u00e7\u00e3o de Registro de Candidatura (AIRC) tem a natureza de a\u00e7\u00e3o incidental e deve ser apresentada em peti\u00e7\u00e3o fundamentada, instru\u00edda com provas aptas a comprovar a presen\u00e7a de uma causa de inelegibilidade, a aus\u00eancia de uma condi\u00e7\u00e3o de elegibilidade ou a inobserv\u00e2ncia de uma condi\u00e7\u00e3o de registrabilidade.<\/p>\n<p>O fen\u00f4meno da inelegibilidade consiste na aus\u00eancia da capacidade eleitoral passiva do cidad\u00e3o, isto \u00e9, na impossibilidade jur\u00eddica (definitiva ou tempor\u00e1ria) de ser votado para um ou mais cargos eletivos. Todavia, n\u00e3o alcan\u00e7a os demais direitos pol\u00edticos, como o ato de votar, manter filia\u00e7\u00e3o partid\u00e1ria e integrar \u00f3rg\u00e3os de dire\u00e7\u00e3o das agremia\u00e7\u00f5es pol\u00edticas.<\/p>\n<p>De sua vez, as condi\u00e7\u00f5es de elegibilidade s\u00e3o requisitos pessoais necess\u00e1rios \u00e0 habilita\u00e7\u00e3o do cidad\u00e3o como candidato a um mandato de representa\u00e7\u00e3o pol\u00edtica. Est\u00e3o previstas no texto constitucional, no C\u00f3digo Eleitoral e na Lei Geral das Elei\u00e7\u00f5es. As condi\u00e7\u00f5es de elegibilidade podem ser estabelecidas mediante lei ordin\u00e1ria, ao passo que as causas de inelegibilidade s\u00f3 podem ser veiculadas por lei complementar, al\u00e9m da Constitui\u00e7\u00e3o Federal.<\/p>\n<p>Evidentemente, quem n\u00e3o \u00e9 eleg\u00edvel n\u00e3o pode obter o registro de candidatura. Assim, qualquer cidad\u00e3o pode pretender investidura em cargo eletivo, desde que atendidas as condi\u00e7\u00f5es constitucionais e legais de elegibilidade. As condi\u00e7\u00f5es constitucionais de elegibilidade compreendem a nacionalidade brasileira, o pleno exerc\u00edcio dos direitos pol\u00edticos, o alistamento eleitoral, o domic\u00edlio eleitoral na circunscri\u00e7\u00e3o do pleito, a filia\u00e7\u00e3o partid\u00e1ria e o atendimento da idade m\u00ednima para o cargo eletivo pleiteado.<\/p>\n<p>Por fim, as condi\u00e7\u00f5es de registrabilidade s\u00e3o exig\u00eancias burocr\u00e1ticas concernentes aos documentos que devem ser juntados para a instru\u00e7\u00e3o do pedido de registro, constantes da Lei das Elei\u00e7\u00f5es e das resolu\u00e7\u00f5es emanadas do TSE.<\/p>\n<p>O desatendimento das condi\u00e7\u00f5es de registrabilidade tem como consequ\u00eancia a denega\u00e7\u00e3o do pedido de registro, tal como acontece com o descumprimento das condi\u00e7\u00f5es de elegibilidade ou a incurs\u00e3o em causa de inelegibilidade. Por exemplo, se um candidato a governador n\u00e3o juntar o plano de governo, o seu pedido de registro ser\u00e1 indeferido, conquanto ele preencha as condi\u00e7\u00f5es de elegibilidade e n\u00e3o incorra em nenhuma causa de inelegibilidade.<\/p>\n<p>S\u00e3o exemplos de condi\u00e7\u00f5es de registrabilidade: protocoliza\u00e7\u00e3o do pedido no prazo legal, autoriza\u00e7\u00e3o expressa do candidato, certid\u00f5es criminais, c\u00f3pia do documento oficial de identidade, comprova\u00e7\u00e3o da escolha em conven\u00e7\u00e3o, comprovante de escolaridade, prova de desincompatibiliza\u00e7\u00e3o, fotografia do candidato, dep\u00f3sito do plano de governo e declara\u00e7\u00e3o de bens.<\/p>\n","protected":false},"excerpt":{"rendered":"<p>A A\u00e7\u00e3o de Impugna\u00e7\u00e3o de Registro de Candidatura (AIRC) tem a natureza de a\u00e7\u00e3o incidental e deve ser apresentada em [&hellip;]<\/p>\n","protected":false},"author":8,"featured_media":0,"comment_status":"open","ping_status":"open","sticky":false,"template":"","format":"standard","meta":{"site-sidebar-layout":"default","site-content-layout":"","ast-site-content-layout":"default","site-content-style":"default","site-sidebar-style":"default","ast-global-header-display":"","ast-banner-title-visibility":"","ast-main-header-display":"","ast-hfb-above-header-display":"","ast-hfb-below-header-display":"","ast-hfb-mobile-header-display":"","site-post-title":"","ast-breadcrumbs-content":"","ast-featured-img":"","footer-sml-layout":"","ast-disable-related-posts":"","theme-transparent-header-meta":"","adv-header-id-meta":"","stick-header-meta":"","header-above-stick-meta":"","header-main-stick-meta":"","header-below-stick-meta":"","astra-migrate-meta-layouts":"default","ast-page-background-enabled":"default","ast-page-background-meta":{"desktop":{"background-color":"var(--ast-global-color-5)","background-image":"","background-repeat":"repeat","background-position":"center center","background-size":"auto","background-attachment":"scroll","background-type":"","background-media":"","overlay-type":"","overlay-color":"","overlay-opacity":"","overlay-gradient":""},"tablet":{"background-color":"","background-image":"","background-repeat":"repeat","background-position":"center center","background-size":"auto","background-attachment":"scroll","background-type":"","background-media":"","overlay-type":"","overlay-color":"","overlay-opacity":"","overlay-gradient":""},"mobile":{"background-color":"","background-image":"","background-repeat":"repeat","background-position":"center center","background-size":"auto","background-attachment":"scroll","background-type":"","background-media":"","overlay-type":"","overlay-color":"","overlay-opacity":"","overlay-gradient":""}},"ast-content-background-meta":{"desktop":{"background-color":"var(--ast-global-color-4)","background-image":"","background-repeat":"repeat","background-position":"center center","background-size":"auto","background-attachment":"scroll","background-type":"","background-media":"","overlay-type":"","overlay-color":"","overlay-opacity":"","overlay-gradient":""},"tablet":{"background-color":"var(--ast-global-color-4)","background-image":"","background-repeat":"repeat","background-position":"center center","background-size":"auto","background-attachment":"scroll","background-type":"","background-media":"","overlay-type":"","overlay-color":"","overlay-opacity":"","overlay-gradient":""},"mobile":{"background-color":"var(--ast-global-color-4)","background-image":"","background-repeat":"repeat","background-position":"center center","background-size":"auto","background-attachment":"scroll","background-type":"","background-media":"","overlay-type":"","overlay-color":"","overlay-opacity":"","overlay-gradient":""}},"footnotes":""},"categories":[1],"tags":[],"class_list":["post-3183","post","type-post","status-publish","format-standard","hentry","category-sem-categoria"],"yoast_head":"<!-- This site is optimized with the Yoast SEO plugin v26.6 - https:\/\/yoast.com\/wordpress\/plugins\/seo\/ -->\n<title>A\u00e7\u00e3o de Impugna\u00e7\u00e3o de Registro de Candidatura - Fl\u00e1vio Braga<\/title>\n<meta name=\"robots\" content=\"index, follow, max-snippet:-1, max-image-preview:large, max-video-preview:-1\" \/>\n<link rel=\"canonical\" href=\"https:\/\/www.blogsoestado.com\/flaviobraga\/acao-de-impugnacao-de-registro-de-candidatura-2\/\" \/>\n<meta property=\"og:locale\" content=\"pt_BR\" \/>\n<meta property=\"og:type\" content=\"article\" \/>\n<meta property=\"og:title\" content=\"A\u00e7\u00e3o de Impugna\u00e7\u00e3o de Registro de Candidatura - Fl\u00e1vio Braga\" \/>\n<meta property=\"og:description\" content=\"A A\u00e7\u00e3o de Impugna\u00e7\u00e3o de Registro de Candidatura (AIRC) tem a natureza de a\u00e7\u00e3o incidental e deve ser apresentada em [&hellip;]\" \/>\n<meta property=\"og:url\" content=\"https:\/\/www.blogsoestado.com\/flaviobraga\/acao-de-impugnacao-de-registro-de-candidatura-2\/\" \/>\n<meta property=\"og:site_name\" content=\"Fl\u00e1vio Braga\" \/>\n<meta property=\"article:published_time\" content=\"2018-08-31T13:41:30+00:00\" \/>\n<meta property=\"og:image\" content=\"https:\/\/www.blogsoestado.com\/flaviobraga\/wp-content\/uploads\/sites\/7\/2018\/08\/Ficha-limpa-972-1.jpg\" \/>\n<meta name=\"author\" content=\"Flavio Braga\" \/>\n<meta name=\"twitter:card\" content=\"summary_large_image\" \/>\n<meta name=\"twitter:label1\" content=\"Escrito por\" \/>\n\t<meta name=\"twitter:data1\" content=\"Flavio Braga\" \/>\n\t<meta name=\"twitter:label2\" content=\"Est. tempo de leitura\" \/>\n\t<meta name=\"twitter:data2\" content=\"2 minutos\" \/>\n<script type=\"application\/ld+json\" class=\"yoast-schema-graph\">{\"@context\":\"https:\/\/schema.org\",\"@graph\":[{\"@type\":\"WebPage\",\"@id\":\"https:\/\/www.blogsoestado.com\/flaviobraga\/acao-de-impugnacao-de-registro-de-candidatura-2\/\",\"url\":\"https:\/\/www.blogsoestado.com\/flaviobraga\/acao-de-impugnacao-de-registro-de-candidatura-2\/\",\"name\":\"A\u00e7\u00e3o de Impugna\u00e7\u00e3o de Registro de Candidatura - Fl\u00e1vio Braga\",\"isPartOf\":{\"@id\":\"https:\/\/www.blogsoestado.com\/flaviobraga\/#website\"},\"primaryImageOfPage\":{\"@id\":\"https:\/\/www.blogsoestado.com\/flaviobraga\/acao-de-impugnacao-de-registro-de-candidatura-2\/#primaryimage\"},\"image\":{\"@id\":\"https:\/\/www.blogsoestado.com\/flaviobraga\/acao-de-impugnacao-de-registro-de-candidatura-2\/#primaryimage\"},\"thumbnailUrl\":\"https:\/\/www.blogsoestado.com\/flaviobraga\/wp-content\/uploads\/sites\/7\/2018\/08\/Ficha-limpa-972-1.jpg\",\"datePublished\":\"2018-08-31T13:41:30+00:00\",\"author\":{\"@id\":\"https:\/\/www.blogsoestado.com\/flaviobraga\/#\/schema\/person\/6c6c778331775c757a82d15206bd8733\"},\"breadcrumb\":{\"@id\":\"https:\/\/www.blogsoestado.com\/flaviobraga\/acao-de-impugnacao-de-registro-de-candidatura-2\/#breadcrumb\"},\"inLanguage\":\"pt-BR\",\"potentialAction\":[{\"@type\":\"ReadAction\",\"target\":[\"https:\/\/www.blogsoestado.com\/flaviobraga\/acao-de-impugnacao-de-registro-de-candidatura-2\/\"]}]},{\"@type\":\"ImageObject\",\"inLanguage\":\"pt-BR\",\"@id\":\"https:\/\/www.blogsoestado.com\/flaviobraga\/acao-de-impugnacao-de-registro-de-candidatura-2\/#primaryimage\",\"url\":\"https:\/\/www.blogsoestado.com\/flaviobraga\/wp-content\/uploads\/sites\/7\/2018\/08\/Ficha-limpa-972-1.jpg\",\"contentUrl\":\"https:\/\/www.blogsoestado.com\/flaviobraga\/wp-content\/uploads\/sites\/7\/2018\/08\/Ficha-limpa-972-1.jpg\",\"width\":850,\"height\":484},{\"@type\":\"BreadcrumbList\",\"@id\":\"https:\/\/www.blogsoestado.com\/flaviobraga\/acao-de-impugnacao-de-registro-de-candidatura-2\/#breadcrumb\",\"itemListElement\":[{\"@type\":\"ListItem\",\"position\":1,\"name\":\"In\u00edcio\",\"item\":\"https:\/\/www.blogsoestado.com\/flaviobraga\/\"},{\"@type\":\"ListItem\",\"position\":2,\"name\":\"A\u00e7\u00e3o de Impugna\u00e7\u00e3o de Registro de Candidatura\"}]},{\"@type\":\"WebSite\",\"@id\":\"https:\/\/www.blogsoestado.com\/flaviobraga\/#website\",\"url\":\"https:\/\/www.blogsoestado.com\/flaviobraga\/\",\"name\":\"Fl\u00e1vio Braga\",\"description\":\"\",\"potentialAction\":[{\"@type\":\"SearchAction\",\"target\":{\"@type\":\"EntryPoint\",\"urlTemplate\":\"https:\/\/www.blogsoestado.com\/flaviobraga\/?s={search_term_string}\"},\"query-input\":{\"@type\":\"PropertyValueSpecification\",\"valueRequired\":true,\"valueName\":\"search_term_string\"}}],\"inLanguage\":\"pt-BR\"},{\"@type\":\"Person\",\"@id\":\"https:\/\/www.blogsoestado.com\/flaviobraga\/#\/schema\/person\/6c6c778331775c757a82d15206bd8733\",\"name\":\"Flavio Braga\",\"image\":{\"@type\":\"ImageObject\",\"inLanguage\":\"pt-BR\",\"@id\":\"https:\/\/www.blogsoestado.com\/flaviobraga\/#\/schema\/person\/image\/\",\"url\":\"https:\/\/secure.gravatar.com\/avatar\/ab173937dad8d78195c87778be8a0285d069ede375ce0ae24aac1cf8e58ccb2c?s=96&d=mm&r=g\",\"contentUrl\":\"https:\/\/secure.gravatar.com\/avatar\/ab173937dad8d78195c87778be8a0285d069ede375ce0ae24aac1cf8e58ccb2c?s=96&d=mm&r=g\",\"caption\":\"Flavio Braga\"},\"url\":\"https:\/\/www.blogsoestado.com\/flaviobraga\/author\/flaviobraga\/\"}]}<\/script>\n<!-- \/ Yoast SEO plugin. -->","yoast_head_json":{"title":"A\u00e7\u00e3o de Impugna\u00e7\u00e3o de Registro de Candidatura - Fl\u00e1vio Braga","robots":{"index":"index","follow":"follow","max-snippet":"max-snippet:-1","max-image-preview":"max-image-preview:large","max-video-preview":"max-video-preview:-1"},"canonical":"https:\/\/www.blogsoestado.com\/flaviobraga\/acao-de-impugnacao-de-registro-de-candidatura-2\/","og_locale":"pt_BR","og_type":"article","og_title":"A\u00e7\u00e3o de Impugna\u00e7\u00e3o de Registro de Candidatura - Fl\u00e1vio Braga","og_description":"A A\u00e7\u00e3o de Impugna\u00e7\u00e3o de Registro de Candidatura (AIRC) tem a natureza de a\u00e7\u00e3o incidental e deve ser apresentada em [&hellip;]","og_url":"https:\/\/www.blogsoestado.com\/flaviobraga\/acao-de-impugnacao-de-registro-de-candidatura-2\/","og_site_name":"Fl\u00e1vio Braga","article_published_time":"2018-08-31T13:41:30+00:00","og_image":[{"url":"https:\/\/www.blogsoestado.com\/flaviobraga\/wp-content\/uploads\/sites\/7\/2018\/08\/Ficha-limpa-972-1.jpg","type":"","width":"","height":""}],"author":"Flavio Braga","twitter_card":"summary_large_image","twitter_misc":{"Escrito por":"Flavio Braga","Est. tempo de leitura":"2 minutos"},"schema":{"@context":"https:\/\/schema.org","@graph":[{"@type":"WebPage","@id":"https:\/\/www.blogsoestado.com\/flaviobraga\/acao-de-impugnacao-de-registro-de-candidatura-2\/","url":"https:\/\/www.blogsoestado.com\/flaviobraga\/acao-de-impugnacao-de-registro-de-candidatura-2\/","name":"A\u00e7\u00e3o de Impugna\u00e7\u00e3o de Registro de Candidatura - Fl\u00e1vio Braga","isPartOf":{"@id":"https:\/\/www.blogsoestado.com\/flaviobraga\/#website"},"primaryImageOfPage":{"@id":"https:\/\/www.blogsoestado.com\/flaviobraga\/acao-de-impugnacao-de-registro-de-candidatura-2\/#primaryimage"},"image":{"@id":"https:\/\/www.blogsoestado.com\/flaviobraga\/acao-de-impugnacao-de-registro-de-candidatura-2\/#primaryimage"},"thumbnailUrl":"https:\/\/www.blogsoestado.com\/flaviobraga\/wp-content\/uploads\/sites\/7\/2018\/08\/Ficha-limpa-972-1.jpg","datePublished":"2018-08-31T13:41:30+00:00","author":{"@id":"https:\/\/www.blogsoestado.com\/flaviobraga\/#\/schema\/person\/6c6c778331775c757a82d15206bd8733"},"breadcrumb":{"@id":"https:\/\/www.blogsoestado.com\/flaviobraga\/acao-de-impugnacao-de-registro-de-candidatura-2\/#breadcrumb"},"inLanguage":"pt-BR","potentialAction":[{"@type":"ReadAction","target":["https:\/\/www.blogsoestado.com\/flaviobraga\/acao-de-impugnacao-de-registro-de-candidatura-2\/"]}]},{"@type":"ImageObject","inLanguage":"pt-BR","@id":"https:\/\/www.blogsoestado.com\/flaviobraga\/acao-de-impugnacao-de-registro-de-candidatura-2\/#primaryimage","url":"https:\/\/www.blogsoestado.com\/flaviobraga\/wp-content\/uploads\/sites\/7\/2018\/08\/Ficha-limpa-972-1.jpg","contentUrl":"https:\/\/www.blogsoestado.com\/flaviobraga\/wp-content\/uploads\/sites\/7\/2018\/08\/Ficha-limpa-972-1.jpg","width":850,"height":484},{"@type":"BreadcrumbList","@id":"https:\/\/www.blogsoestado.com\/flaviobraga\/acao-de-impugnacao-de-registro-de-candidatura-2\/#breadcrumb","itemListElement":[{"@type":"ListItem","position":1,"name":"In\u00edcio","item":"https:\/\/www.blogsoestado.com\/flaviobraga\/"},{"@type":"ListItem","position":2,"name":"A\u00e7\u00e3o de Impugna\u00e7\u00e3o de Registro de Candidatura"}]},{"@type":"WebSite","@id":"https:\/\/www.blogsoestado.com\/flaviobraga\/#website","url":"https:\/\/www.blogsoestado.com\/flaviobraga\/","name":"Fl\u00e1vio Braga","description":"","potentialAction":[{"@type":"SearchAction","target":{"@type":"EntryPoint","urlTemplate":"https:\/\/www.blogsoestado.com\/flaviobraga\/?s={search_term_string}"},"query-input":{"@type":"PropertyValueSpecification","valueRequired":true,"valueName":"search_term_string"}}],"inLanguage":"pt-BR"},{"@type":"Person","@id":"https:\/\/www.blogsoestado.com\/flaviobraga\/#\/schema\/person\/6c6c778331775c757a82d15206bd8733","name":"Flavio Braga","image":{"@type":"ImageObject","inLanguage":"pt-BR","@id":"https:\/\/www.blogsoestado.com\/flaviobraga\/#\/schema\/person\/image\/","url":"https:\/\/secure.gravatar.com\/avatar\/ab173937dad8d78195c87778be8a0285d069ede375ce0ae24aac1cf8e58ccb2c?s=96&d=mm&r=g","contentUrl":"https:\/\/secure.gravatar.com\/avatar\/ab173937dad8d78195c87778be8a0285d069ede375ce0ae24aac1cf8e58ccb2c?s=96&d=mm&r=g","caption":"Flavio Braga"},"url":"https:\/\/www.blogsoestado.com\/flaviobraga\/author\/flaviobraga\/"}]}},"jetpack_featured_media_url":"","_links":{"self":[{"href":"https:\/\/www.blogsoestado.com\/flaviobraga\/wp-json\/wp\/v2\/posts\/3183","targetHints":{"allow":["GET"]}}],"collection":[{"href":"https:\/\/www.blogsoestado.com\/flaviobraga\/wp-json\/wp\/v2\/posts"}],"about":[{"href":"https:\/\/www.blogsoestado.com\/flaviobraga\/wp-json\/wp\/v2\/types\/post"}],"author":[{"embeddable":true,"href":"https:\/\/www.blogsoestado.com\/flaviobraga\/wp-json\/wp\/v2\/users\/8"}],"replies":[{"embeddable":true,"href":"https:\/\/www.blogsoestado.com\/flaviobraga\/wp-json\/wp\/v2\/comments?post=3183"}],"version-history":[{"count":0,"href":"https:\/\/www.blogsoestado.com\/flaviobraga\/wp-json\/wp\/v2\/posts\/3183\/revisions"}],"wp:attachment":[{"href":"https:\/\/www.blogsoestado.com\/flaviobraga\/wp-json\/wp\/v2\/media?parent=3183"}],"wp:term":[{"taxonomy":"category","embeddable":true,"href":"https:\/\/www.blogsoestado.com\/flaviobraga\/wp-json\/wp\/v2\/categories?post=3183"},{"taxonomy":"post_tag","embeddable":true,"href":"https:\/\/www.blogsoestado.com\/flaviobraga\/wp-json\/wp\/v2\/tags?post=3183"}],"curies":[{"name":"wp","href":"https:\/\/api.w.org\/{rel}","templated":true}]}}